{"id":47737,"date":"2014-08-06T09:58:31","date_gmt":"2014-08-06T07:58:31","guid":{"rendered":"https:\/\/www.tibagroup.com\/ilacoes-de-pascal-lamy-e-medidas-europeias\/"},"modified":"2025-02-18T12:32:38","modified_gmt":"2025-02-18T11:32:38","slug":"pascal-lamy-medidas-europeias","status":"publish","type":"post","link":"https:\/\/www.tibagroup.com\/pt\/comunicacao\/imprensa\/pascal-lamy-medidas-europeias","title":{"rendered":"Ila\u00e7\u00f5es de Pascal Lamy e as medidas europeias"},"content":{"rendered":"<h2>Pascal Lamy reflecte sobre medidas europeias em rela\u00e7\u00e3o ao mercado global<\/h2>\n<p>Como elaborar uma estrat\u00e9gia europeia para a globaliza\u00e7\u00e3o? A resposta a esta quest\u00e3o foi <a href=\"http:\/\/pt.wikipedia.org\/wiki\/Pascal_Lamy\" target=\"_blank\" rel=\"nofolllow noopener\">o pretexto para a vinda de Pascal Lamy<\/a>, ex-director geral da Organiza\u00e7\u00e3o Mundial do Com\u00e9rcio, a Lisboa, no passado m\u00eas de Julho.<\/p>\n<p>Numa entrevista exclusiva ao jornal <em>P\u00fablico<\/em>, Pascal considera que alguns pa\u00edses t\u00eam dificuldade em constatar as mudan\u00e7as que a economia mundial tem sofrido com a globaliza\u00e7\u00e3o, nomeadamente a produ\u00e7\u00e3o de metade da riqueza mundial fora do universo ocidental e o aparecimento de uma nova classe m\u00e9dia um pouco por todo o mundo. O pol\u00edtico acredita que os territ\u00f3rios do Sul da Europa, como a Gr\u00e9cia, a Espanha, a Fran\u00e7a e a It\u00e1lia, s\u00e3o aqueles que n\u00e3o conseguem encarar t\u00e3o bem estas transforma\u00e7\u00f5es.<\/p>\n<p>No entanto, Pascal Lamy alerta que essas dificuldades n\u00e3o devem impedir a implementa\u00e7\u00e3o de uma estrat\u00e9gia europeia que tem de privilegiar a melhoria da competitividade e o acesso aos mercados, principalmente nos Estados Unidos da Am\u00e9rica, \u00abo motor do crescimento nos pr\u00f3ximos dez anos\u00bb. Na opini\u00e3o de Lamy, s\u00f3 ao ganhar consci\u00eancia das mudan\u00e7as impostas pela globaliza\u00e7\u00e3o e da necessidade de ir buscar o crescimento fora da Europa \u00e9 que o Velho Continente poder\u00e1 recuperar o seu desenvolvimento econ\u00f3mico e social, conseguindo, por exemplo, reduzir as taxas de desemprego.<\/p>\n<p>Pascal Lamy \u00e9 perempt\u00f3rio em amenizar os efeitos da crise para o continente europeu. Por exemplo, o pol\u00edtico franc\u00eas assegura que muitos dos problemas que afligem a Europa j\u00e1 s\u00e3o anteriores a este per\u00edodo econ\u00f3mico mais conturbado. As dificuldades da integra\u00e7\u00e3o europeia s\u00e3o um dos exemplos ao qual se juntam a adversidade da opini\u00e3o p\u00fablica relativamente \u00e0 pol\u00edtica europeia e a complexidade de construir um espa\u00e7o pol\u00edtico europeu.<\/p>\n<h2>Marine Le Pen: menos diaboliza\u00e7\u00e3o, mais discuss\u00e3o<\/h2>\n<p>A prop\u00f3sito do seu mais recente livro, <em>Quando a Fran\u00e7a Regressar<\/em>, Lamy considera que este pa\u00eds se sente amea\u00e7ado pelo resto do mundo e por todas as transforma\u00e7\u00f5es impostas pela globaliza\u00e7\u00e3o. Foi esse o mote para que o pol\u00edtico escrevesse esta obra: por um lado, para sublinhar que este fen\u00f3meno n\u00e3o deve ser sistematicamente considerado \u00abo inimigo p\u00fablico n\u00famero um\u00bb para os franceses; por outro, para explicar que a Europa \u00abn\u00e3o \u00e9 o instrumento de transmiss\u00e3o do v\u00edrus da globaliza\u00e7\u00e3o\u00bb.<\/p>\n<p>Para Lamy, Marine Le Pen [l\u00edder de extrema-direita que venceu as elei\u00e7\u00f5es europeias em Fran\u00e7a] tamb\u00e9m n\u00e3o deve ser um alvo de diaboliza\u00e7\u00e3o. A melhor estrat\u00e9gia seria incentivar um profundo debate com a presidente da Frente Nacional e desmontar cada um dos seus argumentos. O resultado das elei\u00e7\u00f5es europeias foi expect\u00e1vel para Pascal Lamy, que conclui que, naquele pa\u00eds, sempre coexistiram for\u00e7as de extrema-direita e de extrema-esquerda desde os tempos da Revolu\u00e7\u00e3o Francesa.<\/p>\n<p>Em rela\u00e7\u00e3o \u00e0 negocia\u00e7\u00e3o transatl\u00e2ntica de natureza bilateral criada pelos Estados Unidos da Am\u00e9rica e pela Europa, Lamy espera que esta troca possibilite a abertura de mercados para benef\u00edcio de todos, embora confesse que esta quest\u00e3o continuar\u00e1 sempre em aberto. O ex-director geral da Organiza\u00e7\u00e3o Mundial do Com\u00e9rcio interroga-se sobre a capacidade de esta negocia\u00e7\u00e3o ultrapassar as diferen\u00e7as de administra\u00e7\u00e3o da precau\u00e7\u00e3o, t\u00e3o evidentes no com\u00e9rcio de hoje em que se privilegia mais as medidas para proteger o consumidor.<\/p>\n<p><em>Fonte: 17-07-2014, Jornal P\u00fablico<\/em><\/p>\n","protected":false},"excerpt":{"rendered":"<p>O ex-director geral da Organiza\u00e7\u00e3o Mundial do Com\u00e9rcio veio a Lisboa. Veja a sua an\u00e1lise \u00e0 situa\u00e7\u00e3o europeia actual.<\/p>\n","protected":false},"author":2,"featured_media":47738,"comment_status":"open","ping_status":"closed","sticky":false,"template":"","format":"standard","meta":{"footnotes":""},"categories":[483,730],"tags":[534],"class_list":["post-47737","post","type-post","status-publish","format-standard","has-post-thumbnail","hentry","category-mercados","category-imprensa","tag-portos-pt"],"yoast_head":"<!-- This site is optimized with the Yoast SEO plugin v27.5 - https:\/\/yoast.com\/product\/yoast-seo-wordpress\/ -->\n<title>Reflex\u00e3o sobre as medidas aplicadas pela Uni\u00e3o Europeia<\/title>\n<meta name=\"description\" content=\"O ex-director geral da Organiza\u00e7\u00e3o Mundial do Com\u00e9rcio veio a Lisboa e falou sobre as medidas da Uni\u00e3o Europeia.\" \/>\n<meta name=\"robots\" content=\"index, follow, max-snippet:-1, max-image-preview:large, max-video-preview:-1\" \/>\n<link rel=\"canonical\" href=\"https:\/\/www.tibagroup.com\/pt\/comunicacao\/imprensa\/pascal-lamy-medidas-europeias\" \/>\n<meta property=\"og:locale\" content=\"pt_PT\" \/>\n<meta property=\"og:type\" content=\"article\" \/>\n<meta property=\"og:title\" content=\"Reflex\u00e3o sobre as medidas aplicadas pela Uni\u00e3o Europeia\" \/>\n<meta property=\"og:description\" content=\"O ex-director geral da Organiza\u00e7\u00e3o Mundial do Com\u00e9rcio veio a Lisboa e falou sobre as medidas da Uni\u00e3o Europeia.\" \/>\n<meta property=\"og:url\" content=\"https:\/\/www.tibagroup.com\/pt\/comunicacao\/imprensa\/pascal-lamy-medidas-europeias\" \/>\n<meta property=\"og:site_name\" content=\"TIBA\" \/>\n<meta property=\"article:published_time\" content=\"2014-08-06T07:58:31+00:00\" \/>\n<meta property=\"article:modified_time\" content=\"2025-02-18T11:32:38+00:00\" \/>\n<meta property=\"og:image\" content=\"https:\/\/www.tibagroup.com\/wp-content\/uploads\/2023\/11\/pascal-lamy-mercado-global.jpg\" \/>\n\t<meta property=\"og:image:width\" content=\"460\" \/>\n\t<meta property=\"og:image:height\" content=\"300\" \/>\n\t<meta property=\"og:image:type\" content=\"image\/jpeg\" \/>\n<meta name=\"author\" content=\"TIBA\" \/>\n<meta name=\"twitter:card\" content=\"summary_large_image\" \/>\n<meta name=\"twitter:creator\" content=\"@eaguado\" \/>\n<meta name=\"twitter:label1\" content=\"Written by\" \/>\n\t<meta name=\"twitter:data1\" content=\"TIBA\" \/>\n\t<meta name=\"twitter:label2\" content=\"Est. reading time\" \/>\n\t<meta name=\"twitter:data2\" content=\"3 minutes\" \/>\n<!-- \/ Yoast SEO plugin. -->","yoast_head_json":{"title":"Reflex\u00e3o sobre as medidas aplicadas pela Uni\u00e3o Europeia","description":"O ex-director geral da Organiza\u00e7\u00e3o Mundial do Com\u00e9rcio veio a Lisboa e falou sobre as medidas da Uni\u00e3o Europeia.","robots":{"index":"index","follow":"follow","max-snippet":"max-snippet:-1","max-image-preview":"max-image-preview:large","max-video-preview":"max-video-preview:-1"},"canonical":"https:\/\/www.tibagroup.com\/pt\/comunicacao\/imprensa\/pascal-lamy-medidas-europeias","og_locale":"pt_PT","og_type":"article","og_title":"Reflex\u00e3o sobre as medidas aplicadas pela Uni\u00e3o Europeia","og_description":"O ex-director geral da Organiza\u00e7\u00e3o Mundial do Com\u00e9rcio veio a Lisboa e falou sobre as medidas da Uni\u00e3o Europeia.","og_url":"https:\/\/www.tibagroup.com\/pt\/comunicacao\/imprensa\/pascal-lamy-medidas-europeias","og_site_name":"TIBA","article_published_time":"2014-08-06T07:58:31+00:00","article_modified_time":"2025-02-18T11:32:38+00:00","og_image":[{"width":460,"height":300,"url":"https:\/\/www.tibagroup.com\/wp-content\/uploads\/2023\/11\/pascal-lamy-mercado-global.jpg","type":"image\/jpeg"}],"author":"TIBA","twitter_card":"summary_large_image","twitter_creator":"@eaguado","twitter_misc":{"Written by":"TIBA","Est. reading time":"3 minutes"},"schema":{"@context":"https:\/\/schema.org","@graph":[{"@type":"Article","@id":"https:\/\/www.tibagroup.com\/pt\/comunicacao\/imprensa\/pascal-lamy-medidas-europeias#article","isPartOf":{"@id":"https:\/\/www.tibagroup.com\/pt\/comunicacao\/imprensa\/pascal-lamy-medidas-europeias"},"author":{"name":"TIBA","@id":"https:\/\/www.tibagroup.com\/pt#\/schema\/person\/05c092dcc51b7a515503f3d10c916094"},"headline":"Ila\u00e7\u00f5es de Pascal Lamy e as medidas europeias","datePublished":"2014-08-06T07:58:31+00:00","dateModified":"2025-02-18T11:32:38+00:00","mainEntityOfPage":{"@id":"https:\/\/www.tibagroup.com\/pt\/comunicacao\/imprensa\/pascal-lamy-medidas-europeias"},"wordCount":624,"commentCount":0,"publisher":{"@id":"https:\/\/www.tibagroup.com\/pt#organization"},"image":{"@id":"https:\/\/www.tibagroup.com\/pt\/comunicacao\/imprensa\/pascal-lamy-medidas-europeias#primaryimage"},"thumbnailUrl":"https:\/\/www.tibagroup.com\/wp-content\/uploads\/2023\/11\/pascal-lamy-mercado-global.jpg","keywords":["portos"],"articleSection":["Atualiza\u00e7\u00e3o do Mercado","Imprensa"],"inLanguage":"pt","potentialAction":[{"@type":"CommentAction","name":"Comment","target":["https:\/\/www.tibagroup.com\/pt\/comunicacao\/imprensa\/pascal-lamy-medidas-europeias#respond"]}]},{"@type":"WebPage","@id":"https:\/\/www.tibagroup.com\/pt\/comunicacao\/imprensa\/pascal-lamy-medidas-europeias","url":"https:\/\/www.tibagroup.com\/pt\/comunicacao\/imprensa\/pascal-lamy-medidas-europeias","name":"Reflex\u00e3o sobre as medidas aplicadas pela Uni\u00e3o Europeia","isPartOf":{"@id":"https:\/\/www.tibagroup.com\/pt#website"},"primaryImageOfPage":{"@id":"https:\/\/www.tibagroup.com\/pt\/comunicacao\/imprensa\/pascal-lamy-medidas-europeias#primaryimage"},"image":{"@id":"https:\/\/www.tibagroup.com\/pt\/comunicacao\/imprensa\/pascal-lamy-medidas-europeias#primaryimage"},"thumbnailUrl":"https:\/\/www.tibagroup.com\/wp-content\/uploads\/2023\/11\/pascal-lamy-mercado-global.jpg","datePublished":"2014-08-06T07:58:31+00:00","dateModified":"2025-02-18T11:32:38+00:00","description":"O ex-director geral da Organiza\u00e7\u00e3o Mundial do Com\u00e9rcio veio a Lisboa e falou sobre as medidas da Uni\u00e3o Europeia.","breadcrumb":{"@id":"https:\/\/www.tibagroup.com\/pt\/comunicacao\/imprensa\/pascal-lamy-medidas-europeias#breadcrumb"},"inLanguage":"pt","potentialAction":[{"@type":"ReadAction","target":["https:\/\/www.tibagroup.com\/pt\/comunicacao\/imprensa\/pascal-lamy-medidas-europeias"]}]},{"@type":"ImageObject","inLanguage":"pt","@id":"https:\/\/www.tibagroup.com\/pt\/comunicacao\/imprensa\/pascal-lamy-medidas-europeias#primaryimage","url":"https:\/\/www.tibagroup.com\/wp-content\/uploads\/2023\/11\/pascal-lamy-mercado-global.jpg","contentUrl":"https:\/\/www.tibagroup.com\/wp-content\/uploads\/2023\/11\/pascal-lamy-mercado-global.jpg","width":460,"height":300},{"@type":"BreadcrumbList","@id":"https:\/\/www.tibagroup.com\/pt\/comunicacao\/imprensa\/pascal-lamy-medidas-europeias#breadcrumb","itemListElement":[{"@type":"ListItem","position":1,"name":"In\u00edcio","item":"https:\/\/www.tibagroup.com\/pt\/transitarios-despachantes-aduaneiros-operador-logistico"},{"@type":"ListItem","position":2,"name":"Comunica\u00e7\u00e3o &amp; Imprensa","item":"https:\/\/www.tibagroup.com\/pt\/comunicacao"},{"@type":"ListItem","position":3,"name":"Imprensa","item":"https:\/\/www.tibagroup.com\/pt\/comunicacao\/imprensa"},{"@type":"ListItem","position":4,"name":"Ila\u00e7\u00f5es de Pascal Lamy e as medidas europeias"}]},{"@type":"WebSite","@id":"https:\/\/www.tibagroup.com\/pt#website","url":"https:\/\/www.tibagroup.com\/pt","name":"TIBA","description":"Log\u00edstica e transporte internacional.","publisher":{"@id":"https:\/\/www.tibagroup.com\/pt#organization"},"potentialAction":[{"@type":"SearchAction","target":{"@type":"EntryPoint","urlTemplate":"https:\/\/www.tibagroup.com\/pt?s={search_term_string}"},"query-input":{"@type":"PropertyValueSpecification","valueRequired":true,"valueName":"search_term_string"}}],"inLanguage":"pt"},{"@type":"Organization","@id":"https:\/\/www.tibagroup.com\/pt#organization","name":"TIBA","url":"https:\/\/www.tibagroup.com\/pt","logo":{"@type":"ImageObject","inLanguage":"pt","@id":"https:\/\/www.tibagroup.com\/pt#\/schema\/logo\/image\/","url":"https:\/\/www.tibagroup.com\/wp-content\/uploads\/2024\/02\/logo-web-TIBA.png","contentUrl":"https:\/\/www.tibagroup.com\/wp-content\/uploads\/2024\/02\/logo-web-TIBA.png","width":352,"height":116,"caption":"TIBA"},"image":{"@id":"https:\/\/www.tibagroup.com\/pt#\/schema\/logo\/image\/"}},{"@type":"Person","@id":"https:\/\/www.tibagroup.com\/pt#\/schema\/person\/05c092dcc51b7a515503f3d10c916094","name":"TIBA","image":{"@type":"ImageObject","inLanguage":"pt","@id":"https:\/\/secure.gravatar.com\/avatar\/fe41478412b0c43764499979d851fae89a1f174100b1c19a55e15c00fde1851d?s=96&d=mm&r=g","url":"https:\/\/secure.gravatar.com\/avatar\/fe41478412b0c43764499979d851fae89a1f174100b1c19a55e15c00fde1851d?s=96&d=mm&r=g","contentUrl":"https:\/\/secure.gravatar.com\/avatar\/fe41478412b0c43764499979d851fae89a1f174100b1c19a55e15c00fde1851d?s=96&d=mm&r=g","caption":"TIBA"},"sameAs":["https:\/\/x.com\/eaguado"]}]}},"_links":{"self":[{"href":"https:\/\/www.tibagroup.com\/pt\/wp-json\/wp\/v2\/posts\/47737","targetHints":{"allow":["GET"]}}],"collection":[{"href":"https:\/\/www.tibagroup.com\/pt\/wp-json\/wp\/v2\/posts"}],"about":[{"href":"https:\/\/www.tibagroup.com\/pt\/wp-json\/wp\/v2\/types\/post"}],"author":[{"embeddable":true,"href":"https:\/\/www.tibagroup.com\/pt\/wp-json\/wp\/v2\/users\/2"}],"replies":[{"embeddable":true,"href":"https:\/\/www.tibagroup.com\/pt\/wp-json\/wp\/v2\/comments?post=47737"}],"version-history":[{"count":2,"href":"https:\/\/www.tibagroup.com\/pt\/wp-json\/wp\/v2\/posts\/47737\/revisions"}],"predecessor-version":[{"id":68484,"href":"https:\/\/www.tibagroup.com\/pt\/wp-json\/wp\/v2\/posts\/47737\/revisions\/68484"}],"wp:featuredmedia":[{"embeddable":true,"href":"https:\/\/www.tibagroup.com\/pt\/wp-json\/wp\/v2\/media\/47738"}],"wp:attachment":[{"href":"https:\/\/www.tibagroup.com\/pt\/wp-json\/wp\/v2\/media?parent=47737"}],"wp:term":[{"taxonomy":"category","embeddable":true,"href":"https:\/\/www.tibagroup.com\/pt\/wp-json\/wp\/v2\/categories?post=47737"},{"taxonomy":"post_tag","embeddable":true,"href":"https:\/\/www.tibagroup.com\/pt\/wp-json\/wp\/v2\/tags?post=47737"}],"curies":[{"name":"wp","href":"https:\/\/api.w.org\/{rel}","templated":true}]}}