{"id":47712,"date":"2014-08-01T09:42:56","date_gmt":"2014-08-01T07:42:56","guid":{"rendered":"https:\/\/www.tibagroup.com\/portugal-e-china-querem-aprofundar-parceria-estrategica\/"},"modified":"2025-03-13T13:18:05","modified_gmt":"2025-03-13T12:18:05","slug":"pt-cn-relacoes-comerciais","status":"publish","type":"post","link":"https:\/\/www.tibagroup.com\/pt\/comercio-exterior\/mercados\/pt-cn-relacoes-comerciais","title":{"rendered":"Portugal e China querem aprofundar parceria estrat\u00e9gica"},"content":{"rendered":"<p>O presidente da Rep\u00fablica Popular da China, Xi Jinping<a href=\"http:\/\/pt.wikipedia.org\/wiki\/Xi_Jinping\">,<\/a> visitou, no dia 24 de Julho, o arquip\u00e9lago dos A\u00e7ores, mais propriamente a ilha Terceira. Tendo sido acompanhado por cerca de 116 pessoas, das quais se distinguem os seus assessores mais importantes e vice-primeiros-ministros, Xi Jinping reuniu-se durante quase uma hora com Paulo Portas, vice-primeiro-ministro portugu\u00eas, para abordar assuntos internacionais e a rela\u00e7\u00e3o bilateral, com destaque para a liga\u00e7\u00e3o econ\u00f3mica entre os dois pa\u00edses. Neste encontro, Paulo Portas ainda informou Xi Jinping sobre o fim da execu\u00e7\u00e3o do Programa da Troika em Portugal e o consequente crescimento econ\u00f3mico do pa\u00eds. O processo da base das Lajes, isto \u00e9, a redu\u00e7\u00e3o e a sa\u00edda do contingente militar norte-americano, n\u00e3o foi um dos temas abordados.<\/p>\n<p>No final da reuni\u00e3o, Xi Jinping sublinhou a vontade de aprofundar as rela\u00e7\u00f5es com Portugal no pr\u00f3ximo ano. Ali\u00e1s, em 2015, a parceria estrat\u00e9gica global com o nosso pa\u00eds ir\u00e1 comemorar o seu 10\u00ba anivers\u00e1rio. Por outro lado, Paulo Portas destacou que \u00abPortugal \u00e9 um dos poucos pa\u00edses membros da Uni\u00e3o Europeia com quem a Rep\u00fablica Popular da China estabelece uma parceria estrat\u00e9gica global\u00bb. Segundo o vice-primeiro-ministro portugu\u00eas, a rela\u00e7\u00e3o entre Portugal e China distingue-se pela sua maturidade, tal como comprovam a \u00abintensidade e a frequ\u00eancia das visitas de chefes de Estado e de governantes dos dois pa\u00edses\u00bb.<\/p>\n<p>As trocas comerciais entre ambas as regi\u00f5es tamb\u00e9m s\u00e3o um excelente exemplo do estreitamento desta rela\u00e7\u00e3o. Por exemplo, as exporta\u00e7\u00f5es nacionais para a China aumentaram de 220 milh\u00f5es de euros, em 2009, para 660 milh\u00f5es de euros, em 2013. Merece especial destaque o sector dos lactic\u00ednios portugueses, visto que as autoridades chinesas divulgaram oficialmente uma lista de 31 empresas nacionais dessa \u00e1rea que receberam autoriza\u00e7\u00e3o para exportarem para a China Continental. Dispon\u00edvel no <em>site<\/em> da <em>Certification and Accreditation Administration of the People&#8217;s Republic of China<\/em>, o documento inclui firmas, como a Nestl\u00e9 Portugal S.A., a Piazza \u2013 Ind\u00fastria de Gelados, Lda. e a Lactogal, Produtos Alimentar, S.A.<\/p>\n<p>O pa\u00eds liderado por Xi Jinping tamb\u00e9m tem realizado investimentos consider\u00e1veis no nosso pa\u00eds. \u00c9 o caso das parcerias no sector energ\u00e9tico que representam mais de 15 mil milh\u00f5es de euros.<\/p>\n<h2>Ilha Terceira: cen\u00e1rio de acontecimentos hist\u00f3ricos mundiais<\/h2>\n<p>Esta n\u00e3o \u00e9 a primeira vez que um alto respons\u00e1vel da Rep\u00fablica Popular da China faz escala nos A\u00e7ores e visita a ilha Terceira. Afinal, em Junho de 2012, o ex-primeiro-ministro deste pa\u00eds, Wen Jiabao, marcou presen\u00e7a neste local, devido a uma escala t\u00e9cnica de um voo entre o Chile e a China.<\/p>\n<p>Ali\u00e1s, esta ilha distingue-se por ser um palco recorrente de importantes encontros hist\u00f3ricos. A destacar o ano de 1971, em que o presidente norte-americano Richard Nixon (juntamente com o seu conselheiro Henry Kissinger), o presidente franc\u00eas George Pompidou e o presidente do Conselho Marcelo Caetano reuniram-se numa estalagem na Terceira para abordar a crise econ\u00f3mica que, no come\u00e7o da d\u00e9cada de 70, tanto afligia o continente europeu como os Estados Unidos da Am\u00e9rica. Pouco tempo depois, em Junho de 1974 (apenas dois meses ap\u00f3s a Revolu\u00e7\u00e3o dos Cravos), Nixon regressou \u00e0 Terceira, mas, desta vez, para se reunir com Ant\u00f3nio de Sp\u00ednola, o ent\u00e3o Presidente da Rep\u00fablica Portuguesa.<\/p>\n<p>Mais recentemente, em Mar\u00e7o de 2003, a base das Lajes recebeu uma cimeira na qual participaram os chefes de Governo de Portugal (Dur\u00e3o Barroso), de Espanha (Jos\u00e9 Maria Aznar), do Reino Unido (Tony Blair) e dos Estados Unidos da Am\u00e9rica (George W. Bush). A denominada \u00abcimeira das Lajes\u00bb tem uma import\u00e2ncia hist\u00f3rica, visto que foi o primeiro passo rumo \u00e0 guerra contra a pol\u00edtica iraquiana liderada pelo ditador Saddam Hussein.<\/p>\n<p><em>Fontes: Di\u00e1rio de Not\u00edcias, 25-07-2014; AICEP, 28-07-2014<\/em><\/p>\n","protected":false},"excerpt":{"rendered":"<p>O presidente da Rep\u00fablica Popular da China, Xi Jinping, visitou, no dia 24 de Julho, o arquip\u00e9lago dos A\u00e7ores, mais propriamente a ilha Terceira.<\/p>\n","protected":false},"author":2,"featured_media":47713,"comment_status":"open","ping_status":"closed","sticky":false,"template":"","format":"standard","meta":{"footnotes":""},"categories":[483],"tags":[794,834],"class_list":["post-47712","post","type-post","status-publish","format-standard","has-post-thumbnail","hentry","category-mercados","tag-chn","tag-prt"],"yoast_head":"<!-- This site is optimized with the Yoast SEO plugin v27.5 - https:\/\/yoast.com\/product\/yoast-seo-wordpress\/ -->\n<title>Portugal e China querem aprofundar parceria estrat\u00e9gica - TIBA<\/title>\n<meta name=\"description\" content=\"O presidente da Rep\u00fablica Popular da China, Xi Jinping, visitou, no dia 24 de Julho, o arquip\u00e9lago dos A\u00e7ores, mais propriamente a ilha Terceira.\" \/>\n<meta name=\"robots\" content=\"index, follow, max-snippet:-1, max-image-preview:large, max-video-preview:-1\" \/>\n<link rel=\"canonical\" href=\"https:\/\/www.tibagroup.com\/pt\/comercio-exterior\/mercados\/pt-cn-relacoes-comerciais\" \/>\n<meta property=\"og:locale\" content=\"pt_PT\" \/>\n<meta property=\"og:type\" content=\"article\" \/>\n<meta property=\"og:title\" content=\"Portugal e China querem aprofundar parceria estrat\u00e9gica - TIBA\" \/>\n<meta property=\"og:description\" content=\"O presidente da Rep\u00fablica Popular da China, Xi Jinping, visitou, no dia 24 de Julho, o arquip\u00e9lago dos A\u00e7ores, mais propriamente a ilha Terceira.\" \/>\n<meta property=\"og:url\" content=\"https:\/\/www.tibagroup.com\/pt\/comercio-exterior\/mercados\/pt-cn-relacoes-comerciais\" \/>\n<meta property=\"og:site_name\" content=\"TIBA\" \/>\n<meta property=\"article:published_time\" content=\"2014-08-01T07:42:56+00:00\" \/>\n<meta property=\"article:modified_time\" content=\"2025-03-13T12:18:05+00:00\" \/>\n<meta property=\"og:image\" content=\"https:\/\/www.tibagroup.com\/wp-content\/uploads\/2023\/11\/parceria-estrategica.jpg\" \/>\n\t<meta property=\"og:image:width\" content=\"223\" \/>\n\t<meta property=\"og:image:height\" content=\"288\" \/>\n\t<meta property=\"og:image:type\" content=\"image\/jpeg\" \/>\n<meta name=\"author\" content=\"TIBA\" \/>\n<meta name=\"twitter:card\" content=\"summary_large_image\" \/>\n<meta name=\"twitter:creator\" content=\"@eaguado\" \/>\n<meta name=\"twitter:label1\" content=\"Written by\" \/>\n\t<meta name=\"twitter:data1\" content=\"TIBA\" \/>\n<!-- \/ Yoast SEO plugin. -->","yoast_head_json":{"title":"Portugal e China querem aprofundar parceria estrat\u00e9gica - TIBA","description":"O presidente da Rep\u00fablica Popular da China, Xi Jinping, visitou, no dia 24 de Julho, o arquip\u00e9lago dos A\u00e7ores, mais propriamente a ilha Terceira.","robots":{"index":"index","follow":"follow","max-snippet":"max-snippet:-1","max-image-preview":"max-image-preview:large","max-video-preview":"max-video-preview:-1"},"canonical":"https:\/\/www.tibagroup.com\/pt\/comercio-exterior\/mercados\/pt-cn-relacoes-comerciais","og_locale":"pt_PT","og_type":"article","og_title":"Portugal e China querem aprofundar parceria estrat\u00e9gica - TIBA","og_description":"O presidente da Rep\u00fablica Popular da China, Xi Jinping, visitou, no dia 24 de Julho, o arquip\u00e9lago dos A\u00e7ores, mais propriamente a ilha Terceira.","og_url":"https:\/\/www.tibagroup.com\/pt\/comercio-exterior\/mercados\/pt-cn-relacoes-comerciais","og_site_name":"TIBA","article_published_time":"2014-08-01T07:42:56+00:00","article_modified_time":"2025-03-13T12:18:05+00:00","og_image":[{"width":223,"height":288,"url":"https:\/\/www.tibagroup.com\/wp-content\/uploads\/2023\/11\/parceria-estrategica.jpg","type":"image\/jpeg"}],"author":"TIBA","twitter_card":"summary_large_image","twitter_creator":"@eaguado","twitter_misc":{"Written by":"TIBA"},"schema":{"@context":"https:\/\/schema.org","@graph":[{"@type":"Article","@id":"https:\/\/www.tibagroup.com\/pt\/comercio-exterior\/mercados\/pt-cn-relacoes-comerciais#article","isPartOf":{"@id":"https:\/\/www.tibagroup.com\/pt\/comercio-exterior\/mercados\/pt-cn-relacoes-comerciais"},"author":{"name":"TIBA","@id":"https:\/\/www.tibagroup.com\/pt#\/schema\/person\/05c092dcc51b7a515503f3d10c916094"},"headline":"Portugal e China querem aprofundar parceria estrat\u00e9gica","datePublished":"2014-08-01T07:42:56+00:00","dateModified":"2025-03-13T12:18:05+00:00","mainEntityOfPage":{"@id":"https:\/\/www.tibagroup.com\/pt\/comercio-exterior\/mercados\/pt-cn-relacoes-comerciais"},"wordCount":670,"commentCount":0,"publisher":{"@id":"https:\/\/www.tibagroup.com\/pt#organization"},"image":{"@id":"https:\/\/www.tibagroup.com\/pt\/comercio-exterior\/mercados\/pt-cn-relacoes-comerciais#primaryimage"},"thumbnailUrl":"https:\/\/www.tibagroup.com\/wp-content\/uploads\/2023\/11\/parceria-estrategica.jpg","keywords":["China","Portugal"],"articleSection":["Atualiza\u00e7\u00e3o do Mercado"],"inLanguage":"pt","potentialAction":[{"@type":"CommentAction","name":"Comment","target":["https:\/\/www.tibagroup.com\/pt\/comercio-exterior\/mercados\/pt-cn-relacoes-comerciais#respond"]}]},{"@type":"WebPage","@id":"https:\/\/www.tibagroup.com\/pt\/comercio-exterior\/mercados\/pt-cn-relacoes-comerciais","url":"https:\/\/www.tibagroup.com\/pt\/comercio-exterior\/mercados\/pt-cn-relacoes-comerciais","name":"Portugal e China querem aprofundar parceria estrat\u00e9gica - TIBA","isPartOf":{"@id":"https:\/\/www.tibagroup.com\/pt#website"},"primaryImageOfPage":{"@id":"https:\/\/www.tibagroup.com\/pt\/comercio-exterior\/mercados\/pt-cn-relacoes-comerciais#primaryimage"},"image":{"@id":"https:\/\/www.tibagroup.com\/pt\/comercio-exterior\/mercados\/pt-cn-relacoes-comerciais#primaryimage"},"thumbnailUrl":"https:\/\/www.tibagroup.com\/wp-content\/uploads\/2023\/11\/parceria-estrategica.jpg","datePublished":"2014-08-01T07:42:56+00:00","dateModified":"2025-03-13T12:18:05+00:00","description":"O presidente da Rep\u00fablica Popular da China, Xi Jinping, visitou, no dia 24 de Julho, o arquip\u00e9lago dos A\u00e7ores, mais propriamente a ilha Terceira.","breadcrumb":{"@id":"https:\/\/www.tibagroup.com\/pt\/comercio-exterior\/mercados\/pt-cn-relacoes-comerciais#breadcrumb"},"inLanguage":"pt","potentialAction":[{"@type":"ReadAction","target":["https:\/\/www.tibagroup.com\/pt\/comercio-exterior\/mercados\/pt-cn-relacoes-comerciais"]}]},{"@type":"ImageObject","inLanguage":"pt","@id":"https:\/\/www.tibagroup.com\/pt\/comercio-exterior\/mercados\/pt-cn-relacoes-comerciais#primaryimage","url":"https:\/\/www.tibagroup.com\/wp-content\/uploads\/2023\/11\/parceria-estrategica.jpg","contentUrl":"https:\/\/www.tibagroup.com\/wp-content\/uploads\/2023\/11\/parceria-estrategica.jpg","width":223,"height":288,"caption":"parceria-estrategica"},{"@type":"BreadcrumbList","@id":"https:\/\/www.tibagroup.com\/pt\/comercio-exterior\/mercados\/pt-cn-relacoes-comerciais#breadcrumb","itemListElement":[{"@type":"ListItem","position":1,"name":"In\u00edcio","item":"https:\/\/www.tibagroup.com\/pt\/transitarios-despachantes-aduaneiros-operador-logistico"},{"@type":"ListItem","position":2,"name":"Com\u00e9rcio internacional","item":"https:\/\/www.tibagroup.com\/pt\/comercio-exterior"},{"@type":"ListItem","position":3,"name":"Atualiza\u00e7\u00e3o do Mercado","item":"https:\/\/www.tibagroup.com\/pt\/comercio-exterior\/mercados"},{"@type":"ListItem","position":4,"name":"Portugal e China querem aprofundar parceria estrat\u00e9gica"}]},{"@type":"WebSite","@id":"https:\/\/www.tibagroup.com\/pt#website","url":"https:\/\/www.tibagroup.com\/pt","name":"TIBA","description":"Log\u00edstica e transporte internacional.","publisher":{"@id":"https:\/\/www.tibagroup.com\/pt#organization"},"potentialAction":[{"@type":"SearchAction","target":{"@type":"EntryPoint","urlTemplate":"https:\/\/www.tibagroup.com\/pt?s={search_term_string}"},"query-input":{"@type":"PropertyValueSpecification","valueRequired":true,"valueName":"search_term_string"}}],"inLanguage":"pt"},{"@type":"Organization","@id":"https:\/\/www.tibagroup.com\/pt#organization","name":"TIBA","url":"https:\/\/www.tibagroup.com\/pt","logo":{"@type":"ImageObject","inLanguage":"pt","@id":"https:\/\/www.tibagroup.com\/pt#\/schema\/logo\/image\/","url":"https:\/\/www.tibagroup.com\/wp-content\/uploads\/2024\/02\/logo-web-TIBA.png","contentUrl":"https:\/\/www.tibagroup.com\/wp-content\/uploads\/2024\/02\/logo-web-TIBA.png","width":352,"height":116,"caption":"TIBA"},"image":{"@id":"https:\/\/www.tibagroup.com\/pt#\/schema\/logo\/image\/"}},{"@type":"Person","@id":"https:\/\/www.tibagroup.com\/pt#\/schema\/person\/05c092dcc51b7a515503f3d10c916094","name":"TIBA","image":{"@type":"ImageObject","inLanguage":"pt","@id":"https:\/\/secure.gravatar.com\/avatar\/fe41478412b0c43764499979d851fae89a1f174100b1c19a55e15c00fde1851d?s=96&d=mm&r=g","url":"https:\/\/secure.gravatar.com\/avatar\/fe41478412b0c43764499979d851fae89a1f174100b1c19a55e15c00fde1851d?s=96&d=mm&r=g","contentUrl":"https:\/\/secure.gravatar.com\/avatar\/fe41478412b0c43764499979d851fae89a1f174100b1c19a55e15c00fde1851d?s=96&d=mm&r=g","caption":"TIBA"},"sameAs":["https:\/\/x.com\/eaguado"]}]}},"_links":{"self":[{"href":"https:\/\/www.tibagroup.com\/pt\/wp-json\/wp\/v2\/posts\/47712","targetHints":{"allow":["GET"]}}],"collection":[{"href":"https:\/\/www.tibagroup.com\/pt\/wp-json\/wp\/v2\/posts"}],"about":[{"href":"https:\/\/www.tibagroup.com\/pt\/wp-json\/wp\/v2\/types\/post"}],"author":[{"embeddable":true,"href":"https:\/\/www.tibagroup.com\/pt\/wp-json\/wp\/v2\/users\/2"}],"replies":[{"embeddable":true,"href":"https:\/\/www.tibagroup.com\/pt\/wp-json\/wp\/v2\/comments?post=47712"}],"version-history":[{"count":2,"href":"https:\/\/www.tibagroup.com\/pt\/wp-json\/wp\/v2\/posts\/47712\/revisions"}],"predecessor-version":[{"id":70178,"href":"https:\/\/www.tibagroup.com\/pt\/wp-json\/wp\/v2\/posts\/47712\/revisions\/70178"}],"wp:featuredmedia":[{"embeddable":true,"href":"https:\/\/www.tibagroup.com\/pt\/wp-json\/wp\/v2\/media\/47713"}],"wp:attachment":[{"href":"https:\/\/www.tibagroup.com\/pt\/wp-json\/wp\/v2\/media?parent=47712"}],"wp:term":[{"taxonomy":"category","embeddable":true,"href":"https:\/\/www.tibagroup.com\/pt\/wp-json\/wp\/v2\/categories?post=47712"},{"taxonomy":"post_tag","embeddable":true,"href":"https:\/\/www.tibagroup.com\/pt\/wp-json\/wp\/v2\/tags?post=47712"}],"curies":[{"name":"wp","href":"https:\/\/api.w.org\/{rel}","templated":true}]}}