{"id":47631,"date":"2014-07-21T08:41:03","date_gmt":"2014-07-21T06:41:03","guid":{"rendered":"https:\/\/www.tibagroup.com\/feira-internacional-de-luanda-filda-2014\/"},"modified":"2025-03-13T13:15:02","modified_gmt":"2025-03-13T12:15:02","slug":"filda-2014","status":"publish","type":"post","link":"https:\/\/www.tibagroup.com\/pt\/comercio-exterior\/mercados\/filda-2014","title":{"rendered":"Feira Internacional de Luanda (FILDA) 2014"},"content":{"rendered":"<h2>A feira angolana FILDA tem mais \u00e1rea e n\u00famero recorde de expositores<\/h2>\n<p>Segundo informa\u00e7\u00f5es fornecidas por Francisco Coutinho, a Feira Internacional de Luanda (FILDA) deste ano, que decorre de 22 a 27 de Julho, \u00e9 a maior em termos de \u00e1rea e de expositores presentes, contando-se a participa\u00e7\u00e3o de 39 pa\u00edses.<br \/>\nO gestor do certame disse \u00e0 Angop que, para atender a t\u00e3o elevada procura, a organiza\u00e7\u00e3o teve de providenciar dois pavilh\u00f5es adicionais com um total de oito mil metros quadrados, alargando o espa\u00e7o da exposi\u00e7\u00e3o para os 50 000 m2.<\/p>\n<p>Esta edi\u00e7\u00e3o da feira teve um crescimento de 40% em rela\u00e7\u00e3o a 2012 e foi pensada como um espa\u00e7o internacional de converg\u00eancia social e de neg\u00f3cios, o qual visa projectar Angola para o futuro. A feira \u00e9 subordinada \u00e0 tem\u00e1tica \u201cDesafios da atrac\u00e7\u00e3o de investimento \u2013 Estrat\u00e9gia, legisla\u00e7\u00e3o, institui\u00e7\u00f5es, infra-estruturas e recursos humanos\u201d e tem como objectivos a capta\u00e7\u00e3o de capitais, a promo\u00e7\u00e3o do desenvolvimento dos sectores sustent\u00e1veis da economia. Por outro lado, quer contribuir para o estabelecimento de parcerias visando a cria\u00e7\u00e3o de uma ind\u00fastria transformadora que responda \u00e0s necessidades de consumo.<\/p>\n<h2>Novos e velhos participantes<\/h2>\n<p><img decoding=\"async\" class=\"alignleft wp-image-1406 size-square\" src=\"\/wp-content\/uploads\/2023\/11\/investidores-180x180-1.webp\" alt=\"investidores\" width=\"180\" height=\"180\" \/>O Qu\u00e9nia e o Zimbabu\u00e9 fazem a sua estreia na FILDA na edi\u00e7\u00e3o deste ano, sendo que este \u00faltimo comprou um espa\u00e7o de 108 m2 destinado a dez empresas, o mesmo n\u00famero de expositores do Qu\u00e9nia.<\/p>\n<p>J\u00e1 as empresas portuguesas representam 10 % dos expositores este ano, uma participa\u00e7\u00e3o considerada como sendo \u201cexpressiva&#8221; e \u201cmuito importante&#8221; pelo director de Rela\u00e7\u00f5es Institucionais da FIL &#8211; uma empresa angolana que anualmente realiza mais de uma dezena de feiras sectoriais e de neg\u00f3cios.<br \/>\nSegundo Salvador Cardoso, Portugal ocupa um pavilh\u00e3o constitu\u00eddo apenas de empresas portuguesa, sendo que n\u00e3o h\u00e1 participa\u00e7\u00e3o estrangeira igual a esta. O recinto tem 3 000 m2 e nele est\u00e3o representados v\u00e1rios sectores da economia, desde a metal\u00fargica ao papel e aos vinhos, passando pelos equipamentos de protec\u00e7\u00e3o, bicicletas, novas tecnologias e produtos agro-pecu\u00e1rios.<\/p>\n<p>\u201cAs empresas portuguesas, mais do que as dos outros pa\u00edses, conhecem muito bem o nosso mercado e j\u00e1 firmaram parcerias com v\u00e1rios empres\u00e1rios angolanos&#8221;, real\u00e7ou o respons\u00e1vel, frisando que a FIL aponta o caso portugu\u00eas como \u201cexemplo&#8221; \u00e0s restantes delega\u00e7\u00f5es estrangeiras. \u201cSe eles participam com esse n\u00famero de empresas \u00e9 porque conseguem atingir os seus objectivos&#8221;, declarou.<\/p>\n<p>A feira deste ano volta a ter um dia dedicado exclusivamente a Portugal, a saber, 24 de Julho, estando desde j\u00e1 confirmada a presen\u00e7a em Luanda do ministro da Economia portugu\u00eas, Ant\u00f3nio Pires de Lima.<\/p>\n<p>&nbsp;<\/p>\n<p>O AICEP de Luanda aponta para Portugal como o principal fornecedor comercial de Angola em 2013, atrav\u00e9s de nove mil empresas exportadoras, volume que continua a aumentar. As exporta\u00e7\u00f5es de bens atingiram os 3,1 mil milh\u00f5es de euros e as de servi\u00e7os chegaram aos 1,4 mil milh\u00f5es de euros, num total de 4,5 mil milh\u00f5es de euros em 2013, ao passo que as importa\u00e7\u00f5es de Angola aumentaram 120% entre 2009 e 2013, para 2,63 mil milh\u00f5es, segundo a mesma fonte.<\/p>\n<p>Angola posiciona-se como um mercado estrat\u00e9gico para Portugal. Esta \u00e9 a raz\u00e3o pela qual Paulo Portas tem comparecido consecutivamente neste certame, sendo que acompanhar\u00e1 de perto a delega\u00e7\u00e3o empresarial portuguesa, organizada pelo AICEP, a qual ser\u00e1 representada pelo seu presidente, Miguel Frasquilho.<\/p>\n<p><strong>A TIBA \u00e9 o seu parceiro estrat\u00e9gico para Angola. Temos escrit\u00f3rio pr\u00f3prio em Luanda e um vasto conhecimento dos procedimentos neste pa\u00eds!<\/strong><\/p>\n<h3><a href=\"\/pt\/contato\">Contacte-nos<\/a>! Temos a solu\u00e7\u00e3o para o seu neg\u00f3cio.<\/h3>\n<p><em>Fonte: Jornal de Angola, 07\/2014 (adaptado)<\/em><\/p>\n","protected":false},"excerpt":{"rendered":"<p>Conhe\u00e7a alguns dos participantes da Feira Internacional de Luanda (FILDA) deste ano e quais os valores que suportam a import\u00e2ncia deste evento. Saiba mais sobre a import\u00e2ncia de Portugal.<\/p>\n","protected":false},"author":2,"featured_media":47632,"comment_status":"open","ping_status":"closed","sticky":false,"template":"","format":"standard","meta":{"footnotes":""},"categories":[483],"tags":[779],"class_list":["post-47631","post","type-post","status-publish","format-standard","has-post-thumbnail","hentry","category-mercados","tag-ago"],"yoast_head":"<!-- This site is optimized with the Yoast SEO plugin v27.5 - https:\/\/yoast.com\/product\/yoast-seo-wordpress\/ -->\n<title>Feira Internacional de Luanda (FILDA) 2014 - TIBA<\/title>\n<meta name=\"description\" content=\"Conhe\u00e7a alguns dos participantes da Feira Internacional de Luanda (FILDA) deste ano e quais os valores que suportam a import\u00e2ncia deste evento.\" \/>\n<meta name=\"robots\" content=\"index, follow, max-snippet:-1, max-image-preview:large, max-video-preview:-1\" \/>\n<link rel=\"canonical\" href=\"https:\/\/www.tibagroup.com\/pt\/comercio-exterior\/mercados\/filda-2014\" \/>\n<meta property=\"og:locale\" content=\"pt_PT\" \/>\n<meta property=\"og:type\" content=\"article\" \/>\n<meta property=\"og:title\" content=\"Feira Internacional de Luanda (FILDA) 2014 - TIBA\" \/>\n<meta property=\"og:description\" content=\"Conhe\u00e7a alguns dos participantes da Feira Internacional de Luanda (FILDA) deste ano e quais os valores que suportam a import\u00e2ncia deste evento.\" \/>\n<meta property=\"og:url\" content=\"https:\/\/www.tibagroup.com\/pt\/comercio-exterior\/mercados\/filda-2014\" \/>\n<meta property=\"og:site_name\" content=\"TIBA\" \/>\n<meta property=\"article:published_time\" content=\"2014-07-21T06:41:03+00:00\" \/>\n<meta property=\"article:modified_time\" content=\"2025-03-13T12:15:02+00:00\" \/>\n<meta property=\"og:image\" content=\"https:\/\/www.tibagroup.com\/wp-content\/uploads\/2023\/11\/parcerias.jpg\" \/>\n\t<meta property=\"og:image:width\" content=\"350\" \/>\n\t<meta property=\"og:image:height\" content=\"350\" \/>\n\t<meta property=\"og:image:type\" content=\"image\/jpeg\" \/>\n<meta name=\"author\" content=\"TIBA\" \/>\n<meta name=\"twitter:card\" content=\"summary_large_image\" \/>\n<meta name=\"twitter:creator\" content=\"@eaguado\" \/>\n<meta name=\"twitter:label1\" content=\"Written by\" \/>\n\t<meta name=\"twitter:data1\" content=\"TIBA\" \/>\n<!-- \/ Yoast SEO plugin. -->","yoast_head_json":{"title":"Feira Internacional de Luanda (FILDA) 2014 - TIBA","description":"Conhe\u00e7a alguns dos participantes da Feira Internacional de Luanda (FILDA) deste ano e quais os valores que suportam a import\u00e2ncia deste evento.","robots":{"index":"index","follow":"follow","max-snippet":"max-snippet:-1","max-image-preview":"max-image-preview:large","max-video-preview":"max-video-preview:-1"},"canonical":"https:\/\/www.tibagroup.com\/pt\/comercio-exterior\/mercados\/filda-2014","og_locale":"pt_PT","og_type":"article","og_title":"Feira Internacional de Luanda (FILDA) 2014 - TIBA","og_description":"Conhe\u00e7a alguns dos participantes da Feira Internacional de Luanda (FILDA) deste ano e quais os valores que suportam a import\u00e2ncia deste evento.","og_url":"https:\/\/www.tibagroup.com\/pt\/comercio-exterior\/mercados\/filda-2014","og_site_name":"TIBA","article_published_time":"2014-07-21T06:41:03+00:00","article_modified_time":"2025-03-13T12:15:02+00:00","og_image":[{"width":350,"height":350,"url":"https:\/\/www.tibagroup.com\/wp-content\/uploads\/2023\/11\/parcerias.jpg","type":"image\/jpeg"}],"author":"TIBA","twitter_card":"summary_large_image","twitter_creator":"@eaguado","twitter_misc":{"Written by":"TIBA"},"schema":{"@context":"https:\/\/schema.org","@graph":[{"@type":"Article","@id":"https:\/\/www.tibagroup.com\/pt\/comercio-exterior\/mercados\/filda-2014#article","isPartOf":{"@id":"https:\/\/www.tibagroup.com\/pt\/comercio-exterior\/mercados\/filda-2014"},"author":{"name":"TIBA","@id":"https:\/\/www.tibagroup.com\/pt#\/schema\/person\/05c092dcc51b7a515503f3d10c916094"},"headline":"Feira Internacional de Luanda (FILDA) 2014","datePublished":"2014-07-21T06:41:03+00:00","dateModified":"2025-03-13T12:15:02+00:00","mainEntityOfPage":{"@id":"https:\/\/www.tibagroup.com\/pt\/comercio-exterior\/mercados\/filda-2014"},"wordCount":616,"commentCount":0,"publisher":{"@id":"https:\/\/www.tibagroup.com\/pt#organization"},"image":{"@id":"https:\/\/www.tibagroup.com\/pt\/comercio-exterior\/mercados\/filda-2014#primaryimage"},"thumbnailUrl":"https:\/\/www.tibagroup.com\/wp-content\/uploads\/2023\/11\/parcerias.jpg","keywords":["Angola"],"articleSection":["Atualiza\u00e7\u00e3o do Mercado"],"inLanguage":"pt","potentialAction":[{"@type":"CommentAction","name":"Comment","target":["https:\/\/www.tibagroup.com\/pt\/comercio-exterior\/mercados\/filda-2014#respond"]}]},{"@type":"WebPage","@id":"https:\/\/www.tibagroup.com\/pt\/comercio-exterior\/mercados\/filda-2014","url":"https:\/\/www.tibagroup.com\/pt\/comercio-exterior\/mercados\/filda-2014","name":"Feira Internacional de Luanda (FILDA) 2014 - TIBA","isPartOf":{"@id":"https:\/\/www.tibagroup.com\/pt#website"},"primaryImageOfPage":{"@id":"https:\/\/www.tibagroup.com\/pt\/comercio-exterior\/mercados\/filda-2014#primaryimage"},"image":{"@id":"https:\/\/www.tibagroup.com\/pt\/comercio-exterior\/mercados\/filda-2014#primaryimage"},"thumbnailUrl":"https:\/\/www.tibagroup.com\/wp-content\/uploads\/2023\/11\/parcerias.jpg","datePublished":"2014-07-21T06:41:03+00:00","dateModified":"2025-03-13T12:15:02+00:00","description":"Conhe\u00e7a alguns dos participantes da Feira Internacional de Luanda (FILDA) deste ano e quais os valores que suportam a import\u00e2ncia deste evento.","breadcrumb":{"@id":"https:\/\/www.tibagroup.com\/pt\/comercio-exterior\/mercados\/filda-2014#breadcrumb"},"inLanguage":"pt","potentialAction":[{"@type":"ReadAction","target":["https:\/\/www.tibagroup.com\/pt\/comercio-exterior\/mercados\/filda-2014"]}]},{"@type":"ImageObject","inLanguage":"pt","@id":"https:\/\/www.tibagroup.com\/pt\/comercio-exterior\/mercados\/filda-2014#primaryimage","url":"https:\/\/www.tibagroup.com\/wp-content\/uploads\/2023\/11\/parcerias.jpg","contentUrl":"https:\/\/www.tibagroup.com\/wp-content\/uploads\/2023\/11\/parcerias.jpg","width":350,"height":350},{"@type":"BreadcrumbList","@id":"https:\/\/www.tibagroup.com\/pt\/comercio-exterior\/mercados\/filda-2014#breadcrumb","itemListElement":[{"@type":"ListItem","position":1,"name":"In\u00edcio","item":"https:\/\/www.tibagroup.com\/pt\/transitarios-despachantes-aduaneiros-operador-logistico"},{"@type":"ListItem","position":2,"name":"Com\u00e9rcio internacional","item":"https:\/\/www.tibagroup.com\/pt\/comercio-exterior"},{"@type":"ListItem","position":3,"name":"Atualiza\u00e7\u00e3o do Mercado","item":"https:\/\/www.tibagroup.com\/pt\/comercio-exterior\/mercados"},{"@type":"ListItem","position":4,"name":"Feira Internacional de Luanda (FILDA) 2014"}]},{"@type":"WebSite","@id":"https:\/\/www.tibagroup.com\/pt#website","url":"https:\/\/www.tibagroup.com\/pt","name":"TIBA","description":"Log\u00edstica e transporte internacional.","publisher":{"@id":"https:\/\/www.tibagroup.com\/pt#organization"},"potentialAction":[{"@type":"SearchAction","target":{"@type":"EntryPoint","urlTemplate":"https:\/\/www.tibagroup.com\/pt?s={search_term_string}"},"query-input":{"@type":"PropertyValueSpecification","valueRequired":true,"valueName":"search_term_string"}}],"inLanguage":"pt"},{"@type":"Organization","@id":"https:\/\/www.tibagroup.com\/pt#organization","name":"TIBA","url":"https:\/\/www.tibagroup.com\/pt","logo":{"@type":"ImageObject","inLanguage":"pt","@id":"https:\/\/www.tibagroup.com\/pt#\/schema\/logo\/image\/","url":"https:\/\/www.tibagroup.com\/wp-content\/uploads\/2024\/02\/logo-web-TIBA.png","contentUrl":"https:\/\/www.tibagroup.com\/wp-content\/uploads\/2024\/02\/logo-web-TIBA.png","width":352,"height":116,"caption":"TIBA"},"image":{"@id":"https:\/\/www.tibagroup.com\/pt#\/schema\/logo\/image\/"}},{"@type":"Person","@id":"https:\/\/www.tibagroup.com\/pt#\/schema\/person\/05c092dcc51b7a515503f3d10c916094","name":"TIBA","image":{"@type":"ImageObject","inLanguage":"pt","@id":"https:\/\/secure.gravatar.com\/avatar\/fe41478412b0c43764499979d851fae89a1f174100b1c19a55e15c00fde1851d?s=96&d=mm&r=g","url":"https:\/\/secure.gravatar.com\/avatar\/fe41478412b0c43764499979d851fae89a1f174100b1c19a55e15c00fde1851d?s=96&d=mm&r=g","contentUrl":"https:\/\/secure.gravatar.com\/avatar\/fe41478412b0c43764499979d851fae89a1f174100b1c19a55e15c00fde1851d?s=96&d=mm&r=g","caption":"TIBA"},"sameAs":["https:\/\/x.com\/eaguado"]}]}},"_links":{"self":[{"href":"https:\/\/www.tibagroup.com\/pt\/wp-json\/wp\/v2\/posts\/47631","targetHints":{"allow":["GET"]}}],"collection":[{"href":"https:\/\/www.tibagroup.com\/pt\/wp-json\/wp\/v2\/posts"}],"about":[{"href":"https:\/\/www.tibagroup.com\/pt\/wp-json\/wp\/v2\/types\/post"}],"author":[{"embeddable":true,"href":"https:\/\/www.tibagroup.com\/pt\/wp-json\/wp\/v2\/users\/2"}],"replies":[{"embeddable":true,"href":"https:\/\/www.tibagroup.com\/pt\/wp-json\/wp\/v2\/comments?post=47631"}],"version-history":[{"count":2,"href":"https:\/\/www.tibagroup.com\/pt\/wp-json\/wp\/v2\/posts\/47631\/revisions"}],"predecessor-version":[{"id":70168,"href":"https:\/\/www.tibagroup.com\/pt\/wp-json\/wp\/v2\/posts\/47631\/revisions\/70168"}],"wp:featuredmedia":[{"embeddable":true,"href":"https:\/\/www.tibagroup.com\/pt\/wp-json\/wp\/v2\/media\/47632"}],"wp:attachment":[{"href":"https:\/\/www.tibagroup.com\/pt\/wp-json\/wp\/v2\/media?parent=47631"}],"wp:term":[{"taxonomy":"category","embeddable":true,"href":"https:\/\/www.tibagroup.com\/pt\/wp-json\/wp\/v2\/categories?post=47631"},{"taxonomy":"post_tag","embeddable":true,"href":"https:\/\/www.tibagroup.com\/pt\/wp-json\/wp\/v2\/tags?post=47631"}],"curies":[{"name":"wp","href":"https:\/\/api.w.org\/{rel}","templated":true}]}}