{"id":47577,"date":"2014-06-29T07:55:46","date_gmt":"2014-06-29T05:55:46","guid":{"rendered":"https:\/\/www.tibagroup.com\/exportacoes-dao-salto-de-gigante-nos-anos-da-troika\/"},"modified":"2025-03-20T17:01:10","modified_gmt":"2025-03-20T16:01:10","slug":"exportacoes-salto-gigante","status":"publish","type":"post","link":"https:\/\/www.tibagroup.com\/pt\/comercio-exterior\/exportacao\/exportacoes-salto-gigante","title":{"rendered":"Exporta\u00e7\u00f5es d\u00e3o salto de gigante nos anos da \u00abtroika\u00bb"},"content":{"rendered":"<p>Entre 2010 e 2013, altura em que Portugal esteve sob resgate financeiro, o n\u00famero de empresas exportadoras de bens aumentou 13%, de acordo com dados do Instituto Nacional de Estat\u00edstica (INE), divulgados pelo Seman\u00e1rio SOL. Segundo as mesmas estat\u00edsticas, existem actualmente em Portugal 22.751 empresas exportadoras, mais 2.571 do que em 2010. Estes n\u00fameros parecem corroborar a tese de que as pol\u00edticas de austeridade seguidas pelo Executivo reduziram de tal forma o poder de compra interno que as empresas portuguesas tiveram de se virar para o exterior para sobreviver.<\/p>\n<p>Os n\u00fameros, ali\u00e1s, n\u00e3o enganam. Antes da chegada da \u00abtroika\u00bb a Portugal, as exporta\u00e7\u00f5es de bens e servi\u00e7os contabilizavam 31,8% do Produto Interno Bruto (PIB). A partir dessa data, as vendas ao exterior aumentaram 24%, para os 68,3 mil milh\u00f5es de euros. Em 2013, as exporta\u00e7\u00f5es contabilizavam j\u00e1 41,2% do PIB.<\/p>\n<h2>Exporta\u00e7\u00f5es foram condi\u00e7\u00e3o de sobreviv\u00eancia para empresas portuguesas<\/h2>\n<p>O sector dos servi\u00e7os teve um papel muito importante nesta recupera\u00e7\u00e3o econ\u00f3mica do pa\u00eds, representando j\u00e1 cerca de 30% do total das exporta\u00e7\u00f5es portuguesas. Recorde-se que, de acordo com os mesmos dados, as exporta\u00e7\u00f5es de servi\u00e7os j\u00e1 valiam 20 mil milh\u00f5es de euros, ou seja, mais 17% do que no ano anterior.<\/p>\n<p>Deste valor, cerca de 44% devem-se directamente ao sector do turismo, cujos valores aumentaram 7% nos \u00faltimos tr\u00eas anos, passando de 8,6 mil milh\u00f5es de euros para 9,2 mil milh\u00f5es. Ainda em rela\u00e7\u00e3o a este mercado, os franceses s\u00e3o os mais gastadores, seguidos pelos brit\u00e2nicos, espanh\u00f3is, alem\u00e3es e angolanos.<\/p>\n<p>Em rela\u00e7\u00e3o \u00e0 exporta\u00e7\u00e3o de bens, o vinho, os t\u00eaxteis e o cal\u00e7ado foram os sectores que mais contribu\u00edram para o aumento dos n\u00fameros. A aposta aqui tem sido na qualidade e na inova\u00e7\u00e3o, como formas de competir e ganhar vantagens competitivas nos mercados internacionais. Em 2012, o sector dos vinhos bateu mesmo o recorde de vendas para mercados exteriores, ultrapassando os 700 milh\u00f5es de euros, evoluindo ainda para os 724 milh\u00f5es de euros, em 2013.<\/p>\n<h2>Vinho, t\u00eaxteis e cal\u00e7ado lideram exporta\u00e7\u00f5es baseadas na qualidade<\/h2>\n<p>Ali\u00e1s, 2013 foi tamb\u00e9m um \u00abano de ouro\u00bb para o cal\u00e7ado portugu\u00eas, que exportou para 150 pa\u00edses, tendo vendido ao exterior cerca de 75 milh\u00f5es de pares de sapatos, contabilizando 1,7 mil milh\u00f5es de euros, o n\u00famero mais elevado de sempre. Os sapatos portugueses s\u00e3o hoje os maiores concorrentes dos sapatos italianos, quer em termos de design, quer em termos de pre\u00e7o, ambos direccionados para segmentos de consumidores da gama alta.<\/p>\n<p>Refira-se, a prop\u00f3sito, que, nos \u00faltimos tr\u00eas anos, as exporta\u00e7\u00f5es de cal\u00e7ado subiram 28%, sobretudo para pa\u00edses de fora da Europa. Ao ponto de Portugal ser j\u00e1 o s\u00e9timo maior fornecedor de cal\u00e7ado da China e caminhando a passos largos para o Top 5. Os n\u00fameros da ind\u00fastria t\u00eaxtil s\u00e3o similares: at\u00e9 2010, este sector representava, em termos de exporta\u00e7\u00f5es, 3,3 mil milh\u00f5es de euros. Hoje, as exporta\u00e7\u00f5es da ind\u00fastria t\u00eaxtil valem aproximadamente 4,2 mil milh\u00f5es e contabilizam 71,1% do total da produ\u00e7\u00e3o \u00ab<em>made in<\/em> Portugal\u00bb.<\/p>\n<p><em>Fonte: Seman\u00e1rio SOL; Data: 16 de Maio de 2014<\/em><\/p>\n","protected":false},"excerpt":{"rendered":"<p>Conhe\u00e7a os dados do Instituto Nacional de Estat\u00edstica (INE), divulgados pelo Seman\u00e1rio SOL relativamente \u00e0s empresas exportadoras e \u00e0s exporta\u00e7\u00f5es.<\/p>\n","protected":false},"author":2,"featured_media":47578,"comment_status":"open","ping_status":"closed","sticky":false,"template":"","format":"standard","meta":{"footnotes":""},"categories":[483,515],"tags":[834],"class_list":["post-47577","post","type-post","status-publish","format-standard","has-post-thumbnail","hentry","category-mercados","category-exportacao","tag-prt"],"yoast_head":"<!-- This site is optimized with the Yoast SEO plugin v27.5 - https:\/\/yoast.com\/product\/yoast-seo-wordpress\/ -->\n<title>Exporta\u00e7\u00f5es d\u00e3o salto de gigante nos anos da \u00abtroika\u00bb | TIBA<\/title>\n<meta name=\"description\" content=\"Conhe\u00e7a os dados do Instituto Nacional de Estat\u00edstica (INE), divulgados pelo Seman\u00e1rio SOL relativamente \u00e0s empresas exportadoras e \u00e0s exporta\u00e7\u00f5es.\" \/>\n<meta name=\"robots\" content=\"index, follow, max-snippet:-1, max-image-preview:large, max-video-preview:-1\" \/>\n<link rel=\"canonical\" href=\"https:\/\/www.tibagroup.com\/pt\/comercio-exterior\/exportacao\/exportacoes-salto-gigante\" \/>\n<meta property=\"og:locale\" content=\"pt_PT\" \/>\n<meta property=\"og:type\" content=\"article\" \/>\n<meta property=\"og:title\" content=\"Exporta\u00e7\u00f5es d\u00e3o salto de gigante nos anos da \u00abtroika\u00bb | TIBA\" \/>\n<meta property=\"og:description\" content=\"Conhe\u00e7a os dados do Instituto Nacional de Estat\u00edstica (INE), divulgados pelo Seman\u00e1rio SOL relativamente \u00e0s empresas exportadoras e \u00e0s exporta\u00e7\u00f5es.\" \/>\n<meta property=\"og:url\" content=\"https:\/\/www.tibagroup.com\/pt\/comercio-exterior\/exportacao\/exportacoes-salto-gigante\" \/>\n<meta property=\"og:site_name\" content=\"TIBA\" \/>\n<meta property=\"article:published_time\" content=\"2014-06-29T05:55:46+00:00\" \/>\n<meta property=\"article:modified_time\" content=\"2025-03-20T16:01:10+00:00\" \/>\n<meta property=\"og:image\" content=\"https:\/\/www.tibagroup.com\/wp-content\/uploads\/2023\/11\/aumento-das-exportacoes.jpg\" \/>\n\t<meta property=\"og:image:width\" content=\"450\" \/>\n\t<meta property=\"og:image:height\" content=\"450\" \/>\n\t<meta property=\"og:image:type\" content=\"image\/jpeg\" \/>\n<meta name=\"author\" content=\"TIBA\" \/>\n<meta name=\"twitter:card\" content=\"summary_large_image\" \/>\n<meta name=\"twitter:creator\" content=\"@eaguado\" \/>\n<meta name=\"twitter:label1\" content=\"Written by\" \/>\n\t<meta name=\"twitter:data1\" content=\"TIBA\" \/>\n\t<meta name=\"twitter:label2\" content=\"Est. reading time\" \/>\n\t<meta name=\"twitter:data2\" content=\"3 minutes\" \/>\n<!-- \/ Yoast SEO plugin. -->","yoast_head_json":{"title":"Exporta\u00e7\u00f5es d\u00e3o salto de gigante nos anos da \u00abtroika\u00bb | TIBA","description":"Conhe\u00e7a os dados do Instituto Nacional de Estat\u00edstica (INE), divulgados pelo Seman\u00e1rio SOL relativamente \u00e0s empresas exportadoras e \u00e0s exporta\u00e7\u00f5es.","robots":{"index":"index","follow":"follow","max-snippet":"max-snippet:-1","max-image-preview":"max-image-preview:large","max-video-preview":"max-video-preview:-1"},"canonical":"https:\/\/www.tibagroup.com\/pt\/comercio-exterior\/exportacao\/exportacoes-salto-gigante","og_locale":"pt_PT","og_type":"article","og_title":"Exporta\u00e7\u00f5es d\u00e3o salto de gigante nos anos da \u00abtroika\u00bb | TIBA","og_description":"Conhe\u00e7a os dados do Instituto Nacional de Estat\u00edstica (INE), divulgados pelo Seman\u00e1rio SOL relativamente \u00e0s empresas exportadoras e \u00e0s exporta\u00e7\u00f5es.","og_url":"https:\/\/www.tibagroup.com\/pt\/comercio-exterior\/exportacao\/exportacoes-salto-gigante","og_site_name":"TIBA","article_published_time":"2014-06-29T05:55:46+00:00","article_modified_time":"2025-03-20T16:01:10+00:00","og_image":[{"width":450,"height":450,"url":"https:\/\/www.tibagroup.com\/wp-content\/uploads\/2023\/11\/aumento-das-exportacoes.jpg","type":"image\/jpeg"}],"author":"TIBA","twitter_card":"summary_large_image","twitter_creator":"@eaguado","twitter_misc":{"Written by":"TIBA","Est. reading time":"3 minutes"},"schema":{"@context":"https:\/\/schema.org","@graph":[{"@type":"Article","@id":"https:\/\/www.tibagroup.com\/pt\/comercio-exterior\/exportacao\/exportacoes-salto-gigante#article","isPartOf":{"@id":"https:\/\/www.tibagroup.com\/pt\/comercio-exterior\/exportacao\/exportacoes-salto-gigante"},"author":{"name":"TIBA","@id":"https:\/\/www.tibagroup.com\/pt#\/schema\/person\/05c092dcc51b7a515503f3d10c916094"},"headline":"Exporta\u00e7\u00f5es d\u00e3o salto de gigante nos anos da \u00abtroika\u00bb","datePublished":"2014-06-29T05:55:46+00:00","dateModified":"2025-03-20T16:01:10+00:00","mainEntityOfPage":{"@id":"https:\/\/www.tibagroup.com\/pt\/comercio-exterior\/exportacao\/exportacoes-salto-gigante"},"wordCount":549,"commentCount":0,"publisher":{"@id":"https:\/\/www.tibagroup.com\/pt#organization"},"image":{"@id":"https:\/\/www.tibagroup.com\/pt\/comercio-exterior\/exportacao\/exportacoes-salto-gigante#primaryimage"},"thumbnailUrl":"https:\/\/www.tibagroup.com\/wp-content\/uploads\/2023\/11\/aumento-das-exportacoes.jpg","keywords":["Portugal"],"articleSection":["Atualiza\u00e7\u00e3o do Mercado","Exporta\u00e7\u00e3o"],"inLanguage":"pt","potentialAction":[{"@type":"CommentAction","name":"Comment","target":["https:\/\/www.tibagroup.com\/pt\/comercio-exterior\/exportacao\/exportacoes-salto-gigante#respond"]}]},{"@type":"WebPage","@id":"https:\/\/www.tibagroup.com\/pt\/comercio-exterior\/exportacao\/exportacoes-salto-gigante","url":"https:\/\/www.tibagroup.com\/pt\/comercio-exterior\/exportacao\/exportacoes-salto-gigante","name":"Exporta\u00e7\u00f5es d\u00e3o salto de gigante nos anos da \u00abtroika\u00bb | TIBA","isPartOf":{"@id":"https:\/\/www.tibagroup.com\/pt#website"},"primaryImageOfPage":{"@id":"https:\/\/www.tibagroup.com\/pt\/comercio-exterior\/exportacao\/exportacoes-salto-gigante#primaryimage"},"image":{"@id":"https:\/\/www.tibagroup.com\/pt\/comercio-exterior\/exportacao\/exportacoes-salto-gigante#primaryimage"},"thumbnailUrl":"https:\/\/www.tibagroup.com\/wp-content\/uploads\/2023\/11\/aumento-das-exportacoes.jpg","datePublished":"2014-06-29T05:55:46+00:00","dateModified":"2025-03-20T16:01:10+00:00","description":"Conhe\u00e7a os dados do Instituto Nacional de Estat\u00edstica (INE), divulgados pelo Seman\u00e1rio SOL relativamente \u00e0s empresas exportadoras e \u00e0s exporta\u00e7\u00f5es.","breadcrumb":{"@id":"https:\/\/www.tibagroup.com\/pt\/comercio-exterior\/exportacao\/exportacoes-salto-gigante#breadcrumb"},"inLanguage":"pt","potentialAction":[{"@type":"ReadAction","target":["https:\/\/www.tibagroup.com\/pt\/comercio-exterior\/exportacao\/exportacoes-salto-gigante"]}]},{"@type":"ImageObject","inLanguage":"pt","@id":"https:\/\/www.tibagroup.com\/pt\/comercio-exterior\/exportacao\/exportacoes-salto-gigante#primaryimage","url":"https:\/\/www.tibagroup.com\/wp-content\/uploads\/2023\/11\/aumento-das-exportacoes.jpg","contentUrl":"https:\/\/www.tibagroup.com\/wp-content\/uploads\/2023\/11\/aumento-das-exportacoes.jpg","width":450,"height":450},{"@type":"BreadcrumbList","@id":"https:\/\/www.tibagroup.com\/pt\/comercio-exterior\/exportacao\/exportacoes-salto-gigante#breadcrumb","itemListElement":[{"@type":"ListItem","position":1,"name":"In\u00edcio","item":"https:\/\/www.tibagroup.com\/pt\/transitarios-despachantes-aduaneiros-operador-logistico"},{"@type":"ListItem","position":2,"name":"Com\u00e9rcio internacional","item":"https:\/\/www.tibagroup.com\/pt\/comercio-exterior"},{"@type":"ListItem","position":3,"name":"Exporta\u00e7\u00e3o","item":"https:\/\/www.tibagroup.com\/pt\/comercio-exterior\/exportacao"},{"@type":"ListItem","position":4,"name":"Exporta\u00e7\u00f5es d\u00e3o salto de gigante nos anos da \u00abtroika\u00bb"}]},{"@type":"WebSite","@id":"https:\/\/www.tibagroup.com\/pt#website","url":"https:\/\/www.tibagroup.com\/pt","name":"TIBA","description":"Log\u00edstica e transporte internacional.","publisher":{"@id":"https:\/\/www.tibagroup.com\/pt#organization"},"potentialAction":[{"@type":"SearchAction","target":{"@type":"EntryPoint","urlTemplate":"https:\/\/www.tibagroup.com\/pt?s={search_term_string}"},"query-input":{"@type":"PropertyValueSpecification","valueRequired":true,"valueName":"search_term_string"}}],"inLanguage":"pt"},{"@type":"Organization","@id":"https:\/\/www.tibagroup.com\/pt#organization","name":"TIBA","url":"https:\/\/www.tibagroup.com\/pt","logo":{"@type":"ImageObject","inLanguage":"pt","@id":"https:\/\/www.tibagroup.com\/pt#\/schema\/logo\/image\/","url":"https:\/\/www.tibagroup.com\/wp-content\/uploads\/2024\/02\/logo-web-TIBA.png","contentUrl":"https:\/\/www.tibagroup.com\/wp-content\/uploads\/2024\/02\/logo-web-TIBA.png","width":352,"height":116,"caption":"TIBA"},"image":{"@id":"https:\/\/www.tibagroup.com\/pt#\/schema\/logo\/image\/"}},{"@type":"Person","@id":"https:\/\/www.tibagroup.com\/pt#\/schema\/person\/05c092dcc51b7a515503f3d10c916094","name":"TIBA","image":{"@type":"ImageObject","inLanguage":"pt","@id":"https:\/\/secure.gravatar.com\/avatar\/fe41478412b0c43764499979d851fae89a1f174100b1c19a55e15c00fde1851d?s=96&d=mm&r=g","url":"https:\/\/secure.gravatar.com\/avatar\/fe41478412b0c43764499979d851fae89a1f174100b1c19a55e15c00fde1851d?s=96&d=mm&r=g","contentUrl":"https:\/\/secure.gravatar.com\/avatar\/fe41478412b0c43764499979d851fae89a1f174100b1c19a55e15c00fde1851d?s=96&d=mm&r=g","caption":"TIBA"},"sameAs":["https:\/\/x.com\/eaguado"]}]}},"_links":{"self":[{"href":"https:\/\/www.tibagroup.com\/pt\/wp-json\/wp\/v2\/posts\/47577","targetHints":{"allow":["GET"]}}],"collection":[{"href":"https:\/\/www.tibagroup.com\/pt\/wp-json\/wp\/v2\/posts"}],"about":[{"href":"https:\/\/www.tibagroup.com\/pt\/wp-json\/wp\/v2\/types\/post"}],"author":[{"embeddable":true,"href":"https:\/\/www.tibagroup.com\/pt\/wp-json\/wp\/v2\/users\/2"}],"replies":[{"embeddable":true,"href":"https:\/\/www.tibagroup.com\/pt\/wp-json\/wp\/v2\/comments?post=47577"}],"version-history":[{"count":2,"href":"https:\/\/www.tibagroup.com\/pt\/wp-json\/wp\/v2\/posts\/47577\/revisions"}],"predecessor-version":[{"id":70363,"href":"https:\/\/www.tibagroup.com\/pt\/wp-json\/wp\/v2\/posts\/47577\/revisions\/70363"}],"wp:featuredmedia":[{"embeddable":true,"href":"https:\/\/www.tibagroup.com\/pt\/wp-json\/wp\/v2\/media\/47578"}],"wp:attachment":[{"href":"https:\/\/www.tibagroup.com\/pt\/wp-json\/wp\/v2\/media?parent=47577"}],"wp:term":[{"taxonomy":"category","embeddable":true,"href":"https:\/\/www.tibagroup.com\/pt\/wp-json\/wp\/v2\/categories?post=47577"},{"taxonomy":"post_tag","embeddable":true,"href":"https:\/\/www.tibagroup.com\/pt\/wp-json\/wp\/v2\/tags?post=47577"}],"curies":[{"name":"wp","href":"https:\/\/api.w.org\/{rel}","templated":true}]}}