{"id":47557,"date":"2014-06-20T07:39:25","date_gmt":"2014-06-20T05:39:25","guid":{"rendered":"https:\/\/www.tibagroup.com\/calcado-diversifica-mercados-de-exportacao-para-18-novos-paises\/"},"modified":"2025-03-13T12:59:31","modified_gmt":"2025-03-13T11:59:31","slug":"calcado-diversifica-mercado","status":"publish","type":"post","link":"https:\/\/www.tibagroup.com\/pt\/comercio-exterior\/exportacao\/calcado-diversifica-mercado","title":{"rendered":"Cal\u00e7ado diversifica mercados de exporta\u00e7\u00e3o para 18 novos pa\u00edses"},"content":{"rendered":"<p>O sector do cal\u00e7ado em Portugal vai \u00abde vento em popa\u00bb, sendo j\u00e1 um dos mais din\u00e2micos da economia nacional. Al\u00e9m do aumento em volume e valor do produto exportado, o sector do cal\u00e7ado tem diversificado os seus mercados externos.<br \/>\nVerificaram-se exporta\u00e7\u00f5es para 18 novos pa\u00edses, nos \u00faltimos tr\u00eas anos, contabilizando actualmente 150 mercados de destino, distribu\u00eddos pelos cinco continentes, revelou a APICCAPS (Associa\u00e7\u00e3o Portuguesa dos Industriais do Cal\u00e7ado, Componentes, Artigos de Pele e Seus Suced\u00e2neos) \u00e0 Lusa. Costa Rica, I\u00e9men, S\u00edria, Vietname e Tanz\u00e2nia s\u00e3o alguns dos novos mercados conquistados pelo cal\u00e7ado nacional.<br \/>\nA APICCAPS revela ainda que esta diversifica\u00e7\u00e3o de mercados levou a que as exporta\u00e7\u00f5es para fora da Uni\u00e3o Europeia mais do que duplicassem nos \u00faltimos quatro anos.<\/p>\n<p>Diversifica\u00e7\u00e3o mais do que duplicou exporta\u00e7\u00f5es para fora da Europa<\/p>\n<p>Actualmente, o peso das exporta\u00e7\u00f5es para a China, EUA, Jap\u00e3o e R\u00fassia \u00e9 respons\u00e1vel por 13% das compras de cal\u00e7ado a Portugal, face aos 8% verificados em 2008. A n\u00edvel global, as exporta\u00e7\u00f5es nacionais de cal\u00e7ado aumentaram mais de 40% desde 2009, em termos monet\u00e1rios, correspondendo a mais de 1700 milh\u00f5es de euros, em 2013.<\/p>\n<p>Em termos de volume, as exporta\u00e7\u00f5es subiram de 63 para 74 milh\u00f5es de pares de sapatos. Segundo a associa\u00e7\u00e3o representante do cal\u00e7ado nacional, o crescimento das exporta\u00e7\u00f5es \u00abpraticamente em todos os mercados importantes\u00bb \u00e9 de assinalar, sobretudo o facto das vendas para a Uni\u00e3o Europeia terem aumentado 31%, para os 1513 milh\u00f5es de euros.<\/p>\n<p>Neste contexto, h\u00e1 tr\u00eas mercados espec\u00edficos a destacar: Fran\u00e7a (respons\u00e1vel por 428 milh\u00f5es de euros, a que corresponde um acr\u00e9scimo de 19%), Alemanha (com um aumento de 38%, para os 318 milh\u00f5es de euros) e Holanda (com um acr\u00e9scimo de 41% para os 234 milh\u00f5es de euros).<\/p>\n<h2>Fran\u00e7a, Holanda e Alemanha s\u00e3o os principais compradores de cal\u00e7ado portugu\u00eas<\/h2>\n<p>No que respeita ao mercado do Reino Unido, as exporta\u00e7\u00f5es de cal\u00e7ado nacional cresceram 14%, enquanto que para o mercado espanhol, subiram 43%, representando 164 milh\u00f5es de euros. No que toca a pa\u00edses fora da Europa, a APICCAPS regozija-se com o \u00abmagn\u00edfico desempenho\u00bb do sector, com um aumento de mais de 160% das vendas.<\/p>\n<p>Os principais mercados exporta\u00e7\u00e3o de produtos de cal\u00e7ado portugu\u00eas fora da espa\u00e7o da Uni\u00e3o Europeia foram a R\u00fassia (49 milh\u00f5es de euros, mais 491%,), EUA (27 milh\u00f5es de euros, crescimento de 237%), Angola (26 milh\u00f5es, mais 107%), Canad\u00e1 (18 milh\u00f5es de euros, mais 237%), e Jap\u00e3o (crescimento de 126%, para os 15 milh\u00f5es).<\/p>\n<p>Segundo a APICCAPS, as empresas nacionais despertaram, no mesmo per\u00edodo, para os mercados australiano, chin\u00eas e dos Emirados \u00c1rabes Unidos. As exporta\u00e7\u00f5es de cal\u00e7ado portugu\u00eas para estes pa\u00edses contabilizam j\u00e1 9 milh\u00f5es de euros, 5 milh\u00f5es e 4,5 milh\u00f5es, respectivamente. Estes s\u00e3o mercados onde a tend\u00eancia \u00e9 para uma subida muito significativa, quer a n\u00edvel do volume quer do valor monet\u00e1rio das exporta\u00e7\u00f5es de cal\u00e7ado portugu\u00eas nos pr\u00f3ximos anos.<\/p>\n<h3>Saiba mais sobre exporta\u00e7\u00f5es de cal\u00e7ado portugu\u00eas no website da TIBA.<\/h3>\n<p><em>Data: 2014-05-20 09:33; Fonte: Oje\/Lusa\u00a0<\/em><\/p>\n","protected":false},"excerpt":{"rendered":"<p>O sector do cal\u00e7ado tem vindo a crescer tendo atingido o patamar de um dos mais importantes a n\u00edvel nacional. Saiba mais sobre este sector.<\/p>\n","protected":false},"author":2,"featured_media":47558,"comment_status":"open","ping_status":"closed","sticky":false,"template":"","format":"standard","meta":{"footnotes":""},"categories":[483,515,726],"tags":[834],"class_list":["post-47557","post","type-post","status-publish","format-standard","has-post-thumbnail","hentry","category-mercados","category-exportacao","category-setor-moda","tag-prt"],"yoast_head":"<!-- This site is optimized with the Yoast SEO plugin v27.5 - https:\/\/yoast.com\/product\/yoast-seo-wordpress\/ -->\n<title>Cal\u00e7ado diversifica mercados de exporta\u00e7\u00e3o - TIBA<\/title>\n<meta name=\"description\" content=\"O sector do cal\u00e7ado tem vindo a crescer tendo atingido o patamar de um dos mais importantes a n\u00edvel nacional. Saiba mais sobre este sector.\" \/>\n<meta name=\"robots\" content=\"index, follow, max-snippet:-1, max-image-preview:large, max-video-preview:-1\" \/>\n<link rel=\"canonical\" href=\"https:\/\/www.tibagroup.com\/pt\/comercio-exterior\/exportacao\/calcado-diversifica-mercado\" \/>\n<meta property=\"og:locale\" content=\"pt_PT\" \/>\n<meta property=\"og:type\" content=\"article\" \/>\n<meta property=\"og:title\" content=\"Cal\u00e7ado diversifica mercados de exporta\u00e7\u00e3o - TIBA\" \/>\n<meta property=\"og:description\" content=\"O sector do cal\u00e7ado tem vindo a crescer tendo atingido o patamar de um dos mais importantes a n\u00edvel nacional. Saiba mais sobre este sector.\" \/>\n<meta property=\"og:url\" content=\"https:\/\/www.tibagroup.com\/pt\/comercio-exterior\/exportacao\/calcado-diversifica-mercado\" \/>\n<meta property=\"og:site_name\" content=\"TIBA\" \/>\n<meta property=\"article:published_time\" content=\"2014-06-20T05:39:25+00:00\" \/>\n<meta property=\"article:modified_time\" content=\"2025-03-13T11:59:31+00:00\" \/>\n<meta property=\"og:image\" content=\"https:\/\/www.tibagroup.com\/wp-content\/uploads\/2023\/11\/industria-do-calcado-em-portugal.jpg\" \/>\n\t<meta property=\"og:image:width\" content=\"460\" \/>\n\t<meta property=\"og:image:height\" content=\"300\" \/>\n\t<meta property=\"og:image:type\" content=\"image\/jpeg\" \/>\n<meta name=\"author\" content=\"TIBA\" \/>\n<meta name=\"twitter:card\" content=\"summary_large_image\" \/>\n<meta name=\"twitter:creator\" content=\"@eaguado\" \/>\n<meta name=\"twitter:label1\" content=\"Written by\" \/>\n\t<meta name=\"twitter:data1\" content=\"TIBA\" \/>\n\t<meta name=\"twitter:label2\" content=\"Est. reading time\" \/>\n\t<meta name=\"twitter:data2\" content=\"3 minutes\" \/>\n<!-- \/ Yoast SEO plugin. -->","yoast_head_json":{"title":"Cal\u00e7ado diversifica mercados de exporta\u00e7\u00e3o - TIBA","description":"O sector do cal\u00e7ado tem vindo a crescer tendo atingido o patamar de um dos mais importantes a n\u00edvel nacional. Saiba mais sobre este sector.","robots":{"index":"index","follow":"follow","max-snippet":"max-snippet:-1","max-image-preview":"max-image-preview:large","max-video-preview":"max-video-preview:-1"},"canonical":"https:\/\/www.tibagroup.com\/pt\/comercio-exterior\/exportacao\/calcado-diversifica-mercado","og_locale":"pt_PT","og_type":"article","og_title":"Cal\u00e7ado diversifica mercados de exporta\u00e7\u00e3o - TIBA","og_description":"O sector do cal\u00e7ado tem vindo a crescer tendo atingido o patamar de um dos mais importantes a n\u00edvel nacional. Saiba mais sobre este sector.","og_url":"https:\/\/www.tibagroup.com\/pt\/comercio-exterior\/exportacao\/calcado-diversifica-mercado","og_site_name":"TIBA","article_published_time":"2014-06-20T05:39:25+00:00","article_modified_time":"2025-03-13T11:59:31+00:00","og_image":[{"width":460,"height":300,"url":"https:\/\/www.tibagroup.com\/wp-content\/uploads\/2023\/11\/industria-do-calcado-em-portugal.jpg","type":"image\/jpeg"}],"author":"TIBA","twitter_card":"summary_large_image","twitter_creator":"@eaguado","twitter_misc":{"Written by":"TIBA","Est. reading time":"3 minutes"},"schema":{"@context":"https:\/\/schema.org","@graph":[{"@type":"Article","@id":"https:\/\/www.tibagroup.com\/pt\/comercio-exterior\/exportacao\/calcado-diversifica-mercado#article","isPartOf":{"@id":"https:\/\/www.tibagroup.com\/pt\/comercio-exterior\/exportacao\/calcado-diversifica-mercado"},"author":{"name":"TIBA","@id":"https:\/\/www.tibagroup.com\/pt#\/schema\/person\/05c092dcc51b7a515503f3d10c916094"},"headline":"Cal\u00e7ado diversifica mercados de exporta\u00e7\u00e3o para 18 novos pa\u00edses","datePublished":"2014-06-20T05:39:25+00:00","dateModified":"2025-03-13T11:59:31+00:00","mainEntityOfPage":{"@id":"https:\/\/www.tibagroup.com\/pt\/comercio-exterior\/exportacao\/calcado-diversifica-mercado"},"wordCount":550,"commentCount":0,"publisher":{"@id":"https:\/\/www.tibagroup.com\/pt#organization"},"image":{"@id":"https:\/\/www.tibagroup.com\/pt\/comercio-exterior\/exportacao\/calcado-diversifica-mercado#primaryimage"},"thumbnailUrl":"https:\/\/www.tibagroup.com\/wp-content\/uploads\/2023\/11\/industria-do-calcado-em-portugal.jpg","keywords":["Portugal"],"articleSection":["Atualiza\u00e7\u00e3o do Mercado","Exporta\u00e7\u00e3o","Moda"],"inLanguage":"pt","potentialAction":[{"@type":"CommentAction","name":"Comment","target":["https:\/\/www.tibagroup.com\/pt\/comercio-exterior\/exportacao\/calcado-diversifica-mercado#respond"]}]},{"@type":"WebPage","@id":"https:\/\/www.tibagroup.com\/pt\/comercio-exterior\/exportacao\/calcado-diversifica-mercado","url":"https:\/\/www.tibagroup.com\/pt\/comercio-exterior\/exportacao\/calcado-diversifica-mercado","name":"Cal\u00e7ado diversifica mercados de exporta\u00e7\u00e3o - TIBA","isPartOf":{"@id":"https:\/\/www.tibagroup.com\/pt#website"},"primaryImageOfPage":{"@id":"https:\/\/www.tibagroup.com\/pt\/comercio-exterior\/exportacao\/calcado-diversifica-mercado#primaryimage"},"image":{"@id":"https:\/\/www.tibagroup.com\/pt\/comercio-exterior\/exportacao\/calcado-diversifica-mercado#primaryimage"},"thumbnailUrl":"https:\/\/www.tibagroup.com\/wp-content\/uploads\/2023\/11\/industria-do-calcado-em-portugal.jpg","datePublished":"2014-06-20T05:39:25+00:00","dateModified":"2025-03-13T11:59:31+00:00","description":"O sector do cal\u00e7ado tem vindo a crescer tendo atingido o patamar de um dos mais importantes a n\u00edvel nacional. Saiba mais sobre este sector.","breadcrumb":{"@id":"https:\/\/www.tibagroup.com\/pt\/comercio-exterior\/exportacao\/calcado-diversifica-mercado#breadcrumb"},"inLanguage":"pt","potentialAction":[{"@type":"ReadAction","target":["https:\/\/www.tibagroup.com\/pt\/comercio-exterior\/exportacao\/calcado-diversifica-mercado"]}]},{"@type":"ImageObject","inLanguage":"pt","@id":"https:\/\/www.tibagroup.com\/pt\/comercio-exterior\/exportacao\/calcado-diversifica-mercado#primaryimage","url":"https:\/\/www.tibagroup.com\/wp-content\/uploads\/2023\/11\/industria-do-calcado-em-portugal.jpg","contentUrl":"https:\/\/www.tibagroup.com\/wp-content\/uploads\/2023\/11\/industria-do-calcado-em-portugal.jpg","width":460,"height":300},{"@type":"BreadcrumbList","@id":"https:\/\/www.tibagroup.com\/pt\/comercio-exterior\/exportacao\/calcado-diversifica-mercado#breadcrumb","itemListElement":[{"@type":"ListItem","position":1,"name":"In\u00edcio","item":"https:\/\/www.tibagroup.com\/pt\/transitarios-despachantes-aduaneiros-operador-logistico"},{"@type":"ListItem","position":2,"name":"Com\u00e9rcio internacional","item":"https:\/\/www.tibagroup.com\/pt\/comercio-exterior"},{"@type":"ListItem","position":3,"name":"Exporta\u00e7\u00e3o","item":"https:\/\/www.tibagroup.com\/pt\/comercio-exterior\/exportacao"},{"@type":"ListItem","position":4,"name":"Cal\u00e7ado diversifica mercados de exporta\u00e7\u00e3o para 18 novos pa\u00edses"}]},{"@type":"WebSite","@id":"https:\/\/www.tibagroup.com\/pt#website","url":"https:\/\/www.tibagroup.com\/pt","name":"TIBA","description":"Log\u00edstica e transporte internacional.","publisher":{"@id":"https:\/\/www.tibagroup.com\/pt#organization"},"potentialAction":[{"@type":"SearchAction","target":{"@type":"EntryPoint","urlTemplate":"https:\/\/www.tibagroup.com\/pt?s={search_term_string}"},"query-input":{"@type":"PropertyValueSpecification","valueRequired":true,"valueName":"search_term_string"}}],"inLanguage":"pt"},{"@type":"Organization","@id":"https:\/\/www.tibagroup.com\/pt#organization","name":"TIBA","url":"https:\/\/www.tibagroup.com\/pt","logo":{"@type":"ImageObject","inLanguage":"pt","@id":"https:\/\/www.tibagroup.com\/pt#\/schema\/logo\/image\/","url":"https:\/\/www.tibagroup.com\/wp-content\/uploads\/2024\/02\/logo-web-TIBA.png","contentUrl":"https:\/\/www.tibagroup.com\/wp-content\/uploads\/2024\/02\/logo-web-TIBA.png","width":352,"height":116,"caption":"TIBA"},"image":{"@id":"https:\/\/www.tibagroup.com\/pt#\/schema\/logo\/image\/"}},{"@type":"Person","@id":"https:\/\/www.tibagroup.com\/pt#\/schema\/person\/05c092dcc51b7a515503f3d10c916094","name":"TIBA","image":{"@type":"ImageObject","inLanguage":"pt","@id":"https:\/\/secure.gravatar.com\/avatar\/fe41478412b0c43764499979d851fae89a1f174100b1c19a55e15c00fde1851d?s=96&d=mm&r=g","url":"https:\/\/secure.gravatar.com\/avatar\/fe41478412b0c43764499979d851fae89a1f174100b1c19a55e15c00fde1851d?s=96&d=mm&r=g","contentUrl":"https:\/\/secure.gravatar.com\/avatar\/fe41478412b0c43764499979d851fae89a1f174100b1c19a55e15c00fde1851d?s=96&d=mm&r=g","caption":"TIBA"},"sameAs":["https:\/\/x.com\/eaguado"]}]}},"_links":{"self":[{"href":"https:\/\/www.tibagroup.com\/pt\/wp-json\/wp\/v2\/posts\/47557","targetHints":{"allow":["GET"]}}],"collection":[{"href":"https:\/\/www.tibagroup.com\/pt\/wp-json\/wp\/v2\/posts"}],"about":[{"href":"https:\/\/www.tibagroup.com\/pt\/wp-json\/wp\/v2\/types\/post"}],"author":[{"embeddable":true,"href":"https:\/\/www.tibagroup.com\/pt\/wp-json\/wp\/v2\/users\/2"}],"replies":[{"embeddable":true,"href":"https:\/\/www.tibagroup.com\/pt\/wp-json\/wp\/v2\/comments?post=47557"}],"version-history":[{"count":1,"href":"https:\/\/www.tibagroup.com\/pt\/wp-json\/wp\/v2\/posts\/47557\/revisions"}],"predecessor-version":[{"id":63306,"href":"https:\/\/www.tibagroup.com\/pt\/wp-json\/wp\/v2\/posts\/47557\/revisions\/63306"}],"wp:featuredmedia":[{"embeddable":true,"href":"https:\/\/www.tibagroup.com\/pt\/wp-json\/wp\/v2\/media\/47558"}],"wp:attachment":[{"href":"https:\/\/www.tibagroup.com\/pt\/wp-json\/wp\/v2\/media?parent=47557"}],"wp:term":[{"taxonomy":"category","embeddable":true,"href":"https:\/\/www.tibagroup.com\/pt\/wp-json\/wp\/v2\/categories?post=47557"},{"taxonomy":"post_tag","embeddable":true,"href":"https:\/\/www.tibagroup.com\/pt\/wp-json\/wp\/v2\/tags?post=47557"}],"curies":[{"name":"wp","href":"https:\/\/api.w.org\/{rel}","templated":true}]}}