{"id":47519,"date":"2014-05-25T16:29:56","date_gmt":"2014-05-25T14:29:56","guid":{"rendered":"https:\/\/www.tibagroup.com\/japao-portugal-e-africa\/"},"modified":"2025-03-13T13:16:27","modified_gmt":"2025-03-13T12:16:27","slug":"japao-portugal-africa","status":"publish","type":"post","link":"https:\/\/www.tibagroup.com\/pt\/comercio-exterior\/mercados\/japao-portugal-africa","title":{"rendered":"Jap\u00e3o, Portugal e \u00c1frica"},"content":{"rendered":"<p><strong><img decoding=\"async\" class=\"alignleft wp-image-47521 size-full\" src=\"https:\/\/www.tibagroup.com\/wp-content\/uploads\/2023\/11\/primeiro-ministro-japones.jpg\" alt=\"\" width=\"252\" height=\"315\" srcset=\"https:\/\/www.tibagroup.com\/wp-content\/uploads\/2023\/11\/primeiro-ministro-japones.jpg 252w, https:\/\/www.tibagroup.com\/wp-content\/uploads\/2023\/11\/primeiro-ministro-japones-240x300.jpg 240w\" sizes=\"(max-width: 252px) 100vw, 252px\" \/>O primeiro-ministro japon\u00eas, quer apostar em \u00c1frica atrav\u00e9s de Portugal<\/strong><\/p>\n<p>Numa passagem por Lisboa, inserida numa viagem de nove dias \u00e0 Europa, o primeiro-ministro japon\u00eas, Shinzo Abe, encontrou-se, no passado dia 9 de Maio, com o hom\u00f3logo portugu\u00eas, Pedro Passos Coelho, e manifestou a inten\u00e7\u00e3o do seu pa\u00eds \u00a0requerer a participa\u00e7\u00e3o como observador da Comunidade dos Pa\u00edses de L\u00edngua Portuguesa (CPLP), uma pretens\u00e3o que foi apoiada pelo chefe do governo de Portugal.<br \/>\nO Jap\u00e3o evidencia deste modo o interesse em estreitar rela\u00e7\u00f5es com economias do continente africano, como Angola ou Mo\u00e7ambique, tirando partido das boas liga\u00e7\u00f5es diplom\u00e1ticas que mant\u00e9m com Portugal. Os dois primeiros-ministros afirmaram que \u201cos respectivos pa\u00edses contam com um potencial geopol\u00edtico que possibilita o seu desenvolvimento como plataformas de expans\u00e3o comercial para regi\u00f5es particularmente din\u00e2micas, nomeadamente em \u00c1frica, na Am\u00e9rica Latina e na \u00c1sia-Pac\u00edfico\u201d.<br \/>\nNesta reuni\u00e3o, Pedro Passos Coelho e Shinzo Abe firmaram tamb\u00e9m o compromisso de encorajar \u201cos respectivos sectores privados a explorarem novas oportunidades de neg\u00f3cio\u201d, confirmando ainda que os \u201cinvestimentos mais recentes de empresas japonesas em Portugal representam um importante sinal de confian\u00e7a na retoma da economia portuguesa\u201d.<\/p>\n<p><strong>A agenda de Shinzo Abe na Europa: medidas econ\u00f3micas, rela\u00e7\u00f5es de com\u00e9rcio e seguran\u00e7a\u00a0<\/strong><br \/>\nSendo a mais longa viagem \u00e0 Europa que Shinzo Abe j\u00e1 realizou no seu mandato, que come\u00e7ou em 2012, o primeiro-ministro visitou, nesta jornada, as tr\u00eas maiores economias do Velho Continente (Alemanha, Reino Unido e Fran\u00e7a), al\u00e9m de ter passado por Espanha, Portugal e B\u00e9lgica &#8211; em cuja capital Shinzo Abe se reuniu com Dur\u00e3o Barroso e Anders Rasmussem, l\u00edderes da Comiss\u00e3o Europeia e da NATO, respectivamente.<br \/>\nCom esta viagem, o primeiro-ministro japon\u00eas visou sobretudo promover a pol\u00edtica econ\u00f3mica interna, conhecida por \u201cAbenomics\u201d. Trata-se de um conjunto de medidas que tem como objectivo provocar est\u00edmulos monet\u00e1rios e or\u00e7amentais e implementar reformas estruturais para terminar com a defla\u00e7\u00e3o no pa\u00eds.<br \/>\nPor outro lado, com esta passagem pela Europa, Shinzo Abe quis tentar estimular as negocia\u00e7\u00f5es de um acordo de com\u00e9rcio entre a Uni\u00e3o Europeia e o Jap\u00e3o. Al\u00e9m disso, como a China est\u00e1 a afirmar-se cada vez mais como uma pot\u00eancia regional, quer igualmente estreitar rela\u00e7\u00f5es com parceiros europeus nas \u00e1reas de seguran\u00e7a. Note-se que Shinzo Abe tem posto em causa a limita\u00e7\u00e3o imposta pela Constitui\u00e7\u00e3o do Jap\u00e3o que impede este pa\u00eds de ter um ex\u00e9rcito para al\u00e9m do necess\u00e1rio para a auto-defesa.<\/p>\n<p><em>Fonte: Jornal de Neg\u00f3cios, 05\/05\/2014<\/em><\/p>\n","protected":false},"excerpt":{"rendered":"<p>Shinzo Abe esteve em Portugal, mais propriamente em Lisboa, e falou do seu interesse em apostar em \u00c1frica atrav\u00e9s de Portugal. Saiba mais.<\/p>\n","protected":false},"author":2,"featured_media":0,"comment_status":"open","ping_status":"closed","sticky":false,"template":"","format":"standard","meta":{"footnotes":""},"categories":[483],"tags":[779,788,825,834],"class_list":["post-47519","post","type-post","status-publish","format-standard","hentry","category-mercados","tag-ago","tag-cpv","tag-moz","tag-prt"],"yoast_head":"<!-- This site is optimized with the Yoast SEO plugin v27.5 - https:\/\/yoast.com\/product\/yoast-seo-wordpress\/ -->\n<title>Jap\u00e3o, Portugal e \u00c1frica - TIBA<\/title>\n<meta name=\"description\" content=\"Shinzo Abe esteve em Portugal, mais propriamente em Lisboa, e falou do seu interesse em apostar em \u00c1frica atrav\u00e9s de Portugal. Saiba mais.\" \/>\n<meta name=\"robots\" content=\"index, follow, max-snippet:-1, max-image-preview:large, max-video-preview:-1\" \/>\n<link rel=\"canonical\" href=\"https:\/\/www.tibagroup.com\/pt\/comercio-exterior\/mercados\/japao-portugal-africa\" \/>\n<meta property=\"og:locale\" content=\"pt_PT\" \/>\n<meta property=\"og:type\" content=\"article\" \/>\n<meta property=\"og:title\" content=\"Jap\u00e3o, Portugal e \u00c1frica - TIBA\" \/>\n<meta property=\"og:description\" content=\"Shinzo Abe esteve em Portugal, mais propriamente em Lisboa, e falou do seu interesse em apostar em \u00c1frica atrav\u00e9s de Portugal. Saiba mais.\" \/>\n<meta property=\"og:url\" content=\"https:\/\/www.tibagroup.com\/pt\/comercio-exterior\/mercados\/japao-portugal-africa\" \/>\n<meta property=\"og:site_name\" content=\"TIBA\" \/>\n<meta property=\"article:published_time\" content=\"2014-05-25T14:29:56+00:00\" \/>\n<meta property=\"article:modified_time\" content=\"2025-03-13T12:16:27+00:00\" \/>\n<meta property=\"og:image\" content=\"https:\/\/www.tibagroup.com\/wp-content\/uploads\/2023\/11\/primeiro-ministro-japones.jpg\" \/>\n\t<meta property=\"og:image:width\" content=\"252\" \/>\n\t<meta property=\"og:image:height\" content=\"315\" \/>\n\t<meta property=\"og:image:type\" content=\"image\/jpeg\" \/>\n<meta name=\"author\" content=\"TIBA\" \/>\n<meta name=\"twitter:card\" content=\"summary_large_image\" \/>\n<meta name=\"twitter:creator\" content=\"@eaguado\" \/>\n<meta name=\"twitter:label1\" content=\"Written by\" \/>\n\t<meta name=\"twitter:data1\" content=\"TIBA\" \/>\n<!-- \/ Yoast SEO plugin. -->","yoast_head_json":{"title":"Jap\u00e3o, Portugal e \u00c1frica - TIBA","description":"Shinzo Abe esteve em Portugal, mais propriamente em Lisboa, e falou do seu interesse em apostar em \u00c1frica atrav\u00e9s de Portugal. Saiba mais.","robots":{"index":"index","follow":"follow","max-snippet":"max-snippet:-1","max-image-preview":"max-image-preview:large","max-video-preview":"max-video-preview:-1"},"canonical":"https:\/\/www.tibagroup.com\/pt\/comercio-exterior\/mercados\/japao-portugal-africa","og_locale":"pt_PT","og_type":"article","og_title":"Jap\u00e3o, Portugal e \u00c1frica - TIBA","og_description":"Shinzo Abe esteve em Portugal, mais propriamente em Lisboa, e falou do seu interesse em apostar em \u00c1frica atrav\u00e9s de Portugal. Saiba mais.","og_url":"https:\/\/www.tibagroup.com\/pt\/comercio-exterior\/mercados\/japao-portugal-africa","og_site_name":"TIBA","article_published_time":"2014-05-25T14:29:56+00:00","article_modified_time":"2025-03-13T12:16:27+00:00","og_image":[{"width":252,"height":315,"url":"https:\/\/www.tibagroup.com\/wp-content\/uploads\/2023\/11\/primeiro-ministro-japones.jpg","type":"image\/jpeg"}],"author":"TIBA","twitter_card":"summary_large_image","twitter_creator":"@eaguado","twitter_misc":{"Written by":"TIBA"},"schema":{"@context":"https:\/\/schema.org","@graph":[{"@type":"Article","@id":"https:\/\/www.tibagroup.com\/pt\/comercio-exterior\/mercados\/japao-portugal-africa#article","isPartOf":{"@id":"https:\/\/www.tibagroup.com\/pt\/comercio-exterior\/mercados\/japao-portugal-africa"},"author":{"name":"TIBA","@id":"https:\/\/www.tibagroup.com\/pt#\/schema\/person\/05c092dcc51b7a515503f3d10c916094"},"headline":"Jap\u00e3o, Portugal e \u00c1frica","datePublished":"2014-05-25T14:29:56+00:00","dateModified":"2025-03-13T12:16:27+00:00","mainEntityOfPage":{"@id":"https:\/\/www.tibagroup.com\/pt\/comercio-exterior\/mercados\/japao-portugal-africa"},"wordCount":459,"commentCount":0,"publisher":{"@id":"https:\/\/www.tibagroup.com\/pt#organization"},"image":{"@id":"https:\/\/www.tibagroup.com\/pt\/comercio-exterior\/mercados\/japao-portugal-africa#primaryimage"},"thumbnailUrl":"https:\/\/www.tibagroup.com\/wp-content\/uploads\/2023\/11\/primeiro-ministro-japones.jpg","keywords":["Angola","Cape Verde","Mo\u00e7ambique","Portugal"],"articleSection":["Atualiza\u00e7\u00e3o do Mercado"],"inLanguage":"pt","potentialAction":[{"@type":"CommentAction","name":"Comment","target":["https:\/\/www.tibagroup.com\/pt\/comercio-exterior\/mercados\/japao-portugal-africa#respond"]}]},{"@type":"WebPage","@id":"https:\/\/www.tibagroup.com\/pt\/comercio-exterior\/mercados\/japao-portugal-africa","url":"https:\/\/www.tibagroup.com\/pt\/comercio-exterior\/mercados\/japao-portugal-africa","name":"Jap\u00e3o, Portugal e \u00c1frica - TIBA","isPartOf":{"@id":"https:\/\/www.tibagroup.com\/pt#website"},"primaryImageOfPage":{"@id":"https:\/\/www.tibagroup.com\/pt\/comercio-exterior\/mercados\/japao-portugal-africa#primaryimage"},"image":{"@id":"https:\/\/www.tibagroup.com\/pt\/comercio-exterior\/mercados\/japao-portugal-africa#primaryimage"},"thumbnailUrl":"https:\/\/www.tibagroup.com\/wp-content\/uploads\/2023\/11\/primeiro-ministro-japones.jpg","datePublished":"2014-05-25T14:29:56+00:00","dateModified":"2025-03-13T12:16:27+00:00","description":"Shinzo Abe esteve em Portugal, mais propriamente em Lisboa, e falou do seu interesse em apostar em \u00c1frica atrav\u00e9s de Portugal. Saiba mais.","breadcrumb":{"@id":"https:\/\/www.tibagroup.com\/pt\/comercio-exterior\/mercados\/japao-portugal-africa#breadcrumb"},"inLanguage":"pt","potentialAction":[{"@type":"ReadAction","target":["https:\/\/www.tibagroup.com\/pt\/comercio-exterior\/mercados\/japao-portugal-africa"]}]},{"@type":"ImageObject","inLanguage":"pt","@id":"https:\/\/www.tibagroup.com\/pt\/comercio-exterior\/mercados\/japao-portugal-africa#primaryimage","url":"https:\/\/www.tibagroup.com\/wp-content\/uploads\/2023\/11\/primeiro-ministro-japones.jpg","contentUrl":"https:\/\/www.tibagroup.com\/wp-content\/uploads\/2023\/11\/primeiro-ministro-japones.jpg"},{"@type":"BreadcrumbList","@id":"https:\/\/www.tibagroup.com\/pt\/comercio-exterior\/mercados\/japao-portugal-africa#breadcrumb","itemListElement":[{"@type":"ListItem","position":1,"name":"In\u00edcio","item":"https:\/\/www.tibagroup.com\/pt\/transitarios-despachantes-aduaneiros-operador-logistico"},{"@type":"ListItem","position":2,"name":"Com\u00e9rcio internacional","item":"https:\/\/www.tibagroup.com\/pt\/comercio-exterior"},{"@type":"ListItem","position":3,"name":"Atualiza\u00e7\u00e3o do Mercado","item":"https:\/\/www.tibagroup.com\/pt\/comercio-exterior\/mercados"},{"@type":"ListItem","position":4,"name":"Jap\u00e3o, Portugal e \u00c1frica"}]},{"@type":"WebSite","@id":"https:\/\/www.tibagroup.com\/pt#website","url":"https:\/\/www.tibagroup.com\/pt","name":"TIBA","description":"Log\u00edstica e transporte internacional.","publisher":{"@id":"https:\/\/www.tibagroup.com\/pt#organization"},"potentialAction":[{"@type":"SearchAction","target":{"@type":"EntryPoint","urlTemplate":"https:\/\/www.tibagroup.com\/pt?s={search_term_string}"},"query-input":{"@type":"PropertyValueSpecification","valueRequired":true,"valueName":"search_term_string"}}],"inLanguage":"pt"},{"@type":"Organization","@id":"https:\/\/www.tibagroup.com\/pt#organization","name":"TIBA","url":"https:\/\/www.tibagroup.com\/pt","logo":{"@type":"ImageObject","inLanguage":"pt","@id":"https:\/\/www.tibagroup.com\/pt#\/schema\/logo\/image\/","url":"https:\/\/www.tibagroup.com\/wp-content\/uploads\/2024\/02\/logo-web-TIBA.png","contentUrl":"https:\/\/www.tibagroup.com\/wp-content\/uploads\/2024\/02\/logo-web-TIBA.png","width":352,"height":116,"caption":"TIBA"},"image":{"@id":"https:\/\/www.tibagroup.com\/pt#\/schema\/logo\/image\/"}},{"@type":"Person","@id":"https:\/\/www.tibagroup.com\/pt#\/schema\/person\/05c092dcc51b7a515503f3d10c916094","name":"TIBA","image":{"@type":"ImageObject","inLanguage":"pt","@id":"https:\/\/secure.gravatar.com\/avatar\/fe41478412b0c43764499979d851fae89a1f174100b1c19a55e15c00fde1851d?s=96&d=mm&r=g","url":"https:\/\/secure.gravatar.com\/avatar\/fe41478412b0c43764499979d851fae89a1f174100b1c19a55e15c00fde1851d?s=96&d=mm&r=g","contentUrl":"https:\/\/secure.gravatar.com\/avatar\/fe41478412b0c43764499979d851fae89a1f174100b1c19a55e15c00fde1851d?s=96&d=mm&r=g","caption":"TIBA"},"sameAs":["https:\/\/x.com\/eaguado"]}]}},"_links":{"self":[{"href":"https:\/\/www.tibagroup.com\/pt\/wp-json\/wp\/v2\/posts\/47519","targetHints":{"allow":["GET"]}}],"collection":[{"href":"https:\/\/www.tibagroup.com\/pt\/wp-json\/wp\/v2\/posts"}],"about":[{"href":"https:\/\/www.tibagroup.com\/pt\/wp-json\/wp\/v2\/types\/post"}],"author":[{"embeddable":true,"href":"https:\/\/www.tibagroup.com\/pt\/wp-json\/wp\/v2\/users\/2"}],"replies":[{"embeddable":true,"href":"https:\/\/www.tibagroup.com\/pt\/wp-json\/wp\/v2\/comments?post=47519"}],"version-history":[{"count":3,"href":"https:\/\/www.tibagroup.com\/pt\/wp-json\/wp\/v2\/posts\/47519\/revisions"}],"predecessor-version":[{"id":68643,"href":"https:\/\/www.tibagroup.com\/pt\/wp-json\/wp\/v2\/posts\/47519\/revisions\/68643"}],"wp:attachment":[{"href":"https:\/\/www.tibagroup.com\/pt\/wp-json\/wp\/v2\/media?parent=47519"}],"wp:term":[{"taxonomy":"category","embeddable":true,"href":"https:\/\/www.tibagroup.com\/pt\/wp-json\/wp\/v2\/categories?post=47519"},{"taxonomy":"post_tag","embeddable":true,"href":"https:\/\/www.tibagroup.com\/pt\/wp-json\/wp\/v2\/tags?post=47519"}],"curies":[{"name":"wp","href":"https:\/\/api.w.org\/{rel}","templated":true}]}}