{"id":47482,"date":"2014-12-01T16:02:11","date_gmt":"2014-12-01T15:02:11","guid":{"rendered":"https:\/\/www.tibagroup.com\/tertulias-comercio-internacional\/"},"modified":"2025-02-18T09:50:28","modified_gmt":"2025-02-18T08:50:28","slug":"comercio-internacional-set-2015","status":"publish","type":"post","link":"https:\/\/www.tibagroup.com\/pt\/comunicacao\/acontecimentos\/comercio-internacional-set-2015","title":{"rendered":"Tert\u00falias sobre Com\u00e9rcio Internacional na TIBA"},"content":{"rendered":"<h2>In\u00edcio das Tert\u00falias sobre Com\u00e9rcio Internacional na TIBA<\/h2>\n<p>O tema proposto para a primeira tert\u00falia, realizada no passado dia 22 de setembro, tendo como orador\/dinamizador o economista Heitor Martins, foi o abrangente \u201ccom\u00e9rcio internacional\u201d.<\/p>\n<p>Para perceber onde estamos, hoje em dia, fez-se um pequeno resumo de como o Mundo se organizou ap\u00f3s a Primeira Guerra Mundial, com o nascimento da Sociedade das Na\u00e7\u00f5es, no surgimento da Comunidade Europeia do Carv\u00e3o e do A\u00e7o, que foi a origem da atual Uni\u00e3o Europeia, e de tantas outras organiza\u00e7\u00f5es internacionais p\u00f3s Segunda Guerra Mundial, que vieram regular o com\u00e9rcio mundial. Pelo meio, das Grandes Guerras, nasceram organiza\u00e7\u00f5es internacionais que visam harmonizar os contratos internacionais e regular a atividade comercial mundial, auxiliando as partes negociais na clarifica\u00e7\u00e3o da condi\u00e7\u00e3o de entrega das mercadorias a n\u00edvel mundial. A refer\u00eancia \u00e0 C\u00e2mara de Com\u00e9rcio Internacional (CCI) e aos \u201cseus\u201d Termos de Com\u00e9rcio Internacional, vulgarmente designados pelo anacronismo de \u201cIncoterms\u201d. De igual forma, uma men\u00e7\u00e3o \u00e0s \u201cpalavras-chave\u201d (<em>keywords<\/em>), que muito auxiliam na interpreta\u00e7\u00e3o dos documentos internacionais e que tamb\u00e9m fazem parte do universo da CCI.<\/p>\n<p>A import\u00e2ncia, nos dias de hoje, em conhecer as regras que pautam a globaliza\u00e7\u00e3o mundial e o acesso aos mercados, aliadas a um conhecimento muito espec\u00edfico, e muitas vezes apelidado de complexo, fazem com que s\u00f3 os operadores econ\u00f3micos mais preparados e conhecedores dessas regras, possam desempenhar um papel principal entre os demais competidores. Proporcionar aos seus parceiros comerciais uma vasta informa\u00e7\u00e3o, n\u00e3o s\u00f3 de log\u00edstica, mas tamb\u00e9m do pr\u00f3prio acesso a determinados mercados, com as suas regras muito espec\u00edficas, tornou-se numa das principais exig\u00eancias do com\u00e9rcio no s\u00e9culo XXI.<\/p>\n<p>Assim, este espa\u00e7o de troca de ideias, discuss\u00e3o e partilha, de conhecimentos t\u00e3o abrangentes e que, pelos quais, direta ou indiretamente, estamos integrados enquanto cidad\u00e3os, ajudam a perceber determinadas realidades e a auxiliar e fornecer instrumentos fundamentais, que v\u00e3o condicionar as decis\u00f5es dos operadores econ\u00f3micos, no seu processo de decis\u00e3o.<\/p>\n<p>O envolvimento dos operadores econ\u00f3micos e na consequente troca de experi\u00eancias, por um lado, enriquece-nos enquanto pessoas e facultam novas ferramentas com que podem trabalhar, no desbravar da sua atividade, envolvidos pela aldeia global. Por outro lado, numa vis\u00e3o simplista e que muito diz: \u201co saber n\u00e3o ocupa lugar\u201d.<\/p>\n","protected":false},"excerpt":{"rendered":"<p>A TIBA deu in\u00edcio a uma s\u00e9rie de tert\u00falias dedicadas \u00e0 tem\u00e1tica do com\u00e9rcio internacional, dinamizadas pelo economista Heitor Martins. Saiba mais.<\/p>\n","protected":false},"author":2,"featured_media":47483,"comment_status":"open","ping_status":"closed","sticky":false,"template":"","format":"standard","meta":{"footnotes":""},"categories":[512],"tags":[834,527],"class_list":["post-47482","post","type-post","status-publish","format-standard","has-post-thumbnail","hentry","category-acontecimentos","tag-prt","tag-tertulias-pt"],"yoast_head":"<!-- This site is optimized with the Yoast SEO plugin v27.5 - https:\/\/yoast.com\/product\/yoast-seo-wordpress\/ -->\n<title>Tert\u00falias sobre Com\u00e9rcio Internacional<\/title>\n<meta name=\"description\" content=\"A TIBA deu in\u00edcio a uma s\u00e9rie de tert\u00falias dedicadas ao tema do Com\u00e9rcio Internacional dinamizadas pelo economista Heitor Martins. Saiba mais.\" \/>\n<meta name=\"robots\" content=\"index, follow, max-snippet:-1, max-image-preview:large, max-video-preview:-1\" \/>\n<link rel=\"canonical\" href=\"https:\/\/www.tibagroup.com\/pt\/comunicacao\/acontecimentos\/comercio-internacional-set-2015\" \/>\n<meta property=\"og:locale\" content=\"pt_PT\" \/>\n<meta property=\"og:type\" content=\"article\" \/>\n<meta property=\"og:title\" content=\"Tert\u00falias sobre Com\u00e9rcio Internacional\" \/>\n<meta property=\"og:description\" content=\"A TIBA deu in\u00edcio a uma s\u00e9rie de tert\u00falias dedicadas ao tema do Com\u00e9rcio Internacional dinamizadas pelo economista Heitor Martins. Saiba mais.\" \/>\n<meta property=\"og:url\" content=\"https:\/\/www.tibagroup.com\/pt\/comunicacao\/acontecimentos\/comercio-internacional-set-2015\" \/>\n<meta property=\"og:site_name\" content=\"TIBA\" \/>\n<meta property=\"article:published_time\" content=\"2014-12-01T15:02:11+00:00\" \/>\n<meta property=\"article:modified_time\" content=\"2025-02-18T08:50:28+00:00\" \/>\n<meta property=\"og:image\" content=\"https:\/\/www.tibagroup.com\/wp-content\/uploads\/2023\/11\/IMG_4052-e1417707764720.jpg\" \/>\n\t<meta property=\"og:image:width\" content=\"2272\" \/>\n\t<meta property=\"og:image:height\" content=\"914\" \/>\n\t<meta property=\"og:image:type\" content=\"image\/jpeg\" \/>\n<meta name=\"author\" content=\"TIBA\" \/>\n<meta name=\"twitter:card\" content=\"summary_large_image\" \/>\n<meta name=\"twitter:creator\" content=\"@eaguado\" \/>\n<meta name=\"twitter:label1\" content=\"Written by\" \/>\n\t<meta name=\"twitter:data1\" content=\"TIBA\" \/>\n\t<meta name=\"twitter:label2\" content=\"Est. reading time\" \/>\n\t<meta name=\"twitter:data2\" content=\"2 minutes\" \/>\n<!-- \/ Yoast SEO plugin. -->","yoast_head_json":{"title":"Tert\u00falias sobre Com\u00e9rcio Internacional","description":"A TIBA deu in\u00edcio a uma s\u00e9rie de tert\u00falias dedicadas ao tema do Com\u00e9rcio Internacional dinamizadas pelo economista Heitor Martins. Saiba mais.","robots":{"index":"index","follow":"follow","max-snippet":"max-snippet:-1","max-image-preview":"max-image-preview:large","max-video-preview":"max-video-preview:-1"},"canonical":"https:\/\/www.tibagroup.com\/pt\/comunicacao\/acontecimentos\/comercio-internacional-set-2015","og_locale":"pt_PT","og_type":"article","og_title":"Tert\u00falias sobre Com\u00e9rcio Internacional","og_description":"A TIBA deu in\u00edcio a uma s\u00e9rie de tert\u00falias dedicadas ao tema do Com\u00e9rcio Internacional dinamizadas pelo economista Heitor Martins. Saiba mais.","og_url":"https:\/\/www.tibagroup.com\/pt\/comunicacao\/acontecimentos\/comercio-internacional-set-2015","og_site_name":"TIBA","article_published_time":"2014-12-01T15:02:11+00:00","article_modified_time":"2025-02-18T08:50:28+00:00","og_image":[{"width":2272,"height":914,"url":"https:\/\/www.tibagroup.com\/wp-content\/uploads\/2023\/11\/IMG_4052-e1417707764720.jpg","type":"image\/jpeg"}],"author":"TIBA","twitter_card":"summary_large_image","twitter_creator":"@eaguado","twitter_misc":{"Written by":"TIBA","Est. reading time":"2 minutes"},"schema":{"@context":"https:\/\/schema.org","@graph":[{"@type":"Article","@id":"https:\/\/www.tibagroup.com\/pt\/comunicacao\/acontecimentos\/comercio-internacional-set-2015#article","isPartOf":{"@id":"https:\/\/www.tibagroup.com\/pt\/comunicacao\/acontecimentos\/comercio-internacional-set-2015"},"author":{"name":"TIBA","@id":"https:\/\/www.tibagroup.com\/pt#\/schema\/person\/05c092dcc51b7a515503f3d10c916094"},"headline":"Tert\u00falias sobre Com\u00e9rcio Internacional na TIBA","datePublished":"2014-12-01T15:02:11+00:00","dateModified":"2025-02-18T08:50:28+00:00","mainEntityOfPage":{"@id":"https:\/\/www.tibagroup.com\/pt\/comunicacao\/acontecimentos\/comercio-internacional-set-2015"},"wordCount":423,"commentCount":0,"publisher":{"@id":"https:\/\/www.tibagroup.com\/pt#organization"},"image":{"@id":"https:\/\/www.tibagroup.com\/pt\/comunicacao\/acontecimentos\/comercio-internacional-set-2015#primaryimage"},"thumbnailUrl":"https:\/\/www.tibagroup.com\/wp-content\/uploads\/2023\/11\/IMG_4052-e1417707764720.jpg","keywords":["Portugal","tert\u00falias"],"articleSection":["Acontecimentos"],"inLanguage":"pt","potentialAction":[{"@type":"CommentAction","name":"Comment","target":["https:\/\/www.tibagroup.com\/pt\/comunicacao\/acontecimentos\/comercio-internacional-set-2015#respond"]}]},{"@type":"WebPage","@id":"https:\/\/www.tibagroup.com\/pt\/comunicacao\/acontecimentos\/comercio-internacional-set-2015","url":"https:\/\/www.tibagroup.com\/pt\/comunicacao\/acontecimentos\/comercio-internacional-set-2015","name":"Tert\u00falias sobre Com\u00e9rcio Internacional","isPartOf":{"@id":"https:\/\/www.tibagroup.com\/pt#website"},"primaryImageOfPage":{"@id":"https:\/\/www.tibagroup.com\/pt\/comunicacao\/acontecimentos\/comercio-internacional-set-2015#primaryimage"},"image":{"@id":"https:\/\/www.tibagroup.com\/pt\/comunicacao\/acontecimentos\/comercio-internacional-set-2015#primaryimage"},"thumbnailUrl":"https:\/\/www.tibagroup.com\/wp-content\/uploads\/2023\/11\/IMG_4052-e1417707764720.jpg","datePublished":"2014-12-01T15:02:11+00:00","dateModified":"2025-02-18T08:50:28+00:00","description":"A TIBA deu in\u00edcio a uma s\u00e9rie de tert\u00falias dedicadas ao tema do Com\u00e9rcio Internacional dinamizadas pelo economista Heitor Martins. Saiba mais.","breadcrumb":{"@id":"https:\/\/www.tibagroup.com\/pt\/comunicacao\/acontecimentos\/comercio-internacional-set-2015#breadcrumb"},"inLanguage":"pt","potentialAction":[{"@type":"ReadAction","target":["https:\/\/www.tibagroup.com\/pt\/comunicacao\/acontecimentos\/comercio-internacional-set-2015"]}]},{"@type":"ImageObject","inLanguage":"pt","@id":"https:\/\/www.tibagroup.com\/pt\/comunicacao\/acontecimentos\/comercio-internacional-set-2015#primaryimage","url":"https:\/\/www.tibagroup.com\/wp-content\/uploads\/2023\/11\/IMG_4052-e1417707764720.jpg","contentUrl":"https:\/\/www.tibagroup.com\/wp-content\/uploads\/2023\/11\/IMG_4052-e1417707764720.jpg","width":2272,"height":914,"caption":"Los oradores"},{"@type":"BreadcrumbList","@id":"https:\/\/www.tibagroup.com\/pt\/comunicacao\/acontecimentos\/comercio-internacional-set-2015#breadcrumb","itemListElement":[{"@type":"ListItem","position":1,"name":"In\u00edcio","item":"https:\/\/www.tibagroup.com\/pt\/transitarios-despachantes-aduaneiros-operador-logistico"},{"@type":"ListItem","position":2,"name":"Comunica\u00e7\u00e3o &amp; Imprensa","item":"https:\/\/www.tibagroup.com\/pt\/comunicacao"},{"@type":"ListItem","position":3,"name":"Acontecimentos","item":"https:\/\/www.tibagroup.com\/pt\/comunicacao\/acontecimentos"},{"@type":"ListItem","position":4,"name":"Tert\u00falias sobre Com\u00e9rcio Internacional na TIBA"}]},{"@type":"WebSite","@id":"https:\/\/www.tibagroup.com\/pt#website","url":"https:\/\/www.tibagroup.com\/pt","name":"TIBA","description":"Log\u00edstica e transporte internacional.","publisher":{"@id":"https:\/\/www.tibagroup.com\/pt#organization"},"potentialAction":[{"@type":"SearchAction","target":{"@type":"EntryPoint","urlTemplate":"https:\/\/www.tibagroup.com\/pt?s={search_term_string}"},"query-input":{"@type":"PropertyValueSpecification","valueRequired":true,"valueName":"search_term_string"}}],"inLanguage":"pt"},{"@type":"Organization","@id":"https:\/\/www.tibagroup.com\/pt#organization","name":"TIBA","url":"https:\/\/www.tibagroup.com\/pt","logo":{"@type":"ImageObject","inLanguage":"pt","@id":"https:\/\/www.tibagroup.com\/pt#\/schema\/logo\/image\/","url":"https:\/\/www.tibagroup.com\/wp-content\/uploads\/2024\/02\/logo-web-TIBA.png","contentUrl":"https:\/\/www.tibagroup.com\/wp-content\/uploads\/2024\/02\/logo-web-TIBA.png","width":352,"height":116,"caption":"TIBA"},"image":{"@id":"https:\/\/www.tibagroup.com\/pt#\/schema\/logo\/image\/"}},{"@type":"Person","@id":"https:\/\/www.tibagroup.com\/pt#\/schema\/person\/05c092dcc51b7a515503f3d10c916094","name":"TIBA","image":{"@type":"ImageObject","inLanguage":"pt","@id":"https:\/\/secure.gravatar.com\/avatar\/fe41478412b0c43764499979d851fae89a1f174100b1c19a55e15c00fde1851d?s=96&d=mm&r=g","url":"https:\/\/secure.gravatar.com\/avatar\/fe41478412b0c43764499979d851fae89a1f174100b1c19a55e15c00fde1851d?s=96&d=mm&r=g","contentUrl":"https:\/\/secure.gravatar.com\/avatar\/fe41478412b0c43764499979d851fae89a1f174100b1c19a55e15c00fde1851d?s=96&d=mm&r=g","caption":"TIBA"},"sameAs":["https:\/\/x.com\/eaguado"]}]}},"_links":{"self":[{"href":"https:\/\/www.tibagroup.com\/pt\/wp-json\/wp\/v2\/posts\/47482","targetHints":{"allow":["GET"]}}],"collection":[{"href":"https:\/\/www.tibagroup.com\/pt\/wp-json\/wp\/v2\/posts"}],"about":[{"href":"https:\/\/www.tibagroup.com\/pt\/wp-json\/wp\/v2\/types\/post"}],"author":[{"embeddable":true,"href":"https:\/\/www.tibagroup.com\/pt\/wp-json\/wp\/v2\/users\/2"}],"replies":[{"embeddable":true,"href":"https:\/\/www.tibagroup.com\/pt\/wp-json\/wp\/v2\/comments?post=47482"}],"version-history":[{"count":2,"href":"https:\/\/www.tibagroup.com\/pt\/wp-json\/wp\/v2\/posts\/47482\/revisions"}],"predecessor-version":[{"id":68020,"href":"https:\/\/www.tibagroup.com\/pt\/wp-json\/wp\/v2\/posts\/47482\/revisions\/68020"}],"wp:featuredmedia":[{"embeddable":true,"href":"https:\/\/www.tibagroup.com\/pt\/wp-json\/wp\/v2\/media\/47483"}],"wp:attachment":[{"href":"https:\/\/www.tibagroup.com\/pt\/wp-json\/wp\/v2\/media?parent=47482"}],"wp:term":[{"taxonomy":"category","embeddable":true,"href":"https:\/\/www.tibagroup.com\/pt\/wp-json\/wp\/v2\/categories?post=47482"},{"taxonomy":"post_tag","embeddable":true,"href":"https:\/\/www.tibagroup.com\/pt\/wp-json\/wp\/v2\/tags?post=47482"}],"curies":[{"name":"wp","href":"https:\/\/api.w.org\/{rel}","templated":true}]}}