{"id":47422,"date":"2014-04-24T21:12:43","date_gmt":"2014-04-24T19:12:43","guid":{"rendered":"https:\/\/www.tibagroup.com\/exportacao-aerea-de-mercadorias-regista-aumento\/"},"modified":"2025-06-10T13:40:42","modified_gmt":"2025-06-10T11:40:42","slug":"aumento-exportacao-aerea","status":"publish","type":"post","link":"https:\/\/www.tibagroup.com\/pt\/comercio-exterior\/exportacao\/aumento-exportacao-aerea","title":{"rendered":"Exporta\u00e7\u00e3o a\u00e9rea de mercadorias regista aumento"},"content":{"rendered":"<p>A\u00a0<strong>exporta\u00e7\u00e3o a\u00e9rea de mercadorias<\/strong>\u00a0\u00e9 muito utilizada para internacionalizar produtos perec\u00edveis e muito valiosos, que precisam de chegar ao destino o mais rapidamente poss\u00edvel. N\u00e3o \u00e9 vi\u00e1vel transportar frutas ou flores atrav\u00e9s do transporte terrestre ou mar\u00edtimo, porque quando as mesmas chegam ao destino j\u00e1 t\u00eam perdido muitas das suas propriedades.<\/p>\n<p>No primeiro semestre de 2013, as exporta\u00e7\u00f5es de bens e servi\u00e7os registaram um crescimento de 4 por cento, enquanto, as importa\u00e7\u00f5es sofreram uma queda de 2,2 por cento, em compara\u00e7\u00e3o com os valores verificados no mesmo per\u00edodo de 2012. O saldo da balan\u00e7a comercial portuguesa foi positivo nos primeiros seis meses de 2013, invertendo a tend\u00eancia registada no per\u00edodo hom\u00f3logo de 2012.<\/p>\n<div><img decoding=\"async\" class=\"aligncenter wp-image-760 size-full\" src=\"\/wp-content\/uploads\/2023\/11\/transporte-aereo-iata.webp\" alt=\"transporte-aereo-iata\" width=\"710\" height=\"300\" \/><\/div>\n<p>Portugal exporta produtos para Angola, Mo\u00e7ambique, Cabo Verde, Am\u00e9rica Central e do Sul e \u00c1sia. O Vinho do Porto \u00e9 um exemplo de um produto conhecido nos quatro cantos do mundo.<\/p>\n<p>O grupo TIBA \u00e9 um transit\u00e1rio que realiza a\u00a0<strong>exporta\u00e7\u00e3o a\u00e9rea de mercadorias<\/strong>\u00a0das empresas portuguesas para os quatro continentes: \u00c1frica, \u00c1sia, Am\u00e9rica do Sul e Europa, de forma r\u00e1pida e eficaz. Espanha lidera o ranking das exporta\u00e7\u00f5es de produtos portugueses, seguida da Fran\u00e7a, Alemanha e Angola. Este \u00faltimo pa\u00eds \u00e9 o \u00fanico Pa\u00eds Africano de L\u00edngua Oficial Portuguesa (PALOP) que fica no top 5 das exporta\u00e7\u00f5es nacionais.<\/p>\n<h2>Como se processa a exporta\u00e7\u00e3o de mercadorias?<\/h2>\n<p>O primeiro passo para se investir no mercado internacional \u00e9 definir o produto a ser exportado e qual o pa\u00eds onde a empresa pretende comercializar as suas mercadorias. Recolher o maior n\u00famero de informa\u00e7\u00f5es poss\u00edveis sobre o mercado escolhido \u00e9 essencial, pois torna-se necess\u00e1rio analisar os costumes, gostos, consumidores e regras alfandeg\u00e1rias desse pa\u00eds.<\/p>\n<p>Ap\u00f3s ter uma quantidade relevante de informa\u00e7\u00e3o sobre o mercado externo, para onde a empresa pretende exportar, \u00e9 importante fazer um contacto com os potenciais compradores no exterior, informando-os diretamente sobre o seu interesse em exportar para aquela na\u00e7\u00e3o.<\/p>\n<p>Realizar viagens ao exterior e participar em feiras e certames de empreendedorismo podem ajudar no processo de exporta\u00e7\u00e3o, pois o mais prov\u00e1vel \u00e9 conhecer investidores estrangeiros e fazer contactos importantes.<\/p>\n<p>Depois de escolher o produto a ser exportado e o destino da internacionaliza\u00e7\u00e3o, vai passar por uma procedimento administrativo e documental, onde \u00e9 necess\u00e1rio recolher documentos que atestam a qualidade do produto, a sua origem, o prazo de validade, entre outros aspetos. A TIBA \u00e9 um transit\u00e1rio que trata de toda a documenta\u00e7\u00e3o necess\u00e1ria para colocar os produtos portugueses nos mercados externo, com a m\u00e1xima seguran\u00e7a e um pre\u00e7o justo.<\/p>\n<h2>Produtos portugueses conquistam mercados externos<\/h2>\n<p>Nos \u00faltimos dez anos, o investimento direto portugu\u00eas no exterior em termos brutos situou-se entre os 8 e os 15 mil milh\u00f5es de euros. De referir que, na \u00faltima d\u00e9cada, registou-se uma maior diversidade no destino das exporta\u00e7\u00f5es portuguesas, com a Europa dos 27 a diminuir o seu peso para a balan\u00e7a comercial portuguesa.<\/p>\n<p>Portugal intensificou as suas exporta\u00e7\u00f5es a\u00e9reas de mercadorias para o Brasil, enviando mercadorias por avi\u00e3o para o continente americano, mas tamb\u00e9m apostou nas exporta\u00e7\u00f5es para os PALOP, com especial destaque para Angola. Tamb\u00e9m os pa\u00edses da Europa de Leste, em particular, a Pol\u00f3nia, a Rom\u00e9nia e a Hungria t\u00eam sido destino das exporta\u00e7\u00f5es portuguesas, encontrando-se os dois primeiros no ranking dos 10 pa\u00edses para onde Portugal mais exporta.<\/p>\n<h2>Portugal alcan\u00e7a balan\u00e7a comercial positiva<\/h2>\n<p>O investimento direto estrangeiro, nos \u00faltimos cinco anos, registou um aumento, com valores que variam entre os 32 e os 43 mil milh\u00f5es de euros. No primeiro semestre de 2013 o investimento estrangeiro em Portugal registou um aumento de 39,6 por cento, face a igual per\u00edodo do ano anterior.<\/p>\n<p>Portugal est\u00e1 na rota dos pa\u00edses que mais subiu em termos de exporta\u00e7\u00f5es e 2013 foi um ano de viragem, em que conseguiu vencer a crise e alcan\u00e7ar uma balan\u00e7a comercial positiva. A TIBA \u00e9 uma empresa de transportes que contribuiu para este feito, uma vez que, foi um dos principais transit\u00e1rios de mercadorias entre Portugal e o resto do mundo.<\/p>\n<p>A\u00a0<strong>exporta\u00e7\u00e3o a\u00e9rea de mercadorias<\/strong>\u00a0contribuiu em muito para Portugal ter uma balan\u00e7a comercial positiva. A TIBA possui parcerias com as companhias a\u00e9reas TAP Portugal, Air France e Qatar Airways, que transportaram mercadorias perec\u00edveis, valiosas ou sens\u00edveis para os lugares mais in\u00f3spitos do planeta.<\/p>\n<h3>Com o grupo TIBA, internacionalizar os produtos da sua empresa, por via a\u00e9rea, \u00e9 f\u00e1cil e seguro.<\/h3>\n","protected":false},"excerpt":{"rendered":"<p>Onde, quando e como utilizar a exporta\u00e7\u00e3o a\u00e9rea s\u00e3o algumas das respostas que pode encontrar neste artigo. Veja os resultados.<\/p>\n","protected":false},"author":2,"featured_media":47323,"comment_status":"open","ping_status":"closed","sticky":false,"template":"","format":"standard","meta":{"footnotes":""},"categories":[515,517],"tags":[834],"class_list":["post-47422","post","type-post","status-publish","format-standard","has-post-thumbnail","hentry","category-exportacao","category-aereo","tag-prt"],"yoast_head":"<!-- This site is optimized with the Yoast SEO plugin v27.5 - https:\/\/yoast.com\/product\/yoast-seo-wordpress\/ -->\n<title>Exporta\u00e7\u00e3o a\u00e9rea de mercadorias regista aumento - TIBA<\/title>\n<meta name=\"description\" content=\"Onde, quando e como utilizar a exporta\u00e7\u00e3o a\u00e9rea s\u00e3o algumas das respostas que pode encontrar neste artigo. Veja os resultados.\" \/>\n<meta name=\"robots\" content=\"index, follow, max-snippet:-1, max-image-preview:large, max-video-preview:-1\" \/>\n<link rel=\"canonical\" href=\"https:\/\/www.tibagroup.com\/pt\/comercio-exterior\/exportacao\/aumento-exportacao-aerea\" \/>\n<meta property=\"og:locale\" content=\"pt_PT\" \/>\n<meta property=\"og:type\" content=\"article\" \/>\n<meta property=\"og:title\" content=\"Exporta\u00e7\u00e3o a\u00e9rea de mercadorias regista aumento - TIBA\" \/>\n<meta property=\"og:description\" content=\"Onde, quando e como utilizar a exporta\u00e7\u00e3o a\u00e9rea s\u00e3o algumas das respostas que pode encontrar neste artigo. Veja os resultados.\" \/>\n<meta property=\"og:url\" content=\"https:\/\/www.tibagroup.com\/pt\/comercio-exterior\/exportacao\/aumento-exportacao-aerea\" \/>\n<meta property=\"og:site_name\" content=\"TIBA\" \/>\n<meta property=\"article:published_time\" content=\"2014-04-24T19:12:43+00:00\" \/>\n<meta property=\"article:modified_time\" content=\"2025-06-10T11:40:42+00:00\" \/>\n<meta property=\"og:image\" content=\"https:\/\/www.tibagroup.com\/wp-content\/uploads\/2023\/11\/AvionUfo_7-1-14-1.jpg\" \/>\n\t<meta property=\"og:image:width\" content=\"1600\" \/>\n\t<meta property=\"og:image:height\" content=\"1000\" \/>\n\t<meta property=\"og:image:type\" content=\"image\/jpeg\" \/>\n<meta name=\"author\" content=\"TIBA\" \/>\n<meta name=\"twitter:card\" content=\"summary_large_image\" \/>\n<meta name=\"twitter:creator\" content=\"@eaguado\" \/>\n<meta name=\"twitter:label1\" content=\"Written by\" \/>\n\t<meta name=\"twitter:data1\" content=\"TIBA\" \/>\n\t<meta name=\"twitter:label2\" content=\"Est. reading time\" \/>\n\t<meta name=\"twitter:data2\" content=\"4 minutes\" \/>\n<!-- \/ Yoast SEO plugin. -->","yoast_head_json":{"title":"Exporta\u00e7\u00e3o a\u00e9rea de mercadorias regista aumento - TIBA","description":"Onde, quando e como utilizar a exporta\u00e7\u00e3o a\u00e9rea s\u00e3o algumas das respostas que pode encontrar neste artigo. Veja os resultados.","robots":{"index":"index","follow":"follow","max-snippet":"max-snippet:-1","max-image-preview":"max-image-preview:large","max-video-preview":"max-video-preview:-1"},"canonical":"https:\/\/www.tibagroup.com\/pt\/comercio-exterior\/exportacao\/aumento-exportacao-aerea","og_locale":"pt_PT","og_type":"article","og_title":"Exporta\u00e7\u00e3o a\u00e9rea de mercadorias regista aumento - TIBA","og_description":"Onde, quando e como utilizar a exporta\u00e7\u00e3o a\u00e9rea s\u00e3o algumas das respostas que pode encontrar neste artigo. Veja os resultados.","og_url":"https:\/\/www.tibagroup.com\/pt\/comercio-exterior\/exportacao\/aumento-exportacao-aerea","og_site_name":"TIBA","article_published_time":"2014-04-24T19:12:43+00:00","article_modified_time":"2025-06-10T11:40:42+00:00","og_image":[{"width":1600,"height":1000,"url":"https:\/\/www.tibagroup.com\/wp-content\/uploads\/2023\/11\/AvionUfo_7-1-14-1.jpg","type":"image\/jpeg"}],"author":"TIBA","twitter_card":"summary_large_image","twitter_creator":"@eaguado","twitter_misc":{"Written by":"TIBA","Est. reading time":"4 minutes"},"schema":{"@context":"https:\/\/schema.org","@graph":[{"@type":"Article","@id":"https:\/\/www.tibagroup.com\/pt\/comercio-exterior\/exportacao\/aumento-exportacao-aerea#article","isPartOf":{"@id":"https:\/\/www.tibagroup.com\/pt\/comercio-exterior\/exportacao\/aumento-exportacao-aerea"},"author":{"name":"TIBA","@id":"https:\/\/www.tibagroup.com\/pt#\/schema\/person\/05c092dcc51b7a515503f3d10c916094"},"headline":"Exporta\u00e7\u00e3o a\u00e9rea de mercadorias regista aumento","datePublished":"2014-04-24T19:12:43+00:00","dateModified":"2025-06-10T11:40:42+00:00","mainEntityOfPage":{"@id":"https:\/\/www.tibagroup.com\/pt\/comercio-exterior\/exportacao\/aumento-exportacao-aerea"},"wordCount":782,"commentCount":0,"publisher":{"@id":"https:\/\/www.tibagroup.com\/pt#organization"},"image":{"@id":"https:\/\/www.tibagroup.com\/pt\/comercio-exterior\/exportacao\/aumento-exportacao-aerea#primaryimage"},"thumbnailUrl":"https:\/\/www.tibagroup.com\/wp-content\/uploads\/2023\/11\/AvionUfo_7-1-14-1.jpg","keywords":["Portugal"],"articleSection":["Exporta\u00e7\u00e3o","Transporte a\u00e9reo"],"inLanguage":"pt","potentialAction":[{"@type":"CommentAction","name":"Comment","target":["https:\/\/www.tibagroup.com\/pt\/comercio-exterior\/exportacao\/aumento-exportacao-aerea#respond"]}]},{"@type":"WebPage","@id":"https:\/\/www.tibagroup.com\/pt\/comercio-exterior\/exportacao\/aumento-exportacao-aerea","url":"https:\/\/www.tibagroup.com\/pt\/comercio-exterior\/exportacao\/aumento-exportacao-aerea","name":"Exporta\u00e7\u00e3o a\u00e9rea de mercadorias regista aumento - TIBA","isPartOf":{"@id":"https:\/\/www.tibagroup.com\/pt#website"},"primaryImageOfPage":{"@id":"https:\/\/www.tibagroup.com\/pt\/comercio-exterior\/exportacao\/aumento-exportacao-aerea#primaryimage"},"image":{"@id":"https:\/\/www.tibagroup.com\/pt\/comercio-exterior\/exportacao\/aumento-exportacao-aerea#primaryimage"},"thumbnailUrl":"https:\/\/www.tibagroup.com\/wp-content\/uploads\/2023\/11\/AvionUfo_7-1-14-1.jpg","datePublished":"2014-04-24T19:12:43+00:00","dateModified":"2025-06-10T11:40:42+00:00","description":"Onde, quando e como utilizar a exporta\u00e7\u00e3o a\u00e9rea s\u00e3o algumas das respostas que pode encontrar neste artigo. Veja os resultados.","breadcrumb":{"@id":"https:\/\/www.tibagroup.com\/pt\/comercio-exterior\/exportacao\/aumento-exportacao-aerea#breadcrumb"},"inLanguage":"pt","potentialAction":[{"@type":"ReadAction","target":["https:\/\/www.tibagroup.com\/pt\/comercio-exterior\/exportacao\/aumento-exportacao-aerea"]}]},{"@type":"ImageObject","inLanguage":"pt","@id":"https:\/\/www.tibagroup.com\/pt\/comercio-exterior\/exportacao\/aumento-exportacao-aerea#primaryimage","url":"https:\/\/www.tibagroup.com\/wp-content\/uploads\/2023\/11\/AvionUfo_7-1-14-1.jpg","contentUrl":"https:\/\/www.tibagroup.com\/wp-content\/uploads\/2023\/11\/AvionUfo_7-1-14-1.jpg","width":1600,"height":1000},{"@type":"BreadcrumbList","@id":"https:\/\/www.tibagroup.com\/pt\/comercio-exterior\/exportacao\/aumento-exportacao-aerea#breadcrumb","itemListElement":[{"@type":"ListItem","position":1,"name":"In\u00edcio","item":"https:\/\/www.tibagroup.com\/pt\/transitarios-despachantes-aduaneiros-operador-logistico"},{"@type":"ListItem","position":2,"name":"Com\u00e9rcio internacional","item":"https:\/\/www.tibagroup.com\/pt\/comercio-exterior"},{"@type":"ListItem","position":3,"name":"Exporta\u00e7\u00e3o","item":"https:\/\/www.tibagroup.com\/pt\/comercio-exterior\/exportacao"},{"@type":"ListItem","position":4,"name":"Exporta\u00e7\u00e3o a\u00e9rea de mercadorias regista aumento"}]},{"@type":"WebSite","@id":"https:\/\/www.tibagroup.com\/pt#website","url":"https:\/\/www.tibagroup.com\/pt","name":"TIBA","description":"Log\u00edstica e transporte internacional.","publisher":{"@id":"https:\/\/www.tibagroup.com\/pt#organization"},"potentialAction":[{"@type":"SearchAction","target":{"@type":"EntryPoint","urlTemplate":"https:\/\/www.tibagroup.com\/pt?s={search_term_string}"},"query-input":{"@type":"PropertyValueSpecification","valueRequired":true,"valueName":"search_term_string"}}],"inLanguage":"pt"},{"@type":"Organization","@id":"https:\/\/www.tibagroup.com\/pt#organization","name":"TIBA","url":"https:\/\/www.tibagroup.com\/pt","logo":{"@type":"ImageObject","inLanguage":"pt","@id":"https:\/\/www.tibagroup.com\/pt#\/schema\/logo\/image\/","url":"https:\/\/www.tibagroup.com\/wp-content\/uploads\/2024\/02\/logo-web-TIBA.png","contentUrl":"https:\/\/www.tibagroup.com\/wp-content\/uploads\/2024\/02\/logo-web-TIBA.png","width":352,"height":116,"caption":"TIBA"},"image":{"@id":"https:\/\/www.tibagroup.com\/pt#\/schema\/logo\/image\/"}},{"@type":"Person","@id":"https:\/\/www.tibagroup.com\/pt#\/schema\/person\/05c092dcc51b7a515503f3d10c916094","name":"TIBA","image":{"@type":"ImageObject","inLanguage":"pt","@id":"https:\/\/secure.gravatar.com\/avatar\/fe41478412b0c43764499979d851fae89a1f174100b1c19a55e15c00fde1851d?s=96&d=mm&r=g","url":"https:\/\/secure.gravatar.com\/avatar\/fe41478412b0c43764499979d851fae89a1f174100b1c19a55e15c00fde1851d?s=96&d=mm&r=g","contentUrl":"https:\/\/secure.gravatar.com\/avatar\/fe41478412b0c43764499979d851fae89a1f174100b1c19a55e15c00fde1851d?s=96&d=mm&r=g","caption":"TIBA"},"sameAs":["https:\/\/x.com\/eaguado"]}]}},"_links":{"self":[{"href":"https:\/\/www.tibagroup.com\/pt\/wp-json\/wp\/v2\/posts\/47422","targetHints":{"allow":["GET"]}}],"collection":[{"href":"https:\/\/www.tibagroup.com\/pt\/wp-json\/wp\/v2\/posts"}],"about":[{"href":"https:\/\/www.tibagroup.com\/pt\/wp-json\/wp\/v2\/types\/post"}],"author":[{"embeddable":true,"href":"https:\/\/www.tibagroup.com\/pt\/wp-json\/wp\/v2\/users\/2"}],"replies":[{"embeddable":true,"href":"https:\/\/www.tibagroup.com\/pt\/wp-json\/wp\/v2\/comments?post=47422"}],"version-history":[{"count":3,"href":"https:\/\/www.tibagroup.com\/pt\/wp-json\/wp\/v2\/posts\/47422\/revisions"}],"predecessor-version":[{"id":73940,"href":"https:\/\/www.tibagroup.com\/pt\/wp-json\/wp\/v2\/posts\/47422\/revisions\/73940"}],"wp:featuredmedia":[{"embeddable":true,"href":"https:\/\/www.tibagroup.com\/pt\/wp-json\/wp\/v2\/media\/47323"}],"wp:attachment":[{"href":"https:\/\/www.tibagroup.com\/pt\/wp-json\/wp\/v2\/media?parent=47422"}],"wp:term":[{"taxonomy":"category","embeddable":true,"href":"https:\/\/www.tibagroup.com\/pt\/wp-json\/wp\/v2\/categories?post=47422"},{"taxonomy":"post_tag","embeddable":true,"href":"https:\/\/www.tibagroup.com\/pt\/wp-json\/wp\/v2\/tags?post=47422"}],"curies":[{"name":"wp","href":"https:\/\/api.w.org\/{rel}","templated":true}]}}