{"id":47404,"date":"2014-04-24T19:40:01","date_gmt":"2014-04-24T17:40:01","guid":{"rendered":"https:\/\/www.tibagroup.com\/exportacoes-sobem-5-7-em-2013\/"},"modified":"2025-06-10T13:41:30","modified_gmt":"2025-06-10T11:41:30","slug":"sobem-exportacoes-portugal","status":"publish","type":"post","link":"https:\/\/www.tibagroup.com\/pt\/comercio-exterior\/exportacao\/sobem-exportacoes-portugal","title":{"rendered":"Exporta\u00e7\u00f5es sobem 5,7% em 2013"},"content":{"rendered":"<p>As exporta\u00e7\u00f5es portuguesas de bens e servi\u00e7os cresceram 5,7% em 2013, segundo dados do Governo portugu\u00eas. De acordo com o vice-primeiro-ministro, Paulo Portas, o valor das exporta\u00e7\u00f5es ascendeu a 68,2 mil milh\u00f5es de euros. No ano transacto, os bens representaram quase 70 por cento das exporta\u00e7\u00f5es, aumentando 4,9% face a 2012 e os servi\u00e7os representaram, por seu turno, 30,1%, tendo conhecido um acr\u00e9scimo de 7,7%.<\/p>\n<div><img decoding=\"async\" class=\"aligncenter wp-image-860 size-full\" src=\"\/wp-content\/uploads\/2023\/11\/exportacoes.jpg\" alt=\"exportacoes\" width=\"400\" height=\"300\" \/><\/div>\n<p>&nbsp;<\/p>\n<p>Segundo dados da AICEP divulgados pela Lusa, as exporta\u00e7\u00f5es para a Uni\u00e3o Europeia aumentaram 5%, enquanto as vendas ao exterior para fora da UE cresceram 7,2%. Os pa\u00edses extra-comunit\u00e1rios representaram mesmo 31% do total de vendas ao estrangeiro.<\/p>\n<p>Entre os maiores clientes das exporta\u00e7\u00f5es portuguesas, destaca-se a Espanha, com 20%, a Fran\u00e7a, com 12,4%, a Alemanha, com 11%, e o Reino Unido, com 8,3%.<\/p>\n","protected":false},"excerpt":{"rendered":"<p>O Governo portugu\u00eas apurou um aumento nas exporta\u00e7\u00f5es portuguesas de bens e servi\u00e7os. Saiba os valores percentuais deste aumento.<\/p>\n","protected":false},"author":2,"featured_media":47405,"comment_status":"open","ping_status":"closed","sticky":false,"template":"","format":"standard","meta":{"footnotes":""},"categories":[483,515],"tags":[834],"class_list":["post-47404","post","type-post","status-publish","format-standard","has-post-thumbnail","hentry","category-mercados","category-exportacao","tag-prt"],"yoast_head":"<!-- This site is optimized with the Yoast SEO plugin v27.5 - https:\/\/yoast.com\/product\/yoast-seo-wordpress\/ -->\n<title>Exporta\u00e7\u00f5es sobem 5,7% em 2013 - TIBA<\/title>\n<meta name=\"description\" content=\"O Governo portugu\u00eas apurou um aumento nas exporta\u00e7\u00f5es portuguesas de bens e servi\u00e7os. Saiba os valores percentuais deste aumento.\" \/>\n<meta name=\"robots\" content=\"index, follow, max-snippet:-1, max-image-preview:large, max-video-preview:-1\" \/>\n<link rel=\"canonical\" href=\"https:\/\/www.tibagroup.com\/pt\/comercio-exterior\/exportacao\/sobem-exportacoes-portugal\" \/>\n<meta property=\"og:locale\" content=\"pt_PT\" \/>\n<meta property=\"og:type\" content=\"article\" \/>\n<meta property=\"og:title\" content=\"Exporta\u00e7\u00f5es sobem 5,7% em 2013 - TIBA\" \/>\n<meta property=\"og:description\" content=\"O Governo portugu\u00eas apurou um aumento nas exporta\u00e7\u00f5es portuguesas de bens e servi\u00e7os. Saiba os valores percentuais deste aumento.\" \/>\n<meta property=\"og:url\" content=\"https:\/\/www.tibagroup.com\/pt\/comercio-exterior\/exportacao\/sobem-exportacoes-portugal\" \/>\n<meta property=\"og:site_name\" content=\"TIBA\" \/>\n<meta property=\"article:published_time\" content=\"2014-04-24T17:40:01+00:00\" \/>\n<meta property=\"article:modified_time\" content=\"2025-06-10T11:41:30+00:00\" \/>\n<meta property=\"og:image\" content=\"https:\/\/www.tibagroup.com\/wp-content\/uploads\/2023\/11\/TransporteMaritimo-1-1.jpg\" \/>\n\t<meta property=\"og:image:width\" content=\"820\" \/>\n\t<meta property=\"og:image:height\" content=\"545\" \/>\n\t<meta property=\"og:image:type\" content=\"image\/jpeg\" \/>\n<meta name=\"author\" content=\"TIBA\" \/>\n<meta name=\"twitter:card\" content=\"summary_large_image\" \/>\n<meta name=\"twitter:creator\" content=\"@eaguado\" \/>\n<meta name=\"twitter:label1\" content=\"Written by\" \/>\n\t<meta name=\"twitter:data1\" content=\"TIBA\" \/>\n\t<meta name=\"twitter:label2\" content=\"Est. reading time\" \/>\n\t<meta name=\"twitter:data2\" content=\"1 minute\" \/>\n<!-- \/ Yoast SEO plugin. -->","yoast_head_json":{"title":"Exporta\u00e7\u00f5es sobem 5,7% em 2013 - TIBA","description":"O Governo portugu\u00eas apurou um aumento nas exporta\u00e7\u00f5es portuguesas de bens e servi\u00e7os. Saiba os valores percentuais deste aumento.","robots":{"index":"index","follow":"follow","max-snippet":"max-snippet:-1","max-image-preview":"max-image-preview:large","max-video-preview":"max-video-preview:-1"},"canonical":"https:\/\/www.tibagroup.com\/pt\/comercio-exterior\/exportacao\/sobem-exportacoes-portugal","og_locale":"pt_PT","og_type":"article","og_title":"Exporta\u00e7\u00f5es sobem 5,7% em 2013 - TIBA","og_description":"O Governo portugu\u00eas apurou um aumento nas exporta\u00e7\u00f5es portuguesas de bens e servi\u00e7os. Saiba os valores percentuais deste aumento.","og_url":"https:\/\/www.tibagroup.com\/pt\/comercio-exterior\/exportacao\/sobem-exportacoes-portugal","og_site_name":"TIBA","article_published_time":"2014-04-24T17:40:01+00:00","article_modified_time":"2025-06-10T11:41:30+00:00","og_image":[{"width":820,"height":545,"url":"https:\/\/www.tibagroup.com\/wp-content\/uploads\/2023\/11\/TransporteMaritimo-1-1.jpg","type":"image\/jpeg"}],"author":"TIBA","twitter_card":"summary_large_image","twitter_creator":"@eaguado","twitter_misc":{"Written by":"TIBA","Est. reading time":"1 minute"},"schema":{"@context":"https:\/\/schema.org","@graph":[{"@type":"Article","@id":"https:\/\/www.tibagroup.com\/pt\/comercio-exterior\/exportacao\/sobem-exportacoes-portugal#article","isPartOf":{"@id":"https:\/\/www.tibagroup.com\/pt\/comercio-exterior\/exportacao\/sobem-exportacoes-portugal"},"author":{"name":"TIBA","@id":"https:\/\/www.tibagroup.com\/pt#\/schema\/person\/05c092dcc51b7a515503f3d10c916094"},"headline":"Exporta\u00e7\u00f5es sobem 5,7% em 2013","datePublished":"2014-04-24T17:40:01+00:00","dateModified":"2025-06-10T11:41:30+00:00","mainEntityOfPage":{"@id":"https:\/\/www.tibagroup.com\/pt\/comercio-exterior\/exportacao\/sobem-exportacoes-portugal"},"wordCount":133,"commentCount":0,"publisher":{"@id":"https:\/\/www.tibagroup.com\/pt#organization"},"image":{"@id":"https:\/\/www.tibagroup.com\/pt\/comercio-exterior\/exportacao\/sobem-exportacoes-portugal#primaryimage"},"thumbnailUrl":"https:\/\/www.tibagroup.com\/wp-content\/uploads\/2023\/11\/TransporteMaritimo-1-1.jpg","keywords":["Portugal"],"articleSection":["Atualiza\u00e7\u00e3o do Mercado","Exporta\u00e7\u00e3o"],"inLanguage":"pt","potentialAction":[{"@type":"CommentAction","name":"Comment","target":["https:\/\/www.tibagroup.com\/pt\/comercio-exterior\/exportacao\/sobem-exportacoes-portugal#respond"]}]},{"@type":"WebPage","@id":"https:\/\/www.tibagroup.com\/pt\/comercio-exterior\/exportacao\/sobem-exportacoes-portugal","url":"https:\/\/www.tibagroup.com\/pt\/comercio-exterior\/exportacao\/sobem-exportacoes-portugal","name":"Exporta\u00e7\u00f5es sobem 5,7% em 2013 - TIBA","isPartOf":{"@id":"https:\/\/www.tibagroup.com\/pt#website"},"primaryImageOfPage":{"@id":"https:\/\/www.tibagroup.com\/pt\/comercio-exterior\/exportacao\/sobem-exportacoes-portugal#primaryimage"},"image":{"@id":"https:\/\/www.tibagroup.com\/pt\/comercio-exterior\/exportacao\/sobem-exportacoes-portugal#primaryimage"},"thumbnailUrl":"https:\/\/www.tibagroup.com\/wp-content\/uploads\/2023\/11\/TransporteMaritimo-1-1.jpg","datePublished":"2014-04-24T17:40:01+00:00","dateModified":"2025-06-10T11:41:30+00:00","description":"O Governo portugu\u00eas apurou um aumento nas exporta\u00e7\u00f5es portuguesas de bens e servi\u00e7os. Saiba os valores percentuais deste aumento.","breadcrumb":{"@id":"https:\/\/www.tibagroup.com\/pt\/comercio-exterior\/exportacao\/sobem-exportacoes-portugal#breadcrumb"},"inLanguage":"pt","potentialAction":[{"@type":"ReadAction","target":["https:\/\/www.tibagroup.com\/pt\/comercio-exterior\/exportacao\/sobem-exportacoes-portugal"]}]},{"@type":"ImageObject","inLanguage":"pt","@id":"https:\/\/www.tibagroup.com\/pt\/comercio-exterior\/exportacao\/sobem-exportacoes-portugal#primaryimage","url":"https:\/\/www.tibagroup.com\/wp-content\/uploads\/2023\/11\/TransporteMaritimo-1-1.jpg","contentUrl":"https:\/\/www.tibagroup.com\/wp-content\/uploads\/2023\/11\/TransporteMaritimo-1-1.jpg","width":820,"height":545},{"@type":"BreadcrumbList","@id":"https:\/\/www.tibagroup.com\/pt\/comercio-exterior\/exportacao\/sobem-exportacoes-portugal#breadcrumb","itemListElement":[{"@type":"ListItem","position":1,"name":"In\u00edcio","item":"https:\/\/www.tibagroup.com\/pt\/transitarios-despachantes-aduaneiros-operador-logistico"},{"@type":"ListItem","position":2,"name":"Com\u00e9rcio internacional","item":"https:\/\/www.tibagroup.com\/pt\/comercio-exterior"},{"@type":"ListItem","position":3,"name":"Exporta\u00e7\u00e3o","item":"https:\/\/www.tibagroup.com\/pt\/comercio-exterior\/exportacao"},{"@type":"ListItem","position":4,"name":"Exporta\u00e7\u00f5es sobem 5,7% em 2013"}]},{"@type":"WebSite","@id":"https:\/\/www.tibagroup.com\/pt#website","url":"https:\/\/www.tibagroup.com\/pt","name":"TIBA","description":"Log\u00edstica e transporte internacional.","publisher":{"@id":"https:\/\/www.tibagroup.com\/pt#organization"},"potentialAction":[{"@type":"SearchAction","target":{"@type":"EntryPoint","urlTemplate":"https:\/\/www.tibagroup.com\/pt?s={search_term_string}"},"query-input":{"@type":"PropertyValueSpecification","valueRequired":true,"valueName":"search_term_string"}}],"inLanguage":"pt"},{"@type":"Organization","@id":"https:\/\/www.tibagroup.com\/pt#organization","name":"TIBA","url":"https:\/\/www.tibagroup.com\/pt","logo":{"@type":"ImageObject","inLanguage":"pt","@id":"https:\/\/www.tibagroup.com\/pt#\/schema\/logo\/image\/","url":"https:\/\/www.tibagroup.com\/wp-content\/uploads\/2024\/02\/logo-web-TIBA.png","contentUrl":"https:\/\/www.tibagroup.com\/wp-content\/uploads\/2024\/02\/logo-web-TIBA.png","width":352,"height":116,"caption":"TIBA"},"image":{"@id":"https:\/\/www.tibagroup.com\/pt#\/schema\/logo\/image\/"}},{"@type":"Person","@id":"https:\/\/www.tibagroup.com\/pt#\/schema\/person\/05c092dcc51b7a515503f3d10c916094","name":"TIBA","image":{"@type":"ImageObject","inLanguage":"pt","@id":"https:\/\/secure.gravatar.com\/avatar\/fe41478412b0c43764499979d851fae89a1f174100b1c19a55e15c00fde1851d?s=96&d=mm&r=g","url":"https:\/\/secure.gravatar.com\/avatar\/fe41478412b0c43764499979d851fae89a1f174100b1c19a55e15c00fde1851d?s=96&d=mm&r=g","contentUrl":"https:\/\/secure.gravatar.com\/avatar\/fe41478412b0c43764499979d851fae89a1f174100b1c19a55e15c00fde1851d?s=96&d=mm&r=g","caption":"TIBA"},"sameAs":["https:\/\/x.com\/eaguado"]}]}},"_links":{"self":[{"href":"https:\/\/www.tibagroup.com\/pt\/wp-json\/wp\/v2\/posts\/47404","targetHints":{"allow":["GET"]}}],"collection":[{"href":"https:\/\/www.tibagroup.com\/pt\/wp-json\/wp\/v2\/posts"}],"about":[{"href":"https:\/\/www.tibagroup.com\/pt\/wp-json\/wp\/v2\/types\/post"}],"author":[{"embeddable":true,"href":"https:\/\/www.tibagroup.com\/pt\/wp-json\/wp\/v2\/users\/2"}],"replies":[{"embeddable":true,"href":"https:\/\/www.tibagroup.com\/pt\/wp-json\/wp\/v2\/comments?post=47404"}],"version-history":[{"count":4,"href":"https:\/\/www.tibagroup.com\/pt\/wp-json\/wp\/v2\/posts\/47404\/revisions"}],"predecessor-version":[{"id":73944,"href":"https:\/\/www.tibagroup.com\/pt\/wp-json\/wp\/v2\/posts\/47404\/revisions\/73944"}],"wp:featuredmedia":[{"embeddable":true,"href":"https:\/\/www.tibagroup.com\/pt\/wp-json\/wp\/v2\/media\/47405"}],"wp:attachment":[{"href":"https:\/\/www.tibagroup.com\/pt\/wp-json\/wp\/v2\/media?parent=47404"}],"wp:term":[{"taxonomy":"category","embeddable":true,"href":"https:\/\/www.tibagroup.com\/pt\/wp-json\/wp\/v2\/categories?post=47404"},{"taxonomy":"post_tag","embeddable":true,"href":"https:\/\/www.tibagroup.com\/pt\/wp-json\/wp\/v2\/tags?post=47404"}],"curies":[{"name":"wp","href":"https:\/\/api.w.org\/{rel}","templated":true}]}}