{"id":47307,"date":"2014-04-03T16:38:56","date_gmt":"2014-04-03T14:38:56","guid":{"rendered":"https:\/\/www.tibagroup.com\/angola-agrava-carga-fiscal-sobre-importacoes\/"},"modified":"2025-03-13T13:01:40","modified_gmt":"2025-03-13T12:01:40","slug":"angola-agrava-importacoes","status":"publish","type":"post","link":"https:\/\/www.tibagroup.com\/pt\/comercio-exterior\/importacao\/angola-agrava-importacoes","title":{"rendered":"Angola agrava carga fiscal sobre importa\u00e7\u00f5es"},"content":{"rendered":"<p>As empresas estrangeiras a operar em Angola ter\u00e3o de produzir localmente se quiserem evitar o agravamento de impostos, segundo a nova pauta aduaneira, que entrou em vigor no in\u00edcio do m\u00eas, naquele pa\u00eds. O objectivo do diploma, que dever\u00e1 ter como consequ\u00eancia imediata, a subida dos pre\u00e7os, \u00e9 fomentar a produ\u00e7\u00e3o interna.<\/p>\n<p>Para tal, prev\u00ea aumentar os impostos sobre as importa\u00e7\u00f5es, sobretudo nos casos em que h\u00e1 produ\u00e7\u00e3o interna daqueles bens ou servi\u00e7os. O diploma vai mais longe, dando ao ministro das Finan\u00e7as a possibilidade de penalizar os produtos e servi\u00e7os considerados como prejudiciais para a produ\u00e7\u00e3o angolana.<\/p>\n<p>Angola agrava carga fiscal sobre importa\u00e7\u00f5es.<\/p>\n<p>Este aumento de poder do ministro das Finan\u00e7as angolano deve-se ao facto do Governo defender que o desenvolvimento do pa\u00eds implica a continua\u00e7\u00e3o da reconstru\u00e7\u00e3o nacional, assente sobretudo na diversifica\u00e7\u00e3o da economia, no combate \u00e0 pobreza e na moderniza\u00e7\u00e3o do sector p\u00fablico. Ainda neste sentido, o Executivo sustenta que o desenvolvimento da produ\u00e7\u00e3o nacional e a sua diversifica\u00e7\u00e3o implicam a adop\u00e7\u00e3o de medidas que incentivem e protejam a produ\u00e7\u00e3o nacional.<\/p>\n","protected":false},"excerpt":{"rendered":"<p>Nova pauta aduaneira, que entrou em vigor no in\u00edcio do m\u00eas, naquele pa\u00eds<\/p>\n","protected":false},"author":2,"featured_media":47308,"comment_status":"open","ping_status":"closed","sticky":false,"template":"","format":"standard","meta":{"footnotes":""},"categories":[514,513],"tags":[779],"class_list":["post-47307","post","type-post","status-publish","format-standard","has-post-thumbnail","hentry","category-alfandega","category-importacao","tag-ago"],"yoast_head":"<!-- This site is optimized with the Yoast SEO plugin v27.5 - https:\/\/yoast.com\/product\/yoast-seo-wordpress\/ -->\n<title>Angola agrava carga fiscal sobre importa\u00e7\u00f5es - TIBA<\/title>\n<meta name=\"description\" content=\"Nova pauta aduaneira, que entrou em vigor no in\u00edcio do m\u00eas, naquele pa\u00eds\" \/>\n<meta name=\"robots\" content=\"index, follow, max-snippet:-1, max-image-preview:large, max-video-preview:-1\" \/>\n<link rel=\"canonical\" href=\"https:\/\/www.tibagroup.com\/pt\/comercio-exterior\/importacao\/angola-agrava-importacoes\" \/>\n<meta property=\"og:locale\" content=\"pt_PT\" \/>\n<meta property=\"og:type\" content=\"article\" \/>\n<meta property=\"og:title\" content=\"Angola agrava carga fiscal sobre importa\u00e7\u00f5es - TIBA\" \/>\n<meta property=\"og:description\" content=\"Nova pauta aduaneira, que entrou em vigor no in\u00edcio do m\u00eas, naquele pa\u00eds\" \/>\n<meta property=\"og:url\" content=\"https:\/\/www.tibagroup.com\/pt\/comercio-exterior\/importacao\/angola-agrava-importacoes\" \/>\n<meta property=\"og:site_name\" content=\"TIBA\" \/>\n<meta property=\"article:published_time\" content=\"2014-04-03T14:38:56+00:00\" \/>\n<meta property=\"article:modified_time\" content=\"2025-03-13T12:01:40+00:00\" \/>\n<meta property=\"og:image\" content=\"https:\/\/www.tibagroup.com\/wp-content\/uploads\/2023\/11\/600px-Flag_of_Portugal_and_Angola_v1.jpg\" \/>\n\t<meta property=\"og:image:width\" content=\"800\" \/>\n\t<meta property=\"og:image:height\" content=\"533\" \/>\n\t<meta property=\"og:image:type\" content=\"image\/jpeg\" \/>\n<meta name=\"author\" content=\"TIBA\" \/>\n<meta name=\"twitter:card\" content=\"summary_large_image\" \/>\n<meta name=\"twitter:creator\" content=\"@eaguado\" \/>\n<meta name=\"twitter:label1\" content=\"Written by\" \/>\n\t<meta name=\"twitter:data1\" content=\"TIBA\" \/>\n\t<meta name=\"twitter:label2\" content=\"Est. reading time\" \/>\n\t<meta name=\"twitter:data2\" content=\"1 minute\" \/>\n<!-- \/ Yoast SEO plugin. -->","yoast_head_json":{"title":"Angola agrava carga fiscal sobre importa\u00e7\u00f5es - TIBA","description":"Nova pauta aduaneira, que entrou em vigor no in\u00edcio do m\u00eas, naquele pa\u00eds","robots":{"index":"index","follow":"follow","max-snippet":"max-snippet:-1","max-image-preview":"max-image-preview:large","max-video-preview":"max-video-preview:-1"},"canonical":"https:\/\/www.tibagroup.com\/pt\/comercio-exterior\/importacao\/angola-agrava-importacoes","og_locale":"pt_PT","og_type":"article","og_title":"Angola agrava carga fiscal sobre importa\u00e7\u00f5es - TIBA","og_description":"Nova pauta aduaneira, que entrou em vigor no in\u00edcio do m\u00eas, naquele pa\u00eds","og_url":"https:\/\/www.tibagroup.com\/pt\/comercio-exterior\/importacao\/angola-agrava-importacoes","og_site_name":"TIBA","article_published_time":"2014-04-03T14:38:56+00:00","article_modified_time":"2025-03-13T12:01:40+00:00","og_image":[{"width":800,"height":533,"url":"https:\/\/www.tibagroup.com\/wp-content\/uploads\/2023\/11\/600px-Flag_of_Portugal_and_Angola_v1.jpg","type":"image\/jpeg"}],"author":"TIBA","twitter_card":"summary_large_image","twitter_creator":"@eaguado","twitter_misc":{"Written by":"TIBA","Est. reading time":"1 minute"},"schema":{"@context":"https:\/\/schema.org","@graph":[{"@type":"Article","@id":"https:\/\/www.tibagroup.com\/pt\/comercio-exterior\/importacao\/angola-agrava-importacoes#article","isPartOf":{"@id":"https:\/\/www.tibagroup.com\/pt\/comercio-exterior\/importacao\/angola-agrava-importacoes"},"author":{"name":"TIBA","@id":"https:\/\/www.tibagroup.com\/pt#\/schema\/person\/05c092dcc51b7a515503f3d10c916094"},"headline":"Angola agrava carga fiscal sobre importa\u00e7\u00f5es","datePublished":"2014-04-03T14:38:56+00:00","dateModified":"2025-03-13T12:01:40+00:00","mainEntityOfPage":{"@id":"https:\/\/www.tibagroup.com\/pt\/comercio-exterior\/importacao\/angola-agrava-importacoes"},"wordCount":204,"commentCount":0,"publisher":{"@id":"https:\/\/www.tibagroup.com\/pt#organization"},"image":{"@id":"https:\/\/www.tibagroup.com\/pt\/comercio-exterior\/importacao\/angola-agrava-importacoes#primaryimage"},"thumbnailUrl":"https:\/\/www.tibagroup.com\/wp-content\/uploads\/2023\/11\/600px-Flag_of_Portugal_and_Angola_v1.jpg","keywords":["Angola"],"articleSection":["Alf\u00e2ndega","Importa\u00e7\u00e3o"],"inLanguage":"pt","potentialAction":[{"@type":"CommentAction","name":"Comment","target":["https:\/\/www.tibagroup.com\/pt\/comercio-exterior\/importacao\/angola-agrava-importacoes#respond"]}]},{"@type":"WebPage","@id":"https:\/\/www.tibagroup.com\/pt\/comercio-exterior\/importacao\/angola-agrava-importacoes","url":"https:\/\/www.tibagroup.com\/pt\/comercio-exterior\/importacao\/angola-agrava-importacoes","name":"Angola agrava carga fiscal sobre importa\u00e7\u00f5es - TIBA","isPartOf":{"@id":"https:\/\/www.tibagroup.com\/pt#website"},"primaryImageOfPage":{"@id":"https:\/\/www.tibagroup.com\/pt\/comercio-exterior\/importacao\/angola-agrava-importacoes#primaryimage"},"image":{"@id":"https:\/\/www.tibagroup.com\/pt\/comercio-exterior\/importacao\/angola-agrava-importacoes#primaryimage"},"thumbnailUrl":"https:\/\/www.tibagroup.com\/wp-content\/uploads\/2023\/11\/600px-Flag_of_Portugal_and_Angola_v1.jpg","datePublished":"2014-04-03T14:38:56+00:00","dateModified":"2025-03-13T12:01:40+00:00","description":"Nova pauta aduaneira, que entrou em vigor no in\u00edcio do m\u00eas, naquele pa\u00eds","breadcrumb":{"@id":"https:\/\/www.tibagroup.com\/pt\/comercio-exterior\/importacao\/angola-agrava-importacoes#breadcrumb"},"inLanguage":"pt","potentialAction":[{"@type":"ReadAction","target":["https:\/\/www.tibagroup.com\/pt\/comercio-exterior\/importacao\/angola-agrava-importacoes"]}]},{"@type":"ImageObject","inLanguage":"pt","@id":"https:\/\/www.tibagroup.com\/pt\/comercio-exterior\/importacao\/angola-agrava-importacoes#primaryimage","url":"https:\/\/www.tibagroup.com\/wp-content\/uploads\/2023\/11\/600px-Flag_of_Portugal_and_Angola_v1.jpg","contentUrl":"https:\/\/www.tibagroup.com\/wp-content\/uploads\/2023\/11\/600px-Flag_of_Portugal_and_Angola_v1.jpg","width":800,"height":533},{"@type":"BreadcrumbList","@id":"https:\/\/www.tibagroup.com\/pt\/comercio-exterior\/importacao\/angola-agrava-importacoes#breadcrumb","itemListElement":[{"@type":"ListItem","position":1,"name":"In\u00edcio","item":"https:\/\/www.tibagroup.com\/pt\/transitarios-despachantes-aduaneiros-operador-logistico"},{"@type":"ListItem","position":2,"name":"Com\u00e9rcio internacional","item":"https:\/\/www.tibagroup.com\/pt\/comercio-exterior"},{"@type":"ListItem","position":3,"name":"Importa\u00e7\u00e3o","item":"https:\/\/www.tibagroup.com\/pt\/comercio-exterior\/importacao"},{"@type":"ListItem","position":4,"name":"Angola agrava carga fiscal sobre importa\u00e7\u00f5es"}]},{"@type":"WebSite","@id":"https:\/\/www.tibagroup.com\/pt#website","url":"https:\/\/www.tibagroup.com\/pt","name":"TIBA","description":"Log\u00edstica e transporte internacional.","publisher":{"@id":"https:\/\/www.tibagroup.com\/pt#organization"},"potentialAction":[{"@type":"SearchAction","target":{"@type":"EntryPoint","urlTemplate":"https:\/\/www.tibagroup.com\/pt?s={search_term_string}"},"query-input":{"@type":"PropertyValueSpecification","valueRequired":true,"valueName":"search_term_string"}}],"inLanguage":"pt"},{"@type":"Organization","@id":"https:\/\/www.tibagroup.com\/pt#organization","name":"TIBA","url":"https:\/\/www.tibagroup.com\/pt","logo":{"@type":"ImageObject","inLanguage":"pt","@id":"https:\/\/www.tibagroup.com\/pt#\/schema\/logo\/image\/","url":"https:\/\/www.tibagroup.com\/wp-content\/uploads\/2024\/02\/logo-web-TIBA.png","contentUrl":"https:\/\/www.tibagroup.com\/wp-content\/uploads\/2024\/02\/logo-web-TIBA.png","width":352,"height":116,"caption":"TIBA"},"image":{"@id":"https:\/\/www.tibagroup.com\/pt#\/schema\/logo\/image\/"}},{"@type":"Person","@id":"https:\/\/www.tibagroup.com\/pt#\/schema\/person\/05c092dcc51b7a515503f3d10c916094","name":"TIBA","image":{"@type":"ImageObject","inLanguage":"pt","@id":"https:\/\/secure.gravatar.com\/avatar\/fe41478412b0c43764499979d851fae89a1f174100b1c19a55e15c00fde1851d?s=96&d=mm&r=g","url":"https:\/\/secure.gravatar.com\/avatar\/fe41478412b0c43764499979d851fae89a1f174100b1c19a55e15c00fde1851d?s=96&d=mm&r=g","contentUrl":"https:\/\/secure.gravatar.com\/avatar\/fe41478412b0c43764499979d851fae89a1f174100b1c19a55e15c00fde1851d?s=96&d=mm&r=g","caption":"TIBA"},"sameAs":["https:\/\/x.com\/eaguado"]}]}},"_links":{"self":[{"href":"https:\/\/www.tibagroup.com\/pt\/wp-json\/wp\/v2\/posts\/47307","targetHints":{"allow":["GET"]}}],"collection":[{"href":"https:\/\/www.tibagroup.com\/pt\/wp-json\/wp\/v2\/posts"}],"about":[{"href":"https:\/\/www.tibagroup.com\/pt\/wp-json\/wp\/v2\/types\/post"}],"author":[{"embeddable":true,"href":"https:\/\/www.tibagroup.com\/pt\/wp-json\/wp\/v2\/users\/2"}],"replies":[{"embeddable":true,"href":"https:\/\/www.tibagroup.com\/pt\/wp-json\/wp\/v2\/comments?post=47307"}],"version-history":[{"count":3,"href":"https:\/\/www.tibagroup.com\/pt\/wp-json\/wp\/v2\/posts\/47307\/revisions"}],"predecessor-version":[{"id":70150,"href":"https:\/\/www.tibagroup.com\/pt\/wp-json\/wp\/v2\/posts\/47307\/revisions\/70150"}],"wp:featuredmedia":[{"embeddable":true,"href":"https:\/\/www.tibagroup.com\/pt\/wp-json\/wp\/v2\/media\/47308"}],"wp:attachment":[{"href":"https:\/\/www.tibagroup.com\/pt\/wp-json\/wp\/v2\/media?parent=47307"}],"wp:term":[{"taxonomy":"category","embeddable":true,"href":"https:\/\/www.tibagroup.com\/pt\/wp-json\/wp\/v2\/categories?post=47307"},{"taxonomy":"post_tag","embeddable":true,"href":"https:\/\/www.tibagroup.com\/pt\/wp-json\/wp\/v2\/tags?post=47307"}],"curies":[{"name":"wp","href":"https:\/\/api.w.org\/{rel}","templated":true}]}}