{"id":64370,"date":"2024-11-15T12:02:28","date_gmt":"2024-11-15T11:02:28","guid":{"rendered":"https:\/\/www.tibagroup.com\/?p=64370"},"modified":"2026-01-26T11:59:30","modified_gmt":"2026-01-26T10:59:30","slug":"reglamento-deforestacion-ue","status":"publish","type":"post","link":"https:\/\/www.tibagroup.com\/es\/logistica\/sostenibilidad\/reglamento-deforestacion-ue","title":{"rendered":"Reglamento de Deforestaci\u00f3n UE 2023\/1115"},"content":{"rendered":"<p style=\"text-align: center;\"><strong>[ACTUALIZACI\u00d3N ABRIL 2025]<\/strong><\/p>\n<blockquote><p>El 15 de abril de 2025, la Comisi\u00f3n Europea ha anunciado <a href=\"https:\/\/ec.europa.eu\/commission\/presscorner\/detail\/es\/ip_25_1063\" target=\"_blank\" rel=\"nofollow noopener\">nuevas medidas<\/a> de simplificaci\u00f3n y reducci\u00f3n de carga administrativa con el objetivo de facilitar la aplicaci\u00f3n del Reglamento de Deforestaci\u00f3n de la UE (EUDR), cuya implementaci\u00f3n comenzar\u00e1 a finales de este a\u00f1o.<\/p><\/blockquote>\n<h2>\u00bfEst\u00e1s preparado para cumplir con el Reglamento (UE) 2023\/1115?<\/h2>\n<p>El <a href=\"https:\/\/www.boe.es\/buscar\/doc.php?id=DOUE-L-2023-80809\" target=\"_blank\" rel=\"noopener\">Reglamento (UE) 2023\/1115<\/a> introduce nuevas obligaciones para los productos derivados de materias primas que se asocian a la deforestaci\u00f3n. Su principal objetivo es &lt;strong&gt;reducir la deforestaci\u00f3n y la degradaci\u00f3n forestal a nivel mundial.<\/p>\n<p>Si en tu negocio importas, exportas o comercializas productos como palma aceitera, caucho, soja o ganado bovino, cacao, caf\u00e9 o madera es esencial que conozcas las obligaciones de esta nueva norma.<\/p>\n<p>\u00a1Con\u00f3celo todo sobre este Reglamento de obligado cumplimiento contra la deforestaci\u00f3n y degradaci\u00f3n forestal!<\/p>\n<h2>[NOVEDAD] Las principales medidas de simplificaci\u00f3n del Reglamento EUDR<\/h2>\n<p>La Comisi\u00f3n Europea con el objetivo de simplificar la aplicaci\u00f3n del Reglamento, ha publicado <strong>nuevos documentos de orientaci\u00f3n<\/strong> dirigidos a los Estados miembros, operadores y comerciantes. Las medidas que se han tomado son las siguientes:<\/p>\n<ul>\n<li><strong>Reutilizaci\u00f3n de declaraciones:<\/strong> las empresas m\u00e1s grandes podr\u00e1n reutilizar las declaraciones de diligencia debida ya realizadas cuando reimporten mercanc\u00edas previamente comercializadas en la UE.<\/li>\n<li><strong>Representaci\u00f3n grupal<\/strong>: un representante autorizado podr\u00e1 presentar la declaraci\u00f3n en nombre de los miembros de un grupo empresarial.<\/li>\n<li><strong>Declaraci\u00f3n anual:<\/strong> las empresas, a partir de ahora, podr\u00e1n presentar una sola declaraci\u00f3n de diligencia debida al a\u00f1o, en vez de hacerlo por cada env\u00edo.<\/li>\n<li><strong>Simplificaci\u00f3n descendente:<\/strong> Las grandes empresas en etapas posteriores de la cadena de suministro tendr\u00e1n la obligaci\u00f3n de recopilar y utilizar los n\u00fameros de referencia de las DDS de sus proveedores, por lo que se simplifican sus obligaciones.<\/li>\n<\/ul>\n<p>Con estas nuevas medidas, se<strong> reduce en un 30% la carga administrativa<\/strong> y los costes asociados al cumplimiento del Reglamento.<\/p>\n<h2>\u00bfQu\u00e9 es el Reglamento de deforestaci\u00f3n de la UE (EUDR) y por qu\u00e9 es tan importante?<\/h2>\n<p>Es uno de los compromisos que la Uni\u00f3n Europea ha adquirido con el <a href=\"https:\/\/www.consilium.europa.eu\/es\/policies\/green-deal\/\" target=\"_blank\" rel=\"nofollow noopener\">Pacto Verde Europeo<\/a>, cuyo objetivo es la promoci\u00f3n de pr\u00e1cticas sostenibles en toda la cadena de suministro. Por tanto, requiere que importadores, exportadores y comercializadores demuestren que sus productos no han contribuido a la deforestaci\u00f3n.<\/p>\n<h2>\u00bfA qu\u00e9 productos afecta el Reglamento (UE) 2023\/1115?<\/h2>\n<p>El EUDR afecta a una lista espec\u00edfica de productos derivados de las materias primas vinculadas a la deforestaci\u00f3n:<\/p>\n<ul>\n<li><strong>Productos pertinentes:<\/strong> cacao, caf\u00e9, palma aceitera, madera, caucho, soja y ganado bovino.<\/li>\n<li><strong>Materias primas pertinentes:<\/strong> aquellas que son necesarias para la producci\u00f3n de los productos pertinentes.<\/li>\n<\/ul>\n<p><strong>IMPORTANTE:<\/strong> se deber\u00e1 demostrar que se han tomado las medidas necesarias para la obtenci\u00f3n de estos productos de fuentes legales y sostenibles.<\/p>\n<h2>\u00bfCu\u00e1ndo entrar\u00e1 en vigor el EUDR?<\/h2>\n<p>El Reglamento (UE) 2023\/1115, aunque entr\u00f3 en vigor el 29 de junio de 2023, <strong>establece un aplazamiento de 12 meses para su aplicaci\u00f3n efectiva<\/strong>, adapt\u00e1ndose de manera escalonada al tama\u00f1o de las empresas:<\/p>\n<ul>\n<li><strong>30 de diciembre de 2025:<\/strong> Aplicaci\u00f3n efectiva para grandes operadores y comerciantes.<\/li>\n<li><strong>30 de junio de 2026:<\/strong> Aplicaci\u00f3n efectiva para microempresas y peque\u00f1as empresas.<\/li>\n<\/ul>\n<p>Este per\u00edodo de gracia de un a\u00f1o antes de su aplicaci\u00f3n efectiva, junto con el enfoque escalonado, permite a las empresas, especialmente a las m\u00e1s peque\u00f1as,<strong> contar con m\u00e1s tiempo para ajustarse a las nuevas obligaciones y garantizar una implementaci\u00f3n adecuada.<\/strong><\/p>\n<h2>\u00bfA qu\u00e9 regiones afectar\u00e1 principalmente el EUDR?<\/h2>\n<p>El Reglamento de deforestaci\u00f3n afecta principalmente a pa\u00edses donde se cultivan o se producen estas materias primas:<\/p>\n<ul>\n<li><strong>Am\u00e9rica Latina:<\/strong> Brasil, Argentina, Paraguay, Nicaragua, Per\u00fa, Honduras, Costa Rica, M\u00e9xico y Colombia.<\/li>\n<li><strong>Asia:<\/strong> China, Indonesia, Tailandia, India y Malasia.<\/li>\n<li><strong>\u00c1frica:<\/strong> Costa de Marfil, Etiop\u00eda, Uganda, Togo, Nigeria, Camer\u00fan y Ghana.<\/li>\n<\/ul>\n<h3>Pa\u00edses sin riesgo: nueva categor\u00eda propuesta por el Parlamente Europeo<\/h3>\n<p>El 14 de noviembre de 2024, el Parlamento Europeo, ha propuesto una nueva categor\u00eda de pa\u00edses &#8220;sin riesgo&#8221;, que no presenten ning\u00fan riesgo de deforestaci\u00f3n, adem\u00e1s de las tres categor\u00edas existentes: bajo, normal y alto. Los pa\u00edses clasificados como &#8220;sin riesgo&#8221; est\u00e1n sujetos a requisitos menos restrictivos.<\/p>\n\n<style type=\"text\/css\" data-created_by=\"avia_inline_auto\" id=\"style-css-av-6ftfgy-d81eafad9f2184d2b0e2bca4be2361f5\">\n#top .hr.hr-invisible.av-6ftfgy-d81eafad9f2184d2b0e2bca4be2361f5{\nheight:50px;\n}\n<\/style>\n<div  class='hr av-6ftfgy-d81eafad9f2184d2b0e2bca4be2361f5 hr-invisible  avia-builder-el-0  el_before_av_button  avia-builder-el-first '><span class='hr-inner '><span class=\"hr-inner-style\"><\/span><\/span><\/div>\n<div  class='avia-button-wrap av-2jwk99-8cf5da8359760c01c9420e2ffdffb8c9-wrap avia-button-center  avia-builder-el-1  el_after_av_hr  el_before_av_hr '><a href='\/es\/servicios\/agente-aduanas'  class='avia-button av-2jwk99-8cf5da8359760c01c9420e2ffdffb8c9 av-link-btn avia-icon_select-yes-left-icon avia-size-x-large avia-position-center avia-color-theme-color-highlight'  ><span class='avia_button_icon avia_button_icon_left' aria-hidden='true' data-av_icon='\ue805' data-av_iconfont='entypo-fontello'><\/span><span class='avia_iconbox_title' >Quiero m\u00e1s informaci\u00f3n<\/span><\/a><\/div>\n\n<style type=\"text\/css\" data-created_by=\"avia_inline_auto\" id=\"style-css-av-14ao13m-adb70a0645ed7133b160f4f450be9097\">\n#top .hr.hr-invisible.av-14ao13m-adb70a0645ed7133b160f4f450be9097{\nheight:50px;\n}\n<\/style>\n<div  class='hr av-14ao13m-adb70a0645ed7133b160f4f450be9097 hr-invisible  avia-builder-el-2  el_after_av_button  el_before_av_button '><span class='hr-inner '><span class=\"hr-inner-style\"><\/span><\/span><\/div>\n<h2>\u00bfQu\u00e9 obligaciones impone el Reglamento de deforestaci\u00f3n de la Uni\u00f3n Europea?<\/h2>\n<p>El reglamento exige <strong>tres requisitos b\u00e1sicos<\/strong> para cualquier producto comercializado, importado en la UE o exportado de la UE.<\/p>\n<h3>1. Libre de deforestaci\u00f3n<\/h3>\n<p>En este punto, se hace referencia a productos que hayan sido producidos en terrenos que no hayan sido objeto de deforestaci\u00f3n ni degradaci\u00f3n forestal despu\u00e9s del 31 de diciembre de 2020.<\/p>\n<h3>2. Cumplimiento con la legislaci\u00f3n del pa\u00eds de producci\u00f3n<\/h3>\n<p>Los productos deber\u00e1n cumplir tambi\u00e9n con todas las normativas legales en su pa\u00eds de origen donde fueron cultivados o extra\u00eddos.<\/p>\n<h3>3. Declaraci\u00f3n de diligencia debida<\/h3>\n<p>Todos los operadores que comercialicen, importen y exporten estos productos deber\u00e1n presentar una declaraci\u00f3n ante las autoridades nacionales competentes en la que se demuestre que los productos cumplen con el Reglamento.<\/p>\n<h2>\u00bfQu\u00e9 es la diligencia debida y c\u00f3mo afecta a tu operativa?<\/h2>\n<p>Es el pilar del reglamento.<\/p>\n<p>El objetivo es que los <strong>operadores, importadores o exportadores investiguen y documenten que sus productos cumplen con los criterios de sostenibilidad establecidos.<\/strong><\/p>\n<h3>\u00bfQu\u00e9 deben hacer los operadores, importadores y exportadores?<\/h3>\n<p>Evaluar el origen de los productos, la cadena de suministro y los riesgos de que est\u00e9n vinculados a la deforestaci\u00f3n o a malas pr\u00e1cticas.<\/p>\n<p>En este caso, el EUDR establece 3 pasos espec\u00edficos:<\/p>\n<h3>Pasos de la diligencia debida<\/h3>\n<ol>\n<li><strong>Recopilaci\u00f3n de informaci\u00f3n:<\/strong> se tienen que recoger datos sobre la cadena de suministro, pa\u00edses de origen, ubicaci\u00f3n exacta de las tierras, as\u00ed como cualquier certificaci\u00f3n de sostenibilidad.<\/li>\n<li><strong>Evaluaci\u00f3n de riesgos:<\/strong> analizar si t\u00fa producto est\u00e1 vinculado a la deforestaci\u00f3n.<\/li>\n<li><strong>Reducci\u00f3n de riesgos:<\/strong> deber\u00e1s investigar si existe riesgo y tomar medidas para mitigarlo, lo que puede incluir elegir nuevos proveedores o implementar controles adicionales en la cadena de suministro.<\/li>\n<\/ol>\n<p><strong>IMPORTANTE<\/strong>: se tienen que recoger datos sobre la cadena de suministro, pa\u00edses de origen, ubicaci\u00f3n exacta de las tierras, as\u00ed como cualquier certificaci\u00f3n de sostenibilidad.<\/p>\n<h3>Responsabilidad y representaci\u00f3n en la diligencia debida<\/h3>\n<p>Si trabajas con m\u00faltiples productos y proveedores, gestionar la diligencia debida puede ser complicado. Por ello, se puede designar a una <strong>Representante Autorizado que ser\u00e1 el encargado de presentar la declaraci\u00f3n debida.<\/strong><\/p>\n<p><strong>IMPORTANTE:<\/strong> la responsabilidad final recae sobre ti como operador y no en el Representante Autorizado.<\/p>\n<h2>\u00bfCu\u00e1l ser\u00e1 la autoridad nacional competente con la aplicaci\u00f3n del Reglamento de deforestaci\u00f3n?<\/h2>\n<p>Cada pa\u00eds de la UE tiene un organismo. En Espa\u00f1a, por ejemplo, ser\u00e1 la <a href=\"https:\/\/administracion.gob.es\/pagFront\/espanaAdmon\/directorioOrganigramas\/fichaUnidadOrganica.htm?idUnidOrganica=129307&amp;origenUO=&amp;volver=volverFicha\" target=\"_blank\" rel=\"noopener\"><strong>Direcci\u00f3n General de Biodiversidad, Bosques y Desertificaci\u00f3n<\/strong> <\/a>del Ministerio para la Transici\u00f3n Ecol\u00f3gica y el Reto Demogr\u00e1fico (MITECO) del Gobierno de Espa\u00f1a. No obstante, se prev\u00e9 que en 2028 el intercambio de informaci\u00f3n sea a trav\u00e9s de un portal electr\u00f3nico basado en el entorno de ventanilla \u00fanica de la Uni\u00f3n Europea.<\/p>\n<p>En otros pa\u00edses como es el caso de Portugal, la entidad responsable de supervisar y aplicar el <strong>Reglamento de Deforestaci\u00f3n de la UE (EUDR)<\/strong> ser\u00e1 el <strong><a href=\"https:\/\/www.icnf.pt\/\" target=\"_blank\" rel=\"noopener\">Instituto da Conserva\u00e7\u00e3o da Natureza e das Florestas<\/a> (ICNF)<\/strong>. Esta agencia es parte del Ministerio del Ambiente y de la Acci\u00f3n Clim\u00e1tica en Portugal.<\/p>\n<h2>\u00bfC\u00f3mo prepararse para el Reglamento (UE) 2023\/1115?<\/h2>\n<p>Si importas, exportas o comercializas debes adaptarte con antelaci\u00f3n para evitar problemas en la cadena de suministro. El EUDR de obligatorio cumplimiento exige a los operadores que est\u00e9n al tanto de las nuevas normativas.<\/p>\n<h2>Conclusi\u00f3n<\/h2>\n<p>El <strong>Reglamento de Deforestaci\u00f3n UE<\/strong> trae cambios cruciales para quienes importan y exportan en la UE, estableciendo normas clave para proteger el medio ambiente. \u00bfQuieres saber c\u00f3mo estos requisitos pueden impactar tu cadena de suministro? <strong>Descubre c\u00f3mo prepararte para cumplir con el EUDR y asegurar que tu cadena de suministro est\u00e9 en l\u00ednea con la normativa.<\/strong> \u00a1Inf\u00f3rmate y asegura tu cumplimiento!<\/p>\n<div  class='avia-button-wrap av-2jwk99-1-2ffa7cd7e76b9ab17766aca71d2a18b4-wrap avia-button-center  avia-builder-el-3  el_after_av_hr  el_before_av_hr '><a href='\/es\/servicios\/agente-aduanas'  class='avia-button av-2jwk99-1-2ffa7cd7e76b9ab17766aca71d2a18b4 av-link-btn avia-icon_select-yes-left-icon avia-size-x-large avia-position-center avia-color-theme-color-highlight'  ><span class='avia_button_icon avia_button_icon_left' aria-hidden='true' data-av_icon='\ue805' data-av_iconfont='entypo-fontello'><\/span><span class='avia_iconbox_title' >Quiero m\u00e1s informaci\u00f3n<\/span><\/a><\/div>\n\n<style type=\"text\/css\" data-created_by=\"avia_inline_auto\" id=\"style-css-av-6ftfgy-1-145d6c578e1157e54c79d8eec3f9e471\">\n#top .hr.hr-invisible.av-6ftfgy-1-145d6c578e1157e54c79d8eec3f9e471{\nheight:50px;\n}\n<\/style>\n<div  class='hr av-6ftfgy-1-145d6c578e1157e54c79d8eec3f9e471 hr-invisible  avia-builder-el-4  el_after_av_button  avia-builder-el-last '><span class='hr-inner '><span class=\"hr-inner-style\"><\/span><\/span><\/div>\n","protected":false},"excerpt":{"rendered":"<p>El Reglamento (UE) 2023\/1115 introduce nuevas obligaciones para los productos derivados de materias primas que se asocian a la deforestaci\u00f3n. Por tanto, el principal objetivo es reducir la deforestaci\u00f3n y la degradaci\u00f3n forestal a nivel mundial.<\/p>\n","protected":false},"author":2,"featured_media":64429,"comment_status":"open","ping_status":"closed","sticky":false,"template":"","format":"standard","meta":{"footnotes":""},"categories":[621,617],"tags":[805,832],"class_list":["post-64370","post","type-post","status-publish","format-standard","has-post-thumbnail","hentry","category-normativas","category-sostenibilidad","tag-espana","tag-portugal"],"yoast_head":"<!-- This site is optimized with the Yoast SEO plugin v27.5 - https:\/\/yoast.com\/product\/yoast-seo-wordpress\/ -->\n<title>Reglamento de deforestaci\u00f3n UE: Claves sobre el EUDR | TIBA<\/title>\n<meta name=\"description\" content=\"Si eres importador, exportador o comercializador de determinados productos el Reglamento (UE) 2023\/1115 te afecta. Aqu\u00ed toda la informaci\u00f3n.\" \/>\n<meta name=\"robots\" content=\"index, follow, max-snippet:-1, max-image-preview:large, max-video-preview:-1\" \/>\n<link rel=\"canonical\" href=\"https:\/\/www.tibagroup.com\/es\/logistica\/sostenibilidad\/reglamento-deforestacion-ue\" \/>\n<meta property=\"og:locale\" content=\"es_ES\" \/>\n<meta property=\"og:type\" content=\"article\" \/>\n<meta property=\"og:title\" content=\"Reglamento de deforestaci\u00f3n UE: Claves sobre el EUDR | TIBA\" \/>\n<meta property=\"og:description\" content=\"Si eres importador, exportador o comercializador de determinados productos el Reglamento (UE) 2023\/1115 te afecta. Aqu\u00ed toda la informaci\u00f3n.\" \/>\n<meta property=\"og:url\" content=\"https:\/\/www.tibagroup.com\/es\/logistica\/sostenibilidad\/reglamento-deforestacion-ue\" \/>\n<meta property=\"og:site_name\" content=\"TIBA\" \/>\n<meta property=\"article:published_time\" content=\"2024-11-15T11:02:28+00:00\" \/>\n<meta property=\"article:modified_time\" content=\"2026-01-26T10:59:30+00:00\" \/>\n<meta property=\"og:image\" content=\"https:\/\/www.tibagroup.com\/wp-content\/uploads\/2024\/11\/blog-TIBA-reglamento-ue-2023-1115-deforestacion-productos-materias-primas-scaled.webp\" \/>\n\t<meta property=\"og:image:width\" content=\"2560\" \/>\n\t<meta property=\"og:image:height\" content=\"1069\" \/>\n\t<meta property=\"og:image:type\" content=\"image\/webp\" \/>\n<meta name=\"author\" content=\"TIBA\" \/>\n<meta name=\"twitter:card\" content=\"summary_large_image\" \/>\n<meta name=\"twitter:creator\" content=\"@eaguado\" \/>\n<meta name=\"twitter:label1\" content=\"Written by\" \/>\n\t<meta name=\"twitter:data1\" content=\"TIBA\" \/>\n<!-- \/ Yoast SEO plugin. -->","yoast_head_json":{"title":"Reglamento de deforestaci\u00f3n UE: Claves sobre el EUDR | TIBA","description":"Si eres importador, exportador o comercializador de determinados productos el Reglamento (UE) 2023\/1115 te afecta. Aqu\u00ed toda la informaci\u00f3n.","robots":{"index":"index","follow":"follow","max-snippet":"max-snippet:-1","max-image-preview":"max-image-preview:large","max-video-preview":"max-video-preview:-1"},"canonical":"https:\/\/www.tibagroup.com\/es\/logistica\/sostenibilidad\/reglamento-deforestacion-ue","og_locale":"es_ES","og_type":"article","og_title":"Reglamento de deforestaci\u00f3n UE: Claves sobre el EUDR | TIBA","og_description":"Si eres importador, exportador o comercializador de determinados productos el Reglamento (UE) 2023\/1115 te afecta. Aqu\u00ed toda la informaci\u00f3n.","og_url":"https:\/\/www.tibagroup.com\/es\/logistica\/sostenibilidad\/reglamento-deforestacion-ue","og_site_name":"TIBA","article_published_time":"2024-11-15T11:02:28+00:00","article_modified_time":"2026-01-26T10:59:30+00:00","og_image":[{"width":2560,"height":1069,"url":"https:\/\/www.tibagroup.com\/wp-content\/uploads\/2024\/11\/blog-TIBA-reglamento-ue-2023-1115-deforestacion-productos-materias-primas-scaled.webp","type":"image\/webp"}],"author":"TIBA","twitter_card":"summary_large_image","twitter_creator":"@eaguado","twitter_misc":{"Written by":"TIBA"},"schema":{"@context":"https:\/\/schema.org","@graph":[{"@type":"Article","@id":"https:\/\/www.tibagroup.com\/es\/logistica\/sostenibilidad\/reglamento-deforestacion-ue#article","isPartOf":{"@id":"https:\/\/www.tibagroup.com\/es\/logistica\/sostenibilidad\/reglamento-deforestacion-ue"},"author":{"name":"TIBA","@id":"https:\/\/www.tibagroup.com\/es#\/schema\/person\/05c092dcc51b7a515503f3d10c916094"},"headline":"Reglamento de Deforestaci\u00f3n UE 2023\/1115","datePublished":"2024-11-15T11:02:28+00:00","dateModified":"2026-01-26T10:59:30+00:00","mainEntityOfPage":{"@id":"https:\/\/www.tibagroup.com\/es\/logistica\/sostenibilidad\/reglamento-deforestacion-ue"},"wordCount":2050,"commentCount":0,"publisher":{"@id":"https:\/\/www.tibagroup.com\/es#organization"},"image":{"@id":"https:\/\/www.tibagroup.com\/es\/logistica\/sostenibilidad\/reglamento-deforestacion-ue#primaryimage"},"thumbnailUrl":"https:\/\/www.tibagroup.com\/wp-content\/uploads\/2024\/11\/blog-TIBA-reglamento-ue-2023-1115-deforestacion-productos-materias-primas-scaled.webp","keywords":["Espa\u00f1a","Portugal"],"articleSection":["Normativas","Sostenibilidad"],"inLanguage":"es","potentialAction":[{"@type":"CommentAction","name":"Comment","target":["https:\/\/www.tibagroup.com\/es\/logistica\/sostenibilidad\/reglamento-deforestacion-ue#respond"]}]},{"@type":"WebPage","@id":"https:\/\/www.tibagroup.com\/es\/logistica\/sostenibilidad\/reglamento-deforestacion-ue","url":"https:\/\/www.tibagroup.com\/es\/logistica\/sostenibilidad\/reglamento-deforestacion-ue","name":"Reglamento de deforestaci\u00f3n UE: Claves sobre el EUDR | TIBA","isPartOf":{"@id":"https:\/\/www.tibagroup.com\/es#website"},"primaryImageOfPage":{"@id":"https:\/\/www.tibagroup.com\/es\/logistica\/sostenibilidad\/reglamento-deforestacion-ue#primaryimage"},"image":{"@id":"https:\/\/www.tibagroup.com\/es\/logistica\/sostenibilidad\/reglamento-deforestacion-ue#primaryimage"},"thumbnailUrl":"https:\/\/www.tibagroup.com\/wp-content\/uploads\/2024\/11\/blog-TIBA-reglamento-ue-2023-1115-deforestacion-productos-materias-primas-scaled.webp","datePublished":"2024-11-15T11:02:28+00:00","dateModified":"2026-01-26T10:59:30+00:00","description":"Si eres importador, exportador o comercializador de determinados productos el Reglamento (UE) 2023\/1115 te afecta. Aqu\u00ed toda la informaci\u00f3n.","breadcrumb":{"@id":"https:\/\/www.tibagroup.com\/es\/logistica\/sostenibilidad\/reglamento-deforestacion-ue#breadcrumb"},"inLanguage":"es","potentialAction":[{"@type":"ReadAction","target":["https:\/\/www.tibagroup.com\/es\/logistica\/sostenibilidad\/reglamento-deforestacion-ue"]}]},{"@type":"ImageObject","inLanguage":"es","@id":"https:\/\/www.tibagroup.com\/es\/logistica\/sostenibilidad\/reglamento-deforestacion-ue#primaryimage","url":"https:\/\/www.tibagroup.com\/wp-content\/uploads\/2024\/11\/blog-TIBA-reglamento-ue-2023-1115-deforestacion-productos-materias-primas-scaled.webp","contentUrl":"https:\/\/www.tibagroup.com\/wp-content\/uploads\/2024\/11\/blog-TIBA-reglamento-ue-2023-1115-deforestacion-productos-materias-primas-scaled.webp","width":2560,"height":1069,"caption":"Pellets de madera y troncos apilados, representando el uso sostenible de recursos forestales seg\u00fan las normas del Reglamento de Deforestaci\u00f3n de la UE."},{"@type":"BreadcrumbList","@id":"https:\/\/www.tibagroup.com\/es\/logistica\/sostenibilidad\/reglamento-deforestacion-ue#breadcrumb","itemListElement":[{"@type":"ListItem","position":1,"name":"In\u00edcio","item":"https:\/\/www.tibagroup.com\/es\/agente-carga-operador-logistico"},{"@type":"ListItem","position":2,"name":"Log\u00edstica","item":"https:\/\/www.tibagroup.com\/es\/logistica"},{"@type":"ListItem","position":3,"name":"Sostenibilidad","item":"https:\/\/www.tibagroup.com\/es\/logistica\/sostenibilidad"},{"@type":"ListItem","position":4,"name":"Reglamento de Deforestaci\u00f3n UE 2023\/1115"}]},{"@type":"WebSite","@id":"https:\/\/www.tibagroup.com\/es#website","url":"https:\/\/www.tibagroup.com\/es","name":"TIBA","description":"Log\u00edstica y transporte internacional.","publisher":{"@id":"https:\/\/www.tibagroup.com\/es#organization"},"potentialAction":[{"@type":"SearchAction","target":{"@type":"EntryPoint","urlTemplate":"https:\/\/www.tibagroup.com\/es?s={search_term_string}"},"query-input":{"@type":"PropertyValueSpecification","valueRequired":true,"valueName":"search_term_string"}}],"inLanguage":"es"},{"@type":"Organization","@id":"https:\/\/www.tibagroup.com\/es#organization","name":"TIBA","url":"https:\/\/www.tibagroup.com\/es","logo":{"@type":"ImageObject","inLanguage":"es","@id":"https:\/\/www.tibagroup.com\/es#\/schema\/logo\/image\/","url":"https:\/\/www.tibagroup.com\/wp-content\/uploads\/2024\/02\/logo-web-TIBA.png","contentUrl":"https:\/\/www.tibagroup.com\/wp-content\/uploads\/2024\/02\/logo-web-TIBA.png","width":352,"height":116,"caption":"TIBA"},"image":{"@id":"https:\/\/www.tibagroup.com\/es#\/schema\/logo\/image\/"}},{"@type":"Person","@id":"https:\/\/www.tibagroup.com\/es#\/schema\/person\/05c092dcc51b7a515503f3d10c916094","name":"TIBA","image":{"@type":"ImageObject","inLanguage":"es","@id":"https:\/\/secure.gravatar.com\/avatar\/fe41478412b0c43764499979d851fae89a1f174100b1c19a55e15c00fde1851d?s=96&d=mm&r=g","url":"https:\/\/secure.gravatar.com\/avatar\/fe41478412b0c43764499979d851fae89a1f174100b1c19a55e15c00fde1851d?s=96&d=mm&r=g","contentUrl":"https:\/\/secure.gravatar.com\/avatar\/fe41478412b0c43764499979d851fae89a1f174100b1c19a55e15c00fde1851d?s=96&d=mm&r=g","caption":"TIBA"},"sameAs":["https:\/\/x.com\/eaguado"]}]}},"_links":{"self":[{"href":"https:\/\/www.tibagroup.com\/es\/wp-json\/wp\/v2\/posts\/64370","targetHints":{"allow":["GET"]}}],"collection":[{"href":"https:\/\/www.tibagroup.com\/es\/wp-json\/wp\/v2\/posts"}],"about":[{"href":"https:\/\/www.tibagroup.com\/es\/wp-json\/wp\/v2\/types\/post"}],"author":[{"embeddable":true,"href":"https:\/\/www.tibagroup.com\/es\/wp-json\/wp\/v2\/users\/2"}],"replies":[{"embeddable":true,"href":"https:\/\/www.tibagroup.com\/es\/wp-json\/wp\/v2\/comments?post=64370"}],"version-history":[{"count":45,"href":"https:\/\/www.tibagroup.com\/es\/wp-json\/wp\/v2\/posts\/64370\/revisions"}],"predecessor-version":[{"id":76519,"href":"https:\/\/www.tibagroup.com\/es\/wp-json\/wp\/v2\/posts\/64370\/revisions\/76519"}],"wp:featuredmedia":[{"embeddable":true,"href":"https:\/\/www.tibagroup.com\/es\/wp-json\/wp\/v2\/media\/64429"}],"wp:attachment":[{"href":"https:\/\/www.tibagroup.com\/es\/wp-json\/wp\/v2\/media?parent=64370"}],"wp:term":[{"taxonomy":"category","embeddable":true,"href":"https:\/\/www.tibagroup.com\/es\/wp-json\/wp\/v2\/categories?post=64370"},{"taxonomy":"post_tag","embeddable":true,"href":"https:\/\/www.tibagroup.com\/es\/wp-json\/wp\/v2\/tags?post=64370"}],"curies":[{"name":"wp","href":"https:\/\/api.w.org\/{rel}","templated":true}]}}