{"id":64301,"date":"2024-11-06T16:40:00","date_gmt":"2024-11-06T15:40:00","guid":{"rendered":"https:\/\/www.tibagroup.com\/?p=64301"},"modified":"2026-01-14T10:58:54","modified_gmt":"2026-01-14T09:58:54","slug":"autorizacion-temporal-almacen-sanitario","status":"publish","type":"post","link":"https:\/\/www.tibagroup.com\/es\/logistica\/distribucion-almacenes\/autorizacion-temporal-almacen-sanitario","title":{"rendered":"Autorizaci\u00f3n temporal de almac\u00e9n sanitario"},"content":{"rendered":"<blockquote><p>La <a href=\"https:\/\/www.aemps.gob.es\/\" target=\"_blank\" rel=\"noopener\">AEMPS<\/a> (Agencia Espa\u00f1ola de Medicamentos y Productos Sanitarios), aprueba de manera excepcional la emisi\u00f3n de <strong>autorizaciones temporales<\/strong> para instalaciones de <strong>almacenaje de productos sanitarios<\/strong> ante la situaci\u00f3n que est\u00e1 viviendo la Comunidad Valenciana producida por la DANA.\u00a0Si tus instalaciones de productos sanitarios se han visto afectadas y <strong>necesitas trasladar a otras instalaciones autorizadas<\/strong> tu productos, contacta con nuestro equipo especializado en <a href=\"\/es\/servicios\/logistica-salud\">log\u00edstica sanitaria<\/a>.<\/p><\/blockquote>\n<h2>\u00bfQui\u00e9n puede solicitar un almac\u00e9n sanitario temporal?<\/h2>\n<p>Pueden solicitar un <a href=\"\/es\/servicios\/logistica-distribucion-almacenes\/sanitarios\">almac\u00e9n sanitario<\/a> temporal todas las empresas cuyas instalaciones est\u00e9n ubicadas en zonas afectadas por la DANA y tengan productos sanitarios y\/o productos sanitarios de diagn\u00f3stico in vitro almacenados que necesiten ser trasladados a una nueva ubicaci\u00f3n o requieran nuevas instalaciones de almacenaje.<\/p>\n<h2>\u00bfQu\u00e9 documentaci\u00f3n se necesita para solicitar la autorizaci\u00f3n temporal para almacenaje de productos sanitarios?<\/h2>\n<p>Las empresas afectadas que deseen <strong>vincular sus productos sanitarios a un nuevo almac\u00e9n sanitario<\/strong> deben remitir la siguiente <strong>documentaci\u00f3n<\/strong> al correo electr\u00f3nico psintal@aemps.es:<\/p>\n<ul>\n<li>Documento de solicitud de un almac\u00e9n temporal firmado por la direcci\u00f3n\/gerencia de la empresa.<\/li>\n<li>Documento que indique las instalaciones afectadas y que describa los da\u00f1os provocados por la DANA en las instalaciones de la empresa, y justificaci\u00f3n de la necesidad del nuevo almac\u00e9n temporal.<\/li>\n<li>Relaci\u00f3n de los tipos de productos que se almacenar\u00e1n en las nuevas instalaciones.<\/li>\n<li>Declaraci\u00f3n de la empresa en la que se asegure que los productos sanitarios y\/o productos sanitarios de diagn\u00f3stico in vitro que van a ser trasladados no han sufrido da\u00f1os ni han estado sometidos a condiciones ambientales que puedan afectar su funcionamiento o seguridad.<\/li>\n<li>Descripci\u00f3n de las nuevas instalaciones temporales de almacenaje:\n<ul>\n<li>En caso de tratarse de instalaciones subcontratadas nombre y domicilio social de la empresa subcontratada para el almacenaje.<\/li>\n<li>Ubicaci\u00f3n y planos.<\/li>\n<li>Memoria descriptiva de las instalaciones incluyendo las condiciones ambientales de las distintas zonas.<\/li>\n<\/ul>\n<\/li>\n<\/ul>\n<h2>\u00bfCu\u00e1l es la validez de las autorizaciones temporales de almacenes sanitarios?<\/h2>\n<p>Las<strong> autorizaciones temporales<\/strong> incluir\u00e1n las nuevas instalaciones temporales de almacenaje y tendr\u00e1n una <strong>validez de 3 meses<\/strong>. Se informar\u00e1 a las \u00e1reas de sanidad de las autorizaciones temporales que se vayan emitiendo ya que no estar\u00e1n disponibles en la aplicaci\u00f3n IPS.<\/p>\n<h2>Encuentra tu almac\u00e9n sanitario temporal<\/h2>\n<p>Si tus instalaciones de productos sanitarios se han visto afectadas por la DANA y necesitas vincular tus productos a una instalaci\u00f3n operativa autorizada por la AEMPS, as\u00ed como toda la gesti\u00f3n que conlleva esta gesti\u00f3n temporal, por favor contacta con nuestro equipo especializado en <a href=\"https:\/\/www.tibagroup.com\/es\/servicios\/logistica-salud\">log\u00edstica sanitaria<\/a> para juntos encontrar la mejor soluci\u00f3n.<\/p>\n<div  class='avia-button-wrap av-2jwk99-042409dfa56a24b3b37057746ca5ea84-wrap avia-button-center  avia-builder-el-0  avia-builder-el-no-sibling '><a href='\/es\/servicios\/logistica-distribucion-almacenes\/sanitarios#consultanos'  class='avia-button av-2jwk99-042409dfa56a24b3b37057746ca5ea84 av-link-btn avia-icon_select-yes-left-icon avia-size-x-large avia-position-center avia-color-theme-color-highlight'  ><span class='avia_button_icon avia_button_icon_left' aria-hidden='true' data-av_icon='\ue805' data-av_iconfont='entypo-fontello'><\/span><span class='avia_iconbox_title' >Necesito un almac\u00e9n sanitario<\/span><\/a><\/div>\n<p>&nbsp;<\/p>\n","protected":false},"excerpt":{"rendered":"<p>La AEPMS aprueba de manera excepcional la emisi\u00f3n de autorizaciones temporales para instalaciones de almacenaje de productos sanitarios ante la situaci\u00f3n que est\u00e1 viviendo la Comunidad Valenciana producida por la DANA.<\/p>\n","protected":false},"author":2,"featured_media":64315,"comment_status":"open","ping_status":"closed","sticky":false,"template":"","format":"standard","meta":{"footnotes":""},"categories":[620,364,628],"tags":[805],"class_list":["post-64301","post","type-post","status-publish","format-standard","has-post-thumbnail","hentry","category-mercado","category-distribucion-almacenes","category-industria-sanitaria","tag-espana"],"yoast_head":"<!-- This site is optimized with the Yoast SEO plugin v27.4 - https:\/\/yoast.com\/product\/yoast-seo-wordpress\/ -->\n<title>Autorizaci\u00f3n temporal de almac\u00e9n sanitario | TIBA<\/title>\n<meta name=\"description\" content=\"Vincula tus productos sanitarios a un almac\u00e9n sanitario temporal con la autorizaci\u00f3n temporal de la AEMPS\" \/>\n<meta name=\"robots\" content=\"index, follow, max-snippet:-1, max-image-preview:large, max-video-preview:-1\" \/>\n<link rel=\"canonical\" href=\"https:\/\/www.tibagroup.com\/es\/logistica\/distribucion-almacenes\/autorizacion-temporal-almacen-sanitario\" \/>\n<meta property=\"og:locale\" content=\"es_ES\" \/>\n<meta property=\"og:type\" content=\"article\" \/>\n<meta property=\"og:title\" content=\"Autorizaci\u00f3n temporal de almac\u00e9n sanitario | TIBA\" \/>\n<meta property=\"og:description\" content=\"Vincula tus productos sanitarios a un almac\u00e9n sanitario temporal con la autorizaci\u00f3n temporal de la AEMPS\" \/>\n<meta property=\"og:url\" content=\"https:\/\/www.tibagroup.com\/es\/logistica\/distribucion-almacenes\/autorizacion-temporal-almacen-sanitario\" \/>\n<meta property=\"og:site_name\" content=\"TIBA\" \/>\n<meta property=\"article:published_time\" content=\"2024-11-06T15:40:00+00:00\" \/>\n<meta property=\"article:modified_time\" content=\"2026-01-14T09:58:54+00:00\" \/>\n<meta property=\"og:image\" content=\"https:\/\/www.tibagroup.com\/wp-content\/uploads\/2024\/11\/Diseno-sin-titulo-2.jpg\" \/>\n\t<meta property=\"og:image:width\" content=\"2400\" \/>\n\t<meta property=\"og:image:height\" content=\"1600\" \/>\n\t<meta property=\"og:image:type\" content=\"image\/jpeg\" \/>\n<meta name=\"author\" content=\"TIBA\" \/>\n<meta name=\"twitter:card\" content=\"summary_large_image\" \/>\n<meta name=\"twitter:creator\" content=\"@eaguado\" \/>\n<meta name=\"twitter:label1\" content=\"Written by\" \/>\n\t<meta name=\"twitter:data1\" content=\"TIBA\" \/>\n\t<meta name=\"twitter:label2\" content=\"Est. reading time\" \/>\n\t<meta name=\"twitter:data2\" content=\"2 minutes\" \/>\n<!-- \/ Yoast SEO plugin. -->","yoast_head_json":{"title":"Autorizaci\u00f3n temporal de almac\u00e9n sanitario | TIBA","description":"Vincula tus productos sanitarios a un almac\u00e9n sanitario temporal con la autorizaci\u00f3n temporal de la AEMPS","robots":{"index":"index","follow":"follow","max-snippet":"max-snippet:-1","max-image-preview":"max-image-preview:large","max-video-preview":"max-video-preview:-1"},"canonical":"https:\/\/www.tibagroup.com\/es\/logistica\/distribucion-almacenes\/autorizacion-temporal-almacen-sanitario","og_locale":"es_ES","og_type":"article","og_title":"Autorizaci\u00f3n temporal de almac\u00e9n sanitario | TIBA","og_description":"Vincula tus productos sanitarios a un almac\u00e9n sanitario temporal con la autorizaci\u00f3n temporal de la AEMPS","og_url":"https:\/\/www.tibagroup.com\/es\/logistica\/distribucion-almacenes\/autorizacion-temporal-almacen-sanitario","og_site_name":"TIBA","article_published_time":"2024-11-06T15:40:00+00:00","article_modified_time":"2026-01-14T09:58:54+00:00","og_image":[{"width":2400,"height":1600,"url":"https:\/\/www.tibagroup.com\/wp-content\/uploads\/2024\/11\/Diseno-sin-titulo-2.jpg","type":"image\/jpeg"}],"author":"TIBA","twitter_card":"summary_large_image","twitter_creator":"@eaguado","twitter_misc":{"Written by":"TIBA","Est. reading time":"2 minutes"},"schema":{"@context":"https:\/\/schema.org","@graph":[{"@type":"Article","@id":"https:\/\/www.tibagroup.com\/es\/logistica\/distribucion-almacenes\/autorizacion-temporal-almacen-sanitario#article","isPartOf":{"@id":"https:\/\/www.tibagroup.com\/es\/logistica\/distribucion-almacenes\/autorizacion-temporal-almacen-sanitario"},"author":{"name":"TIBA","@id":"https:\/\/www.tibagroup.com\/es#\/schema\/person\/05c092dcc51b7a515503f3d10c916094"},"headline":"Autorizaci\u00f3n temporal de almac\u00e9n sanitario","datePublished":"2024-11-06T15:40:00+00:00","dateModified":"2026-01-14T09:58:54+00:00","mainEntityOfPage":{"@id":"https:\/\/www.tibagroup.com\/es\/logistica\/distribucion-almacenes\/autorizacion-temporal-almacen-sanitario"},"wordCount":721,"commentCount":0,"publisher":{"@id":"https:\/\/www.tibagroup.com\/es#organization"},"image":{"@id":"https:\/\/www.tibagroup.com\/es\/logistica\/distribucion-almacenes\/autorizacion-temporal-almacen-sanitario#primaryimage"},"thumbnailUrl":"https:\/\/www.tibagroup.com\/wp-content\/uploads\/2024\/11\/Diseno-sin-titulo-2.jpg","keywords":["Espa\u00f1a"],"articleSection":["Actualizaci\u00f3n de mercado","Distribuci\u00f3n y almacenes","Industria sanitaria"],"inLanguage":"es","potentialAction":[{"@type":"CommentAction","name":"Comment","target":["https:\/\/www.tibagroup.com\/es\/logistica\/distribucion-almacenes\/autorizacion-temporal-almacen-sanitario#respond"]}]},{"@type":"WebPage","@id":"https:\/\/www.tibagroup.com\/es\/logistica\/distribucion-almacenes\/autorizacion-temporal-almacen-sanitario","url":"https:\/\/www.tibagroup.com\/es\/logistica\/distribucion-almacenes\/autorizacion-temporal-almacen-sanitario","name":"Autorizaci\u00f3n temporal de almac\u00e9n sanitario | TIBA","isPartOf":{"@id":"https:\/\/www.tibagroup.com\/es#website"},"primaryImageOfPage":{"@id":"https:\/\/www.tibagroup.com\/es\/logistica\/distribucion-almacenes\/autorizacion-temporal-almacen-sanitario#primaryimage"},"image":{"@id":"https:\/\/www.tibagroup.com\/es\/logistica\/distribucion-almacenes\/autorizacion-temporal-almacen-sanitario#primaryimage"},"thumbnailUrl":"https:\/\/www.tibagroup.com\/wp-content\/uploads\/2024\/11\/Diseno-sin-titulo-2.jpg","datePublished":"2024-11-06T15:40:00+00:00","dateModified":"2026-01-14T09:58:54+00:00","description":"Vincula tus productos sanitarios a un almac\u00e9n sanitario temporal con la autorizaci\u00f3n temporal de la AEMPS","breadcrumb":{"@id":"https:\/\/www.tibagroup.com\/es\/logistica\/distribucion-almacenes\/autorizacion-temporal-almacen-sanitario#breadcrumb"},"inLanguage":"es","potentialAction":[{"@type":"ReadAction","target":["https:\/\/www.tibagroup.com\/es\/logistica\/distribucion-almacenes\/autorizacion-temporal-almacen-sanitario"]}]},{"@type":"ImageObject","inLanguage":"es","@id":"https:\/\/www.tibagroup.com\/es\/logistica\/distribucion-almacenes\/autorizacion-temporal-almacen-sanitario#primaryimage","url":"https:\/\/www.tibagroup.com\/wp-content\/uploads\/2024\/11\/Diseno-sin-titulo-2.jpg","contentUrl":"https:\/\/www.tibagroup.com\/wp-content\/uploads\/2024\/11\/Diseno-sin-titulo-2.jpg","width":2400,"height":1600,"caption":"Sanitario con materiales sanitarios"},{"@type":"BreadcrumbList","@id":"https:\/\/www.tibagroup.com\/es\/logistica\/distribucion-almacenes\/autorizacion-temporal-almacen-sanitario#breadcrumb","itemListElement":[{"@type":"ListItem","position":1,"name":"In\u00edcio","item":"https:\/\/www.tibagroup.com\/es\/agente-carga-operador-logistico"},{"@type":"ListItem","position":2,"name":"Log\u00edstica","item":"https:\/\/www.tibagroup.com\/es\/logistica"},{"@type":"ListItem","position":3,"name":"Distribuci\u00f3n y almacenes","item":"https:\/\/www.tibagroup.com\/es\/logistica\/distribucion-almacenes"},{"@type":"ListItem","position":4,"name":"Autorizaci\u00f3n temporal de almac\u00e9n sanitario"}]},{"@type":"WebSite","@id":"https:\/\/www.tibagroup.com\/es#website","url":"https:\/\/www.tibagroup.com\/es","name":"TIBA","description":"Log\u00edstica y transporte internacional.","publisher":{"@id":"https:\/\/www.tibagroup.com\/es#organization"},"potentialAction":[{"@type":"SearchAction","target":{"@type":"EntryPoint","urlTemplate":"https:\/\/www.tibagroup.com\/es?s={search_term_string}"},"query-input":{"@type":"PropertyValueSpecification","valueRequired":true,"valueName":"search_term_string"}}],"inLanguage":"es"},{"@type":"Organization","@id":"https:\/\/www.tibagroup.com\/es#organization","name":"TIBA","url":"https:\/\/www.tibagroup.com\/es","logo":{"@type":"ImageObject","inLanguage":"es","@id":"https:\/\/www.tibagroup.com\/es#\/schema\/logo\/image\/","url":"https:\/\/www.tibagroup.com\/wp-content\/uploads\/2024\/02\/logo-web-TIBA.png","contentUrl":"https:\/\/www.tibagroup.com\/wp-content\/uploads\/2024\/02\/logo-web-TIBA.png","width":352,"height":116,"caption":"TIBA"},"image":{"@id":"https:\/\/www.tibagroup.com\/es#\/schema\/logo\/image\/"}},{"@type":"Person","@id":"https:\/\/www.tibagroup.com\/es#\/schema\/person\/05c092dcc51b7a515503f3d10c916094","name":"TIBA","image":{"@type":"ImageObject","inLanguage":"es","@id":"https:\/\/secure.gravatar.com\/avatar\/fe41478412b0c43764499979d851fae89a1f174100b1c19a55e15c00fde1851d?s=96&d=mm&r=g","url":"https:\/\/secure.gravatar.com\/avatar\/fe41478412b0c43764499979d851fae89a1f174100b1c19a55e15c00fde1851d?s=96&d=mm&r=g","contentUrl":"https:\/\/secure.gravatar.com\/avatar\/fe41478412b0c43764499979d851fae89a1f174100b1c19a55e15c00fde1851d?s=96&d=mm&r=g","caption":"TIBA"},"sameAs":["https:\/\/x.com\/eaguado"]}]}},"_links":{"self":[{"href":"https:\/\/www.tibagroup.com\/es\/wp-json\/wp\/v2\/posts\/64301","targetHints":{"allow":["GET"]}}],"collection":[{"href":"https:\/\/www.tibagroup.com\/es\/wp-json\/wp\/v2\/posts"}],"about":[{"href":"https:\/\/www.tibagroup.com\/es\/wp-json\/wp\/v2\/types\/post"}],"author":[{"embeddable":true,"href":"https:\/\/www.tibagroup.com\/es\/wp-json\/wp\/v2\/users\/2"}],"replies":[{"embeddable":true,"href":"https:\/\/www.tibagroup.com\/es\/wp-json\/wp\/v2\/comments?post=64301"}],"version-history":[{"count":9,"href":"https:\/\/www.tibagroup.com\/es\/wp-json\/wp\/v2\/posts\/64301\/revisions"}],"predecessor-version":[{"id":68632,"href":"https:\/\/www.tibagroup.com\/es\/wp-json\/wp\/v2\/posts\/64301\/revisions\/68632"}],"wp:featuredmedia":[{"embeddable":true,"href":"https:\/\/www.tibagroup.com\/es\/wp-json\/wp\/v2\/media\/64315"}],"wp:attachment":[{"href":"https:\/\/www.tibagroup.com\/es\/wp-json\/wp\/v2\/media?parent=64301"}],"wp:term":[{"taxonomy":"category","embeddable":true,"href":"https:\/\/www.tibagroup.com\/es\/wp-json\/wp\/v2\/categories?post=64301"},{"taxonomy":"post_tag","embeddable":true,"href":"https:\/\/www.tibagroup.com\/es\/wp-json\/wp\/v2\/tags?post=64301"}],"curies":[{"name":"wp","href":"https:\/\/api.w.org\/{rel}","templated":true}]}}