{"id":49046,"date":"2022-06-27T09:00:18","date_gmt":"2022-06-27T07:00:18","guid":{"rendered":"https:\/\/www.tibagroup.com\/tiba-adquiere-bemel\/"},"modified":"2025-02-11T09:53:25","modified_gmt":"2025-02-11T08:53:25","slug":"tiba-adquiere-bemel","status":"publish","type":"post","link":"https:\/\/www.tibagroup.com\/es\/comunicacion\/prensa\/tiba-adquiere-bemel","title":{"rendered":"TIBA adquiere oficialmente Bemel"},"content":{"rendered":"<h2>Claves de la adquisici\u00f3n de Bemel por parte de TIBA<\/h2>\n<p>En el evento de <a href=\"\/es\/comunicacion\/prensa\/bemel-tiba-colombia\">oficializaci\u00f3n de la adquisici\u00f3n de Bemel<\/a> por parte de TIBA, que celebramos en compa\u00f1\u00eda de nuestros m\u00e1s importantes socios estrat\u00e9gicos en el centro de eventos Corferias, de la ciudad de Bogot\u00e1,<strong> nuestro CEO Javier Romeu nos cuenta las claves de esta operaci\u00f3n<\/strong> y la <strong>importancia que tiene Colombia<\/strong> en el crecimiento de la compa\u00f1\u00eda en Latinoam\u00e9rica.<\/p>\n<h2>&#8220;Hab\u00edamos conocido a Bemel y nos enamoramos r\u00e1pidamente&#8221;, Javier Romeu, CEO de TIBA<\/h2>\n<p>Siguiendo con sus planes de expansi\u00f3n por Latinoam\u00e9rica, TIBA puso el foco en Colombia. &#8220;Para nosotros lo importante realmente era invertir en una empresa colombiana. Hab\u00edamos conocido a Bemel y nos enamoramos r\u00e1pidamente de Bemel, pero tambi\u00e9n de Colombia. Es verdad que casi terminando el proceso nos lleg\u00f3 la pandemia y eso en alg\u00fan momento lo ralentiz\u00f3. Pero r\u00e1pidamente nos dimos cuenta de que a pesar de la pandemia ten\u00edamos que seguir adelante con nuestros planes de inversi\u00f3n y de esta manera en noviembre de 2020 culminamos la operaci\u00f3n, y creo que fue una grand\u00edsima decisi\u00f3n&#8221;, asegura Javier Romeu.<\/p>\n<div  class='avia-testimonial-wrapper av-48rqq1-42ded23920aee4bdd77cde42c8b2990f avia-grid-testimonials avia-grid-1-testimonials avia_animate_when_almost_visible' >\n<section class=\"avia-testimonial-row\"><div class='avia-testimonial av-342z8p-5b3e9f1ff068c154c367b2d59348f4cd avia-testimonial-row-1 avia-first-testimonial flex_column no_margin av_one_full'><div class='avia-testimonial_inner' ><div class='avia-testimonial-image' ><\/div><div class='avia-testimonial-content '><div class='avia-testimonial-markup-entry-content' ><p><strong>&#8220;Hab\u00edamos conocido a Bemel y nos enamoramos r\u00e1pidamente. Nos lleg\u00f3 la pandemia, pero nos dimos cuenta de que a pesar de la pandemia ten\u00edamos que seguir adelante y en noviembre de 2020 culminamos la operaci\u00f3n.&#8221;<\/strong><\/p>\n<\/div><\/div><div class=\"avia-testimonial-meta\"><div class=\"avia-testimonial-arrow-wrap\"><div class=\"avia-arrow\"><\/div><\/div><div class='avia-testimonial-meta-mini' ><strong  class='avia-testimonial-name' >Javier Romeu<\/strong><span  class='avia-testimonial-subtitle ' >CEO TIBA<\/span><\/div><\/div><\/div><\/div><\/section>\n<\/div>\n<p>&nbsp;<\/p>\n<h2>Los retos de TIBA en Colombia tras adquirir Bemel<\/h2>\n<p>Para ambas partes era muy importante la integraci\u00f3n de los equipos, lo cual se logr\u00f3 con facilidad. &#8220;Una vez hecha la adquisici\u00f3n, lo primero era asegurar la integraci\u00f3n, eso ya lo hemos completado, ha sido muy f\u00e1cil. Ha sido, adem\u00e1s, liderado desde Colombia. Lo habitual es que la empresa de fuera, la adquirente, sea quien tome esas decisiones. Nosotros lo hicimos al rev\u00e9s y nos fue muy bien. Los equipos aqu\u00ed (en Colombia), son excelentes.&#8221; explica Javier Romeu.<\/p>\n<p>La adquisici\u00f3n ha tra\u00eddo beneficios para ambas partes, seg\u00fan nos cuenta Javier Romeu: &#8220;esa integraci\u00f3n ahora ya se ha completado. Ahora tenemos que seguir creciendo y queremos una cierta migraci\u00f3n de cosas buenas en un sentido y el otro. Desde TIBA estamos trayendo aqu\u00ed algunas capacidades que Bemel no ten\u00eda, pero al rev\u00e9s tambi\u00e9n, desde Bemel estamos exportando muchas buenas pr\u00e1cticas y buenas cosas hacia al resto del mundo.&#8221;, asevera.<\/p>\n<div  class='avia-testimonial-wrapper av-48rqq1-2-c6911cb4452a3d59f49e0be88dfe9c4c avia-grid-testimonials avia-grid-1-testimonials avia_animate_when_almost_visible' >\n<section class=\"avia-testimonial-row\"><div class='avia-testimonial av-342z8p-1-a7cabc924cd0b5c8309803f92a809156 avia-testimonial-row-1 avia-first-testimonial flex_column no_margin av_one_full'><div class='avia-testimonial_inner' ><div class='avia-testimonial-image' ><\/div><div class='avia-testimonial-content '><div class='avia-testimonial-markup-entry-content' ><p><strong>&#8220;Lo primero era asegurar la integraci\u00f3n, eso ya lo hemos completado. Ahora tenemos que seguir creciendo y queremos una cierta migraci\u00f3n de cosas buenas en un sentido y el otro.&#8221;<\/strong><\/p>\n<\/div><\/div><div class=\"avia-testimonial-meta\"><div class=\"avia-testimonial-arrow-wrap\"><div class=\"avia-arrow\"><\/div><\/div><div class='avia-testimonial-meta-mini' ><strong  class='avia-testimonial-name' >Javier Romeu<\/strong><span  class='avia-testimonial-subtitle ' >CEO TIBA<\/span><\/div><\/div><\/div><\/div><\/section>\n<\/div>\n<p>El siguiente reto ser\u00e1 estar\u00e1 relacionado con la integraci\u00f3n de las verticales de TIBA, especialmente con las energ\u00edas renovables. &#8220;Las energ\u00edas renovables son una de nuestras especializaciones. Nosotros creemos mucho en los verticales, pues ir a ciertas industrias requiere un conocimiento espec\u00edfico y las energ\u00edas renovables es una de ellas, siendo claramente en la que m\u00e1s hemos estado trabajando especialmente en Latinoam\u00e9rica. Empezamos previamente en otros pa\u00edses como M\u00e9xico, Chile, Brasil y otros. Ahora tenemos por muchos motivos todo el foco puesto en Colombia y ya estamos haciendo bastantes proyectos en energ\u00eda fotovoltaica en donde trabajamos a todos los niveles.&#8221;, concluye Javier Romeu.<\/p>\n<p>&nbsp;<\/p>\n\n<style type=\"text\/css\" data-created_by=\"avia_inline_auto\" id=\"style-css-av-3u1h7t-8f01393c0af34c7ddf93caa6b5b69c5d\">\n.avia-image-container.av-3u1h7t-8f01393c0af34c7ddf93caa6b5b69c5d img.avia_image{\nbox-shadow:none;\n}\n.avia-image-container.av-3u1h7t-8f01393c0af34c7ddf93caa6b5b69c5d .av-image-caption-overlay-center{\ncolor:#ffffff;\n}\n<\/style>\n<div  class='avia-image-container av-3u1h7t-8f01393c0af34c7ddf93caa6b5b69c5d av-styling- avia-align-center  avia-builder-el-2  el_after_av_testimonials  el_before_av_button  av-small-hide av-mini-hide'  ><div class=\"avia-image-container-inner\"><div class=\"avia-image-overlay-wrap\"><img decoding=\"async\" loading=\"lazy\" class='wp-image- avia-img-lazy-loading- avia_image ' src=\"\/wp-content\/uploads\/2023\/12\/Descarga-BB-Tubos-Proyecto-Colombia.jpg\" alt='' title=''   \/><\/div><\/div><\/div>\n<p>&nbsp;<\/p>\n<div class=\"bigtextblue\" style=\"text-align: center;\">Conoce nuestras verticales adaptadas a la industria de las energ\u00edas renovables y<br \/>\nlos servicios log\u00edsticos especializados en la energ\u00eda solar y e\u00f3lica.<\/div>\n<div  class='avia-button-wrap av-30ilbt-7a9ce986cdc0be339d8a8a5bc08fb86c-wrap avia-button-center  avia-builder-el-3  el_after_av_image  avia-builder-el-last '><a href='\/es\/contacto'  class='avia-button av-30ilbt-7a9ce986cdc0be339d8a8a5bc08fb86c av-link-btn avia-icon_select-yes-left-icon avia-size-x-large avia-position-center avia-color-theme-color-highlight'  ><span class='avia_button_icon avia_button_icon_left' aria-hidden='true' data-av_icon='\ue805' data-av_iconfont='entypo-fontello'><\/span><span class='avia_iconbox_title' >Log\u00edstica energ\u00edas renovables<\/span><\/a><\/div>\n","protected":false},"excerpt":{"rendered":"<p>Nuestro CEO Javier Romeu nos cuenta las claves de la adquisici\u00f3n de Bemel y la oficializaci\u00f3n de la marca TIBA en Colombia.<\/p>\n","protected":false},"author":2,"featured_media":49047,"comment_status":"open","ping_status":"closed","sticky":false,"template":"","format":"standard","meta":{"footnotes":""},"categories":[334],"tags":[605,795],"class_list":["post-49046","post","type-post","status-publish","format-standard","has-post-thumbnail","hentry","category-prensa","tag-bemel-es","tag-colombia"],"yoast_head":"<!-- This site is optimized with the Yoast SEO plugin v27.4 - https:\/\/yoast.com\/product\/yoast-seo-wordpress\/ -->\n<title>TIBA adquiere oficialmente Bemel - TIBA<\/title>\n<meta name=\"description\" content=\"Nuestro CEO Javier Romeu nos cuenta las claves de la adquisici\u00f3n de Bemel y la oficializaci\u00f3n de la marca TIBA en Colombia.\" \/>\n<meta name=\"robots\" content=\"index, follow, max-snippet:-1, max-image-preview:large, max-video-preview:-1\" \/>\n<link rel=\"canonical\" href=\"https:\/\/www.tibagroup.com\/es\/comunicacion\/prensa\/tiba-adquiere-bemel\" \/>\n<meta property=\"og:locale\" content=\"es_ES\" \/>\n<meta property=\"og:type\" content=\"article\" \/>\n<meta property=\"og:title\" content=\"TIBA adquiere oficialmente Bemel - TIBA\" \/>\n<meta property=\"og:description\" content=\"Nuestro CEO Javier Romeu nos cuenta las claves de la adquisici\u00f3n de Bemel y la oficializaci\u00f3n de la marca TIBA en Colombia.\" \/>\n<meta property=\"og:url\" content=\"https:\/\/www.tibagroup.com\/es\/comunicacion\/prensa\/tiba-adquiere-bemel\" \/>\n<meta property=\"og:site_name\" content=\"TIBA\" \/>\n<meta property=\"article:published_time\" content=\"2022-06-27T07:00:18+00:00\" \/>\n<meta property=\"article:modified_time\" content=\"2025-02-11T08:53:25+00:00\" \/>\n<meta property=\"og:image\" content=\"https:\/\/www.tibagroup.com\/wp-content\/uploads\/2023\/12\/Javier-Romeu-TIBA-Colombia-_Bemel.jpg\" \/>\n\t<meta property=\"og:image:width\" content=\"900\" \/>\n\t<meta property=\"og:image:height\" content=\"600\" \/>\n\t<meta property=\"og:image:type\" content=\"image\/jpeg\" \/>\n<meta name=\"author\" content=\"TIBA\" \/>\n<meta name=\"twitter:card\" content=\"summary_large_image\" \/>\n<meta name=\"twitter:creator\" content=\"@eaguado\" \/>\n<meta name=\"twitter:label1\" content=\"Written by\" \/>\n\t<meta name=\"twitter:data1\" content=\"TIBA\" \/>\n\t<meta name=\"twitter:label2\" content=\"Est. reading time\" \/>\n\t<meta name=\"twitter:data2\" content=\"3 minutes\" \/>\n<!-- \/ Yoast SEO plugin. -->","yoast_head_json":{"title":"TIBA adquiere oficialmente Bemel - TIBA","description":"Nuestro CEO Javier Romeu nos cuenta las claves de la adquisici\u00f3n de Bemel y la oficializaci\u00f3n de la marca TIBA en Colombia.","robots":{"index":"index","follow":"follow","max-snippet":"max-snippet:-1","max-image-preview":"max-image-preview:large","max-video-preview":"max-video-preview:-1"},"canonical":"https:\/\/www.tibagroup.com\/es\/comunicacion\/prensa\/tiba-adquiere-bemel","og_locale":"es_ES","og_type":"article","og_title":"TIBA adquiere oficialmente Bemel - TIBA","og_description":"Nuestro CEO Javier Romeu nos cuenta las claves de la adquisici\u00f3n de Bemel y la oficializaci\u00f3n de la marca TIBA en Colombia.","og_url":"https:\/\/www.tibagroup.com\/es\/comunicacion\/prensa\/tiba-adquiere-bemel","og_site_name":"TIBA","article_published_time":"2022-06-27T07:00:18+00:00","article_modified_time":"2025-02-11T08:53:25+00:00","og_image":[{"width":900,"height":600,"url":"https:\/\/www.tibagroup.com\/wp-content\/uploads\/2023\/12\/Javier-Romeu-TIBA-Colombia-_Bemel.jpg","type":"image\/jpeg"}],"author":"TIBA","twitter_card":"summary_large_image","twitter_creator":"@eaguado","twitter_misc":{"Written by":"TIBA","Est. reading time":"3 minutes"},"schema":{"@context":"https:\/\/schema.org","@graph":[{"@type":"Article","@id":"https:\/\/www.tibagroup.com\/es\/comunicacion\/prensa\/tiba-adquiere-bemel#article","isPartOf":{"@id":"https:\/\/www.tibagroup.com\/es\/comunicacion\/prensa\/tiba-adquiere-bemel"},"author":{"name":"TIBA","@id":"https:\/\/www.tibagroup.com\/es#\/schema\/person\/05c092dcc51b7a515503f3d10c916094"},"headline":"TIBA adquiere oficialmente Bemel","datePublished":"2022-06-27T07:00:18+00:00","dateModified":"2025-02-11T08:53:25+00:00","mainEntityOfPage":{"@id":"https:\/\/www.tibagroup.com\/es\/comunicacion\/prensa\/tiba-adquiere-bemel"},"wordCount":823,"commentCount":0,"publisher":{"@id":"https:\/\/www.tibagroup.com\/es#organization"},"image":{"@id":"https:\/\/www.tibagroup.com\/es\/comunicacion\/prensa\/tiba-adquiere-bemel#primaryimage"},"thumbnailUrl":"https:\/\/www.tibagroup.com\/wp-content\/uploads\/2023\/12\/Javier-Romeu-TIBA-Colombia-_Bemel.jpg","keywords":["Bemel","Colombia"],"articleSection":["Prensa"],"inLanguage":"es","potentialAction":[{"@type":"CommentAction","name":"Comment","target":["https:\/\/www.tibagroup.com\/es\/comunicacion\/prensa\/tiba-adquiere-bemel#respond"]}]},{"@type":"WebPage","@id":"https:\/\/www.tibagroup.com\/es\/comunicacion\/prensa\/tiba-adquiere-bemel","url":"https:\/\/www.tibagroup.com\/es\/comunicacion\/prensa\/tiba-adquiere-bemel","name":"TIBA adquiere oficialmente Bemel - TIBA","isPartOf":{"@id":"https:\/\/www.tibagroup.com\/es#website"},"primaryImageOfPage":{"@id":"https:\/\/www.tibagroup.com\/es\/comunicacion\/prensa\/tiba-adquiere-bemel#primaryimage"},"image":{"@id":"https:\/\/www.tibagroup.com\/es\/comunicacion\/prensa\/tiba-adquiere-bemel#primaryimage"},"thumbnailUrl":"https:\/\/www.tibagroup.com\/wp-content\/uploads\/2023\/12\/Javier-Romeu-TIBA-Colombia-_Bemel.jpg","datePublished":"2022-06-27T07:00:18+00:00","dateModified":"2025-02-11T08:53:25+00:00","description":"Nuestro CEO Javier Romeu nos cuenta las claves de la adquisici\u00f3n de Bemel y la oficializaci\u00f3n de la marca TIBA en Colombia.","breadcrumb":{"@id":"https:\/\/www.tibagroup.com\/es\/comunicacion\/prensa\/tiba-adquiere-bemel#breadcrumb"},"inLanguage":"es","potentialAction":[{"@type":"ReadAction","target":["https:\/\/www.tibagroup.com\/es\/comunicacion\/prensa\/tiba-adquiere-bemel"]}]},{"@type":"ImageObject","inLanguage":"es","@id":"https:\/\/www.tibagroup.com\/es\/comunicacion\/prensa\/tiba-adquiere-bemel#primaryimage","url":"https:\/\/www.tibagroup.com\/wp-content\/uploads\/2023\/12\/Javier-Romeu-TIBA-Colombia-_Bemel.jpg","contentUrl":"https:\/\/www.tibagroup.com\/wp-content\/uploads\/2023\/12\/Javier-Romeu-TIBA-Colombia-_Bemel.jpg","width":900,"height":600,"caption":"Javier Romeu, CEO TIBA en la oficializaci\u00f3n de la marca TIBA en Colombia"},{"@type":"BreadcrumbList","@id":"https:\/\/www.tibagroup.com\/es\/comunicacion\/prensa\/tiba-adquiere-bemel#breadcrumb","itemListElement":[{"@type":"ListItem","position":1,"name":"In\u00edcio","item":"https:\/\/www.tibagroup.com\/es\/agente-carga-operador-logistico"},{"@type":"ListItem","position":2,"name":"Comunicaci\u00f3n y prensa","item":"https:\/\/www.tibagroup.com\/es\/comunicacion"},{"@type":"ListItem","position":3,"name":"Prensa","item":"https:\/\/www.tibagroup.com\/es\/comunicacion\/prensa"},{"@type":"ListItem","position":4,"name":"TIBA adquiere oficialmente Bemel"}]},{"@type":"WebSite","@id":"https:\/\/www.tibagroup.com\/es#website","url":"https:\/\/www.tibagroup.com\/es","name":"TIBA","description":"Log\u00edstica y transporte internacional.","publisher":{"@id":"https:\/\/www.tibagroup.com\/es#organization"},"potentialAction":[{"@type":"SearchAction","target":{"@type":"EntryPoint","urlTemplate":"https:\/\/www.tibagroup.com\/es?s={search_term_string}"},"query-input":{"@type":"PropertyValueSpecification","valueRequired":true,"valueName":"search_term_string"}}],"inLanguage":"es"},{"@type":"Organization","@id":"https:\/\/www.tibagroup.com\/es#organization","name":"TIBA","url":"https:\/\/www.tibagroup.com\/es","logo":{"@type":"ImageObject","inLanguage":"es","@id":"https:\/\/www.tibagroup.com\/es#\/schema\/logo\/image\/","url":"https:\/\/www.tibagroup.com\/wp-content\/uploads\/2024\/02\/logo-web-TIBA.png","contentUrl":"https:\/\/www.tibagroup.com\/wp-content\/uploads\/2024\/02\/logo-web-TIBA.png","width":352,"height":116,"caption":"TIBA"},"image":{"@id":"https:\/\/www.tibagroup.com\/es#\/schema\/logo\/image\/"}},{"@type":"Person","@id":"https:\/\/www.tibagroup.com\/es#\/schema\/person\/05c092dcc51b7a515503f3d10c916094","name":"TIBA","image":{"@type":"ImageObject","inLanguage":"es","@id":"https:\/\/secure.gravatar.com\/avatar\/fe41478412b0c43764499979d851fae89a1f174100b1c19a55e15c00fde1851d?s=96&d=mm&r=g","url":"https:\/\/secure.gravatar.com\/avatar\/fe41478412b0c43764499979d851fae89a1f174100b1c19a55e15c00fde1851d?s=96&d=mm&r=g","contentUrl":"https:\/\/secure.gravatar.com\/avatar\/fe41478412b0c43764499979d851fae89a1f174100b1c19a55e15c00fde1851d?s=96&d=mm&r=g","caption":"TIBA"},"sameAs":["https:\/\/x.com\/eaguado"]}]}},"_links":{"self":[{"href":"https:\/\/www.tibagroup.com\/es\/wp-json\/wp\/v2\/posts\/49046","targetHints":{"allow":["GET"]}}],"collection":[{"href":"https:\/\/www.tibagroup.com\/es\/wp-json\/wp\/v2\/posts"}],"about":[{"href":"https:\/\/www.tibagroup.com\/es\/wp-json\/wp\/v2\/types\/post"}],"author":[{"embeddable":true,"href":"https:\/\/www.tibagroup.com\/es\/wp-json\/wp\/v2\/users\/2"}],"replies":[{"embeddable":true,"href":"https:\/\/www.tibagroup.com\/es\/wp-json\/wp\/v2\/comments?post=49046"}],"version-history":[{"count":3,"href":"https:\/\/www.tibagroup.com\/es\/wp-json\/wp\/v2\/posts\/49046\/revisions"}],"predecessor-version":[{"id":67352,"href":"https:\/\/www.tibagroup.com\/es\/wp-json\/wp\/v2\/posts\/49046\/revisions\/67352"}],"wp:featuredmedia":[{"embeddable":true,"href":"https:\/\/www.tibagroup.com\/es\/wp-json\/wp\/v2\/media\/49047"}],"wp:attachment":[{"href":"https:\/\/www.tibagroup.com\/es\/wp-json\/wp\/v2\/media?parent=49046"}],"wp:term":[{"taxonomy":"category","embeddable":true,"href":"https:\/\/www.tibagroup.com\/es\/wp-json\/wp\/v2\/categories?post=49046"},{"taxonomy":"post_tag","embeddable":true,"href":"https:\/\/www.tibagroup.com\/es\/wp-json\/wp\/v2\/tags?post=49046"}],"curies":[{"name":"wp","href":"https:\/\/api.w.org\/{rel}","templated":true}]}}