{"id":48823,"date":"2017-09-21T10:58:13","date_gmt":"2017-09-21T08:58:13","guid":{"rendered":"https:\/\/www.tibagroup.com\/expansion-latinoamerica-oficina-peru\/"},"modified":"2025-02-18T13:10:23","modified_gmt":"2025-02-18T12:10:23","slug":"expansion-oficina-peru","status":"publish","type":"post","link":"https:\/\/www.tibagroup.com\/es\/comunicacion\/prensa\/expansion-oficina-peru","title":{"rendered":"TIBA se consolida en Latinom\u00e9rica con una nueva oficina en Per\u00fa"},"content":{"rendered":"<p>Como dej\u00f3 entender el mes pasado Javier Romeu, CEO de TIBA, durante una entrevista en RNE &#8211; Radio Exterior de Espa\u00f1a, y m\u00e1s tarde confirm\u00f3 a los medios en nota de prensa, TIBA consolida su presencia en Am\u00e9rica de Sur con la apertura de una <strong>nueva oficina de agente de carga log\u00edstico\u00a0en Lima, Per\u00fa.<\/strong><\/p>\n<div  class='avia-testimonial-wrapper av-1h509f-0e1498050a2995b55def60a1db347f41 avia-grid-testimonials avia-grid-1-testimonials avia_animate_when_almost_visible' >\n<section class=\"avia-testimonial-row\"><div class='avia-testimonial av-188d1v-40708db425dfb000bc7ef6c6f0a9c357 avia-testimonial-row-1 avia-first-testimonial flex_column no_margin av_one_full'><div class='avia-testimonial_inner' ><div class='avia-testimonial-image' ><\/div><div class='avia-testimonial-content '><div class='avia-testimonial-markup-entry-content' ><p><em>A mi me gusta particularmente el modelo de expansi\u00f3n de mancha de aceite, resulta un poco mas sencillo y hay muchos intercambios comerciales entre pa\u00edses vecinos. Estando en Argentina y Chile, Per\u00fa es un pa\u00eds l\u00f3gico donde tenemos ahora puesto parte de nuestro foco.<\/em><\/p>\n<\/div><\/div><div class=\"avia-testimonial-meta\"><div class=\"avia-testimonial-arrow-wrap\"><div class=\"avia-arrow\"><\/div><\/div><div class='avia-testimonial-meta-mini' ><strong  class='avia-testimonial-name' >Javier Romeu<\/strong><span  class='avia-testimonial-subtitle ' >CEO TIBA<\/span><\/div><\/div><\/div><\/div><\/section>\n<\/div>\n<div class=\"bigtextblue\" style=\"text-align: center;\">\n<p>En la log\u00edstica siempre hay cambios y en los cambios, oportunidades.\n<style type=\"text\/css\" data-created_by=\"avia_inline_auto\" id=\"style-css-av-az0j8z-b927d66bf00eab4c802ab1cb796bab2d\">\n#top .hr.hr-invisible.av-az0j8z-b927d66bf00eab4c802ab1cb796bab2d{\nheight:20px;\n}\n<\/style>\n<div  class='hr av-az0j8z-b927d66bf00eab4c802ab1cb796bab2d hr-invisible  avia-builder-el-1  el_after_av_testimonials  el_before_av_testimonials '><span class='hr-inner '><span class=\"hr-inner-style\"><\/span><\/span><\/div><\/p>\n<\/div>\n<h2>Expansi\u00f3n de TIBA por Latinoam\u00e9rica<\/h2>\n<p>Con esta nueva apertura TIBA continua con su hoja de ruta y eleva su presencia a <strong>17 pa\u00edses con 47 oficinas y 850 trabajadores<\/strong>.<\/p>\n<div  class='avia-testimonial-wrapper av-8hhsqb-78661f9cdeb32dabdc3857eff0b14cd1 avia-grid-testimonials avia-grid-1-testimonials avia_animate_when_almost_visible' >\n<section class=\"avia-testimonial-row\"><div class='avia-testimonial av-72tt5f-87ce82bbc7f2e43b52e7fd1935f24f61 avia-testimonial-row-1 avia-first-testimonial flex_column no_margin av_one_full'><div class='avia-testimonial_inner' ><div class='avia-testimonial-image' ><\/div><div class='avia-testimonial-content '><div class='avia-testimonial-markup-entry-content' ><p>En cada pa\u00eds en el que trabajamos vemos que se cumple un patr\u00f3n que es muy uniforme:\u00a0cada pa\u00eds trabaja mucho con EEUU y China, y con sus pa\u00edses vecinos. Y Am\u00e9rica Latina,\u00a0evidentemente, con Espa\u00f1a por motivos hist\u00f3ricos obvios.<\/p>\n<\/div><\/div><div class=\"avia-testimonial-meta\"><div class=\"avia-testimonial-arrow-wrap\"><div class=\"avia-arrow\"><\/div><\/div><div class='avia-testimonial-meta-mini' ><strong  class='avia-testimonial-name' >Javier Romeu<\/strong><span  class='avia-testimonial-subtitle ' >CEO TIBA<\/span><\/div><\/div><\/div><\/div><\/section>\n<\/div>\n<div class=\"bigtextblue\" style=\"text-align: center;\"><\/div>\n<p>Ademas de sobre el presente y futuro de TIBA, Javier Romeu habl\u00f3 tambi\u00e9n de otros temas de actualidad como el comportamiento del mercado, las diferencias culturales, sociales y legales entre pa\u00edses, c\u00f3mo el comercio electr\u00f3nico afecta a la log\u00edstica o <strong>la importancia de la inversi\u00f3n tecnol\u00f3gica en el sector<\/strong>\u00a0para marcar la diferencia.<\/p>\n<div  class='avia-testimonial-wrapper av-5rkf5f-5d0357cfd6e2742ea920e80648c500d4 avia-grid-testimonials avia-grid-1-testimonials avia_animate_when_almost_visible' >\n<section class=\"avia-testimonial-row\"><div class='avia-testimonial av-3vusir-3c0df44bcb2667c220f5ce5fa47033ad avia-testimonial-row-1 avia-first-testimonial flex_column no_margin av_one_full'><div class='avia-testimonial_inner' ><div class='avia-testimonial-image' ><\/div><div class='avia-testimonial-content '><div class='avia-testimonial-markup-entry-content' ><p><em>Nuestro sector no es el m\u00e1s tecnol\u00f3gicamente avanzado. Nosotros invertimos un porcentaje de los beneficios todos los a\u00f1os en, por ejemplo, la digitalizaci\u00f3n de todos los documentos, en intentar modernizar para hacer mas r\u00e1pido y eficiente todo el proceso, intentamos integrarnos con las compa\u00f1\u00edas con las que trabajamos, ya no solo del lado de los clientes sino del lado de nuestros proveedores compa\u00f1\u00edas mar\u00edtimas, a\u00e9reas, transportistas&#8230; <\/em><\/p>\n<\/div><\/div><div class=\"avia-testimonial-meta\"><div class=\"avia-testimonial-arrow-wrap\"><div class=\"avia-arrow\"><\/div><\/div><div class='avia-testimonial-meta-mini' ><strong  class='avia-testimonial-name' >Javier Romeu<\/strong><span  class='avia-testimonial-subtitle ' >CEO TIBA<\/span><\/div><\/div><\/div><\/div><\/section>\n<\/div>\n<p>&nbsp;<\/p>\n","protected":false},"excerpt":{"rendered":"<p>TIBA se implanta en Per\u00fa con una nueva oficina de agente de carga y aduanas. Javier Romeu, CEO, habla de los planes de expansi\u00f3n de la empresa en RNE<\/p>\n","protected":false},"author":2,"featured_media":48824,"comment_status":"open","ping_status":"closed","sticky":false,"template":"","format":"standard","meta":{"footnotes":""},"categories":[334],"tags":[829],"class_list":["post-48823","post","type-post","status-publish","format-standard","has-post-thumbnail","hentry","category-prensa","tag-peru"],"yoast_head":"<!-- This site is optimized with the Yoast SEO plugin v27.4 - https:\/\/yoast.com\/product\/yoast-seo-wordpress\/ -->\n<title>TIBA se consolida en Latinom\u00e9rica con una nueva oficina en Per\u00fa - TIBA<\/title>\n<meta name=\"description\" content=\"Nueva apertura en Per\u00fa, continuando nuestra hoja de ruta y elevamos nuestra presencia a 17 pa\u00edses con 47 oficinas y 850 trabajadores.\" \/>\n<meta name=\"robots\" content=\"index, follow, max-snippet:-1, max-image-preview:large, max-video-preview:-1\" \/>\n<link rel=\"canonical\" href=\"https:\/\/www.tibagroup.com\/es\/comunicacion\/prensa\/expansion-oficina-peru\" \/>\n<meta property=\"og:locale\" content=\"es_ES\" \/>\n<meta property=\"og:type\" content=\"article\" \/>\n<meta property=\"og:title\" content=\"TIBA se consolida en Latinom\u00e9rica con una nueva oficina en Per\u00fa - TIBA\" \/>\n<meta property=\"og:description\" content=\"Nueva apertura en Per\u00fa, continuando nuestra hoja de ruta y elevamos nuestra presencia a 17 pa\u00edses con 47 oficinas y 850 trabajadores.\" \/>\n<meta property=\"og:url\" content=\"https:\/\/www.tibagroup.com\/es\/comunicacion\/prensa\/expansion-oficina-peru\" \/>\n<meta property=\"og:site_name\" content=\"TIBA\" \/>\n<meta property=\"article:published_time\" content=\"2017-09-21T08:58:13+00:00\" \/>\n<meta property=\"article:modified_time\" content=\"2025-02-18T12:10:23+00:00\" \/>\n<meta property=\"og:image\" content=\"https:\/\/www.tibagroup.com\/wp-content\/uploads\/2023\/11\/operador-logistico-peru13_5.jpg\" \/>\n\t<meta property=\"og:image:width\" content=\"835\" \/>\n\t<meta property=\"og:image:height\" content=\"318\" \/>\n\t<meta property=\"og:image:type\" content=\"image\/jpeg\" \/>\n<meta name=\"author\" content=\"TIBA\" \/>\n<meta name=\"twitter:card\" content=\"summary_large_image\" \/>\n<meta name=\"twitter:creator\" content=\"@eaguado\" \/>\n<meta name=\"twitter:label1\" content=\"Written by\" \/>\n\t<meta name=\"twitter:data1\" content=\"TIBA\" \/>\n\t<meta name=\"twitter:label2\" content=\"Est. reading time\" \/>\n\t<meta name=\"twitter:data2\" content=\"2 minutes\" \/>\n<!-- \/ Yoast SEO plugin. -->","yoast_head_json":{"title":"TIBA se consolida en Latinom\u00e9rica con una nueva oficina en Per\u00fa - TIBA","description":"Nueva apertura en Per\u00fa, continuando nuestra hoja de ruta y elevamos nuestra presencia a 17 pa\u00edses con 47 oficinas y 850 trabajadores.","robots":{"index":"index","follow":"follow","max-snippet":"max-snippet:-1","max-image-preview":"max-image-preview:large","max-video-preview":"max-video-preview:-1"},"canonical":"https:\/\/www.tibagroup.com\/es\/comunicacion\/prensa\/expansion-oficina-peru","og_locale":"es_ES","og_type":"article","og_title":"TIBA se consolida en Latinom\u00e9rica con una nueva oficina en Per\u00fa - TIBA","og_description":"Nueva apertura en Per\u00fa, continuando nuestra hoja de ruta y elevamos nuestra presencia a 17 pa\u00edses con 47 oficinas y 850 trabajadores.","og_url":"https:\/\/www.tibagroup.com\/es\/comunicacion\/prensa\/expansion-oficina-peru","og_site_name":"TIBA","article_published_time":"2017-09-21T08:58:13+00:00","article_modified_time":"2025-02-18T12:10:23+00:00","og_image":[{"width":835,"height":318,"url":"https:\/\/www.tibagroup.com\/wp-content\/uploads\/2023\/11\/operador-logistico-peru13_5.jpg","type":"image\/jpeg"}],"author":"TIBA","twitter_card":"summary_large_image","twitter_creator":"@eaguado","twitter_misc":{"Written by":"TIBA","Est. reading time":"2 minutes"},"schema":{"@context":"https:\/\/schema.org","@graph":[{"@type":"Article","@id":"https:\/\/www.tibagroup.com\/es\/comunicacion\/prensa\/expansion-oficina-peru#article","isPartOf":{"@id":"https:\/\/www.tibagroup.com\/es\/comunicacion\/prensa\/expansion-oficina-peru"},"author":{"name":"TIBA","@id":"https:\/\/www.tibagroup.com\/es#\/schema\/person\/05c092dcc51b7a515503f3d10c916094"},"headline":"TIBA se consolida en Latinom\u00e9rica con una nueva oficina en Per\u00fa","datePublished":"2017-09-21T08:58:13+00:00","dateModified":"2025-02-18T12:10:23+00:00","mainEntityOfPage":{"@id":"https:\/\/www.tibagroup.com\/es\/comunicacion\/prensa\/expansion-oficina-peru"},"wordCount":528,"commentCount":0,"publisher":{"@id":"https:\/\/www.tibagroup.com\/es#organization"},"image":{"@id":"https:\/\/www.tibagroup.com\/es\/comunicacion\/prensa\/expansion-oficina-peru#primaryimage"},"thumbnailUrl":"https:\/\/www.tibagroup.com\/wp-content\/uploads\/2023\/11\/operador-logistico-peru13_5.jpg","keywords":["Per\u00fa"],"articleSection":["Prensa"],"inLanguage":"es","potentialAction":[{"@type":"CommentAction","name":"Comment","target":["https:\/\/www.tibagroup.com\/es\/comunicacion\/prensa\/expansion-oficina-peru#respond"]}]},{"@type":"WebPage","@id":"https:\/\/www.tibagroup.com\/es\/comunicacion\/prensa\/expansion-oficina-peru","url":"https:\/\/www.tibagroup.com\/es\/comunicacion\/prensa\/expansion-oficina-peru","name":"TIBA se consolida en Latinom\u00e9rica con una nueva oficina en Per\u00fa - TIBA","isPartOf":{"@id":"https:\/\/www.tibagroup.com\/es#website"},"primaryImageOfPage":{"@id":"https:\/\/www.tibagroup.com\/es\/comunicacion\/prensa\/expansion-oficina-peru#primaryimage"},"image":{"@id":"https:\/\/www.tibagroup.com\/es\/comunicacion\/prensa\/expansion-oficina-peru#primaryimage"},"thumbnailUrl":"https:\/\/www.tibagroup.com\/wp-content\/uploads\/2023\/11\/operador-logistico-peru13_5.jpg","datePublished":"2017-09-21T08:58:13+00:00","dateModified":"2025-02-18T12:10:23+00:00","description":"Nueva apertura en Per\u00fa, continuando nuestra hoja de ruta y elevamos nuestra presencia a 17 pa\u00edses con 47 oficinas y 850 trabajadores.","breadcrumb":{"@id":"https:\/\/www.tibagroup.com\/es\/comunicacion\/prensa\/expansion-oficina-peru#breadcrumb"},"inLanguage":"es","potentialAction":[{"@type":"ReadAction","target":["https:\/\/www.tibagroup.com\/es\/comunicacion\/prensa\/expansion-oficina-peru"]}]},{"@type":"ImageObject","inLanguage":"es","@id":"https:\/\/www.tibagroup.com\/es\/comunicacion\/prensa\/expansion-oficina-peru#primaryimage","url":"https:\/\/www.tibagroup.com\/wp-content\/uploads\/2023\/11\/operador-logistico-peru13_5.jpg","contentUrl":"https:\/\/www.tibagroup.com\/wp-content\/uploads\/2023\/11\/operador-logistico-peru13_5.jpg","width":835,"height":318,"caption":"Agente de Carga Log\u00edstica en Per\u00fa"},{"@type":"BreadcrumbList","@id":"https:\/\/www.tibagroup.com\/es\/comunicacion\/prensa\/expansion-oficina-peru#breadcrumb","itemListElement":[{"@type":"ListItem","position":1,"name":"In\u00edcio","item":"https:\/\/www.tibagroup.com\/es\/agente-carga-operador-logistico"},{"@type":"ListItem","position":2,"name":"Comunicaci\u00f3n y prensa","item":"https:\/\/www.tibagroup.com\/es\/comunicacion"},{"@type":"ListItem","position":3,"name":"Prensa","item":"https:\/\/www.tibagroup.com\/es\/comunicacion\/prensa"},{"@type":"ListItem","position":4,"name":"TIBA se consolida en Latinom\u00e9rica con una nueva oficina en Per\u00fa"}]},{"@type":"WebSite","@id":"https:\/\/www.tibagroup.com\/es#website","url":"https:\/\/www.tibagroup.com\/es","name":"TIBA","description":"Log\u00edstica y transporte internacional.","publisher":{"@id":"https:\/\/www.tibagroup.com\/es#organization"},"potentialAction":[{"@type":"SearchAction","target":{"@type":"EntryPoint","urlTemplate":"https:\/\/www.tibagroup.com\/es?s={search_term_string}"},"query-input":{"@type":"PropertyValueSpecification","valueRequired":true,"valueName":"search_term_string"}}],"inLanguage":"es"},{"@type":"Organization","@id":"https:\/\/www.tibagroup.com\/es#organization","name":"TIBA","url":"https:\/\/www.tibagroup.com\/es","logo":{"@type":"ImageObject","inLanguage":"es","@id":"https:\/\/www.tibagroup.com\/es#\/schema\/logo\/image\/","url":"https:\/\/www.tibagroup.com\/wp-content\/uploads\/2024\/02\/logo-web-TIBA.png","contentUrl":"https:\/\/www.tibagroup.com\/wp-content\/uploads\/2024\/02\/logo-web-TIBA.png","width":352,"height":116,"caption":"TIBA"},"image":{"@id":"https:\/\/www.tibagroup.com\/es#\/schema\/logo\/image\/"}},{"@type":"Person","@id":"https:\/\/www.tibagroup.com\/es#\/schema\/person\/05c092dcc51b7a515503f3d10c916094","name":"TIBA","image":{"@type":"ImageObject","inLanguage":"es","@id":"https:\/\/secure.gravatar.com\/avatar\/fe41478412b0c43764499979d851fae89a1f174100b1c19a55e15c00fde1851d?s=96&d=mm&r=g","url":"https:\/\/secure.gravatar.com\/avatar\/fe41478412b0c43764499979d851fae89a1f174100b1c19a55e15c00fde1851d?s=96&d=mm&r=g","contentUrl":"https:\/\/secure.gravatar.com\/avatar\/fe41478412b0c43764499979d851fae89a1f174100b1c19a55e15c00fde1851d?s=96&d=mm&r=g","caption":"TIBA"},"sameAs":["https:\/\/x.com\/eaguado"]}]}},"_links":{"self":[{"href":"https:\/\/www.tibagroup.com\/es\/wp-json\/wp\/v2\/posts\/48823","targetHints":{"allow":["GET"]}}],"collection":[{"href":"https:\/\/www.tibagroup.com\/es\/wp-json\/wp\/v2\/posts"}],"about":[{"href":"https:\/\/www.tibagroup.com\/es\/wp-json\/wp\/v2\/types\/post"}],"author":[{"embeddable":true,"href":"https:\/\/www.tibagroup.com\/es\/wp-json\/wp\/v2\/users\/2"}],"replies":[{"embeddable":true,"href":"https:\/\/www.tibagroup.com\/es\/wp-json\/wp\/v2\/comments?post=48823"}],"version-history":[{"count":2,"href":"https:\/\/www.tibagroup.com\/es\/wp-json\/wp\/v2\/posts\/48823\/revisions"}],"predecessor-version":[{"id":68587,"href":"https:\/\/www.tibagroup.com\/es\/wp-json\/wp\/v2\/posts\/48823\/revisions\/68587"}],"wp:featuredmedia":[{"embeddable":true,"href":"https:\/\/www.tibagroup.com\/es\/wp-json\/wp\/v2\/media\/48824"}],"wp:attachment":[{"href":"https:\/\/www.tibagroup.com\/es\/wp-json\/wp\/v2\/media?parent=48823"}],"wp:term":[{"taxonomy":"category","embeddable":true,"href":"https:\/\/www.tibagroup.com\/es\/wp-json\/wp\/v2\/categories?post=48823"},{"taxonomy":"post_tag","embeddable":true,"href":"https:\/\/www.tibagroup.com\/es\/wp-json\/wp\/v2\/tags?post=48823"}],"curies":[{"name":"wp","href":"https:\/\/api.w.org\/{rel}","templated":true}]}}