{"id":45415,"date":"2018-05-16T16:05:38","date_gmt":"2018-05-16T14:05:38","guid":{"rendered":"https:\/\/www.tibagroup.com\/actualizacion-normas-etiquetado-textil-mexico\/"},"modified":"2026-01-21T11:17:03","modified_gmt":"2026-01-21T10:17:03","slug":"etiquetado-textil-mx","status":"publish","type":"post","link":"https:\/\/www.tibagroup.com\/es\/comercio-internacional\/normativas\/etiquetado-textil-mx","title":{"rendered":"Nueva norma para el etiquetado textil en M\u00e9xico"},"content":{"rendered":"<p>El pasado 1 de enero de 2018 termin\u00f3 la <a href=\"https:\/\/www.gob.mx\/cms\/uploads\/attachment\/file\/265494\/3735.pdf\" target=\"_blank\" rel=\"noopener noreferrer nofollow\">pr\u00f3rroga que el Gobierno mexicano dio a los productos textiles<\/a> producidos tras la entrada en vigor de la nueva Norma Oficial Mexicana\u00a0 NMX-A-3758-INNTEX-2014\u00a0 el 17 de octubre de 2017, para adaptarse al nuevo etiquetado.<\/p>\n<p>Desde el primer d\u00eda de 2018, todas las prendas de nueva producci\u00f3n deber\u00e1n cumplir la norma y tan solo las fabricadas con anterioridad a la promulgaci\u00f3n de la ley podr\u00e1n seguir comercializ\u00e1ndose hasta terminar su stock.<\/p>\n<h2><strong>Actualizaci\u00f3n de las normas mexicanas para la industria textil\u00a0<\/strong><\/h2>\n<p>La mencionada norma\u00a0<a href=\"http:\/\/www.dof.gob.mx\/nota_detalle.php?codigo=5494060&amp;fecha=16\/08\/2017\" target=\"_blank\" rel=\"noopener noreferrer nofollow\">NMX-A-3758-INNTEX-2014<\/a>, se public\u00f3 de manera oficial el 16 de agosto de 2017 como respuesta a la necesidad de unificar y hacer m\u00e1s entendibles los s\u00edmbolos de cuidado para art\u00edculos textiles, tanto para el usuario final como para operadores de lavander\u00edas y tintorer\u00edas.<\/p>\n<p>Esta disposici\u00f3n no arancelaria impulsada por la Secretar\u00eda de Econom\u00eda sustituye a la <a href=\"http:\/\/dof.gob.mx\/nota_detalle.php?codigo=5126126&amp;fecha=23\/12\/2009\" target=\"_blank\" rel=\"noopener noreferrer nofollow\">NMX-A-240-INNTEX-2009<\/a>, integrando un sistema de s\u00edmbolos gr\u00e1ficos que facilita informaci\u00f3n sobre el tratamiento m\u00e1s severo que no causa da\u00f1o irreversible a los art\u00edculos textiles durante el proceso de cuidado. Adem\u00e1s, especifica el uso de estos s\u00edmbolos en la generaci\u00f3n de etiquetas para los productos.<\/p>\n<p>Dentro de los cuidados que se tomaron en cuenta para su creaci\u00f3n, sobresalen los tratamientos dom\u00e9sticos como lavado, blanqueo, secado y planchado, as\u00ed como tratamientos profesionales de cuidado textil de lavado en seco y h\u00famedo.<\/p>\n<p>Sin embargo, la lavander\u00eda industrial result\u00f3 uno de los procesos excluidos, pues los s\u00edmbolos destinados para \u00e9sta se encuentran plasmados en la <a href=\"https:\/\/www.iso.org\/standard\/45786.html\" target=\"_blank\" rel=\"noopener noreferrer nofollow\">Norma ISO 30023:2010<\/a>, aunque se reconoce que la informaci\u00f3n proporcionada mediante los s\u00edmbolos dom\u00e9sticos tambi\u00e9n ser\u00e1 de ayuda para el lavado y lavander\u00eda profesional.<\/p>\n<h2>Nuevos s\u00edmbolos del etiquetado textil en M\u00e9xico<\/h2>\n<p>Entre los cambios m\u00e1s significativos que establece la nueva Norma Oficial Mexicana destacan:<\/p>\n<ul>\n<li>Nuevas definiciones y s\u00edmbolos que especifican procesos de secado: secado en l\u00ednea, secado horizontal, secado en l\u00ednea por escurrimiento y secado horizontal por escurrimiento.<\/li>\n<li>Cambio de color en el s\u00edmbolo para \u201cno usar blanqueador\u201d.<\/li>\n<li>La inserci\u00f3n de la cruz de San Andr\u00e9s en el s\u00edmbolo de \u201cno secar en secadora\u201d.<\/li>\n<li>Nuevo l\u00edmite de puntos para representar la temperatura de procesos (es posible utilizar hasta 4 puntos, haciendo referencia a 60\u00b0C).<\/li>\n<\/ul>\n<p>&nbsp;<\/p>\n<p><img decoding=\"async\" class=\"wp-image-41122 size-full aligncenter\" src=\"https:\/\/www.tibagroup.com\/wp-content\/uploads\/2023\/11\/Etiqueta_Textil_EN-01-1-1030x382-1.jpg\" alt=\"\" width=\"1030\" height=\"382\" srcset=\"https:\/\/www.tibagroup.com\/wp-content\/uploads\/2023\/11\/Etiqueta_Textil_EN-01-1-1030x382-1.jpg 1030w, https:\/\/www.tibagroup.com\/wp-content\/uploads\/2023\/11\/Etiqueta_Textil_EN-01-1-1030x382-1-300x111.jpg 300w, https:\/\/www.tibagroup.com\/wp-content\/uploads\/2023\/11\/Etiqueta_Textil_EN-01-1-1030x382-1-768x285.jpg 768w, https:\/\/www.tibagroup.com\/wp-content\/uploads\/2023\/11\/Etiqueta_Textil_EN-01-1-1030x382-1-705x261.jpg 705w\" sizes=\"(max-width: 1030px) 100vw, 1030px\" \/><\/p>\n<p>Adem\u00e1s, la <a href=\"https:\/\/www.gob.mx\/cms\/uploads\/attachment\/file\/265494\/3735.pdf\" target=\"_blank\" rel=\"noopener noreferrer nofollow\">NMX-A-3758-INNTEX-2014<\/a> del 16 de Agosto del 2017, afecta y modifica la <a href=\"http:\/\/www.dof.gob.mx\/nota_detalle.php?codigo=4912048&amp;fecha=21\/06\/2006\" target=\"_blank\" rel=\"noopener noreferrer nofollow\">NOM-004-SCFI-2006,<\/a>\u00a0que regula la informaci\u00f3n comercial de los productos textiles tanto a productores nacionales como a importadores.<\/p>\n<h2>Requisitos para importar textiles en M\u00e9xico<\/h2>\n<p>La industria textil en M\u00e9xico se ha situado como uno de los sectores m\u00e1s importantes para el mercado nacional desde su crecimiento constante a partir de 2011; raz\u00f3n por la que la Secretar\u00eda de Hacienda y Cr\u00e9dito P\u00fablico (SHCP), y la Secretar\u00eda de Econom\u00eda (SE), han impulsado una serie de medidas en materia arancelaria y aduanal para evitar la importaci\u00f3n de textiles\u00a0mediante pr\u00e1cticas desleales como el\u00a0<a href=\"https:\/\/www.tibagroup.com\/es\/comercio-internacional\/importar\/dumping-y-antidumping\" target=\"_blank\" rel=\"noopener noreferrer\">dumping<\/a>, a trav\u00e9s de tres requisitos obligatorios:<\/p>\n<ol>\n<li>Estar inscrito en el <a href=\"https:\/\/www.tibagroup.com\/es\/comercio-internacional\/importar\/padron-importadores\" target=\"_blank\" rel=\"noopener noreferrer\">padr\u00f3n de importadores<\/a> de sectores espec\u00edficos para textiles.<\/li>\n<li>Cumplir con el aviso del permiso autom\u00e1tico anticipado ante la autoridad aduanera para cualquier operaci\u00f3n que implique introducir fibras o textiles provenientes del extranjero.<\/li>\n<li>Cumplir con las obligaciones y documentos generales establecidos por la SE para cualquier empresa que desee importar mercanc\u00eda a territorio mexicano.<\/li>\n<\/ol>\n<p>Estos son tan s\u00f3lo algunos ejemplos de los factores que usted debe tomar en cuenta antes de extender los horizontes de su negocio a partir de la importaci\u00f3n o exportaci\u00f3n textil en M\u00e9xico. Si quiere m\u00e1s informaci\u00f3n acerca de las normas y procedimientos que envuelven a esta industria, lo invitamos a contactarnos, pues adem\u00e1s de la informaci\u00f3n necesaria para importar y exportar, nuestros expertos le brindar\u00e1n los servicios m\u00e1s adecuadas para sus necesidades.<\/p>\n<div class=\"bigtextblue\" style=\"text-align: center;\">\u00a1Cont\u00e1ctenos y le ayudaremos a obtener las mejores soluciones Aduanales en materia textil!<\/div>\n<div  class='avia-button-wrap av-as2xz-ce4a76668434d16ca7ef2965ad6eb905-wrap avia-button-center  avia-builder-el-0  avia-builder-el-no-sibling '><a href='\/es\/contacto'  class='avia-button av-as2xz-ce4a76668434d16ca7ef2965ad6eb905 av-link-btn avia-icon_select-yes-left-icon avia-size-x-large avia-position-center av-icon-on-hover avia-color-theme-color-highlight'  ><span class='avia_button_icon avia_button_icon_left' aria-hidden='true' data-av_icon='\ue805' data-av_iconfont='entypo-fontello'><\/span><span class='avia_iconbox_title' >Contactar<\/span><\/a><\/div>\n<p>&nbsp;<\/p>\n","protected":false},"excerpt":{"rendered":"<p>Conoce cu\u00e1les son los tres requisitos obligatorios que ha impulsado el gobierno mexicano para controlar la importaci\u00f3n de textiles en el pa\u00eds y as\u00ed evitar pr\u00e1cticas desleales dentro de este sector.<\/p>\n","protected":false},"author":2,"featured_media":45416,"comment_status":"open","ping_status":"closed","sticky":false,"template":"","format":"standard","meta":{"footnotes":""},"categories":[326,621],"tags":[422,820],"class_list":["post-45415","post","type-post","status-publish","format-standard","has-post-thumbnail","hentry","category-importar","category-normativas","tag-importar-es","tag-mexico"],"yoast_head":"<!-- This site is optimized with the Yoast SEO plugin v27.4 - https:\/\/yoast.com\/product\/yoast-seo-wordpress\/ -->\n<title>Actualizaci\u00f3n de las normas de etiquetado textil en M\u00e9xico | TIBA<\/title>\n<meta name=\"description\" content=\"Actualizaci\u00f3n en las normas Oficiales de etiquetado textil Mexicanas y los requisitos para controlar la importaci\u00f3n de textiles.\" \/>\n<meta name=\"robots\" content=\"index, follow, max-snippet:-1, max-image-preview:large, max-video-preview:-1\" \/>\n<link rel=\"canonical\" href=\"https:\/\/www.tibagroup.com\/es\/comercio-internacional\/normativas\/etiquetado-textil-mx\" \/>\n<meta property=\"og:locale\" content=\"es_ES\" \/>\n<meta property=\"og:type\" content=\"article\" \/>\n<meta property=\"og:title\" content=\"Actualizaci\u00f3n de las normas de etiquetado textil en M\u00e9xico | TIBA\" \/>\n<meta property=\"og:description\" content=\"Actualizaci\u00f3n en las normas Oficiales de etiquetado textil Mexicanas y los requisitos para controlar la importaci\u00f3n de textiles.\" \/>\n<meta property=\"og:url\" content=\"https:\/\/www.tibagroup.com\/es\/comercio-internacional\/normativas\/etiquetado-textil-mx\" \/>\n<meta property=\"og:site_name\" content=\"TIBA\" \/>\n<meta property=\"article:published_time\" content=\"2018-05-16T14:05:38+00:00\" \/>\n<meta property=\"article:modified_time\" content=\"2026-01-21T10:17:03+00:00\" \/>\n<meta property=\"og:image\" content=\"https:\/\/www.tibagroup.com\/wp-content\/uploads\/2023\/11\/textil_logistica.jpg\" \/>\n\t<meta property=\"og:image:width\" content=\"1024\" \/>\n\t<meta property=\"og:image:height\" content=\"576\" \/>\n\t<meta property=\"og:image:type\" content=\"image\/jpeg\" \/>\n<meta name=\"author\" content=\"TIBA\" \/>\n<meta name=\"twitter:card\" content=\"summary_large_image\" \/>\n<meta name=\"twitter:creator\" content=\"@eaguado\" \/>\n<meta name=\"twitter:label1\" content=\"Written by\" \/>\n\t<meta name=\"twitter:data1\" content=\"TIBA\" \/>\n\t<meta name=\"twitter:label2\" content=\"Est. reading time\" \/>\n\t<meta name=\"twitter:data2\" content=\"4 minutes\" \/>\n<!-- \/ Yoast SEO plugin. -->","yoast_head_json":{"title":"Actualizaci\u00f3n de las normas de etiquetado textil en M\u00e9xico | TIBA","description":"Actualizaci\u00f3n en las normas Oficiales de etiquetado textil Mexicanas y los requisitos para controlar la importaci\u00f3n de textiles.","robots":{"index":"index","follow":"follow","max-snippet":"max-snippet:-1","max-image-preview":"max-image-preview:large","max-video-preview":"max-video-preview:-1"},"canonical":"https:\/\/www.tibagroup.com\/es\/comercio-internacional\/normativas\/etiquetado-textil-mx","og_locale":"es_ES","og_type":"article","og_title":"Actualizaci\u00f3n de las normas de etiquetado textil en M\u00e9xico | TIBA","og_description":"Actualizaci\u00f3n en las normas Oficiales de etiquetado textil Mexicanas y los requisitos para controlar la importaci\u00f3n de textiles.","og_url":"https:\/\/www.tibagroup.com\/es\/comercio-internacional\/normativas\/etiquetado-textil-mx","og_site_name":"TIBA","article_published_time":"2018-05-16T14:05:38+00:00","article_modified_time":"2026-01-21T10:17:03+00:00","og_image":[{"width":1024,"height":576,"url":"https:\/\/www.tibagroup.com\/wp-content\/uploads\/2023\/11\/textil_logistica.jpg","type":"image\/jpeg"}],"author":"TIBA","twitter_card":"summary_large_image","twitter_creator":"@eaguado","twitter_misc":{"Written by":"TIBA","Est. reading time":"4 minutes"},"schema":{"@context":"https:\/\/schema.org","@graph":[{"@type":"Article","@id":"https:\/\/www.tibagroup.com\/es\/comercio-internacional\/normativas\/etiquetado-textil-mx#article","isPartOf":{"@id":"https:\/\/www.tibagroup.com\/es\/comercio-internacional\/normativas\/etiquetado-textil-mx"},"author":{"name":"TIBA","@id":"https:\/\/www.tibagroup.com\/es#\/schema\/person\/05c092dcc51b7a515503f3d10c916094"},"headline":"Nueva norma para el etiquetado textil en M\u00e9xico","datePublished":"2018-05-16T14:05:38+00:00","dateModified":"2026-01-21T10:17:03+00:00","mainEntityOfPage":{"@id":"https:\/\/www.tibagroup.com\/es\/comercio-internacional\/normativas\/etiquetado-textil-mx"},"wordCount":734,"commentCount":1,"publisher":{"@id":"https:\/\/www.tibagroup.com\/es#organization"},"image":{"@id":"https:\/\/www.tibagroup.com\/es\/comercio-internacional\/normativas\/etiquetado-textil-mx#primaryimage"},"thumbnailUrl":"https:\/\/www.tibagroup.com\/wp-content\/uploads\/2023\/11\/textil_logistica.jpg","keywords":["importar","M\u00e9xico"],"articleSection":["Importar","Normativas"],"inLanguage":"es","potentialAction":[{"@type":"CommentAction","name":"Comment","target":["https:\/\/www.tibagroup.com\/es\/comercio-internacional\/normativas\/etiquetado-textil-mx#respond"]}]},{"@type":"WebPage","@id":"https:\/\/www.tibagroup.com\/es\/comercio-internacional\/normativas\/etiquetado-textil-mx","url":"https:\/\/www.tibagroup.com\/es\/comercio-internacional\/normativas\/etiquetado-textil-mx","name":"Actualizaci\u00f3n de las normas de etiquetado textil en M\u00e9xico | TIBA","isPartOf":{"@id":"https:\/\/www.tibagroup.com\/es#website"},"primaryImageOfPage":{"@id":"https:\/\/www.tibagroup.com\/es\/comercio-internacional\/normativas\/etiquetado-textil-mx#primaryimage"},"image":{"@id":"https:\/\/www.tibagroup.com\/es\/comercio-internacional\/normativas\/etiquetado-textil-mx#primaryimage"},"thumbnailUrl":"https:\/\/www.tibagroup.com\/wp-content\/uploads\/2023\/11\/textil_logistica.jpg","datePublished":"2018-05-16T14:05:38+00:00","dateModified":"2026-01-21T10:17:03+00:00","description":"Actualizaci\u00f3n en las normas Oficiales de etiquetado textil Mexicanas y los requisitos para controlar la importaci\u00f3n de textiles.","breadcrumb":{"@id":"https:\/\/www.tibagroup.com\/es\/comercio-internacional\/normativas\/etiquetado-textil-mx#breadcrumb"},"inLanguage":"es","potentialAction":[{"@type":"ReadAction","target":["https:\/\/www.tibagroup.com\/es\/comercio-internacional\/normativas\/etiquetado-textil-mx"]}]},{"@type":"ImageObject","inLanguage":"es","@id":"https:\/\/www.tibagroup.com\/es\/comercio-internacional\/normativas\/etiquetado-textil-mx#primaryimage","url":"https:\/\/www.tibagroup.com\/wp-content\/uploads\/2023\/11\/textil_logistica.jpg","contentUrl":"https:\/\/www.tibagroup.com\/wp-content\/uploads\/2023\/11\/textil_logistica.jpg","width":1024,"height":576,"caption":"importaci\u00f3n de textiles a M\u00e9xico"},{"@type":"BreadcrumbList","@id":"https:\/\/www.tibagroup.com\/es\/comercio-internacional\/normativas\/etiquetado-textil-mx#breadcrumb","itemListElement":[{"@type":"ListItem","position":1,"name":"In\u00edcio","item":"https:\/\/www.tibagroup.com\/es\/agente-carga-operador-logistico"},{"@type":"ListItem","position":2,"name":"Comercio internacional","item":"https:\/\/www.tibagroup.com\/es\/comercio-internacional"},{"@type":"ListItem","position":3,"name":"Normativas","item":"https:\/\/www.tibagroup.com\/es\/comercio-internacional\/normativas"},{"@type":"ListItem","position":4,"name":"Nueva norma para el etiquetado textil en M\u00e9xico"}]},{"@type":"WebSite","@id":"https:\/\/www.tibagroup.com\/es#website","url":"https:\/\/www.tibagroup.com\/es","name":"TIBA","description":"Log\u00edstica y transporte internacional.","publisher":{"@id":"https:\/\/www.tibagroup.com\/es#organization"},"potentialAction":[{"@type":"SearchAction","target":{"@type":"EntryPoint","urlTemplate":"https:\/\/www.tibagroup.com\/es?s={search_term_string}"},"query-input":{"@type":"PropertyValueSpecification","valueRequired":true,"valueName":"search_term_string"}}],"inLanguage":"es"},{"@type":"Organization","@id":"https:\/\/www.tibagroup.com\/es#organization","name":"TIBA","url":"https:\/\/www.tibagroup.com\/es","logo":{"@type":"ImageObject","inLanguage":"es","@id":"https:\/\/www.tibagroup.com\/es#\/schema\/logo\/image\/","url":"https:\/\/www.tibagroup.com\/wp-content\/uploads\/2024\/02\/logo-web-TIBA.png","contentUrl":"https:\/\/www.tibagroup.com\/wp-content\/uploads\/2024\/02\/logo-web-TIBA.png","width":352,"height":116,"caption":"TIBA"},"image":{"@id":"https:\/\/www.tibagroup.com\/es#\/schema\/logo\/image\/"}},{"@type":"Person","@id":"https:\/\/www.tibagroup.com\/es#\/schema\/person\/05c092dcc51b7a515503f3d10c916094","name":"TIBA","image":{"@type":"ImageObject","inLanguage":"es","@id":"https:\/\/secure.gravatar.com\/avatar\/fe41478412b0c43764499979d851fae89a1f174100b1c19a55e15c00fde1851d?s=96&d=mm&r=g","url":"https:\/\/secure.gravatar.com\/avatar\/fe41478412b0c43764499979d851fae89a1f174100b1c19a55e15c00fde1851d?s=96&d=mm&r=g","contentUrl":"https:\/\/secure.gravatar.com\/avatar\/fe41478412b0c43764499979d851fae89a1f174100b1c19a55e15c00fde1851d?s=96&d=mm&r=g","caption":"TIBA"},"sameAs":["https:\/\/x.com\/eaguado"]}]}},"_links":{"self":[{"href":"https:\/\/www.tibagroup.com\/es\/wp-json\/wp\/v2\/posts\/45415","targetHints":{"allow":["GET"]}}],"collection":[{"href":"https:\/\/www.tibagroup.com\/es\/wp-json\/wp\/v2\/posts"}],"about":[{"href":"https:\/\/www.tibagroup.com\/es\/wp-json\/wp\/v2\/types\/post"}],"author":[{"embeddable":true,"href":"https:\/\/www.tibagroup.com\/es\/wp-json\/wp\/v2\/users\/2"}],"replies":[{"embeddable":true,"href":"https:\/\/www.tibagroup.com\/es\/wp-json\/wp\/v2\/comments?post=45415"}],"version-history":[{"count":5,"href":"https:\/\/www.tibagroup.com\/es\/wp-json\/wp\/v2\/posts\/45415\/revisions"}],"predecessor-version":[{"id":76489,"href":"https:\/\/www.tibagroup.com\/es\/wp-json\/wp\/v2\/posts\/45415\/revisions\/76489"}],"wp:featuredmedia":[{"embeddable":true,"href":"https:\/\/www.tibagroup.com\/es\/wp-json\/wp\/v2\/media\/45416"}],"wp:attachment":[{"href":"https:\/\/www.tibagroup.com\/es\/wp-json\/wp\/v2\/media?parent=45415"}],"wp:term":[{"taxonomy":"category","embeddable":true,"href":"https:\/\/www.tibagroup.com\/es\/wp-json\/wp\/v2\/categories?post=45415"},{"taxonomy":"post_tag","embeddable":true,"href":"https:\/\/www.tibagroup.com\/es\/wp-json\/wp\/v2\/tags?post=45415"}],"curies":[{"name":"wp","href":"https:\/\/api.w.org\/{rel}","templated":true}]}}