{"id":44966,"date":"2016-12-28T22:12:22","date_gmt":"2016-12-28T21:12:22","guid":{"rendered":"https:\/\/www.tibagroup.com\/nueva-oficina-tiba-merida\/"},"modified":"2025-02-17T13:50:53","modified_gmt":"2025-02-17T12:50:53","slug":"nueva-oficina-tiba-merida","status":"publish","type":"post","link":"https:\/\/www.tibagroup.com\/es\/comunicacion\/prensa\/nueva-oficina-tiba-merida","title":{"rendered":"Nueva oficina de TIBA en M\u00e9rida"},"content":{"rendered":"<h2>TIBA refuerza su presencia en el sureste mexicano<\/h2>\n<p style=\"text-align: justify;\">Bajo la premisa de ofrecer el mejor servicio a sus clientes, TIBA crece y fortalece su presencia en territorio mexicano con la apertura de una nueva oficina, esta vez en la ciudad de M\u00e9rida, Yucat\u00e1n, desde donde ofrecer\u00e1 una amplia gama de servicios log\u00edsticos especializados de <a href=\"\/es\/servicios\/transporte-terrestre\" target=\"_blank\" rel=\"noopener\">importaci\u00f3n<\/a>, <a href=\"\/es\/servicios\/transporte-maritimo\" target=\"_blank\" rel=\"noopener\">exportaci\u00f3n<\/a> y <a href=\"\/es\/servicios\/agente-aduanas\" target=\"_blank\" rel=\"noopener\">aduanas.<\/a><\/p>\n<p style=\"text-align: justify;\">La apertura en M\u00e9rida supone un paso muy importante en el desarrollo de TIBA en la regi\u00f3n, especialmente para los sectores de <a href=\"\/es\/servicios\/carga-proyectos\" target=\"_blank\" rel=\"noopener\">construcci\u00f3n<\/a>, <a href=\"\/es\/servicios\/logistica-perecederos\" target=\"_blank\" rel=\"noopener\">perecederos<\/a> y <a href=\"\/es\/servicios\/logistica-automotriz\" target=\"_blank\" rel=\"noopener\">automotriz<\/a>, los cuales ahora contar\u00e1n con el soporte de un equipo especializado que les brindar\u00e1 una log\u00edstica eficiente y de m\u00e1xima calidad para sus operaciones de comercio exterior.<\/p>\n<div style=\"padding: 16px; background-color: #d7e8f2; margin-left: 20%; margin-right: 20%;\">\n<h3 style=\"color: #666666; font-size: 19px; font-weight: bold; text-align: center;\">TIBA en M\u00e9rida<\/h3>\n<div class=\"hr hr-invisible avia-builder-el-9 avia-builder-el-no-sibling \" style=\"height: auto; text-align: center;\">Calle 30 No. 300 col. Manuel Crescencio Rej\u00f3n<\/div>\n<div class=\"hr hr-invisible avia-builder-el-9 avia-builder-el-no-sibling \" style=\"height: auto; text-align: center;\">97255 M\u00e9rida, Yucat\u00e1n<\/div>\n<div class=\"hr hr-invisible avia-builder-el-9 avia-builder-el-no-sibling \" style=\"height: auto; text-align: center;\"><strong>M\u00e9xico<\/strong><\/div>\n<\/div>\n<h3 style=\"text-align: center;\"><\/h3>\n<h2 style=\"text-align: justify;\"><\/h2>\n<h2 style=\"text-align: justify;\">M\u00e9rida, la plataforma comercial id\u00f3nea<\/h2>\n<h3 style=\"text-align: center;\"><span style=\"color: #006699;\">90% de las exportaciones de Yucat\u00e1n son a Europa, Asia y Sudam\u00e9rica<\/span><\/h3>\n<p style=\"text-align: justify;\">Por sus ventajas competitivas y log\u00edsticas, M\u00e9rida es considerada una de las <strong>plataformas log\u00edsticas ideales para la producci\u00f3n industrial<\/strong>, y por lo tanto, una de las zonas comerciales con mayor inter\u00e9s tanto de inversi\u00f3n extranjera como mexicana.<\/p>\n<p style=\"text-align: justify;\">De acuerdo a cifras del <strong>INEGI<\/strong> y la <strong>Secretar\u00eda de Econom\u00eda<\/strong>, Yucat\u00e1n ocupa el 24\u00ba lugar por el valor de sus exportaciones, siendo la industria manufacturera una de sus principales actividades con un valor en sus exportaciones de 1,217.0 mdd.<\/p>\n<p style=\"text-align: center;\"><span style=\"color: #000000;\"><strong>\u00bfNecesitas importar o exportar tu mercanc\u00eda desde o hacia M\u00e9xico?<\/strong><\/span><\/p>\n<div class=\"avia-button-wrap avia-button-center avia-builder-el-0 avia-builder-el-no-sibling \" style=\"text-align: center;\"><a class=\"avia-button avia-icon_select-no avia-color-custom avia-size-large avia-position-center \" style=\"background-color: #ed1c24; border-color: #ed1c24; color: #ffffff;\" href=\"\/es\/agente-de-carga\/merida\"><span class=\"avia_iconbox_title\">Contacta con nuestras oficinas en M\u00e9rida<\/span><\/a><\/div>\n","protected":false},"excerpt":{"rendered":"<p>Nueva oficina de TIBA en M\u00e9rida. Ahora, importadores y exportadores cuentan con una nueva opci\u00f3n log\u00edstica para sus operaciones de comercio exterior. \u00a1Cont\u00e1ctanos y descubre todo lo que podemos hacer por tu negocio!<\/p>\n","protected":false},"author":2,"featured_media":26153,"comment_status":"open","ping_status":"closed","sticky":false,"template":"","format":"standard","meta":{"footnotes":""},"categories":[334],"tags":[820],"class_list":["post-44966","post","type-post","status-publish","format-standard","has-post-thumbnail","hentry","category-prensa","tag-mexico"],"yoast_head":"<!-- This site is optimized with the Yoast SEO plugin v27.4 - https:\/\/yoast.com\/product\/yoast-seo-wordpress\/ -->\n<title>Nueva oficina de TIBA en M\u00e9rida | TIBA<\/title>\n<meta name=\"description\" content=\"mportadores y exportadores cuentan con una nueva opci\u00f3n log\u00edstica para sus operaciones de comercio exterior.\" \/>\n<meta name=\"robots\" content=\"index, follow, max-snippet:-1, max-image-preview:large, max-video-preview:-1\" \/>\n<link rel=\"canonical\" href=\"https:\/\/www.tibagroup.com\/es\/comunicacion\/prensa\/nueva-oficina-tiba-merida\" \/>\n<meta property=\"og:locale\" content=\"es_ES\" \/>\n<meta property=\"og:type\" content=\"article\" \/>\n<meta property=\"og:title\" content=\"Nueva oficina de TIBA en M\u00e9rida | TIBA\" \/>\n<meta property=\"og:description\" content=\"mportadores y exportadores cuentan con una nueva opci\u00f3n log\u00edstica para sus operaciones de comercio exterior.\" \/>\n<meta property=\"og:url\" content=\"https:\/\/www.tibagroup.com\/es\/comunicacion\/prensa\/nueva-oficina-tiba-merida\" \/>\n<meta property=\"og:site_name\" content=\"TIBA\" \/>\n<meta property=\"article:published_time\" content=\"2016-12-28T21:12:22+00:00\" \/>\n<meta property=\"article:modified_time\" content=\"2025-02-17T12:50:53+00:00\" \/>\n<meta property=\"og:image\" content=\"https:\/\/www.tibagroup.com\/wp-content\/uploads\/2023\/09\/MERIDA.jpg\" \/>\n\t<meta property=\"og:image:width\" content=\"800\" \/>\n\t<meta property=\"og:image:height\" content=\"360\" \/>\n\t<meta property=\"og:image:type\" content=\"image\/jpeg\" \/>\n<meta name=\"author\" content=\"TIBA\" \/>\n<meta name=\"twitter:card\" content=\"summary_large_image\" \/>\n<meta name=\"twitter:creator\" content=\"@eaguado\" \/>\n<meta name=\"twitter:label1\" content=\"Written by\" \/>\n\t<meta name=\"twitter:data1\" content=\"TIBA\" \/>\n\t<meta name=\"twitter:label2\" content=\"Est. reading time\" \/>\n\t<meta name=\"twitter:data2\" content=\"2 minutes\" \/>\n<!-- \/ Yoast SEO plugin. -->","yoast_head_json":{"title":"Nueva oficina de TIBA en M\u00e9rida | TIBA","description":"mportadores y exportadores cuentan con una nueva opci\u00f3n log\u00edstica para sus operaciones de comercio exterior.","robots":{"index":"index","follow":"follow","max-snippet":"max-snippet:-1","max-image-preview":"max-image-preview:large","max-video-preview":"max-video-preview:-1"},"canonical":"https:\/\/www.tibagroup.com\/es\/comunicacion\/prensa\/nueva-oficina-tiba-merida","og_locale":"es_ES","og_type":"article","og_title":"Nueva oficina de TIBA en M\u00e9rida | TIBA","og_description":"mportadores y exportadores cuentan con una nueva opci\u00f3n log\u00edstica para sus operaciones de comercio exterior.","og_url":"https:\/\/www.tibagroup.com\/es\/comunicacion\/prensa\/nueva-oficina-tiba-merida","og_site_name":"TIBA","article_published_time":"2016-12-28T21:12:22+00:00","article_modified_time":"2025-02-17T12:50:53+00:00","og_image":[{"width":800,"height":360,"url":"https:\/\/www.tibagroup.com\/wp-content\/uploads\/2023\/09\/MERIDA.jpg","type":"image\/jpeg"}],"author":"TIBA","twitter_card":"summary_large_image","twitter_creator":"@eaguado","twitter_misc":{"Written by":"TIBA","Est. reading time":"2 minutes"},"schema":{"@context":"https:\/\/schema.org","@graph":[{"@type":"Article","@id":"https:\/\/www.tibagroup.com\/es\/comunicacion\/prensa\/nueva-oficina-tiba-merida#article","isPartOf":{"@id":"https:\/\/www.tibagroup.com\/es\/comunicacion\/prensa\/nueva-oficina-tiba-merida"},"author":{"name":"TIBA","@id":"https:\/\/www.tibagroup.com\/es#\/schema\/person\/05c092dcc51b7a515503f3d10c916094"},"headline":"Nueva oficina de TIBA en M\u00e9rida","datePublished":"2016-12-28T21:12:22+00:00","dateModified":"2025-02-17T12:50:53+00:00","mainEntityOfPage":{"@id":"https:\/\/www.tibagroup.com\/es\/comunicacion\/prensa\/nueva-oficina-tiba-merida"},"wordCount":269,"commentCount":0,"publisher":{"@id":"https:\/\/www.tibagroup.com\/es#organization"},"image":{"@id":"https:\/\/www.tibagroup.com\/es\/comunicacion\/prensa\/nueva-oficina-tiba-merida#primaryimage"},"thumbnailUrl":"https:\/\/www.tibagroup.com\/wp-content\/uploads\/2023\/09\/MERIDA.jpg","keywords":["M\u00e9xico"],"articleSection":["Prensa"],"inLanguage":"es","potentialAction":[{"@type":"CommentAction","name":"Comment","target":["https:\/\/www.tibagroup.com\/es\/comunicacion\/prensa\/nueva-oficina-tiba-merida#respond"]}]},{"@type":"WebPage","@id":"https:\/\/www.tibagroup.com\/es\/comunicacion\/prensa\/nueva-oficina-tiba-merida","url":"https:\/\/www.tibagroup.com\/es\/comunicacion\/prensa\/nueva-oficina-tiba-merida","name":"Nueva oficina de TIBA en M\u00e9rida | TIBA","isPartOf":{"@id":"https:\/\/www.tibagroup.com\/es#website"},"primaryImageOfPage":{"@id":"https:\/\/www.tibagroup.com\/es\/comunicacion\/prensa\/nueva-oficina-tiba-merida#primaryimage"},"image":{"@id":"https:\/\/www.tibagroup.com\/es\/comunicacion\/prensa\/nueva-oficina-tiba-merida#primaryimage"},"thumbnailUrl":"https:\/\/www.tibagroup.com\/wp-content\/uploads\/2023\/09\/MERIDA.jpg","datePublished":"2016-12-28T21:12:22+00:00","dateModified":"2025-02-17T12:50:53+00:00","description":"mportadores y exportadores cuentan con una nueva opci\u00f3n log\u00edstica para sus operaciones de comercio exterior.","breadcrumb":{"@id":"https:\/\/www.tibagroup.com\/es\/comunicacion\/prensa\/nueva-oficina-tiba-merida#breadcrumb"},"inLanguage":"es","potentialAction":[{"@type":"ReadAction","target":["https:\/\/www.tibagroup.com\/es\/comunicacion\/prensa\/nueva-oficina-tiba-merida"]}]},{"@type":"ImageObject","inLanguage":"es","@id":"https:\/\/www.tibagroup.com\/es\/comunicacion\/prensa\/nueva-oficina-tiba-merida#primaryimage","url":"https:\/\/www.tibagroup.com\/wp-content\/uploads\/2023\/09\/MERIDA.jpg","contentUrl":"https:\/\/www.tibagroup.com\/wp-content\/uploads\/2023\/09\/MERIDA.jpg","width":800,"height":360,"caption":"||"},{"@type":"BreadcrumbList","@id":"https:\/\/www.tibagroup.com\/es\/comunicacion\/prensa\/nueva-oficina-tiba-merida#breadcrumb","itemListElement":[{"@type":"ListItem","position":1,"name":"In\u00edcio","item":"https:\/\/www.tibagroup.com\/es\/agente-carga-operador-logistico"},{"@type":"ListItem","position":2,"name":"Comunicaci\u00f3n y prensa","item":"https:\/\/www.tibagroup.com\/es\/comunicacion"},{"@type":"ListItem","position":3,"name":"Prensa","item":"https:\/\/www.tibagroup.com\/es\/comunicacion\/prensa"},{"@type":"ListItem","position":4,"name":"Nueva oficina de TIBA en M\u00e9rida"}]},{"@type":"WebSite","@id":"https:\/\/www.tibagroup.com\/es#website","url":"https:\/\/www.tibagroup.com\/es","name":"TIBA","description":"Log\u00edstica y transporte internacional.","publisher":{"@id":"https:\/\/www.tibagroup.com\/es#organization"},"potentialAction":[{"@type":"SearchAction","target":{"@type":"EntryPoint","urlTemplate":"https:\/\/www.tibagroup.com\/es?s={search_term_string}"},"query-input":{"@type":"PropertyValueSpecification","valueRequired":true,"valueName":"search_term_string"}}],"inLanguage":"es"},{"@type":"Organization","@id":"https:\/\/www.tibagroup.com\/es#organization","name":"TIBA","url":"https:\/\/www.tibagroup.com\/es","logo":{"@type":"ImageObject","inLanguage":"es","@id":"https:\/\/www.tibagroup.com\/es#\/schema\/logo\/image\/","url":"https:\/\/www.tibagroup.com\/wp-content\/uploads\/2024\/02\/logo-web-TIBA.png","contentUrl":"https:\/\/www.tibagroup.com\/wp-content\/uploads\/2024\/02\/logo-web-TIBA.png","width":352,"height":116,"caption":"TIBA"},"image":{"@id":"https:\/\/www.tibagroup.com\/es#\/schema\/logo\/image\/"}},{"@type":"Person","@id":"https:\/\/www.tibagroup.com\/es#\/schema\/person\/05c092dcc51b7a515503f3d10c916094","name":"TIBA","image":{"@type":"ImageObject","inLanguage":"es","@id":"https:\/\/secure.gravatar.com\/avatar\/fe41478412b0c43764499979d851fae89a1f174100b1c19a55e15c00fde1851d?s=96&d=mm&r=g","url":"https:\/\/secure.gravatar.com\/avatar\/fe41478412b0c43764499979d851fae89a1f174100b1c19a55e15c00fde1851d?s=96&d=mm&r=g","contentUrl":"https:\/\/secure.gravatar.com\/avatar\/fe41478412b0c43764499979d851fae89a1f174100b1c19a55e15c00fde1851d?s=96&d=mm&r=g","caption":"TIBA"},"sameAs":["https:\/\/x.com\/eaguado"]}]}},"_links":{"self":[{"href":"https:\/\/www.tibagroup.com\/es\/wp-json\/wp\/v2\/posts\/44966","targetHints":{"allow":["GET"]}}],"collection":[{"href":"https:\/\/www.tibagroup.com\/es\/wp-json\/wp\/v2\/posts"}],"about":[{"href":"https:\/\/www.tibagroup.com\/es\/wp-json\/wp\/v2\/types\/post"}],"author":[{"embeddable":true,"href":"https:\/\/www.tibagroup.com\/es\/wp-json\/wp\/v2\/users\/2"}],"replies":[{"embeddable":true,"href":"https:\/\/www.tibagroup.com\/es\/wp-json\/wp\/v2\/comments?post=44966"}],"version-history":[{"count":2,"href":"https:\/\/www.tibagroup.com\/es\/wp-json\/wp\/v2\/posts\/44966\/revisions"}],"predecessor-version":[{"id":67939,"href":"https:\/\/www.tibagroup.com\/es\/wp-json\/wp\/v2\/posts\/44966\/revisions\/67939"}],"wp:featuredmedia":[{"embeddable":true,"href":"https:\/\/www.tibagroup.com\/es\/wp-json\/wp\/v2\/media\/26153"}],"wp:attachment":[{"href":"https:\/\/www.tibagroup.com\/es\/wp-json\/wp\/v2\/media?parent=44966"}],"wp:term":[{"taxonomy":"category","embeddable":true,"href":"https:\/\/www.tibagroup.com\/es\/wp-json\/wp\/v2\/categories?post=44966"},{"taxonomy":"post_tag","embeddable":true,"href":"https:\/\/www.tibagroup.com\/es\/wp-json\/wp\/v2\/tags?post=44966"}],"curies":[{"name":"wp","href":"https:\/\/api.w.org\/{rel}","templated":true}]}}