{"id":44469,"date":"2016-02-29T20:30:43","date_gmt":"2016-02-29T19:30:43","guid":{"rendered":"https:\/\/www.tibagroup.com\/friopuerto-inaugurara-su-nueva-plataforma-en-el-puerto-de-sines\/"},"modified":"2025-02-18T10:55:24","modified_gmt":"2025-02-18T09:55:24","slug":"friopuerto-inauguracion-sines","status":"publish","type":"post","link":"https:\/\/www.tibagroup.com\/es\/comunicacion\/prensa\/friopuerto-inauguracion-sines","title":{"rendered":"FRIOPUERTO inaugurar\u00e1 nueva plataforma en Sines"},"content":{"rendered":"<p style=\"text-align: justify;\">El pr\u00f3ximo 08 de marzo, Friopuerto inaugurar\u00e1 su nueva plataforma frigor\u00edfica en el Puerto de Sines, ante la presencia de\u00a0<strong>Ana Paula Vitorino, Ministra del Mar del Gobierno del Portugal<\/strong>, y\u00a0de <strong>Jo\u00e3o Franco, Presidente de la Administraci\u00f3n de los Puertos de Sines y del Algarve (APS).<\/strong>\u00a0Con ello concluir\u00e1n exitosamente los seis meses de obras que comenzaron poco despu\u00e9s de que Friopuerto Sines y la APS, firmaran el contrato de derecho de superficie el 15 de julio de 2015.<\/p>\n<p style=\"text-align: justify;\">El nuevo almac\u00e9n de Sines se suma a las cinco instalaciones frigor\u00edficas que\u00a0la empresa espa\u00f1ola tiene alrededor\u00a0del mundo: Valencia, Veracruz, Sines, Tanger y Montevideo, lo que demuestra el decidido impulso inversor de Grupo Romeu por su divisi\u00f3n de log\u00edstica de fr\u00edo.<\/p>\n<p style=\"text-align: justify;\">Con 3.000 m<sup>2 <\/sup> construidos, Friopuerto Sines cuenta con dos c\u00e1maras refrigeradas (+0\u00baC a +18\u00baC) destinadas principalmente al almacenamiento de frutas, con una capacidad superior a los 1.000 palets. La eficiencia operacional queda asegurada por una magn\u00edfica playa de operaciones de 750 m2 con 8 muelles de carga y descarga.<\/p>\n<p style=\"text-align: justify;\">Friopuerto, que se configura como el \u00fanico operador log\u00edstico de fr\u00edo en la ZAL de Sines, desarrollar\u00e1 en unos meses la segunda fase de su ambicioso plan de crecimiento y que le llevar\u00e1 a doblar la capacidad de la instalaci\u00f3n y a\u00f1adir servicios para productos congelados.<\/p>\n<p style=\"text-align: justify;\"><img decoding=\"async\" class=\"alignleft size-full wp-image-53868\" src=\"https:\/\/www.tibagroup.com\/wp-content\/uploads\/2016\/02\/sines-head-1030x247-1.webp\" alt=\"\" width=\"1030\" height=\"247\" srcset=\"https:\/\/www.tibagroup.com\/wp-content\/uploads\/2016\/02\/sines-head-1030x247-1.webp 1030w, https:\/\/www.tibagroup.com\/wp-content\/uploads\/2016\/02\/sines-head-1030x247-1-300x72.webp 300w, https:\/\/www.tibagroup.com\/wp-content\/uploads\/2016\/02\/sines-head-1030x247-1-768x184.webp 768w, https:\/\/www.tibagroup.com\/wp-content\/uploads\/2016\/02\/sines-head-1030x247-1-705x169.webp 705w\" sizes=\"(max-width: 1030px) 100vw, 1030px\" \/><\/p>\n<p style=\"text-align: justify;\">En un comunicado de prensa,\u00a0Manuel Cabrera-K\u00e1bana, Director General de Friopuerto, declar\u00f3 que 2016 ser\u00e1 fundamental\u00a0para el crecimiento y consolidaci\u00f3n de Friopuerto, con planes de ampliaci\u00f3n de algunas de sus instalaciones y nuevos proyectos en puerta.<\/p>\n<p style=\"text-align: justify;\"><em>&#8220;Estamos en un a\u00f1o clave para Friopuerto, pues Veracruz ya est\u00e1 operando al l\u00edmite y con perspectivas de ampliaci\u00f3n de instalaciones, la ampliaci\u00f3n de Valencia tambi\u00e9n ya est\u00e1 ocupada, pronto se inaugurar\u00e1n las de Friopuerto Tanger en la Zona franca del Puerto de TangerMed y esperamos poder tomar posesi\u00f3n del frigor\u00edfico ya adjudicado en Montevideo en unas semanas&#8221; \u00a0<\/em>indic\u00f3.<\/p>\n<p style=\"text-align: justify;\">El frigor\u00edfico de Sines es un gran paso en el desarrollo estrat\u00e9gico de Friopuerto. Los tr\u00e1ficos de fruta est\u00e1n creciendo en toda Espa\u00f1a y Portugal, y Sines tiene una posici\u00f3n estrat\u00e9gica ideal para competir en dicho negocio, tanto para\u00a0importaci\u00f3n desde Latinoam\u00e9rica y Sud\u00e1frica, como para\u00a0exportaci\u00f3n.\u00a0Por otraSines es el puerto m\u00e1s importante de Portugal, ya mueve m\u00e1s del 49% de toda la carga mar\u00edtima del pa\u00eds y con m\u00e1s de 1,33 millones de TEUs en 2015 es tambi\u00e9n uno de los Puertos de los m\u00e1s importantes de la Pen\u00ednsula Ib\u00e9rica.<\/p>\n<p style=\"text-align: justify;\">Durante 2015,\u00a0los tr\u00e1ficos de Sines tuvieron un incremento\u00a0del 8,5% en TEUs y del 17% en toneladas,\u00a0gracias a la apuesta de MSC por dicha d\u00e1rsena y al buen servicio que da el Puerto de Sines en general y la Terminal XXI, en particular.<\/p>\n<p style=\"text-align: justify;\">Con las instalaciones de Valencia, Sines y Tanger, Friopuerto pretende convertirse en el l\u00edder regional en el Mediterr\u00e1neo Occidental en el sector de almacenaje a temperatura controlada para el comercio exterior.<\/p>\n","protected":false},"excerpt":{"rendered":"<p>Friopuerto inaugurar\u00e1 su nuevo almac\u00e9n frigor\u00edfico en el Puerto de Sines, sum\u00e1ndose a las cinco instalaciones frigor\u00edficas que la empresa espa\u00f1ola tiene alrededor del mundo: Valencia, Veracruz, Sines, Tanger y Montevideo.<\/p>\n","protected":false},"author":2,"featured_media":44470,"comment_status":"open","ping_status":"closed","sticky":false,"template":"","format":"standard","meta":{"footnotes":""},"categories":[364,334],"tags":[832],"class_list":["post-44469","post","type-post","status-publish","format-standard","has-post-thumbnail","hentry","category-distribucion-almacenes","category-prensa","tag-portugal"],"yoast_head":"<!-- This site is optimized with the Yoast SEO plugin v27.4 - https:\/\/yoast.com\/product\/yoast-seo-wordpress\/ -->\n<title>FRIOPUERTO inaugurar\u00e1 nueva plataforma en Sines | TIBA<\/title>\n<meta name=\"description\" content=\"Friopuerto inaugurar\u00e1 su nuevo almac\u00e9n frigor\u00edfico en el Puerto de Sines, sum\u00e1ndose a las cinco instalaciones de la empresa mundialmente.\" \/>\n<meta name=\"robots\" content=\"index, follow, max-snippet:-1, max-image-preview:large, max-video-preview:-1\" \/>\n<link rel=\"canonical\" href=\"https:\/\/www.tibagroup.com\/es\/comunicacion\/prensa\/friopuerto-inauguracion-sines\" \/>\n<meta property=\"og:locale\" content=\"es_ES\" \/>\n<meta property=\"og:type\" content=\"article\" \/>\n<meta property=\"og:title\" content=\"FRIOPUERTO inaugurar\u00e1 nueva plataforma en Sines | TIBA\" \/>\n<meta property=\"og:description\" content=\"Friopuerto inaugurar\u00e1 su nuevo almac\u00e9n frigor\u00edfico en el Puerto de Sines, sum\u00e1ndose a las cinco instalaciones de la empresa mundialmente.\" \/>\n<meta property=\"og:url\" content=\"https:\/\/www.tibagroup.com\/es\/comunicacion\/prensa\/friopuerto-inauguracion-sines\" \/>\n<meta property=\"og:site_name\" content=\"TIBA\" \/>\n<meta property=\"article:published_time\" content=\"2016-02-29T19:30:43+00:00\" \/>\n<meta property=\"article:modified_time\" content=\"2025-02-18T09:55:24+00:00\" \/>\n<meta property=\"og:image\" content=\"https:\/\/www.tibagroup.com\/wp-content\/uploads\/2023\/11\/logo-friopuerrto-ok.png\" \/>\n\t<meta property=\"og:image:width\" content=\"640\" \/>\n\t<meta property=\"og:image:height\" content=\"191\" \/>\n\t<meta property=\"og:image:type\" content=\"image\/png\" \/>\n<meta name=\"author\" content=\"TIBA\" \/>\n<meta name=\"twitter:card\" content=\"summary_large_image\" \/>\n<meta name=\"twitter:creator\" content=\"@eaguado\" \/>\n<meta name=\"twitter:label1\" content=\"Written by\" \/>\n\t<meta name=\"twitter:data1\" content=\"TIBA\" \/>\n\t<meta name=\"twitter:label2\" content=\"Est. reading time\" \/>\n\t<meta name=\"twitter:data2\" content=\"3 minutes\" \/>\n<!-- \/ Yoast SEO plugin. -->","yoast_head_json":{"title":"FRIOPUERTO inaugurar\u00e1 nueva plataforma en Sines | TIBA","description":"Friopuerto inaugurar\u00e1 su nuevo almac\u00e9n frigor\u00edfico en el Puerto de Sines, sum\u00e1ndose a las cinco instalaciones de la empresa mundialmente.","robots":{"index":"index","follow":"follow","max-snippet":"max-snippet:-1","max-image-preview":"max-image-preview:large","max-video-preview":"max-video-preview:-1"},"canonical":"https:\/\/www.tibagroup.com\/es\/comunicacion\/prensa\/friopuerto-inauguracion-sines","og_locale":"es_ES","og_type":"article","og_title":"FRIOPUERTO inaugurar\u00e1 nueva plataforma en Sines | TIBA","og_description":"Friopuerto inaugurar\u00e1 su nuevo almac\u00e9n frigor\u00edfico en el Puerto de Sines, sum\u00e1ndose a las cinco instalaciones de la empresa mundialmente.","og_url":"https:\/\/www.tibagroup.com\/es\/comunicacion\/prensa\/friopuerto-inauguracion-sines","og_site_name":"TIBA","article_published_time":"2016-02-29T19:30:43+00:00","article_modified_time":"2025-02-18T09:55:24+00:00","og_image":[{"width":640,"height":191,"url":"https:\/\/www.tibagroup.com\/wp-content\/uploads\/2023\/11\/logo-friopuerrto-ok.png","type":"image\/png"}],"author":"TIBA","twitter_card":"summary_large_image","twitter_creator":"@eaguado","twitter_misc":{"Written by":"TIBA","Est. reading time":"3 minutes"},"schema":{"@context":"https:\/\/schema.org","@graph":[{"@type":"Article","@id":"https:\/\/www.tibagroup.com\/es\/comunicacion\/prensa\/friopuerto-inauguracion-sines#article","isPartOf":{"@id":"https:\/\/www.tibagroup.com\/es\/comunicacion\/prensa\/friopuerto-inauguracion-sines"},"author":{"name":"TIBA","@id":"https:\/\/www.tibagroup.com\/es#\/schema\/person\/05c092dcc51b7a515503f3d10c916094"},"headline":"FRIOPUERTO inaugurar\u00e1 nueva plataforma en Sines","datePublished":"2016-02-29T19:30:43+00:00","dateModified":"2025-02-18T09:55:24+00:00","mainEntityOfPage":{"@id":"https:\/\/www.tibagroup.com\/es\/comunicacion\/prensa\/friopuerto-inauguracion-sines"},"wordCount":527,"commentCount":0,"publisher":{"@id":"https:\/\/www.tibagroup.com\/es#organization"},"image":{"@id":"https:\/\/www.tibagroup.com\/es\/comunicacion\/prensa\/friopuerto-inauguracion-sines#primaryimage"},"thumbnailUrl":"https:\/\/www.tibagroup.com\/wp-content\/uploads\/2023\/11\/logo-friopuerrto-ok.png","keywords":["Portugal"],"articleSection":["Distribuci\u00f3n y almacenes","Prensa"],"inLanguage":"es","potentialAction":[{"@type":"CommentAction","name":"Comment","target":["https:\/\/www.tibagroup.com\/es\/comunicacion\/prensa\/friopuerto-inauguracion-sines#respond"]}]},{"@type":"WebPage","@id":"https:\/\/www.tibagroup.com\/es\/comunicacion\/prensa\/friopuerto-inauguracion-sines","url":"https:\/\/www.tibagroup.com\/es\/comunicacion\/prensa\/friopuerto-inauguracion-sines","name":"FRIOPUERTO inaugurar\u00e1 nueva plataforma en Sines | TIBA","isPartOf":{"@id":"https:\/\/www.tibagroup.com\/es#website"},"primaryImageOfPage":{"@id":"https:\/\/www.tibagroup.com\/es\/comunicacion\/prensa\/friopuerto-inauguracion-sines#primaryimage"},"image":{"@id":"https:\/\/www.tibagroup.com\/es\/comunicacion\/prensa\/friopuerto-inauguracion-sines#primaryimage"},"thumbnailUrl":"https:\/\/www.tibagroup.com\/wp-content\/uploads\/2023\/11\/logo-friopuerrto-ok.png","datePublished":"2016-02-29T19:30:43+00:00","dateModified":"2025-02-18T09:55:24+00:00","description":"Friopuerto inaugurar\u00e1 su nuevo almac\u00e9n frigor\u00edfico en el Puerto de Sines, sum\u00e1ndose a las cinco instalaciones de la empresa mundialmente.","breadcrumb":{"@id":"https:\/\/www.tibagroup.com\/es\/comunicacion\/prensa\/friopuerto-inauguracion-sines#breadcrumb"},"inLanguage":"es","potentialAction":[{"@type":"ReadAction","target":["https:\/\/www.tibagroup.com\/es\/comunicacion\/prensa\/friopuerto-inauguracion-sines"]}]},{"@type":"ImageObject","inLanguage":"es","@id":"https:\/\/www.tibagroup.com\/es\/comunicacion\/prensa\/friopuerto-inauguracion-sines#primaryimage","url":"https:\/\/www.tibagroup.com\/wp-content\/uploads\/2023\/11\/logo-friopuerrto-ok.png","contentUrl":"https:\/\/www.tibagroup.com\/wp-content\/uploads\/2023\/11\/logo-friopuerrto-ok.png","width":640,"height":191},{"@type":"BreadcrumbList","@id":"https:\/\/www.tibagroup.com\/es\/comunicacion\/prensa\/friopuerto-inauguracion-sines#breadcrumb","itemListElement":[{"@type":"ListItem","position":1,"name":"In\u00edcio","item":"https:\/\/www.tibagroup.com\/es\/agente-carga-operador-logistico"},{"@type":"ListItem","position":2,"name":"Comunicaci\u00f3n y prensa","item":"https:\/\/www.tibagroup.com\/es\/comunicacion"},{"@type":"ListItem","position":3,"name":"Prensa","item":"https:\/\/www.tibagroup.com\/es\/comunicacion\/prensa"},{"@type":"ListItem","position":4,"name":"FRIOPUERTO inaugurar\u00e1 nueva plataforma en Sines"}]},{"@type":"WebSite","@id":"https:\/\/www.tibagroup.com\/es#website","url":"https:\/\/www.tibagroup.com\/es","name":"TIBA","description":"Log\u00edstica y transporte internacional.","publisher":{"@id":"https:\/\/www.tibagroup.com\/es#organization"},"potentialAction":[{"@type":"SearchAction","target":{"@type":"EntryPoint","urlTemplate":"https:\/\/www.tibagroup.com\/es?s={search_term_string}"},"query-input":{"@type":"PropertyValueSpecification","valueRequired":true,"valueName":"search_term_string"}}],"inLanguage":"es"},{"@type":"Organization","@id":"https:\/\/www.tibagroup.com\/es#organization","name":"TIBA","url":"https:\/\/www.tibagroup.com\/es","logo":{"@type":"ImageObject","inLanguage":"es","@id":"https:\/\/www.tibagroup.com\/es#\/schema\/logo\/image\/","url":"https:\/\/www.tibagroup.com\/wp-content\/uploads\/2024\/02\/logo-web-TIBA.png","contentUrl":"https:\/\/www.tibagroup.com\/wp-content\/uploads\/2024\/02\/logo-web-TIBA.png","width":352,"height":116,"caption":"TIBA"},"image":{"@id":"https:\/\/www.tibagroup.com\/es#\/schema\/logo\/image\/"}},{"@type":"Person","@id":"https:\/\/www.tibagroup.com\/es#\/schema\/person\/05c092dcc51b7a515503f3d10c916094","name":"TIBA","image":{"@type":"ImageObject","inLanguage":"es","@id":"https:\/\/secure.gravatar.com\/avatar\/fe41478412b0c43764499979d851fae89a1f174100b1c19a55e15c00fde1851d?s=96&d=mm&r=g","url":"https:\/\/secure.gravatar.com\/avatar\/fe41478412b0c43764499979d851fae89a1f174100b1c19a55e15c00fde1851d?s=96&d=mm&r=g","contentUrl":"https:\/\/secure.gravatar.com\/avatar\/fe41478412b0c43764499979d851fae89a1f174100b1c19a55e15c00fde1851d?s=96&d=mm&r=g","caption":"TIBA"},"sameAs":["https:\/\/x.com\/eaguado"]}]}},"_links":{"self":[{"href":"https:\/\/www.tibagroup.com\/es\/wp-json\/wp\/v2\/posts\/44469","targetHints":{"allow":["GET"]}}],"collection":[{"href":"https:\/\/www.tibagroup.com\/es\/wp-json\/wp\/v2\/posts"}],"about":[{"href":"https:\/\/www.tibagroup.com\/es\/wp-json\/wp\/v2\/types\/post"}],"author":[{"embeddable":true,"href":"https:\/\/www.tibagroup.com\/es\/wp-json\/wp\/v2\/users\/2"}],"replies":[{"embeddable":true,"href":"https:\/\/www.tibagroup.com\/es\/wp-json\/wp\/v2\/comments?post=44469"}],"version-history":[{"count":2,"href":"https:\/\/www.tibagroup.com\/es\/wp-json\/wp\/v2\/posts\/44469\/revisions"}],"predecessor-version":[{"id":67749,"href":"https:\/\/www.tibagroup.com\/es\/wp-json\/wp\/v2\/posts\/44469\/revisions\/67749"}],"wp:featuredmedia":[{"embeddable":true,"href":"https:\/\/www.tibagroup.com\/es\/wp-json\/wp\/v2\/media\/44470"}],"wp:attachment":[{"href":"https:\/\/www.tibagroup.com\/es\/wp-json\/wp\/v2\/media?parent=44469"}],"wp:term":[{"taxonomy":"category","embeddable":true,"href":"https:\/\/www.tibagroup.com\/es\/wp-json\/wp\/v2\/categories?post=44469"},{"taxonomy":"post_tag","embeddable":true,"href":"https:\/\/www.tibagroup.com\/es\/wp-json\/wp\/v2\/tags?post=44469"}],"curies":[{"name":"wp","href":"https:\/\/api.w.org\/{rel}","templated":true}]}}