{"id":44192,"date":"2015-06-19T22:43:08","date_gmt":"2015-06-19T20:43:08","guid":{"rendered":"https:\/\/www.tibagroup.com\/tiba-en-expo-carga\/"},"modified":"2025-04-10T12:37:30","modified_gmt":"2025-04-10T10:37:30","slug":"visitanos-expo-carga-2015","status":"publish","type":"post","link":"https:\/\/www.tibagroup.com\/es\/comunicacion\/eventos\/visitanos-expo-carga-2015","title":{"rendered":"Expo Carga 2015 \u00a1Todo listo!"},"content":{"rendered":"<h2 style=\"text-align: justify;\">Faltan muy pocos d\u00edas\u00a0para Expo Carga 2015<\/h2>\n<p style=\"text-align: justify;\">Te invitamos a visitarnos los pr\u00f3ximos <strong>23, 24 y 25 de junio<\/strong> en la 6ta edici\u00f3n de <a href=\"https:\/\/www.expocarga.com.uy\/sobre-expocarga2023\">Expo Carga<\/a>, el evento m\u00e1s importante de log\u00edstica y transporte internacional de Am\u00e9rica Latina.<\/p>\n<p style=\"text-align: justify;\">Este a\u00f1o, adem\u00e1s de participar como <strong>patrocinador PLATINUM<\/strong>, TIBA auspiciar\u00e1 el Foro Internacional de Log\u00edstica de Perecederos y el Foro Automotriz. Planea tu visita y acude a las diferentes conferencias que ofrecer\u00e1n.<\/p>\n<p style=\"text-align: justify;\"><strong>Con\u00f3cenos y forma parte de nuestra red de negocios mundial<\/strong><\/p>\n<p style=\"text-align: justify;\">Como cada a\u00f1o, TIBA ofrecer\u00e1 una experiencia de atenci\u00f3n \u00fanica. <strong>Vis\u00edtanos en el stand 1119<\/strong>, en donde encontrar\u00e1s a los mejores expertos en materia de Comercio Exterior quienes podr\u00e1n asesorarte en todo lo que necesites para tus importaciones y\/o exportaciones.<\/p>\n<p style=\"text-align: justify;\">Adem\u00e1s, como en TIBA sabemos que cada mercanc\u00eda merece un trato especial, al visitar nuestro stand podr\u00e1s conocer toda nuestra cartera de servicios especializados:<\/p>\n<p><img decoding=\"async\" class=\"aligncenter size-full wp-image-53895\" src=\"https:\/\/www.tibagroup.com\/wp-content\/uploads\/2015\/06\/Servicios-especiales-495x400-1.jpg\" alt=\"\" width=\"495\" height=\"400\" srcset=\"https:\/\/www.tibagroup.com\/wp-content\/uploads\/2015\/06\/Servicios-especiales-495x400-1.jpg 495w, https:\/\/www.tibagroup.com\/wp-content\/uploads\/2015\/06\/Servicios-especiales-495x400-1-300x242.jpg 300w\" sizes=\"(max-width: 495px) 100vw, 495px\" \/><\/p>\n<p>&nbsp;<\/p>\n<h2><a href=\"\/es\/comunicacion\/eventos\/visitanos-expo-carga-2015\" target=\"_blank\" rel=\"noopener\">TIBA patrocinador PLATINUM de Expo Carga 2015<\/a><\/h2>\n<p><span style=\"color: #000000;\"><strong>\u00a1Benef\u00edciate de nuestras promociones exclusivas!<\/strong><\/span><\/p>\n<p style=\"text-align: justify;\"><img decoding=\"async\" class=\"aligncenter size-full wp-image-53898\" src=\"https:\/\/www.tibagroup.com\/wp-content\/uploads\/2015\/06\/2952bd05-b250-4805-9d08-ec873f767ab1-495x400-1.jpg\" alt=\"\" width=\"495\" height=\"400\" srcset=\"https:\/\/www.tibagroup.com\/wp-content\/uploads\/2015\/06\/2952bd05-b250-4805-9d08-ec873f767ab1-495x400-1.jpg 495w, https:\/\/www.tibagroup.com\/wp-content\/uploads\/2015\/06\/2952bd05-b250-4805-9d08-ec873f767ab1-495x400-1-300x242.jpg 300w\" sizes=\"(max-width: 495px) 100vw, 495px\" \/><\/p>\n<p style=\"text-align: justify;\">Durante los d\u00eda de Expo Carga, tendr\u00e1s la oportunidad de <strong>participar para ganarte un iPhone 6.<\/strong> Solo acude a nuestro stand, solicita tu cotizaci\u00f3n de flete internacional, d\u00e9janos tu tarjeta y\u2026 \u00a1autom\u00e1ticamente estar\u00e1s participando!<span style=\"color: #ff0000;\">*<\/span><\/p>\n<p style=\"text-align: justify;\"><span style=\"color: #ff0000;\">*<span style=\"color: #000000;\">Promoci\u00f3n v\u00e1lida solo para clientes y prospectos. Quedan excluidos proveedores.<\/span><\/span><\/p>\n<p style=\"text-align: justify;\">Por si fuera poco, al visitarnos en nuestro stand durante los d\u00edas de Expo Carga, podr\u00e1s obtener tu <strong>coordinaci\u00f3n de aduanas \u00a1completamente gratis!<\/strong><span style=\"color: #ff0000;\">**<\/span><\/p>\n<p style=\"text-align: justify;\"><span style=\"color: #ff0000;\">**<\/span>La promoci\u00f3n ser\u00e1 v\u00e1lida \u00fanicamente para contrataciones que se hagan durante Expo Carga 2015. Aplicar\u00e1 para cada 5to despacho aduanero con vigencia hasta el 30 de septiembre de 2015.<\/p>\n<p><span style=\"color: #ff0000;\">**<\/span>Aplica solo para servicios de Coordinaci\u00f3n Aduanera.<\/p>\n<p><span style=\"color: #ff0000;\">**<\/span>La promoci\u00f3n no aplica para maniobras, impuestos, derechos, tr\u00e1mites ante dependencias, previos, reconocimientos aduaneros, ni cualquier otro gasto extraordinario en adunas.<\/p>\n<p><span style=\"color: #ff0000;\">**<\/span>En el caso de clientes activos de TIBA, aplicar\u00e1 solo en la contrataci\u00f3n de nuevos tr\u00e1ficos o aduanas.<\/p>\n","protected":false},"excerpt":{"rendered":"<p>Todo listo para Expo Carga 2015. Vis\u00edtanos los pr\u00f3ximos 23, 24 y 25 de junio en el stand 1119 y encuentra las mejores soluciones log\u00edsticas y de transporte internacional.<\/p>\n","protected":false},"author":2,"featured_media":44193,"comment_status":"open","ping_status":"closed","sticky":false,"template":"","format":"standard","meta":{"footnotes":""},"categories":[327],"tags":[360,820],"class_list":["post-44192","post","type-post","status-publish","format-standard","has-post-thumbnail","hentry","category-eventos","tag-expo-carga","tag-mexico"],"yoast_head":"<!-- This site is optimized with the Yoast SEO plugin v27.4 - https:\/\/yoast.com\/product\/yoast-seo-wordpress\/ -->\n<title>Todo listo para Expo Carga 2015 | TIBA<\/title>\n<meta name=\"description\" content=\"Foro Internacional de Log\u00edstica de Perecederos y el Foro Automotriz de ExpoCarga, el gran evento de log\u00edstica y transporte en Am\u00e9rica Latina.\" \/>\n<meta name=\"robots\" content=\"index, follow, max-snippet:-1, max-image-preview:large, max-video-preview:-1\" \/>\n<link rel=\"canonical\" href=\"https:\/\/www.tibagroup.com\/es\/comunicacion\/eventos\/visitanos-expo-carga-2015\" \/>\n<meta property=\"og:locale\" content=\"es_ES\" \/>\n<meta property=\"og:type\" content=\"article\" \/>\n<meta property=\"og:title\" content=\"Todo listo para Expo Carga 2015 | TIBA\" \/>\n<meta property=\"og:description\" content=\"Foro Internacional de Log\u00edstica de Perecederos y el Foro Automotriz de ExpoCarga, el gran evento de log\u00edstica y transporte en Am\u00e9rica Latina.\" \/>\n<meta property=\"og:url\" content=\"https:\/\/www.tibagroup.com\/es\/comunicacion\/eventos\/visitanos-expo-carga-2015\" \/>\n<meta property=\"og:site_name\" content=\"TIBA\" \/>\n<meta property=\"article:published_time\" content=\"2015-06-19T20:43:08+00:00\" \/>\n<meta property=\"article:modified_time\" content=\"2025-04-10T10:37:30+00:00\" \/>\n<meta property=\"og:image\" content=\"https:\/\/www.tibagroup.com\/wp-content\/uploads\/2023\/11\/IMG_3482-769x1030.jpg\" \/>\n\t<meta property=\"og:image:width\" content=\"769\" \/>\n\t<meta property=\"og:image:height\" content=\"1030\" \/>\n\t<meta property=\"og:image:type\" content=\"image\/jpeg\" \/>\n<meta name=\"author\" content=\"TIBA\" \/>\n<meta name=\"twitter:card\" content=\"summary_large_image\" \/>\n<meta name=\"twitter:creator\" content=\"@eaguado\" \/>\n<meta name=\"twitter:label1\" content=\"Written by\" \/>\n\t<meta name=\"twitter:data1\" content=\"TIBA\" \/>\n\t<meta name=\"twitter:label2\" content=\"Est. reading time\" \/>\n\t<meta name=\"twitter:data2\" content=\"2 minutes\" \/>\n<!-- \/ Yoast SEO plugin. -->","yoast_head_json":{"title":"Todo listo para Expo Carga 2015 | TIBA","description":"Foro Internacional de Log\u00edstica de Perecederos y el Foro Automotriz de ExpoCarga, el gran evento de log\u00edstica y transporte en Am\u00e9rica Latina.","robots":{"index":"index","follow":"follow","max-snippet":"max-snippet:-1","max-image-preview":"max-image-preview:large","max-video-preview":"max-video-preview:-1"},"canonical":"https:\/\/www.tibagroup.com\/es\/comunicacion\/eventos\/visitanos-expo-carga-2015","og_locale":"es_ES","og_type":"article","og_title":"Todo listo para Expo Carga 2015 | TIBA","og_description":"Foro Internacional de Log\u00edstica de Perecederos y el Foro Automotriz de ExpoCarga, el gran evento de log\u00edstica y transporte en Am\u00e9rica Latina.","og_url":"https:\/\/www.tibagroup.com\/es\/comunicacion\/eventos\/visitanos-expo-carga-2015","og_site_name":"TIBA","article_published_time":"2015-06-19T20:43:08+00:00","article_modified_time":"2025-04-10T10:37:30+00:00","og_image":[{"width":769,"height":1030,"url":"https:\/\/www.tibagroup.com\/wp-content\/uploads\/2023\/11\/IMG_3482-769x1030.jpg","type":"image\/jpeg"}],"author":"TIBA","twitter_card":"summary_large_image","twitter_creator":"@eaguado","twitter_misc":{"Written by":"TIBA","Est. reading time":"2 minutes"},"schema":{"@context":"https:\/\/schema.org","@graph":[{"@type":"Article","@id":"https:\/\/www.tibagroup.com\/es\/comunicacion\/eventos\/visitanos-expo-carga-2015#article","isPartOf":{"@id":"https:\/\/www.tibagroup.com\/es\/comunicacion\/eventos\/visitanos-expo-carga-2015"},"author":{"name":"TIBA","@id":"https:\/\/www.tibagroup.com\/es#\/schema\/person\/05c092dcc51b7a515503f3d10c916094"},"headline":"Expo Carga 2015 \u00a1Todo listo!","datePublished":"2015-06-19T20:43:08+00:00","dateModified":"2025-04-10T10:37:30+00:00","mainEntityOfPage":{"@id":"https:\/\/www.tibagroup.com\/es\/comunicacion\/eventos\/visitanos-expo-carga-2015"},"wordCount":333,"commentCount":0,"publisher":{"@id":"https:\/\/www.tibagroup.com\/es#organization"},"image":{"@id":"https:\/\/www.tibagroup.com\/es\/comunicacion\/eventos\/visitanos-expo-carga-2015#primaryimage"},"thumbnailUrl":"https:\/\/www.tibagroup.com\/wp-content\/uploads\/2023\/11\/IMG_3482-scaled.jpg","keywords":["Expo Carga","M\u00e9xico"],"articleSection":["Eventos"],"inLanguage":"es","potentialAction":[{"@type":"CommentAction","name":"Comment","target":["https:\/\/www.tibagroup.com\/es\/comunicacion\/eventos\/visitanos-expo-carga-2015#respond"]}]},{"@type":"WebPage","@id":"https:\/\/www.tibagroup.com\/es\/comunicacion\/eventos\/visitanos-expo-carga-2015","url":"https:\/\/www.tibagroup.com\/es\/comunicacion\/eventos\/visitanos-expo-carga-2015","name":"Todo listo para Expo Carga 2015 | TIBA","isPartOf":{"@id":"https:\/\/www.tibagroup.com\/es#website"},"primaryImageOfPage":{"@id":"https:\/\/www.tibagroup.com\/es\/comunicacion\/eventos\/visitanos-expo-carga-2015#primaryimage"},"image":{"@id":"https:\/\/www.tibagroup.com\/es\/comunicacion\/eventos\/visitanos-expo-carga-2015#primaryimage"},"thumbnailUrl":"https:\/\/www.tibagroup.com\/wp-content\/uploads\/2023\/11\/IMG_3482-scaled.jpg","datePublished":"2015-06-19T20:43:08+00:00","dateModified":"2025-04-10T10:37:30+00:00","description":"Foro Internacional de Log\u00edstica de Perecederos y el Foro Automotriz de ExpoCarga, el gran evento de log\u00edstica y transporte en Am\u00e9rica Latina.","breadcrumb":{"@id":"https:\/\/www.tibagroup.com\/es\/comunicacion\/eventos\/visitanos-expo-carga-2015#breadcrumb"},"inLanguage":"es","potentialAction":[{"@type":"ReadAction","target":["https:\/\/www.tibagroup.com\/es\/comunicacion\/eventos\/visitanos-expo-carga-2015"]}]},{"@type":"ImageObject","inLanguage":"es","@id":"https:\/\/www.tibagroup.com\/es\/comunicacion\/eventos\/visitanos-expo-carga-2015#primaryimage","url":"https:\/\/www.tibagroup.com\/wp-content\/uploads\/2023\/11\/IMG_3482-scaled.jpg","contentUrl":"https:\/\/www.tibagroup.com\/wp-content\/uploads\/2023\/11\/IMG_3482-scaled.jpg","width":1912,"height":2560},{"@type":"BreadcrumbList","@id":"https:\/\/www.tibagroup.com\/es\/comunicacion\/eventos\/visitanos-expo-carga-2015#breadcrumb","itemListElement":[{"@type":"ListItem","position":1,"name":"In\u00edcio","item":"https:\/\/www.tibagroup.com\/es\/agente-carga-operador-logistico"},{"@type":"ListItem","position":2,"name":"Comunicaci\u00f3n y prensa","item":"https:\/\/www.tibagroup.com\/es\/comunicacion"},{"@type":"ListItem","position":3,"name":"Eventos","item":"https:\/\/www.tibagroup.com\/es\/comunicacion\/eventos"},{"@type":"ListItem","position":4,"name":"Expo Carga 2015 \u00a1Todo listo!"}]},{"@type":"WebSite","@id":"https:\/\/www.tibagroup.com\/es#website","url":"https:\/\/www.tibagroup.com\/es","name":"TIBA","description":"Log\u00edstica y transporte internacional.","publisher":{"@id":"https:\/\/www.tibagroup.com\/es#organization"},"potentialAction":[{"@type":"SearchAction","target":{"@type":"EntryPoint","urlTemplate":"https:\/\/www.tibagroup.com\/es?s={search_term_string}"},"query-input":{"@type":"PropertyValueSpecification","valueRequired":true,"valueName":"search_term_string"}}],"inLanguage":"es"},{"@type":"Organization","@id":"https:\/\/www.tibagroup.com\/es#organization","name":"TIBA","url":"https:\/\/www.tibagroup.com\/es","logo":{"@type":"ImageObject","inLanguage":"es","@id":"https:\/\/www.tibagroup.com\/es#\/schema\/logo\/image\/","url":"https:\/\/www.tibagroup.com\/wp-content\/uploads\/2024\/02\/logo-web-TIBA.png","contentUrl":"https:\/\/www.tibagroup.com\/wp-content\/uploads\/2024\/02\/logo-web-TIBA.png","width":352,"height":116,"caption":"TIBA"},"image":{"@id":"https:\/\/www.tibagroup.com\/es#\/schema\/logo\/image\/"}},{"@type":"Person","@id":"https:\/\/www.tibagroup.com\/es#\/schema\/person\/05c092dcc51b7a515503f3d10c916094","name":"TIBA","image":{"@type":"ImageObject","inLanguage":"es","@id":"https:\/\/secure.gravatar.com\/avatar\/fe41478412b0c43764499979d851fae89a1f174100b1c19a55e15c00fde1851d?s=96&d=mm&r=g","url":"https:\/\/secure.gravatar.com\/avatar\/fe41478412b0c43764499979d851fae89a1f174100b1c19a55e15c00fde1851d?s=96&d=mm&r=g","contentUrl":"https:\/\/secure.gravatar.com\/avatar\/fe41478412b0c43764499979d851fae89a1f174100b1c19a55e15c00fde1851d?s=96&d=mm&r=g","caption":"TIBA"},"sameAs":["https:\/\/x.com\/eaguado"]}]}},"_links":{"self":[{"href":"https:\/\/www.tibagroup.com\/es\/wp-json\/wp\/v2\/posts\/44192","targetHints":{"allow":["GET"]}}],"collection":[{"href":"https:\/\/www.tibagroup.com\/es\/wp-json\/wp\/v2\/posts"}],"about":[{"href":"https:\/\/www.tibagroup.com\/es\/wp-json\/wp\/v2\/types\/post"}],"author":[{"embeddable":true,"href":"https:\/\/www.tibagroup.com\/es\/wp-json\/wp\/v2\/users\/2"}],"replies":[{"embeddable":true,"href":"https:\/\/www.tibagroup.com\/es\/wp-json\/wp\/v2\/comments?post=44192"}],"version-history":[{"count":4,"href":"https:\/\/www.tibagroup.com\/es\/wp-json\/wp\/v2\/posts\/44192\/revisions"}],"predecessor-version":[{"id":71515,"href":"https:\/\/www.tibagroup.com\/es\/wp-json\/wp\/v2\/posts\/44192\/revisions\/71515"}],"wp:featuredmedia":[{"embeddable":true,"href":"https:\/\/www.tibagroup.com\/es\/wp-json\/wp\/v2\/media\/44193"}],"wp:attachment":[{"href":"https:\/\/www.tibagroup.com\/es\/wp-json\/wp\/v2\/media?parent=44192"}],"wp:term":[{"taxonomy":"category","embeddable":true,"href":"https:\/\/www.tibagroup.com\/es\/wp-json\/wp\/v2\/categories?post=44192"},{"taxonomy":"post_tag","embeddable":true,"href":"https:\/\/www.tibagroup.com\/es\/wp-json\/wp\/v2\/tags?post=44192"}],"curies":[{"name":"wp","href":"https:\/\/api.w.org\/{rel}","templated":true}]}}