{"id":44170,"date":"2015-05-18T17:09:42","date_gmt":"2015-05-18T15:09:42","guid":{"rendered":"https:\/\/www.tibagroup.com\/expo-carga-2015-2\/"},"modified":"2025-02-18T10:41:05","modified_gmt":"2025-02-18T09:41:05","slug":"asistimos-expo-carga-2015","status":"publish","type":"post","link":"https:\/\/www.tibagroup.com\/es\/comunicacion\/eventos\/asistimos-expo-carga-2015","title":{"rendered":"Expo Carga 2015"},"content":{"rendered":"<h2 style=\"text-align: left;\">Todo listo para Expo Carga 2015<\/h2>\n<p>Por 5to a\u00f1o consecutivo<strong>, <\/strong>TIBA formar\u00e1 parte de la reuni\u00f3n de negocios m\u00e1s importante del sector log\u00edstico y transporte internacional en Am\u00e9rica Latina: Expo Carga, evento que en su edici\u00f3n 2014, logr\u00f3 reunir a m\u00e1s de 350 empresas especializadas, entre l\u00edneas navieras, agentes aduanales, operadores log\u00edsticos, agencias de carga, entre otros.<\/p>\n<p style=\"text-align: justify;\">Adem\u00e1s de ser <strong>patrocinador PLATINUM<\/strong> de Expo Carga, y gracias al \u00e9xito obtenido en ediciones anteriores, <strong>TIBA patrocinar\u00e1 el Foro Internacional de Log\u00edstica de Perecederos<\/strong> <strong>y el Foro Automotriz<\/strong>, los cuales aprovechar\u00e1 para promocionar las verticales especializadas que ofrece para ambas industrias.<\/p>\n<h2><span style=\"line-height: 1.5;\"><img decoding=\"async\" class=\"aligncenter size-full wp-image-53898\" src=\"https:\/\/www.tibagroup.com\/wp-content\/uploads\/2015\/06\/2952bd05-b250-4805-9d08-ec873f767ab1-495x400-1.jpg\" alt=\"\" width=\"495\" height=\"400\" srcset=\"https:\/\/www.tibagroup.com\/wp-content\/uploads\/2015\/06\/2952bd05-b250-4805-9d08-ec873f767ab1-495x400-1.jpg 495w, https:\/\/www.tibagroup.com\/wp-content\/uploads\/2015\/06\/2952bd05-b250-4805-9d08-ec873f767ab1-495x400-1-300x242.jpg 300w\" sizes=\"(max-width: 495px) 100vw, 495px\" \/> <img decoding=\"async\" class=\"aligncenter size-full wp-image-53903\" src=\"https:\/\/www.tibagroup.com\/wp-content\/uploads\/2015\/05\/2952bd05-b250-4805-9d08-ec873f767ab1-495x400-1.jpg\" alt=\"\" width=\"495\" height=\"400\" srcset=\"https:\/\/www.tibagroup.com\/wp-content\/uploads\/2015\/05\/2952bd05-b250-4805-9d08-ec873f767ab1-495x400-1.jpg 495w, https:\/\/www.tibagroup.com\/wp-content\/uploads\/2015\/05\/2952bd05-b250-4805-9d08-ec873f767ab1-495x400-1-300x242.jpg 300w\" sizes=\"(max-width: 495px) 100vw, 495px\" \/><\/span><\/h2>\n<h2><span style=\"line-height: 1.5;\">TIBA en Expo Carga 2015<\/span><\/h2>\n<p style=\"text-align: justify;\">TIBA estar\u00e1 listo para recibir a sus visitantes<strong> los pr\u00f3ximos 23, 24 y 25 de junio en el<\/strong> <strong>stand 1119<\/strong>, desde donde ofrecer\u00e1 las mejores soluciones de transporte internacional de mercanc\u00edas, as\u00ed como tambi\u00e9n pondr\u00e1 a disposici\u00f3n su amplia cartera de verticales especializadas que incluye servicios como: <strong><a href=\"\/es\/servicios\/logistica-perecederos\">perecederos,<\/a> <a href=\"\/es\/servicios\/flexitank\">l\u00edquidos<\/a>, <a href=\"\/es\/servicios\/logistica-bebidas\/vinos-licores\">vinos y licores<\/a>, <a href=\"\/es\/servicios\/carga-proyectos\">carga proyecto<\/a>, <a href=\"\/es\/servicios\/logistica-automotriz\">automotriz<\/a>, <a href=\"\/es\/servicios\/logistica-hotelera\">log\u00edstica hotelera<\/a> y de<a href=\"\/es\/servicios\/logistica-eventos\"> eventos<\/a>.<\/strong><\/p>\n<p style=\"text-align: justify;\">Por si fuera poco, durante los d\u00edas de Expo Carga,\u00a0<strong>TIBA regalar\u00e1 un iPhone 6<\/strong> entre aquellos visitantes que se acerquen a su stand\u00a0y pidan una cotizaci\u00f3n. As\u00ed que no espere m\u00e1s, reg\u00edstrese hoy mismo, forme parte del mejor evento de log\u00edstica y conozca las ofertas que TIBA tiene preparadas especialmente para usted.<\/p>\n<p><img decoding=\"async\" class=\"aligncenter size-full wp-image-53906\" src=\"https:\/\/www.tibagroup.com\/wp-content\/uploads\/2015\/05\/TIBApatrocinador.webp\" alt=\"\" width=\"654\" height=\"213\" srcset=\"https:\/\/www.tibagroup.com\/wp-content\/uploads\/2015\/05\/TIBApatrocinador.webp 654w, https:\/\/www.tibagroup.com\/wp-content\/uploads\/2015\/05\/TIBApatrocinador-300x98.webp 300w\" sizes=\"(max-width: 654px) 100vw, 654px\" \/><\/p>\n","protected":false},"excerpt":{"rendered":"<p>Te esperamos en Expo Carga 2015 los pr\u00f3ximos 23, 24 y 25 de junio. Las mejores soluciones log\u00edsticas y de transporte internacional en un solo lugar. \u00a1Ven a visitarnos!<\/p>\n","protected":false},"author":2,"featured_media":43690,"comment_status":"open","ping_status":"closed","sticky":false,"template":"","format":"standard","meta":{"footnotes":""},"categories":[327],"tags":[360,820],"class_list":["post-44170","post","type-post","status-publish","format-standard","has-post-thumbnail","hentry","category-eventos","tag-expo-carga","tag-mexico"],"yoast_head":"<!-- This site is optimized with the Yoast SEO plugin v27.5 - https:\/\/yoast.com\/product\/yoast-seo-wordpress\/ -->\n<title>Expo Carga 2015 | TIBA<\/title>\n<meta name=\"description\" content=\"Te esperamos en Expo Carga 2015 \u00a1Las mejores soluciones log\u00edsticas y de transporte internacional en un solo lugar!\" \/>\n<meta name=\"robots\" content=\"index, follow, max-snippet:-1, max-image-preview:large, max-video-preview:-1\" \/>\n<link rel=\"canonical\" href=\"https:\/\/www.tibagroup.com\/es\/comunicacion\/eventos\/asistimos-expo-carga-2015\" \/>\n<meta property=\"og:locale\" content=\"es_ES\" \/>\n<meta property=\"og:type\" content=\"article\" \/>\n<meta property=\"og:title\" content=\"Expo Carga 2015 | TIBA\" \/>\n<meta property=\"og:description\" content=\"Te esperamos en Expo Carga 2015 \u00a1Las mejores soluciones log\u00edsticas y de transporte internacional en un solo lugar!\" \/>\n<meta property=\"og:url\" content=\"https:\/\/www.tibagroup.com\/es\/comunicacion\/eventos\/asistimos-expo-carga-2015\" \/>\n<meta property=\"og:site_name\" content=\"TIBA\" \/>\n<meta property=\"article:published_time\" content=\"2015-05-18T15:09:42+00:00\" \/>\n<meta property=\"article:modified_time\" content=\"2025-02-18T09:41:05+00:00\" \/>\n<meta property=\"og:image\" content=\"https:\/\/www.tibagroup.com\/wp-content\/uploads\/2023\/11\/TIBA-en-Expo-Carga-2015.png\" \/>\n\t<meta property=\"og:image:width\" content=\"280\" \/>\n\t<meta property=\"og:image:height\" content=\"144\" \/>\n\t<meta property=\"og:image:type\" content=\"image\/png\" \/>\n<meta name=\"author\" content=\"TIBA\" \/>\n<meta name=\"twitter:card\" content=\"summary_large_image\" \/>\n<meta name=\"twitter:creator\" content=\"@eaguado\" \/>\n<meta name=\"twitter:label1\" content=\"Written by\" \/>\n\t<meta name=\"twitter:data1\" content=\"TIBA\" \/>\n\t<meta name=\"twitter:label2\" content=\"Est. reading time\" \/>\n\t<meta name=\"twitter:data2\" content=\"2 minutes\" \/>\n<!-- \/ Yoast SEO plugin. -->","yoast_head_json":{"title":"Expo Carga 2015 | TIBA","description":"Te esperamos en Expo Carga 2015 \u00a1Las mejores soluciones log\u00edsticas y de transporte internacional en un solo lugar!","robots":{"index":"index","follow":"follow","max-snippet":"max-snippet:-1","max-image-preview":"max-image-preview:large","max-video-preview":"max-video-preview:-1"},"canonical":"https:\/\/www.tibagroup.com\/es\/comunicacion\/eventos\/asistimos-expo-carga-2015","og_locale":"es_ES","og_type":"article","og_title":"Expo Carga 2015 | TIBA","og_description":"Te esperamos en Expo Carga 2015 \u00a1Las mejores soluciones log\u00edsticas y de transporte internacional en un solo lugar!","og_url":"https:\/\/www.tibagroup.com\/es\/comunicacion\/eventos\/asistimos-expo-carga-2015","og_site_name":"TIBA","article_published_time":"2015-05-18T15:09:42+00:00","article_modified_time":"2025-02-18T09:41:05+00:00","og_image":[{"width":280,"height":144,"url":"https:\/\/www.tibagroup.com\/wp-content\/uploads\/2023\/11\/TIBA-en-Expo-Carga-2015.png","type":"image\/png"}],"author":"TIBA","twitter_card":"summary_large_image","twitter_creator":"@eaguado","twitter_misc":{"Written by":"TIBA","Est. reading time":"2 minutes"},"schema":{"@context":"https:\/\/schema.org","@graph":[{"@type":"Article","@id":"https:\/\/www.tibagroup.com\/es\/comunicacion\/eventos\/asistimos-expo-carga-2015#article","isPartOf":{"@id":"https:\/\/www.tibagroup.com\/es\/comunicacion\/eventos\/asistimos-expo-carga-2015"},"author":{"name":"TIBA","@id":"https:\/\/www.tibagroup.com\/es#\/schema\/person\/05c092dcc51b7a515503f3d10c916094"},"headline":"Expo Carga 2015","datePublished":"2015-05-18T15:09:42+00:00","dateModified":"2025-02-18T09:41:05+00:00","mainEntityOfPage":{"@id":"https:\/\/www.tibagroup.com\/es\/comunicacion\/eventos\/asistimos-expo-carga-2015"},"wordCount":233,"commentCount":0,"publisher":{"@id":"https:\/\/www.tibagroup.com\/es#organization"},"image":{"@id":"https:\/\/www.tibagroup.com\/es\/comunicacion\/eventos\/asistimos-expo-carga-2015#primaryimage"},"thumbnailUrl":"https:\/\/www.tibagroup.com\/wp-content\/uploads\/2023\/11\/TIBA-en-Expo-Carga-2015.png","keywords":["Expo Carga","M\u00e9xico"],"articleSection":["Eventos"],"inLanguage":"es","potentialAction":[{"@type":"CommentAction","name":"Comment","target":["https:\/\/www.tibagroup.com\/es\/comunicacion\/eventos\/asistimos-expo-carga-2015#respond"]}]},{"@type":"WebPage","@id":"https:\/\/www.tibagroup.com\/es\/comunicacion\/eventos\/asistimos-expo-carga-2015","url":"https:\/\/www.tibagroup.com\/es\/comunicacion\/eventos\/asistimos-expo-carga-2015","name":"Expo Carga 2015 | TIBA","isPartOf":{"@id":"https:\/\/www.tibagroup.com\/es#website"},"primaryImageOfPage":{"@id":"https:\/\/www.tibagroup.com\/es\/comunicacion\/eventos\/asistimos-expo-carga-2015#primaryimage"},"image":{"@id":"https:\/\/www.tibagroup.com\/es\/comunicacion\/eventos\/asistimos-expo-carga-2015#primaryimage"},"thumbnailUrl":"https:\/\/www.tibagroup.com\/wp-content\/uploads\/2023\/11\/TIBA-en-Expo-Carga-2015.png","datePublished":"2015-05-18T15:09:42+00:00","dateModified":"2025-02-18T09:41:05+00:00","description":"Te esperamos en Expo Carga 2015 \u00a1Las mejores soluciones log\u00edsticas y de transporte internacional en un solo lugar!","breadcrumb":{"@id":"https:\/\/www.tibagroup.com\/es\/comunicacion\/eventos\/asistimos-expo-carga-2015#breadcrumb"},"inLanguage":"es","potentialAction":[{"@type":"ReadAction","target":["https:\/\/www.tibagroup.com\/es\/comunicacion\/eventos\/asistimos-expo-carga-2015"]}]},{"@type":"ImageObject","inLanguage":"es","@id":"https:\/\/www.tibagroup.com\/es\/comunicacion\/eventos\/asistimos-expo-carga-2015#primaryimage","url":"https:\/\/www.tibagroup.com\/wp-content\/uploads\/2023\/11\/TIBA-en-Expo-Carga-2015.png","contentUrl":"https:\/\/www.tibagroup.com\/wp-content\/uploads\/2023\/11\/TIBA-en-Expo-Carga-2015.png","width":280,"height":144},{"@type":"BreadcrumbList","@id":"https:\/\/www.tibagroup.com\/es\/comunicacion\/eventos\/asistimos-expo-carga-2015#breadcrumb","itemListElement":[{"@type":"ListItem","position":1,"name":"In\u00edcio","item":"https:\/\/www.tibagroup.com\/es\/agente-carga-operador-logistico"},{"@type":"ListItem","position":2,"name":"Comunicaci\u00f3n y prensa","item":"https:\/\/www.tibagroup.com\/es\/comunicacion"},{"@type":"ListItem","position":3,"name":"Eventos","item":"https:\/\/www.tibagroup.com\/es\/comunicacion\/eventos"},{"@type":"ListItem","position":4,"name":"Expo Carga 2015"}]},{"@type":"WebSite","@id":"https:\/\/www.tibagroup.com\/es#website","url":"https:\/\/www.tibagroup.com\/es","name":"TIBA","description":"Log\u00edstica y transporte internacional.","publisher":{"@id":"https:\/\/www.tibagroup.com\/es#organization"},"potentialAction":[{"@type":"SearchAction","target":{"@type":"EntryPoint","urlTemplate":"https:\/\/www.tibagroup.com\/es?s={search_term_string}"},"query-input":{"@type":"PropertyValueSpecification","valueRequired":true,"valueName":"search_term_string"}}],"inLanguage":"es"},{"@type":"Organization","@id":"https:\/\/www.tibagroup.com\/es#organization","name":"TIBA","url":"https:\/\/www.tibagroup.com\/es","logo":{"@type":"ImageObject","inLanguage":"es","@id":"https:\/\/www.tibagroup.com\/es#\/schema\/logo\/image\/","url":"https:\/\/www.tibagroup.com\/wp-content\/uploads\/2024\/02\/logo-web-TIBA.png","contentUrl":"https:\/\/www.tibagroup.com\/wp-content\/uploads\/2024\/02\/logo-web-TIBA.png","width":352,"height":116,"caption":"TIBA"},"image":{"@id":"https:\/\/www.tibagroup.com\/es#\/schema\/logo\/image\/"}},{"@type":"Person","@id":"https:\/\/www.tibagroup.com\/es#\/schema\/person\/05c092dcc51b7a515503f3d10c916094","name":"TIBA","image":{"@type":"ImageObject","inLanguage":"es","@id":"https:\/\/secure.gravatar.com\/avatar\/fe41478412b0c43764499979d851fae89a1f174100b1c19a55e15c00fde1851d?s=96&d=mm&r=g","url":"https:\/\/secure.gravatar.com\/avatar\/fe41478412b0c43764499979d851fae89a1f174100b1c19a55e15c00fde1851d?s=96&d=mm&r=g","contentUrl":"https:\/\/secure.gravatar.com\/avatar\/fe41478412b0c43764499979d851fae89a1f174100b1c19a55e15c00fde1851d?s=96&d=mm&r=g","caption":"TIBA"},"sameAs":["https:\/\/x.com\/eaguado"]}]}},"_links":{"self":[{"href":"https:\/\/www.tibagroup.com\/es\/wp-json\/wp\/v2\/posts\/44170","targetHints":{"allow":["GET"]}}],"collection":[{"href":"https:\/\/www.tibagroup.com\/es\/wp-json\/wp\/v2\/posts"}],"about":[{"href":"https:\/\/www.tibagroup.com\/es\/wp-json\/wp\/v2\/types\/post"}],"author":[{"embeddable":true,"href":"https:\/\/www.tibagroup.com\/es\/wp-json\/wp\/v2\/users\/2"}],"replies":[{"embeddable":true,"href":"https:\/\/www.tibagroup.com\/es\/wp-json\/wp\/v2\/comments?post=44170"}],"version-history":[{"count":2,"href":"https:\/\/www.tibagroup.com\/es\/wp-json\/wp\/v2\/posts\/44170\/revisions"}],"predecessor-version":[{"id":68189,"href":"https:\/\/www.tibagroup.com\/es\/wp-json\/wp\/v2\/posts\/44170\/revisions\/68189"}],"wp:featuredmedia":[{"embeddable":true,"href":"https:\/\/www.tibagroup.com\/es\/wp-json\/wp\/v2\/media\/43690"}],"wp:attachment":[{"href":"https:\/\/www.tibagroup.com\/es\/wp-json\/wp\/v2\/media?parent=44170"}],"wp:term":[{"taxonomy":"category","embeddable":true,"href":"https:\/\/www.tibagroup.com\/es\/wp-json\/wp\/v2\/categories?post=44170"},{"taxonomy":"post_tag","embeddable":true,"href":"https:\/\/www.tibagroup.com\/es\/wp-json\/wp\/v2\/tags?post=44170"}],"curies":[{"name":"wp","href":"https:\/\/api.w.org\/{rel}","templated":true}]}}