{"id":44099,"date":"2015-01-23T18:49:33","date_gmt":"2015-01-23T17:49:33","guid":{"rendered":"https:\/\/www.tibagroup.com\/inauguracion-friopuerto-veracruz\/"},"modified":"2025-02-18T10:21:09","modified_gmt":"2025-02-18T09:21:09","slug":"inauguracion-friopuerto-veracruz","status":"publish","type":"post","link":"https:\/\/www.tibagroup.com\/es\/comunicacion\/prensa\/inauguracion-friopuerto-veracruz","title":{"rendered":"Inauguraci\u00f3n FRIOPUERTO Veracruz"},"content":{"rendered":"<p>Tras casi un a\u00f1o de que dieran inicio\u00a0las obras de construcci\u00f3n, el pasado 22 de enero, se llev\u00f3 a cabo la inauguraci\u00f3n de <a href=\"http:\/\/www.friopuerto.com\/mx\/\" target=\"_blank\" rel=\"noopener noreferrer\"><strong>FRIOPUERTO Veracruz<\/strong><\/a>, primer almac\u00e9n de temperatura controlada ubicado dentro de un puerto del <strong>Golfo de M\u00e9xico<\/strong>.<\/p>\n<p>A la ceremonia acudieron autoridades portuarias de Veracruz y de <a href=\"https:\/\/embamex.sre.gob.mx\/finlandia\/index.php\/plataforma-mexico-finlandia\/menu-economy\/141-recursos-sagarpa\" target=\"_blank\" rel=\"noopener noreferrer\">SAGARPA;<\/a> as\u00ed como directivos de <a href=\"http:\/\/www.griver.com.mx\" target=\"_blank\" rel=\"noopener noreferrer\"><strong>GRIVER<\/strong><\/a> y <a href=\"http:\/\/www.gruporomeu.com\/\" target=\"_blank\" rel=\"noopener noreferrer\"><strong>Grupo ROMEU<\/strong><\/a>, empresas inversionistas del proyecto.<\/p>\n<p>Durante la inauguraci\u00f3n, el <strong>Sr.<\/strong> <strong>Francisco Romeu, Presidente de Consejo de Grupo ROMEU<\/strong>, ofreci\u00f3 un breve discurso sobre la visi\u00f3n del mercado de perecederos a nivel internacional. Asimismo, el <strong>Lic. Juan Ignacio Fern\u00e1ndez Carbajal, Director General de APIVER<\/strong>, habl\u00f3 sobre los m\u00faltiples beneficios que traer\u00e1 la creaci\u00f3n de este importante recinto, tanto para el puerto, como para el pa\u00eds.<\/p>\n<p>Esta plataforma para productos refrigerados y congelados, \u00fanica en su tipo, tiene una <strong>capacidad de 16,000 m3 para refrigeraci\u00f3n y 4,000 m3 para congelaci\u00f3n.<\/strong> Adem\u00e1s, cuenta con 4 c\u00e1maras habilitadas (3 de temperatura positiva y una de negativa), un \u00e1rea de temperatura controlada para operaciones cross-docking, un muelle refrigerado para recepci\u00f3n de mercanc\u00edas y siete muelles m\u00e1s de carga, para camiones y contenedores.\u00a0 Asimismo, cuenta con <strong>dos puntos de inspecci\u00f3n, uno para productos de origen animal y otro para vegetales<\/strong>, ambos dise\u00f1ados y revisados por las respectivas autoridades de control sanitario en M\u00e9xico.<\/p>\n<p>Al termino de la ceremonia, directivos y autoridades recorrieron por primera vez las instalaciones del almac\u00e9n frigor\u00edfico, mismo que inici\u00f3 operaciones al concluir el evento.<\/p>\n<p>Gracias a esta inversi\u00f3n, hoy en d\u00eda el <strong>Puerto de Veracruz<\/strong> podr\u00e1 ofrecer importantes ventajas log\u00edsticas a los importadores y exportadores que requieran de una cadena de fr\u00edo con los m\u00e1s altos, modernos y estrictos est\u00e1ndares de calidad\u00a0internacionales.<\/p>\n","protected":false},"excerpt":{"rendered":"<p>En emotiva ceremonia fue inaugurado FRIOPUERTO Veracruz, primer almac\u00e9n frigor\u00edfico del Golfo de M\u00e9xico.<\/p>\n","protected":false},"author":2,"featured_media":44100,"comment_status":"open","ping_status":"closed","sticky":false,"template":"","format":"standard","meta":{"footnotes":""},"categories":[364,329,334],"tags":[820,374],"class_list":["post-44099","post","type-post","status-publish","format-standard","has-post-thumbnail","hentry","category-distribucion-almacenes","category-especializacion","category-prensa","tag-mexico","tag-romeu"],"yoast_head":"<!-- This site is optimized with the Yoast SEO plugin v27.5 - https:\/\/yoast.com\/product\/yoast-seo-wordpress\/ -->\n<title>Inauguraci\u00f3n FRIOPUERTO Veracruz | TIBA<\/title>\n<meta name=\"description\" content=\"Inauguraci\u00f3n de FRIOPUERTO Veracruz, primer almac\u00e9n de temperatura controlada ubicado dentro de un puerto del Golfo de M\u00e9xico.\" \/>\n<meta name=\"robots\" content=\"index, follow, max-snippet:-1, max-image-preview:large, max-video-preview:-1\" \/>\n<link rel=\"canonical\" href=\"https:\/\/www.tibagroup.com\/es\/comunicacion\/prensa\/inauguracion-friopuerto-veracruz\" \/>\n<meta property=\"og:locale\" content=\"es_ES\" \/>\n<meta property=\"og:type\" content=\"article\" \/>\n<meta property=\"og:title\" content=\"Inauguraci\u00f3n FRIOPUERTO Veracruz | TIBA\" \/>\n<meta property=\"og:description\" content=\"Inauguraci\u00f3n de FRIOPUERTO Veracruz, primer almac\u00e9n de temperatura controlada ubicado dentro de un puerto del Golfo de M\u00e9xico.\" \/>\n<meta property=\"og:url\" content=\"https:\/\/www.tibagroup.com\/es\/comunicacion\/prensa\/inauguracion-friopuerto-veracruz\" \/>\n<meta property=\"og:site_name\" content=\"TIBA\" \/>\n<meta property=\"article:published_time\" content=\"2015-01-23T17:49:33+00:00\" \/>\n<meta property=\"article:modified_time\" content=\"2025-02-18T09:21:09+00:00\" \/>\n<meta property=\"og:image\" content=\"https:\/\/www.tibagroup.com\/wp-content\/uploads\/2023\/11\/DSC_0715-2-1030x750.jpg\" \/>\n\t<meta property=\"og:image:width\" content=\"1030\" \/>\n\t<meta property=\"og:image:height\" content=\"750\" \/>\n\t<meta property=\"og:image:type\" content=\"image\/jpeg\" \/>\n<meta name=\"author\" content=\"TIBA\" \/>\n<meta name=\"twitter:card\" content=\"summary_large_image\" \/>\n<meta name=\"twitter:creator\" content=\"@eaguado\" \/>\n<meta name=\"twitter:label1\" content=\"Written by\" \/>\n\t<meta name=\"twitter:data1\" content=\"TIBA\" \/>\n\t<meta name=\"twitter:label2\" content=\"Est. reading time\" \/>\n\t<meta name=\"twitter:data2\" content=\"2 minutes\" \/>\n<!-- \/ Yoast SEO plugin. -->","yoast_head_json":{"title":"Inauguraci\u00f3n FRIOPUERTO Veracruz | TIBA","description":"Inauguraci\u00f3n de FRIOPUERTO Veracruz, primer almac\u00e9n de temperatura controlada ubicado dentro de un puerto del Golfo de M\u00e9xico.","robots":{"index":"index","follow":"follow","max-snippet":"max-snippet:-1","max-image-preview":"max-image-preview:large","max-video-preview":"max-video-preview:-1"},"canonical":"https:\/\/www.tibagroup.com\/es\/comunicacion\/prensa\/inauguracion-friopuerto-veracruz","og_locale":"es_ES","og_type":"article","og_title":"Inauguraci\u00f3n FRIOPUERTO Veracruz | TIBA","og_description":"Inauguraci\u00f3n de FRIOPUERTO Veracruz, primer almac\u00e9n de temperatura controlada ubicado dentro de un puerto del Golfo de M\u00e9xico.","og_url":"https:\/\/www.tibagroup.com\/es\/comunicacion\/prensa\/inauguracion-friopuerto-veracruz","og_site_name":"TIBA","article_published_time":"2015-01-23T17:49:33+00:00","article_modified_time":"2025-02-18T09:21:09+00:00","og_image":[{"width":1030,"height":750,"url":"https:\/\/www.tibagroup.com\/wp-content\/uploads\/2023\/11\/DSC_0715-2-1030x750.jpg","type":"image\/jpeg"}],"author":"TIBA","twitter_card":"summary_large_image","twitter_creator":"@eaguado","twitter_misc":{"Written by":"TIBA","Est. reading time":"2 minutes"},"schema":{"@context":"https:\/\/schema.org","@graph":[{"@type":"Article","@id":"https:\/\/www.tibagroup.com\/es\/comunicacion\/prensa\/inauguracion-friopuerto-veracruz#article","isPartOf":{"@id":"https:\/\/www.tibagroup.com\/es\/comunicacion\/prensa\/inauguracion-friopuerto-veracruz"},"author":{"name":"TIBA","@id":"https:\/\/www.tibagroup.com\/es#\/schema\/person\/05c092dcc51b7a515503f3d10c916094"},"headline":"Inauguraci\u00f3n FRIOPUERTO Veracruz","datePublished":"2015-01-23T17:49:33+00:00","dateModified":"2025-02-18T09:21:09+00:00","mainEntityOfPage":{"@id":"https:\/\/www.tibagroup.com\/es\/comunicacion\/prensa\/inauguracion-friopuerto-veracruz"},"wordCount":307,"commentCount":2,"publisher":{"@id":"https:\/\/www.tibagroup.com\/es#organization"},"image":{"@id":"https:\/\/www.tibagroup.com\/es\/comunicacion\/prensa\/inauguracion-friopuerto-veracruz#primaryimage"},"thumbnailUrl":"https:\/\/www.tibagroup.com\/wp-content\/uploads\/2023\/11\/DSC_0715-2-scaled.jpg","keywords":["M\u00e9xico","Romeu"],"articleSection":["Distribuci\u00f3n y almacenes","Especializaci\u00f3n","Prensa"],"inLanguage":"es","potentialAction":[{"@type":"CommentAction","name":"Comment","target":["https:\/\/www.tibagroup.com\/es\/comunicacion\/prensa\/inauguracion-friopuerto-veracruz#respond"]}]},{"@type":"WebPage","@id":"https:\/\/www.tibagroup.com\/es\/comunicacion\/prensa\/inauguracion-friopuerto-veracruz","url":"https:\/\/www.tibagroup.com\/es\/comunicacion\/prensa\/inauguracion-friopuerto-veracruz","name":"Inauguraci\u00f3n FRIOPUERTO Veracruz | TIBA","isPartOf":{"@id":"https:\/\/www.tibagroup.com\/es#website"},"primaryImageOfPage":{"@id":"https:\/\/www.tibagroup.com\/es\/comunicacion\/prensa\/inauguracion-friopuerto-veracruz#primaryimage"},"image":{"@id":"https:\/\/www.tibagroup.com\/es\/comunicacion\/prensa\/inauguracion-friopuerto-veracruz#primaryimage"},"thumbnailUrl":"https:\/\/www.tibagroup.com\/wp-content\/uploads\/2023\/11\/DSC_0715-2-scaled.jpg","datePublished":"2015-01-23T17:49:33+00:00","dateModified":"2025-02-18T09:21:09+00:00","description":"Inauguraci\u00f3n de FRIOPUERTO Veracruz, primer almac\u00e9n de temperatura controlada ubicado dentro de un puerto del Golfo de M\u00e9xico.","breadcrumb":{"@id":"https:\/\/www.tibagroup.com\/es\/comunicacion\/prensa\/inauguracion-friopuerto-veracruz#breadcrumb"},"inLanguage":"es","potentialAction":[{"@type":"ReadAction","target":["https:\/\/www.tibagroup.com\/es\/comunicacion\/prensa\/inauguracion-friopuerto-veracruz"]}]},{"@type":"ImageObject","inLanguage":"es","@id":"https:\/\/www.tibagroup.com\/es\/comunicacion\/prensa\/inauguracion-friopuerto-veracruz#primaryimage","url":"https:\/\/www.tibagroup.com\/wp-content\/uploads\/2023\/11\/DSC_0715-2-scaled.jpg","contentUrl":"https:\/\/www.tibagroup.com\/wp-content\/uploads\/2023\/11\/DSC_0715-2-scaled.jpg","width":2560,"height":1865},{"@type":"BreadcrumbList","@id":"https:\/\/www.tibagroup.com\/es\/comunicacion\/prensa\/inauguracion-friopuerto-veracruz#breadcrumb","itemListElement":[{"@type":"ListItem","position":1,"name":"In\u00edcio","item":"https:\/\/www.tibagroup.com\/es\/agente-carga-operador-logistico"},{"@type":"ListItem","position":2,"name":"Comunicaci\u00f3n y prensa","item":"https:\/\/www.tibagroup.com\/es\/comunicacion"},{"@type":"ListItem","position":3,"name":"Prensa","item":"https:\/\/www.tibagroup.com\/es\/comunicacion\/prensa"},{"@type":"ListItem","position":4,"name":"Inauguraci\u00f3n FRIOPUERTO Veracruz"}]},{"@type":"WebSite","@id":"https:\/\/www.tibagroup.com\/es#website","url":"https:\/\/www.tibagroup.com\/es","name":"TIBA","description":"Log\u00edstica y transporte internacional.","publisher":{"@id":"https:\/\/www.tibagroup.com\/es#organization"},"potentialAction":[{"@type":"SearchAction","target":{"@type":"EntryPoint","urlTemplate":"https:\/\/www.tibagroup.com\/es?s={search_term_string}"},"query-input":{"@type":"PropertyValueSpecification","valueRequired":true,"valueName":"search_term_string"}}],"inLanguage":"es"},{"@type":"Organization","@id":"https:\/\/www.tibagroup.com\/es#organization","name":"TIBA","url":"https:\/\/www.tibagroup.com\/es","logo":{"@type":"ImageObject","inLanguage":"es","@id":"https:\/\/www.tibagroup.com\/es#\/schema\/logo\/image\/","url":"https:\/\/www.tibagroup.com\/wp-content\/uploads\/2024\/02\/logo-web-TIBA.png","contentUrl":"https:\/\/www.tibagroup.com\/wp-content\/uploads\/2024\/02\/logo-web-TIBA.png","width":352,"height":116,"caption":"TIBA"},"image":{"@id":"https:\/\/www.tibagroup.com\/es#\/schema\/logo\/image\/"}},{"@type":"Person","@id":"https:\/\/www.tibagroup.com\/es#\/schema\/person\/05c092dcc51b7a515503f3d10c916094","name":"TIBA","image":{"@type":"ImageObject","inLanguage":"es","@id":"https:\/\/secure.gravatar.com\/avatar\/fe41478412b0c43764499979d851fae89a1f174100b1c19a55e15c00fde1851d?s=96&d=mm&r=g","url":"https:\/\/secure.gravatar.com\/avatar\/fe41478412b0c43764499979d851fae89a1f174100b1c19a55e15c00fde1851d?s=96&d=mm&r=g","contentUrl":"https:\/\/secure.gravatar.com\/avatar\/fe41478412b0c43764499979d851fae89a1f174100b1c19a55e15c00fde1851d?s=96&d=mm&r=g","caption":"TIBA"},"sameAs":["https:\/\/x.com\/eaguado"]}]}},"_links":{"self":[{"href":"https:\/\/www.tibagroup.com\/es\/wp-json\/wp\/v2\/posts\/44099","targetHints":{"allow":["GET"]}}],"collection":[{"href":"https:\/\/www.tibagroup.com\/es\/wp-json\/wp\/v2\/posts"}],"about":[{"href":"https:\/\/www.tibagroup.com\/es\/wp-json\/wp\/v2\/types\/post"}],"author":[{"embeddable":true,"href":"https:\/\/www.tibagroup.com\/es\/wp-json\/wp\/v2\/users\/2"}],"replies":[{"embeddable":true,"href":"https:\/\/www.tibagroup.com\/es\/wp-json\/wp\/v2\/comments?post=44099"}],"version-history":[{"count":2,"href":"https:\/\/www.tibagroup.com\/es\/wp-json\/wp\/v2\/posts\/44099\/revisions"}],"predecessor-version":[{"id":68105,"href":"https:\/\/www.tibagroup.com\/es\/wp-json\/wp\/v2\/posts\/44099\/revisions\/68105"}],"wp:featuredmedia":[{"embeddable":true,"href":"https:\/\/www.tibagroup.com\/es\/wp-json\/wp\/v2\/media\/44100"}],"wp:attachment":[{"href":"https:\/\/www.tibagroup.com\/es\/wp-json\/wp\/v2\/media?parent=44099"}],"wp:term":[{"taxonomy":"category","embeddable":true,"href":"https:\/\/www.tibagroup.com\/es\/wp-json\/wp\/v2\/categories?post=44099"},{"taxonomy":"post_tag","embeddable":true,"href":"https:\/\/www.tibagroup.com\/es\/wp-json\/wp\/v2\/tags?post=44099"}],"curies":[{"name":"wp","href":"https:\/\/api.w.org\/{rel}","templated":true}]}}