{"id":44071,"date":"2014-09-21T15:50:29","date_gmt":"2014-09-21T13:50:29","guid":{"rendered":"https:\/\/www.tibagroup.com\/tiba-panama-crece-llega-a-la-zona-libre-de-colon-2\/"},"modified":"2025-04-24T16:05:54","modified_gmt":"2025-04-24T14:05:54","slug":"tiba-zl-colon","status":"publish","type":"post","link":"https:\/\/www.tibagroup.com\/es\/comunicacion\/prensa\/tiba-zl-colon","title":{"rendered":"TIBA Panam\u00e1 crece, llega a la Zona Libre de Col\u00f3n"},"content":{"rendered":"<h2>Zona Libre de Col\u00f3n se suma a la lista de oficinas de TIBA en\u00a0Centroam\u00e9rica<\/h2>\n<p style=\"text-align: justify;\"><img decoding=\"async\" class=\"size-medium wp-image-52993 aligncenter\" src=\"https:\/\/www.tibagroup.com\/wp-content\/uploads\/2014\/09\/zona-libre-colon-300x152.webp\" alt=\"\" width=\"300\" height=\"152\" srcset=\"https:\/\/www.tibagroup.com\/wp-content\/uploads\/2014\/09\/zona-libre-colon-300x152.webp 300w, https:\/\/www.tibagroup.com\/wp-content\/uploads\/2014\/09\/zona-libre-colon.webp 640w\" sizes=\"(max-width: 300px) 100vw, 300px\" \/><\/p>\n<p style=\"text-align: justify;\">Con el firme prop\u00f3sito\u00a0de seguir extendiendo su red de oficinas y servicios por todo <strong>Centroam\u00e9rica<\/strong>, <a href=\"\/es\"><strong>TIBA<\/strong><\/a> anunci\u00f3 la apertura de una nueva oficina en la Rep\u00fablica de Panam\u00e1, \u00e9sta vez en la<strong>\u00a0<a href=\"\/es\/agente-de-carga\/zona-libre-colon\" target=\"_blank\" rel=\"noopener\">Zona Libre de Col\u00f3n<\/a>,\u00a0<\/strong>lugar estrat\u00e9gico para el comercio mundial, gracias al libre tr\u00e1nsito de mercanc\u00edas y a su gran diversidad de rutas a\u00e9reas y mar\u00edtimas.<\/p>\n<p style=\"text-align: justify;\">Siendo el punto de partida para iniciar su expansi\u00f3n por Centroam\u00e9rica,\u00a0<strong><a href=\"\/es\/agente-de-carga#panama\" target=\"_blank\" rel=\"noopener\">TIBA Panam\u00e1<\/a>\u00a0<\/strong>naci\u00f3 en 2012 logrando un r\u00e1pido y constante crecimiento, debido principalmente a\u00a0los costos competitivos que maneja y al gran profesionalismo de su\u00a0equipo de trabajo.<\/p>\n<p style=\"text-align: justify;\">Con esta apertura suman\u00a0cuatro oficinas que TIBA ha inaugurado\u00a0en Centroam\u00e9rica\u00a0en poco m\u00e1s de un a\u00f1o, reflejo de su visi\u00f3n por especializarse en mercados complejos a los que otros operadores log\u00edsticos no han querido\u00a0llegar.<\/p>\n","protected":false},"excerpt":{"rendered":"<p>Panam\u00e1 cuenta con la zona libre m\u00e1s grande del continente Americano y la segunda m\u00e1s grande del mundo: la Zona Libre de Col\u00f3n.<\/p>\n","protected":false},"author":2,"featured_media":43999,"comment_status":"open","ping_status":"closed","sticky":false,"template":"","format":"standard","meta":{"footnotes":""},"categories":[334],"tags":[826],"class_list":["post-44071","post","type-post","status-publish","format-standard","has-post-thumbnail","hentry","category-prensa","tag-panama"],"yoast_head":"<!-- This site is optimized with the Yoast SEO plugin v27.4 - https:\/\/yoast.com\/product\/yoast-seo-wordpress\/ -->\n<title>TIBA Panam\u00e1 crece, llega a la Zona Libre de Col\u00f3n | TIBA<\/title>\n<meta name=\"description\" content=\"Panam\u00e1 cuenta con la zona libre m\u00e1s grande del continente Americano y la segunda m\u00e1s grande del mundo: la Zona Libre de Col\u00f3n.\" \/>\n<meta name=\"robots\" content=\"index, follow, max-snippet:-1, max-image-preview:large, max-video-preview:-1\" \/>\n<link rel=\"canonical\" href=\"https:\/\/www.tibagroup.com\/es\/comunicacion\/prensa\/tiba-zl-colon\" \/>\n<meta property=\"og:locale\" content=\"es_ES\" \/>\n<meta property=\"og:type\" content=\"article\" \/>\n<meta property=\"og:title\" content=\"TIBA Panam\u00e1 crece, llega a la Zona Libre de Col\u00f3n | TIBA\" \/>\n<meta property=\"og:description\" content=\"Panam\u00e1 cuenta con la zona libre m\u00e1s grande del continente Americano y la segunda m\u00e1s grande del mundo: la Zona Libre de Col\u00f3n.\" \/>\n<meta property=\"og:url\" content=\"https:\/\/www.tibagroup.com\/es\/comunicacion\/prensa\/tiba-zl-colon\" \/>\n<meta property=\"og:site_name\" content=\"TIBA\" \/>\n<meta property=\"article:published_time\" content=\"2014-09-21T13:50:29+00:00\" \/>\n<meta property=\"article:modified_time\" content=\"2025-04-24T14:05:54+00:00\" \/>\n<meta property=\"og:image\" content=\"https:\/\/www.tibagroup.com\/wp-content\/uploads\/2023\/11\/mapapnama.jpg\" \/>\n\t<meta property=\"og:image:width\" content=\"442\" \/>\n\t<meta property=\"og:image:height\" content=\"315\" \/>\n\t<meta property=\"og:image:type\" content=\"image\/jpeg\" \/>\n<meta name=\"author\" content=\"TIBA\" \/>\n<meta name=\"twitter:card\" content=\"summary_large_image\" \/>\n<meta name=\"twitter:creator\" content=\"@eaguado\" \/>\n<meta name=\"twitter:label1\" content=\"Written by\" \/>\n\t<meta name=\"twitter:data1\" content=\"TIBA\" \/>\n<!-- \/ Yoast SEO plugin. -->","yoast_head_json":{"title":"TIBA Panam\u00e1 crece, llega a la Zona Libre de Col\u00f3n | TIBA","description":"Panam\u00e1 cuenta con la zona libre m\u00e1s grande del continente Americano y la segunda m\u00e1s grande del mundo: la Zona Libre de Col\u00f3n.","robots":{"index":"index","follow":"follow","max-snippet":"max-snippet:-1","max-image-preview":"max-image-preview:large","max-video-preview":"max-video-preview:-1"},"canonical":"https:\/\/www.tibagroup.com\/es\/comunicacion\/prensa\/tiba-zl-colon","og_locale":"es_ES","og_type":"article","og_title":"TIBA Panam\u00e1 crece, llega a la Zona Libre de Col\u00f3n | TIBA","og_description":"Panam\u00e1 cuenta con la zona libre m\u00e1s grande del continente Americano y la segunda m\u00e1s grande del mundo: la Zona Libre de Col\u00f3n.","og_url":"https:\/\/www.tibagroup.com\/es\/comunicacion\/prensa\/tiba-zl-colon","og_site_name":"TIBA","article_published_time":"2014-09-21T13:50:29+00:00","article_modified_time":"2025-04-24T14:05:54+00:00","og_image":[{"width":442,"height":315,"url":"https:\/\/www.tibagroup.com\/wp-content\/uploads\/2023\/11\/mapapnama.jpg","type":"image\/jpeg"}],"author":"TIBA","twitter_card":"summary_large_image","twitter_creator":"@eaguado","twitter_misc":{"Written by":"TIBA"},"schema":{"@context":"https:\/\/schema.org","@graph":[{"@type":"Article","@id":"https:\/\/www.tibagroup.com\/es\/comunicacion\/prensa\/tiba-zl-colon#article","isPartOf":{"@id":"https:\/\/www.tibagroup.com\/es\/comunicacion\/prensa\/tiba-zl-colon"},"author":{"name":"TIBA","@id":"https:\/\/www.tibagroup.com\/es#\/schema\/person\/05c092dcc51b7a515503f3d10c916094"},"headline":"TIBA Panam\u00e1 crece, llega a la Zona Libre de Col\u00f3n","datePublished":"2014-09-21T13:50:29+00:00","dateModified":"2025-04-24T14:05:54+00:00","mainEntityOfPage":{"@id":"https:\/\/www.tibagroup.com\/es\/comunicacion\/prensa\/tiba-zl-colon"},"wordCount":179,"commentCount":0,"publisher":{"@id":"https:\/\/www.tibagroup.com\/es#organization"},"image":{"@id":"https:\/\/www.tibagroup.com\/es\/comunicacion\/prensa\/tiba-zl-colon#primaryimage"},"thumbnailUrl":"https:\/\/www.tibagroup.com\/wp-content\/uploads\/2023\/11\/mapapnama.jpg","keywords":["Panam\u00e1"],"articleSection":["Prensa"],"inLanguage":"es","potentialAction":[{"@type":"CommentAction","name":"Comment","target":["https:\/\/www.tibagroup.com\/es\/comunicacion\/prensa\/tiba-zl-colon#respond"]}]},{"@type":"WebPage","@id":"https:\/\/www.tibagroup.com\/es\/comunicacion\/prensa\/tiba-zl-colon","url":"https:\/\/www.tibagroup.com\/es\/comunicacion\/prensa\/tiba-zl-colon","name":"TIBA Panam\u00e1 crece, llega a la Zona Libre de Col\u00f3n | TIBA","isPartOf":{"@id":"https:\/\/www.tibagroup.com\/es#website"},"primaryImageOfPage":{"@id":"https:\/\/www.tibagroup.com\/es\/comunicacion\/prensa\/tiba-zl-colon#primaryimage"},"image":{"@id":"https:\/\/www.tibagroup.com\/es\/comunicacion\/prensa\/tiba-zl-colon#primaryimage"},"thumbnailUrl":"https:\/\/www.tibagroup.com\/wp-content\/uploads\/2023\/11\/mapapnama.jpg","datePublished":"2014-09-21T13:50:29+00:00","dateModified":"2025-04-24T14:05:54+00:00","description":"Panam\u00e1 cuenta con la zona libre m\u00e1s grande del continente Americano y la segunda m\u00e1s grande del mundo: la Zona Libre de Col\u00f3n.","breadcrumb":{"@id":"https:\/\/www.tibagroup.com\/es\/comunicacion\/prensa\/tiba-zl-colon#breadcrumb"},"inLanguage":"es","potentialAction":[{"@type":"ReadAction","target":["https:\/\/www.tibagroup.com\/es\/comunicacion\/prensa\/tiba-zl-colon"]}]},{"@type":"ImageObject","inLanguage":"es","@id":"https:\/\/www.tibagroup.com\/es\/comunicacion\/prensa\/tiba-zl-colon#primaryimage","url":"https:\/\/www.tibagroup.com\/wp-content\/uploads\/2023\/11\/mapapnama.jpg","contentUrl":"https:\/\/www.tibagroup.com\/wp-content\/uploads\/2023\/11\/mapapnama.jpg","width":442,"height":315,"caption":"Agente de carga en Panam\u00e1"},{"@type":"BreadcrumbList","@id":"https:\/\/www.tibagroup.com\/es\/comunicacion\/prensa\/tiba-zl-colon#breadcrumb","itemListElement":[{"@type":"ListItem","position":1,"name":"In\u00edcio","item":"https:\/\/www.tibagroup.com\/es\/agente-carga-operador-logistico"},{"@type":"ListItem","position":2,"name":"Comunicaci\u00f3n y prensa","item":"https:\/\/www.tibagroup.com\/es\/comunicacion"},{"@type":"ListItem","position":3,"name":"Prensa","item":"https:\/\/www.tibagroup.com\/es\/comunicacion\/prensa"},{"@type":"ListItem","position":4,"name":"TIBA Panam\u00e1 crece, llega a la Zona Libre de Col\u00f3n"}]},{"@type":"WebSite","@id":"https:\/\/www.tibagroup.com\/es#website","url":"https:\/\/www.tibagroup.com\/es","name":"TIBA","description":"Log\u00edstica y transporte internacional.","publisher":{"@id":"https:\/\/www.tibagroup.com\/es#organization"},"potentialAction":[{"@type":"SearchAction","target":{"@type":"EntryPoint","urlTemplate":"https:\/\/www.tibagroup.com\/es?s={search_term_string}"},"query-input":{"@type":"PropertyValueSpecification","valueRequired":true,"valueName":"search_term_string"}}],"inLanguage":"es"},{"@type":"Organization","@id":"https:\/\/www.tibagroup.com\/es#organization","name":"TIBA","url":"https:\/\/www.tibagroup.com\/es","logo":{"@type":"ImageObject","inLanguage":"es","@id":"https:\/\/www.tibagroup.com\/es#\/schema\/logo\/image\/","url":"https:\/\/www.tibagroup.com\/wp-content\/uploads\/2024\/02\/logo-web-TIBA.png","contentUrl":"https:\/\/www.tibagroup.com\/wp-content\/uploads\/2024\/02\/logo-web-TIBA.png","width":352,"height":116,"caption":"TIBA"},"image":{"@id":"https:\/\/www.tibagroup.com\/es#\/schema\/logo\/image\/"}},{"@type":"Person","@id":"https:\/\/www.tibagroup.com\/es#\/schema\/person\/05c092dcc51b7a515503f3d10c916094","name":"TIBA","image":{"@type":"ImageObject","inLanguage":"es","@id":"https:\/\/secure.gravatar.com\/avatar\/fe41478412b0c43764499979d851fae89a1f174100b1c19a55e15c00fde1851d?s=96&d=mm&r=g","url":"https:\/\/secure.gravatar.com\/avatar\/fe41478412b0c43764499979d851fae89a1f174100b1c19a55e15c00fde1851d?s=96&d=mm&r=g","contentUrl":"https:\/\/secure.gravatar.com\/avatar\/fe41478412b0c43764499979d851fae89a1f174100b1c19a55e15c00fde1851d?s=96&d=mm&r=g","caption":"TIBA"},"sameAs":["https:\/\/x.com\/eaguado"]}]}},"_links":{"self":[{"href":"https:\/\/www.tibagroup.com\/es\/wp-json\/wp\/v2\/posts\/44071","targetHints":{"allow":["GET"]}}],"collection":[{"href":"https:\/\/www.tibagroup.com\/es\/wp-json\/wp\/v2\/posts"}],"about":[{"href":"https:\/\/www.tibagroup.com\/es\/wp-json\/wp\/v2\/types\/post"}],"author":[{"embeddable":true,"href":"https:\/\/www.tibagroup.com\/es\/wp-json\/wp\/v2\/users\/2"}],"replies":[{"embeddable":true,"href":"https:\/\/www.tibagroup.com\/es\/wp-json\/wp\/v2\/comments?post=44071"}],"version-history":[{"count":3,"href":"https:\/\/www.tibagroup.com\/es\/wp-json\/wp\/v2\/posts\/44071\/revisions"}],"predecessor-version":[{"id":71903,"href":"https:\/\/www.tibagroup.com\/es\/wp-json\/wp\/v2\/posts\/44071\/revisions\/71903"}],"wp:featuredmedia":[{"embeddable":true,"href":"https:\/\/www.tibagroup.com\/es\/wp-json\/wp\/v2\/media\/43999"}],"wp:attachment":[{"href":"https:\/\/www.tibagroup.com\/es\/wp-json\/wp\/v2\/media?parent=44071"}],"wp:term":[{"taxonomy":"category","embeddable":true,"href":"https:\/\/www.tibagroup.com\/es\/wp-json\/wp\/v2\/categories?post=44071"},{"taxonomy":"post_tag","embeddable":true,"href":"https:\/\/www.tibagroup.com\/es\/wp-json\/wp\/v2\/tags?post=44071"}],"curies":[{"name":"wp","href":"https:\/\/api.w.org\/{rel}","templated":true}]}}