{"id":44046,"date":"2014-08-14T15:34:51","date_gmt":"2014-08-14T13:34:51","guid":{"rendered":"https:\/\/www.tibagroup.com\/tiba-lleva-acabo-su-2do-curso-del-ano\/"},"modified":"2026-01-14T12:56:50","modified_gmt":"2026-01-14T11:56:50","slug":"capacitacion-tlc-2014","status":"publish","type":"post","link":"https:\/\/www.tibagroup.com\/es\/comunicacion\/eventos\/capacitacion-tlc-2014","title":{"rendered":"TIBA M\u00e9xico realiza su 2do curso del a\u00f1o"},"content":{"rendered":"<h2><span data-mce-type=\"bookmark\" style=\"display: inline-block; width: 0px; overflow: hidden; line-height: 0;\" class=\"mce_SELRES_start\">\ufeff<\/span>Capacitaci\u00f3n TIBA 2014<\/h2>\n<p>El pasado 13 de agosto<strong> TIBA M\u00e9xico<\/strong><strong>\u00a0<\/strong>ofreci\u00f3 su\u00a02do curso del a\u00f1o:\u00a0<strong>\u201cBeneficios, condicionantes y consecuencias de la aplicaci\u00f3n de los TLC\u201d<\/strong>, el cual \u00a0fue impartido por el <strong>Lic. Miguel Espitia<\/strong>, experto en Comercio Exterior del prestigiado Bufete Internacional <strong>\u2018<\/strong><a href=\"http:\/\/www.bufeteinternacional.com.mx\/?sec=1\" target=\"_blank\" rel=\"nofollow noopener\"><strong>Global Business University<\/strong><\/a><strong>\u2019.<\/strong><\/p>\n<p>Adem\u00e1s de la ponencia sobre TLC, en esta ocasi\u00f3n se cont\u00f3 con la intervenci\u00f3n especial de <strong>Jes\u00fas Abraham Jim\u00e9nez Delgadillo, Branch Manager<\/strong> en la Ciudad de M\u00e9xico de la <a href=\"https:\/\/hutchisonportslct.com\/\" target=\"_blank\" rel=\"nofollow noopener\"><strong>Terminal Portuaria de Contenedores L\u00e1zaro C\u00e1rdenas<\/strong><\/a>, quien habl\u00f3 sobre los servicios que ofrecen, la infraestructura del puerto y los beneficios del <strong>acuerdo comercial que sostienen con TIBA<\/strong>. Tambi\u00e9n se cont\u00f3 con la valiosa presencia de <strong>Christian Navarrete y Ang\u00e9lica Anguiano<\/strong>, representantes de la Terminal.<\/p>\n<p>Hoy por hoy, de todos los puertos mexicanos, L\u00e1zaro C\u00e1rdenas es el de mayor profundidad y el que m\u00e1s proyecci\u00f3n tiene hacia los mercados internacionales. Gracias a su estrat\u00e9gica posici\u00f3n geogr\u00e1fica, ha facilitado el fuerte intercambio comercial con el que cuenta hoy nuestro pa\u00eds.<\/p>\n<div id=\"attachment_44059\" style=\"width: 578px\" class=\"wp-caption aligncenter\"><img decoding=\"async\" aria-describedby=\"caption-attachment-44059\" class=\"size-full wp-image-44059\" src=\"https:\/\/www.tibagroup.com\/wp-content\/uploads\/2023\/11\/fotobloga.jpg\" alt=\"Aplicaci\u00f3n de los TCL\" width=\"568\" height=\"600\" srcset=\"https:\/\/www.tibagroup.com\/wp-content\/uploads\/2023\/11\/fotobloga.jpg 568w, https:\/\/www.tibagroup.com\/wp-content\/uploads\/2023\/11\/fotobloga-284x300.jpg 284w\" sizes=\"(max-width: 568px) 100vw, 568px\" \/><p id=\"caption-attachment-44059\" class=\"wp-caption-text\">Formaci\u00f3n en aplicaci\u00f3n de los TCL<\/p><\/div>\n<p style=\"text-align: center;\"><span style=\"color: #006389;\"><strong><em>&#8220;En la b\u00fasqueda continua por brindar el mejor servicio, TIBA M\u00e9xico ofrece como beneficio exclusivo a sus clientes capacitaci\u00f3n continua de la mejor calidad mundial&#8221;<\/em><\/strong><\/span><\/p>\n<p>Por si fuera poco, este 2do curso fue doblemente especial para TIBA, ya que tambi\u00e9n asisti\u00f3 la <strong>Srita. Rosa Arcelia Vargas Vargas, de la empresa Fram Group<\/strong>, quien fue la afortunada <strong>ganadora de la iPad mini <\/strong>que se regal\u00f3\u00a0durante los d\u00edas de <a href=\"https:\/\/www.logisticsexperience.com\/es-mx.html\" target=\"_blank\" rel=\"nofollow noopener\"><strong>Expo Carga 2014.<\/strong><\/a> Al finalizar el curso, la Srita. Vargas recibi\u00f3 su premio de manos del<strong> Director de Operaciones de TIBA M\u00e9xico, Manuel Vega.<\/strong><\/p>\n<div id=\"attachment_44056\" style=\"width: 578px\" class=\"wp-caption aligncenter\"><img decoding=\"async\" aria-describedby=\"caption-attachment-44056\" class=\"size-full wp-image-44056\" src=\"https:\/\/www.tibagroup.com\/wp-content\/uploads\/2023\/11\/fotoblog2a.jpg\" alt=\"formaci\u00f3n TIBA\" width=\"568\" height=\"600\" srcset=\"https:\/\/www.tibagroup.com\/wp-content\/uploads\/2023\/11\/fotoblog2a.jpg 568w, https:\/\/www.tibagroup.com\/wp-content\/uploads\/2023\/11\/fotoblog2a-284x300.jpg 284w\" sizes=\"(max-width: 568px) 100vw, 568px\" \/><p id=\"caption-attachment-44056\" class=\"wp-caption-text\">formaci\u00f3n TIBA<\/p><\/div>\n<p>El programa de capacitaci\u00f3n continua de TIBA, es un\u00a0beneficio exclusivo\u00a0que ofrece de manera gratuita a sus clientes.\u00a0\u00bfQu\u00e9 esperas? \u00a1\u00danete a la prestigiada cartera de clientes TIBA y disfruta de \u00e9ste y muchos otros beneficios!<\/p>\n","protected":false},"excerpt":{"rendered":"<p>En la b\u00fasqueda continua por brindar el mejor servicio, TIBA M\u00e9xico ofrece como beneficio exclusivo a sus clientes, capacitaci\u00f3n de la mejor calidad mundial.<\/p>\n","protected":false},"author":2,"featured_media":44047,"comment_status":"open","ping_status":"closed","sticky":false,"template":"","format":"standard","meta":{"footnotes":""},"categories":[327],"tags":[361,820],"class_list":["post-44046","post","type-post","status-publish","format-standard","has-post-thumbnail","hentry","category-eventos","tag-capacitacion","tag-mexico"],"yoast_head":"<!-- This site is optimized with the Yoast SEO plugin v27.5 - https:\/\/yoast.com\/product\/yoast-seo-wordpress\/ -->\n<title>TIBA M\u00e9xico realiza su 2do curso del a\u00f1o - TIBA<\/title>\n<meta name=\"description\" content=\"En la b\u00fasqueda continua por brindar el mejor servicio, TIBA M\u00e9xico ofrece como beneficio exclusivo a sus clientes, capacitaci\u00f3n de la mejor calidad mundial.\" \/>\n<meta name=\"robots\" content=\"index, follow, max-snippet:-1, max-image-preview:large, max-video-preview:-1\" \/>\n<link rel=\"canonical\" href=\"https:\/\/www.tibagroup.com\/es\/comunicacion\/eventos\/capacitacion-tlc-2014\" \/>\n<meta property=\"og:locale\" content=\"es_ES\" \/>\n<meta property=\"og:type\" content=\"article\" \/>\n<meta property=\"og:title\" content=\"TIBA M\u00e9xico realiza su 2do curso del a\u00f1o - TIBA\" \/>\n<meta property=\"og:description\" content=\"En la b\u00fasqueda continua por brindar el mejor servicio, TIBA M\u00e9xico ofrece como beneficio exclusivo a sus clientes, capacitaci\u00f3n de la mejor calidad mundial.\" \/>\n<meta property=\"og:url\" content=\"https:\/\/www.tibagroup.com\/es\/comunicacion\/eventos\/capacitacion-tlc-2014\" \/>\n<meta property=\"og:site_name\" content=\"TIBA\" \/>\n<meta property=\"article:published_time\" content=\"2014-08-14T13:34:51+00:00\" \/>\n<meta property=\"article:modified_time\" content=\"2026-01-14T11:56:50+00:00\" \/>\n<meta property=\"og:image\" content=\"https:\/\/www.tibagroup.com\/wp-content\/uploads\/2023\/11\/capacitacion-TIBA.jpg\" \/>\n\t<meta property=\"og:image:width\" content=\"885\" \/>\n\t<meta property=\"og:image:height\" content=\"960\" \/>\n\t<meta property=\"og:image:type\" content=\"image\/jpeg\" \/>\n<meta name=\"author\" content=\"TIBA\" \/>\n<meta name=\"twitter:card\" content=\"summary_large_image\" \/>\n<meta name=\"twitter:creator\" content=\"@eaguado\" \/>\n<meta name=\"twitter:label1\" content=\"Written by\" \/>\n\t<meta name=\"twitter:data1\" content=\"TIBA\" \/>\n\t<meta name=\"twitter:label2\" content=\"Est. reading time\" \/>\n\t<meta name=\"twitter:data2\" content=\"2 minutes\" \/>\n<!-- \/ Yoast SEO plugin. -->","yoast_head_json":{"title":"TIBA M\u00e9xico realiza su 2do curso del a\u00f1o - TIBA","description":"En la b\u00fasqueda continua por brindar el mejor servicio, TIBA M\u00e9xico ofrece como beneficio exclusivo a sus clientes, capacitaci\u00f3n de la mejor calidad mundial.","robots":{"index":"index","follow":"follow","max-snippet":"max-snippet:-1","max-image-preview":"max-image-preview:large","max-video-preview":"max-video-preview:-1"},"canonical":"https:\/\/www.tibagroup.com\/es\/comunicacion\/eventos\/capacitacion-tlc-2014","og_locale":"es_ES","og_type":"article","og_title":"TIBA M\u00e9xico realiza su 2do curso del a\u00f1o - TIBA","og_description":"En la b\u00fasqueda continua por brindar el mejor servicio, TIBA M\u00e9xico ofrece como beneficio exclusivo a sus clientes, capacitaci\u00f3n de la mejor calidad mundial.","og_url":"https:\/\/www.tibagroup.com\/es\/comunicacion\/eventos\/capacitacion-tlc-2014","og_site_name":"TIBA","article_published_time":"2014-08-14T13:34:51+00:00","article_modified_time":"2026-01-14T11:56:50+00:00","og_image":[{"width":885,"height":960,"url":"https:\/\/www.tibagroup.com\/wp-content\/uploads\/2023\/11\/capacitacion-TIBA.jpg","type":"image\/jpeg"}],"author":"TIBA","twitter_card":"summary_large_image","twitter_creator":"@eaguado","twitter_misc":{"Written by":"TIBA","Est. reading time":"2 minutes"},"schema":{"@context":"https:\/\/schema.org","@graph":[{"@type":"Article","@id":"https:\/\/www.tibagroup.com\/es\/comunicacion\/eventos\/capacitacion-tlc-2014#article","isPartOf":{"@id":"https:\/\/www.tibagroup.com\/es\/comunicacion\/eventos\/capacitacion-tlc-2014"},"author":{"name":"TIBA","@id":"https:\/\/www.tibagroup.com\/es#\/schema\/person\/05c092dcc51b7a515503f3d10c916094"},"headline":"TIBA M\u00e9xico realiza su 2do curso del a\u00f1o","datePublished":"2014-08-14T13:34:51+00:00","dateModified":"2026-01-14T11:56:50+00:00","mainEntityOfPage":{"@id":"https:\/\/www.tibagroup.com\/es\/comunicacion\/eventos\/capacitacion-tlc-2014"},"wordCount":353,"commentCount":0,"publisher":{"@id":"https:\/\/www.tibagroup.com\/es#organization"},"image":{"@id":"https:\/\/www.tibagroup.com\/es\/comunicacion\/eventos\/capacitacion-tlc-2014#primaryimage"},"thumbnailUrl":"https:\/\/www.tibagroup.com\/wp-content\/uploads\/2023\/11\/capacitacion-TIBA.jpg","keywords":["capacitaci\u00f3n","M\u00e9xico"],"articleSection":["Eventos"],"inLanguage":"es","potentialAction":[{"@type":"CommentAction","name":"Comment","target":["https:\/\/www.tibagroup.com\/es\/comunicacion\/eventos\/capacitacion-tlc-2014#respond"]}]},{"@type":"WebPage","@id":"https:\/\/www.tibagroup.com\/es\/comunicacion\/eventos\/capacitacion-tlc-2014","url":"https:\/\/www.tibagroup.com\/es\/comunicacion\/eventos\/capacitacion-tlc-2014","name":"TIBA M\u00e9xico realiza su 2do curso del a\u00f1o - TIBA","isPartOf":{"@id":"https:\/\/www.tibagroup.com\/es#website"},"primaryImageOfPage":{"@id":"https:\/\/www.tibagroup.com\/es\/comunicacion\/eventos\/capacitacion-tlc-2014#primaryimage"},"image":{"@id":"https:\/\/www.tibagroup.com\/es\/comunicacion\/eventos\/capacitacion-tlc-2014#primaryimage"},"thumbnailUrl":"https:\/\/www.tibagroup.com\/wp-content\/uploads\/2023\/11\/capacitacion-TIBA.jpg","datePublished":"2014-08-14T13:34:51+00:00","dateModified":"2026-01-14T11:56:50+00:00","description":"En la b\u00fasqueda continua por brindar el mejor servicio, TIBA M\u00e9xico ofrece como beneficio exclusivo a sus clientes, capacitaci\u00f3n de la mejor calidad mundial.","breadcrumb":{"@id":"https:\/\/www.tibagroup.com\/es\/comunicacion\/eventos\/capacitacion-tlc-2014#breadcrumb"},"inLanguage":"es","potentialAction":[{"@type":"ReadAction","target":["https:\/\/www.tibagroup.com\/es\/comunicacion\/eventos\/capacitacion-tlc-2014"]}]},{"@type":"ImageObject","inLanguage":"es","@id":"https:\/\/www.tibagroup.com\/es\/comunicacion\/eventos\/capacitacion-tlc-2014#primaryimage","url":"https:\/\/www.tibagroup.com\/wp-content\/uploads\/2023\/11\/capacitacion-TIBA.jpg","contentUrl":"https:\/\/www.tibagroup.com\/wp-content\/uploads\/2023\/11\/capacitacion-TIBA.jpg","width":885,"height":960},{"@type":"BreadcrumbList","@id":"https:\/\/www.tibagroup.com\/es\/comunicacion\/eventos\/capacitacion-tlc-2014#breadcrumb","itemListElement":[{"@type":"ListItem","position":1,"name":"In\u00edcio","item":"https:\/\/www.tibagroup.com\/es\/agente-carga-operador-logistico"},{"@type":"ListItem","position":2,"name":"Comunicaci\u00f3n y prensa","item":"https:\/\/www.tibagroup.com\/es\/comunicacion"},{"@type":"ListItem","position":3,"name":"Eventos","item":"https:\/\/www.tibagroup.com\/es\/comunicacion\/eventos"},{"@type":"ListItem","position":4,"name":"TIBA M\u00e9xico realiza su 2do curso del a\u00f1o"}]},{"@type":"WebSite","@id":"https:\/\/www.tibagroup.com\/es#website","url":"https:\/\/www.tibagroup.com\/es","name":"TIBA","description":"Log\u00edstica y transporte internacional.","publisher":{"@id":"https:\/\/www.tibagroup.com\/es#organization"},"potentialAction":[{"@type":"SearchAction","target":{"@type":"EntryPoint","urlTemplate":"https:\/\/www.tibagroup.com\/es?s={search_term_string}"},"query-input":{"@type":"PropertyValueSpecification","valueRequired":true,"valueName":"search_term_string"}}],"inLanguage":"es"},{"@type":"Organization","@id":"https:\/\/www.tibagroup.com\/es#organization","name":"TIBA","url":"https:\/\/www.tibagroup.com\/es","logo":{"@type":"ImageObject","inLanguage":"es","@id":"https:\/\/www.tibagroup.com\/es#\/schema\/logo\/image\/","url":"https:\/\/www.tibagroup.com\/wp-content\/uploads\/2024\/02\/logo-web-TIBA.png","contentUrl":"https:\/\/www.tibagroup.com\/wp-content\/uploads\/2024\/02\/logo-web-TIBA.png","width":352,"height":116,"caption":"TIBA"},"image":{"@id":"https:\/\/www.tibagroup.com\/es#\/schema\/logo\/image\/"}},{"@type":"Person","@id":"https:\/\/www.tibagroup.com\/es#\/schema\/person\/05c092dcc51b7a515503f3d10c916094","name":"TIBA","image":{"@type":"ImageObject","inLanguage":"es","@id":"https:\/\/secure.gravatar.com\/avatar\/fe41478412b0c43764499979d851fae89a1f174100b1c19a55e15c00fde1851d?s=96&d=mm&r=g","url":"https:\/\/secure.gravatar.com\/avatar\/fe41478412b0c43764499979d851fae89a1f174100b1c19a55e15c00fde1851d?s=96&d=mm&r=g","contentUrl":"https:\/\/secure.gravatar.com\/avatar\/fe41478412b0c43764499979d851fae89a1f174100b1c19a55e15c00fde1851d?s=96&d=mm&r=g","caption":"TIBA"},"sameAs":["https:\/\/x.com\/eaguado"]}]}},"_links":{"self":[{"href":"https:\/\/www.tibagroup.com\/es\/wp-json\/wp\/v2\/posts\/44046","targetHints":{"allow":["GET"]}}],"collection":[{"href":"https:\/\/www.tibagroup.com\/es\/wp-json\/wp\/v2\/posts"}],"about":[{"href":"https:\/\/www.tibagroup.com\/es\/wp-json\/wp\/v2\/types\/post"}],"author":[{"embeddable":true,"href":"https:\/\/www.tibagroup.com\/es\/wp-json\/wp\/v2\/users\/2"}],"replies":[{"embeddable":true,"href":"https:\/\/www.tibagroup.com\/es\/wp-json\/wp\/v2\/comments?post=44046"}],"version-history":[{"count":7,"href":"https:\/\/www.tibagroup.com\/es\/wp-json\/wp\/v2\/posts\/44046\/revisions"}],"predecessor-version":[{"id":76369,"href":"https:\/\/www.tibagroup.com\/es\/wp-json\/wp\/v2\/posts\/44046\/revisions\/76369"}],"wp:featuredmedia":[{"embeddable":true,"href":"https:\/\/www.tibagroup.com\/es\/wp-json\/wp\/v2\/media\/44047"}],"wp:attachment":[{"href":"https:\/\/www.tibagroup.com\/es\/wp-json\/wp\/v2\/media?parent=44046"}],"wp:term":[{"taxonomy":"category","embeddable":true,"href":"https:\/\/www.tibagroup.com\/es\/wp-json\/wp\/v2\/categories?post=44046"},{"taxonomy":"post_tag","embeddable":true,"href":"https:\/\/www.tibagroup.com\/es\/wp-json\/wp\/v2\/tags?post=44046"}],"curies":[{"name":"wp","href":"https:\/\/api.w.org\/{rel}","templated":true}]}}