{"id":43978,"date":"2014-06-06T13:49:32","date_gmt":"2014-06-06T11:49:32","guid":{"rendered":"https:\/\/www.tibagroup.com\/gran-participacion-de-tiba-en-expo-carga-2014\/"},"modified":"2025-02-18T10:10:50","modified_gmt":"2025-02-18T09:10:50","slug":"expo-carga-2014-exito","status":"publish","type":"post","link":"https:\/\/www.tibagroup.com\/es\/comunicacion\/eventos\/expo-carga-2014-exito","title":{"rendered":"Gran participaci\u00f3n de TIBA en Expo Carga"},"content":{"rendered":"<h2>Expo Carga 2014 \u00a1Todo un \u00e9xito!<\/h2>\n<p>Durante los d\u00edas 3,\u00a04 y 5 de junio, se llev\u00f3 a cabo la reuni\u00f3n de negocios m\u00e1s importante del Sector Log\u00edstico y de Carga en Am\u00e9rica Latina: <strong><a href=\"http:\/\/www.expo-carga.com\/\" target=\"_blank\" rel=\"nofollow noopener\">Cargo Week Am\u00e9ricas Expo Carga 2014<\/a>, <\/strong>que en su 5ta edici\u00f3n cont\u00f3 con la participaci\u00f3n de m\u00e1s de 350 empresas especializadas entre\u00a0navieras, agentes aduanales, operadores log\u00edsticos, agencias de carga, y otros.<\/p>\n<p>Con un extenso programa de actividades, el evento logr\u00f3 reunir a <strong>m\u00e1s <\/strong>de <strong>15,000 interesados<\/strong> en conocer la oferta de log\u00edstica y de transportaci\u00f3n de pa\u00edses como M\u00e9xico, Espa\u00f1a, China, Argentina, entre muchos otros.<\/p>\n<p>Este a\u00f1o,\u00a0<strong>TIBA M\u00e9xico\u00a0<\/strong>volvi\u00f3 a formar parte de este importante evento como <strong>patrocinador PLATINUM<\/strong>, logrando destacar no solo por su extraordinario stand, cuyas dimensiones eran las m\u00e1s grandes de la expo, sino por la amplia gama de servicios especializados que ofreci\u00f3 a los visitantes.<\/p>\n<p><img decoding=\"async\" class=\"aligncenter size-full wp-image-53849\" src=\"https:\/\/www.tibagroup.com\/wp-content\/uploads\/2014\/06\/fotoblog2-e1417533490238.webp\" alt=\"\" width=\"567\" height=\"313\" srcset=\"https:\/\/www.tibagroup.com\/wp-content\/uploads\/2014\/06\/fotoblog2-e1417533490238.webp 567w, https:\/\/www.tibagroup.com\/wp-content\/uploads\/2014\/06\/fotoblog2-e1417533490238-300x166.webp 300w\" sizes=\"(max-width: 567px) 100vw, 567px\" \/><\/p>\n<h2>\u2018Retos de la Log\u00edstica de Perecederos en el Golfo de M\u00e9xico\u2019<\/h2>\n<p>Una de las grandes fortalezas de TIBA en M\u00e9xico\u00a0es el manejo y transportaci\u00f3n de productos perecederos, que \u00e9ste a\u00f1o ha adquirido m\u00e1s fortaleza gracias a las creaci\u00f3n de su nueva divisi\u00f3n especializada: <a href=\"\/es\/servicios\/logistica-perecederos\" target=\"_blank\" rel=\"noopener\">Log\u00edstica de perecederos.<\/a><\/p>\n<p>Por ello, y con el objetivo de dar a conocer los beneficios de nuestro servicio especializado y captar nuevas oportunidades de negocio, <strong>TIBA<\/strong> patrocin\u00f3 el <strong>\u2018Foro Internacional de Log\u00edstica de Perecederos\u2019 <\/strong>donde\u00a0tuvimos la oportunidad de participar con la conferencia:<strong>\u00a0\u2018Retos de la Log\u00edstica de Perecederos en el Golfo de M\u00e9xico\u2019<\/strong> a cargo del <strong>Ing. Flavio Mora, Dir. de Operaciones de Griver<\/strong>, quien mostr\u00f3 el panorama actual del consumo de alimentos perecederos en M\u00e9xico, y las grandes oportunidades que tendr\u00e1n los productores, importadores y exportadores de estos productos, tras la creaci\u00f3n de <a href=\"http:\/\/www.friopuerto.com\/mx\/\" target=\"_blank\" rel=\"noopener\">FRIOPUERTO Veracruz.<\/a><\/p>\n<p><img decoding=\"async\" class=\"aligncenter size-full wp-image-53852\" src=\"https:\/\/www.tibagroup.com\/wp-content\/uploads\/2014\/06\/tiba-patrocinador-platinum-expo-carga-2014.webp\" alt=\"\" width=\"568\" height=\"600\" srcset=\"https:\/\/www.tibagroup.com\/wp-content\/uploads\/2014\/06\/tiba-patrocinador-platinum-expo-carga-2014.webp 568w, https:\/\/www.tibagroup.com\/wp-content\/uploads\/2014\/06\/tiba-patrocinador-platinum-expo-carga-2014-284x300.webp 284w\" sizes=\"(max-width: 568px) 100vw, 568px\" \/><\/p>\n<p>Finalmente el \u00faltimo d\u00eda de Expo Carga, TIBA anunci\u00f3 al afortunado ganador de una iPad mini, la cual se regal\u00f3 entre los visitantes que solicitaran su cotizaci\u00f3n de flete internacional durante los 3 d\u00edas de Expo Carga. El premio ser\u00e1 entregado el pr\u00f3ximo 13 de agosto durante el curso exclusivo que ofrecer\u00e1 TIBA a sus clientes y empleados, como parte de su programa de capacitaci\u00f3n continua.<br \/>\nD\u00eda con d\u00eda, <strong>TIBA\u00a0<\/strong>sigue demostrando el liderazgo y compromiso que lo caracterizan, reafirmando a la vez, su posici\u00f3n como una de las empresas m\u00e1s importantes del transporte y la log\u00edstica a nivel internacional.<\/p>\n","protected":false},"excerpt":{"rendered":"<p>Una vez m\u00e1s, TIBA logr\u00f3 destacar por la excelente atenci\u00f3n que su equipo de trabajo brind\u00f3 a cada uno de los interesados en conocer la extensa variedad de servicios log\u00edsticos que ofrec\u00eda Expo Carga.<\/p>\n","protected":false},"author":2,"featured_media":43979,"comment_status":"open","ping_status":"closed","sticky":false,"template":"","format":"standard","meta":{"footnotes":""},"categories":[327],"tags":[360,820],"class_list":["post-43978","post","type-post","status-publish","format-standard","has-post-thumbnail","hentry","category-eventos","tag-expo-carga","tag-mexico"],"yoast_head":"<!-- This site is optimized with the Yoast SEO plugin v27.5 - https:\/\/yoast.com\/product\/yoast-seo-wordpress\/ -->\n<title>Gran participaci\u00f3n de TIBA en Expo Carga 2014 | TIBA<\/title>\n<meta name=\"description\" content=\"Como patrocinadores PLATINUM, logramos destacar por la amplia gama de servicios especializados que ofrecidos a los visitantes.\" \/>\n<meta name=\"robots\" content=\"index, follow, max-snippet:-1, max-image-preview:large, max-video-preview:-1\" \/>\n<link rel=\"canonical\" href=\"https:\/\/www.tibagroup.com\/es\/comunicacion\/eventos\/expo-carga-2014-exito\" \/>\n<meta property=\"og:locale\" content=\"es_ES\" \/>\n<meta property=\"og:type\" content=\"article\" \/>\n<meta property=\"og:title\" content=\"Gran participaci\u00f3n de TIBA en Expo Carga 2014 | TIBA\" \/>\n<meta property=\"og:description\" content=\"Como patrocinadores PLATINUM, logramos destacar por la amplia gama de servicios especializados que ofrecidos a los visitantes.\" \/>\n<meta property=\"og:url\" content=\"https:\/\/www.tibagroup.com\/es\/comunicacion\/eventos\/expo-carga-2014-exito\" \/>\n<meta property=\"og:site_name\" content=\"TIBA\" \/>\n<meta property=\"article:published_time\" content=\"2014-06-06T11:49:32+00:00\" \/>\n<meta property=\"article:modified_time\" content=\"2025-02-18T09:10:50+00:00\" \/>\n<meta property=\"og:image\" content=\"https:\/\/www.tibagroup.com\/wp-content\/uploads\/2023\/11\/tiba-expocarga.jpg\" \/>\n\t<meta property=\"og:image:width\" content=\"568\" \/>\n\t<meta property=\"og:image:height\" content=\"278\" \/>\n\t<meta property=\"og:image:type\" content=\"image\/jpeg\" \/>\n<meta name=\"author\" content=\"TIBA\" \/>\n<meta name=\"twitter:card\" content=\"summary_large_image\" \/>\n<meta name=\"twitter:creator\" content=\"@eaguado\" \/>\n<meta name=\"twitter:label1\" content=\"Written by\" \/>\n\t<meta name=\"twitter:data1\" content=\"TIBA\" \/>\n\t<meta name=\"twitter:label2\" content=\"Est. reading time\" \/>\n\t<meta name=\"twitter:data2\" content=\"3 minutes\" \/>\n<!-- \/ Yoast SEO plugin. -->","yoast_head_json":{"title":"Gran participaci\u00f3n de TIBA en Expo Carga 2014 | TIBA","description":"Como patrocinadores PLATINUM, logramos destacar por la amplia gama de servicios especializados que ofrecidos a los visitantes.","robots":{"index":"index","follow":"follow","max-snippet":"max-snippet:-1","max-image-preview":"max-image-preview:large","max-video-preview":"max-video-preview:-1"},"canonical":"https:\/\/www.tibagroup.com\/es\/comunicacion\/eventos\/expo-carga-2014-exito","og_locale":"es_ES","og_type":"article","og_title":"Gran participaci\u00f3n de TIBA en Expo Carga 2014 | TIBA","og_description":"Como patrocinadores PLATINUM, logramos destacar por la amplia gama de servicios especializados que ofrecidos a los visitantes.","og_url":"https:\/\/www.tibagroup.com\/es\/comunicacion\/eventos\/expo-carga-2014-exito","og_site_name":"TIBA","article_published_time":"2014-06-06T11:49:32+00:00","article_modified_time":"2025-02-18T09:10:50+00:00","og_image":[{"width":568,"height":278,"url":"https:\/\/www.tibagroup.com\/wp-content\/uploads\/2023\/11\/tiba-expocarga.jpg","type":"image\/jpeg"}],"author":"TIBA","twitter_card":"summary_large_image","twitter_creator":"@eaguado","twitter_misc":{"Written by":"TIBA","Est. reading time":"3 minutes"},"schema":{"@context":"https:\/\/schema.org","@graph":[{"@type":"Article","@id":"https:\/\/www.tibagroup.com\/es\/comunicacion\/eventos\/expo-carga-2014-exito#article","isPartOf":{"@id":"https:\/\/www.tibagroup.com\/es\/comunicacion\/eventos\/expo-carga-2014-exito"},"author":{"name":"TIBA","@id":"https:\/\/www.tibagroup.com\/es#\/schema\/person\/05c092dcc51b7a515503f3d10c916094"},"headline":"Gran participaci\u00f3n de TIBA en Expo Carga","datePublished":"2014-06-06T11:49:32+00:00","dateModified":"2025-02-18T09:10:50+00:00","mainEntityOfPage":{"@id":"https:\/\/www.tibagroup.com\/es\/comunicacion\/eventos\/expo-carga-2014-exito"},"wordCount":429,"commentCount":0,"publisher":{"@id":"https:\/\/www.tibagroup.com\/es#organization"},"image":{"@id":"https:\/\/www.tibagroup.com\/es\/comunicacion\/eventos\/expo-carga-2014-exito#primaryimage"},"thumbnailUrl":"https:\/\/www.tibagroup.com\/wp-content\/uploads\/2023\/11\/tiba-expocarga.jpg","keywords":["Expo Carga","M\u00e9xico"],"articleSection":["Eventos"],"inLanguage":"es","potentialAction":[{"@type":"CommentAction","name":"Comment","target":["https:\/\/www.tibagroup.com\/es\/comunicacion\/eventos\/expo-carga-2014-exito#respond"]}]},{"@type":"WebPage","@id":"https:\/\/www.tibagroup.com\/es\/comunicacion\/eventos\/expo-carga-2014-exito","url":"https:\/\/www.tibagroup.com\/es\/comunicacion\/eventos\/expo-carga-2014-exito","name":"Gran participaci\u00f3n de TIBA en Expo Carga 2014 | TIBA","isPartOf":{"@id":"https:\/\/www.tibagroup.com\/es#website"},"primaryImageOfPage":{"@id":"https:\/\/www.tibagroup.com\/es\/comunicacion\/eventos\/expo-carga-2014-exito#primaryimage"},"image":{"@id":"https:\/\/www.tibagroup.com\/es\/comunicacion\/eventos\/expo-carga-2014-exito#primaryimage"},"thumbnailUrl":"https:\/\/www.tibagroup.com\/wp-content\/uploads\/2023\/11\/tiba-expocarga.jpg","datePublished":"2014-06-06T11:49:32+00:00","dateModified":"2025-02-18T09:10:50+00:00","description":"Como patrocinadores PLATINUM, logramos destacar por la amplia gama de servicios especializados que ofrecidos a los visitantes.","breadcrumb":{"@id":"https:\/\/www.tibagroup.com\/es\/comunicacion\/eventos\/expo-carga-2014-exito#breadcrumb"},"inLanguage":"es","potentialAction":[{"@type":"ReadAction","target":["https:\/\/www.tibagroup.com\/es\/comunicacion\/eventos\/expo-carga-2014-exito"]}]},{"@type":"ImageObject","inLanguage":"es","@id":"https:\/\/www.tibagroup.com\/es\/comunicacion\/eventos\/expo-carga-2014-exito#primaryimage","url":"https:\/\/www.tibagroup.com\/wp-content\/uploads\/2023\/11\/tiba-expocarga.jpg","contentUrl":"https:\/\/www.tibagroup.com\/wp-content\/uploads\/2023\/11\/tiba-expocarga.jpg","width":568,"height":278,"caption":"TIBA en Expo Carga"},{"@type":"BreadcrumbList","@id":"https:\/\/www.tibagroup.com\/es\/comunicacion\/eventos\/expo-carga-2014-exito#breadcrumb","itemListElement":[{"@type":"ListItem","position":1,"name":"In\u00edcio","item":"https:\/\/www.tibagroup.com\/es\/agente-carga-operador-logistico"},{"@type":"ListItem","position":2,"name":"Comunicaci\u00f3n y prensa","item":"https:\/\/www.tibagroup.com\/es\/comunicacion"},{"@type":"ListItem","position":3,"name":"Eventos","item":"https:\/\/www.tibagroup.com\/es\/comunicacion\/eventos"},{"@type":"ListItem","position":4,"name":"Gran participaci\u00f3n de TIBA en Expo Carga"}]},{"@type":"WebSite","@id":"https:\/\/www.tibagroup.com\/es#website","url":"https:\/\/www.tibagroup.com\/es","name":"TIBA","description":"Log\u00edstica y transporte internacional.","publisher":{"@id":"https:\/\/www.tibagroup.com\/es#organization"},"potentialAction":[{"@type":"SearchAction","target":{"@type":"EntryPoint","urlTemplate":"https:\/\/www.tibagroup.com\/es?s={search_term_string}"},"query-input":{"@type":"PropertyValueSpecification","valueRequired":true,"valueName":"search_term_string"}}],"inLanguage":"es"},{"@type":"Organization","@id":"https:\/\/www.tibagroup.com\/es#organization","name":"TIBA","url":"https:\/\/www.tibagroup.com\/es","logo":{"@type":"ImageObject","inLanguage":"es","@id":"https:\/\/www.tibagroup.com\/es#\/schema\/logo\/image\/","url":"https:\/\/www.tibagroup.com\/wp-content\/uploads\/2024\/02\/logo-web-TIBA.png","contentUrl":"https:\/\/www.tibagroup.com\/wp-content\/uploads\/2024\/02\/logo-web-TIBA.png","width":352,"height":116,"caption":"TIBA"},"image":{"@id":"https:\/\/www.tibagroup.com\/es#\/schema\/logo\/image\/"}},{"@type":"Person","@id":"https:\/\/www.tibagroup.com\/es#\/schema\/person\/05c092dcc51b7a515503f3d10c916094","name":"TIBA","image":{"@type":"ImageObject","inLanguage":"es","@id":"https:\/\/secure.gravatar.com\/avatar\/fe41478412b0c43764499979d851fae89a1f174100b1c19a55e15c00fde1851d?s=96&d=mm&r=g","url":"https:\/\/secure.gravatar.com\/avatar\/fe41478412b0c43764499979d851fae89a1f174100b1c19a55e15c00fde1851d?s=96&d=mm&r=g","contentUrl":"https:\/\/secure.gravatar.com\/avatar\/fe41478412b0c43764499979d851fae89a1f174100b1c19a55e15c00fde1851d?s=96&d=mm&r=g","caption":"TIBA"},"sameAs":["https:\/\/x.com\/eaguado"]}]}},"_links":{"self":[{"href":"https:\/\/www.tibagroup.com\/es\/wp-json\/wp\/v2\/posts\/43978","targetHints":{"allow":["GET"]}}],"collection":[{"href":"https:\/\/www.tibagroup.com\/es\/wp-json\/wp\/v2\/posts"}],"about":[{"href":"https:\/\/www.tibagroup.com\/es\/wp-json\/wp\/v2\/types\/post"}],"author":[{"embeddable":true,"href":"https:\/\/www.tibagroup.com\/es\/wp-json\/wp\/v2\/users\/2"}],"replies":[{"embeddable":true,"href":"https:\/\/www.tibagroup.com\/es\/wp-json\/wp\/v2\/comments?post=43978"}],"version-history":[{"count":2,"href":"https:\/\/www.tibagroup.com\/es\/wp-json\/wp\/v2\/posts\/43978\/revisions"}],"predecessor-version":[{"id":68062,"href":"https:\/\/www.tibagroup.com\/es\/wp-json\/wp\/v2\/posts\/43978\/revisions\/68062"}],"wp:featuredmedia":[{"embeddable":true,"href":"https:\/\/www.tibagroup.com\/es\/wp-json\/wp\/v2\/media\/43979"}],"wp:attachment":[{"href":"https:\/\/www.tibagroup.com\/es\/wp-json\/wp\/v2\/media?parent=43978"}],"wp:term":[{"taxonomy":"category","embeddable":true,"href":"https:\/\/www.tibagroup.com\/es\/wp-json\/wp\/v2\/categories?post=43978"},{"taxonomy":"post_tag","embeddable":true,"href":"https:\/\/www.tibagroup.com\/es\/wp-json\/wp\/v2\/tags?post=43978"}],"curies":[{"name":"wp","href":"https:\/\/api.w.org\/{rel}","templated":true}]}}