{"id":43803,"date":"2014-02-25T00:55:10","date_gmt":"2014-02-24T23:55:10","guid":{"rendered":"https:\/\/www.tibagroup.com\/forjando-verdaderos-lideres-en-comercio-2\/"},"modified":"2025-02-18T09:36:54","modified_gmt":"2025-02-18T08:36:54","slug":"lideres-comercio","status":"publish","type":"post","link":"https:\/\/www.tibagroup.com\/es\/comunicacion\/eventos\/lideres-comercio","title":{"rendered":"Forjando verdaderos l\u00edderes en comercio"},"content":{"rendered":"<div>\n<p>Una vez m\u00e1s,\u00a0<strong>TIBA <\/strong>y<strong> Global Business University\u00a0<\/strong>unieron fuerzas y crearon una alianza estrat\u00e9gica\u00a0para llevar la mejor capacitaci\u00f3n en materia de Comercio Exterior a sus clientes y empleados, un beneficio exclusivo con el que podr\u00e1n actualizarse y enterarse de las \u00faltimas novedades del sector log\u00edstico.<\/p>\n<p style=\"text-align: left;\">Los temas incluidos en su programa de capacitaci\u00f3n son\u00a0<strong>pensados y analizados minuciosamente para poder ofrecer informaci\u00f3n de valor\u00a0<\/strong>que satisfaga y enriquezca, de acuerdo a sus necesidades, el conocimiento de cada uno de sus clientes.<\/p>\n<p style=\"text-align: left;\"><img decoding=\"async\" class=\"aligncenter size-full wp-image-53878\" src=\"https:\/\/www.tibagroup.com\/wp-content\/uploads\/2014\/02\/tiba-reformas.webp\" alt=\"\" width=\"284\" height=\"300\" \/><\/p>\n<p>Fue as\u00ed como TIBA ofreci\u00f3 el pasado 19 de febrero su\u00a0<strong>1er seminario \u201cReformas para tu Comercio Exterior\u201d<\/strong>el cual fue impartido por el\u00a0<strong>Dr. Eduardo Reyes D\u00edaz \u2013Leal.<\/strong><\/p>\n<p>La oficina de TIBA DF\u00a0se engalan\u00f3 al recibir a m\u00e1s de 200 invitados, entre los que se encontraban\u00a0<strong>clientes de Quer\u00e9taro, Le\u00f3n, Puebla y la Ciudad de M\u00e9xico<\/strong>. Todos tuvieron la oportunidad de aclarar sus dudas, y ponerse al tanto de las modificaciones y nuevas leyes que afectar\u00e1n directamente al Comercio Exterior en M\u00e9xico para este 2014.<\/p>\n<\/div>\n<div>\n<div>\n<div>\n<div id=\"viewitem_4140_archivos_fileslist\">\n<div><\/div>\n<\/div>\n<\/div>\n<\/div>\n<\/div>\n","protected":false},"excerpt":{"rendered":"<p>Un a\u00f1o m\u00e1s, TIBA da inicio a su programa de capacitaci\u00f3n continua de la mano del prestigiado bufete: Global Business University.<\/p>\n","protected":false},"author":2,"featured_media":43804,"comment_status":"open","ping_status":"closed","sticky":false,"template":"","format":"standard","meta":{"footnotes":""},"categories":[327],"tags":[361,820],"class_list":["post-43803","post","type-post","status-publish","format-standard","has-post-thumbnail","hentry","category-eventos","tag-capacitacion","tag-mexico"],"yoast_head":"<!-- This site is optimized with the Yoast SEO plugin v27.5 - https:\/\/yoast.com\/product\/yoast-seo-wordpress\/ -->\n<title>Forjando verdaderos l\u00edderes en comercio | TIBA<\/title>\n<meta name=\"description\" content=\"Un a\u00f1o m\u00e1s, damos inicio a nuestro programa de capacitaci\u00f3n continua de la mano del prestigiado bufete: Global Business University.\" \/>\n<meta name=\"robots\" content=\"index, follow, max-snippet:-1, max-image-preview:large, max-video-preview:-1\" \/>\n<link rel=\"canonical\" href=\"https:\/\/www.tibagroup.com\/es\/comunicacion\/eventos\/lideres-comercio\" \/>\n<meta property=\"og:locale\" content=\"es_ES\" \/>\n<meta property=\"og:type\" content=\"article\" \/>\n<meta property=\"og:title\" content=\"Forjando verdaderos l\u00edderes en comercio | TIBA\" \/>\n<meta property=\"og:description\" content=\"Un a\u00f1o m\u00e1s, damos inicio a nuestro programa de capacitaci\u00f3n continua de la mano del prestigiado bufete: Global Business University.\" \/>\n<meta property=\"og:url\" content=\"https:\/\/www.tibagroup.com\/es\/comunicacion\/eventos\/lideres-comercio\" \/>\n<meta property=\"og:site_name\" content=\"TIBA\" \/>\n<meta property=\"article:published_time\" content=\"2014-02-24T23:55:10+00:00\" \/>\n<meta property=\"article:modified_time\" content=\"2025-02-18T08:36:54+00:00\" \/>\n<meta property=\"og:image\" content=\"https:\/\/www.tibagroup.com\/wp-content\/uploads\/2023\/11\/1932666_747361218614877_1478067980_o.jpg\" \/>\n\t<meta property=\"og:image:width\" content=\"2048\" \/>\n\t<meta property=\"og:image:height\" content=\"1083\" \/>\n\t<meta property=\"og:image:type\" content=\"image\/jpeg\" \/>\n<meta name=\"author\" content=\"TIBA\" \/>\n<meta name=\"twitter:card\" content=\"summary_large_image\" \/>\n<meta name=\"twitter:creator\" content=\"@eaguado\" \/>\n<meta name=\"twitter:label1\" content=\"Written by\" \/>\n\t<meta name=\"twitter:data1\" content=\"TIBA\" \/>\n\t<meta name=\"twitter:label2\" content=\"Est. reading time\" \/>\n\t<meta name=\"twitter:data2\" content=\"1 minute\" \/>\n<!-- \/ Yoast SEO plugin. -->","yoast_head_json":{"title":"Forjando verdaderos l\u00edderes en comercio | TIBA","description":"Un a\u00f1o m\u00e1s, damos inicio a nuestro programa de capacitaci\u00f3n continua de la mano del prestigiado bufete: Global Business University.","robots":{"index":"index","follow":"follow","max-snippet":"max-snippet:-1","max-image-preview":"max-image-preview:large","max-video-preview":"max-video-preview:-1"},"canonical":"https:\/\/www.tibagroup.com\/es\/comunicacion\/eventos\/lideres-comercio","og_locale":"es_ES","og_type":"article","og_title":"Forjando verdaderos l\u00edderes en comercio | TIBA","og_description":"Un a\u00f1o m\u00e1s, damos inicio a nuestro programa de capacitaci\u00f3n continua de la mano del prestigiado bufete: Global Business University.","og_url":"https:\/\/www.tibagroup.com\/es\/comunicacion\/eventos\/lideres-comercio","og_site_name":"TIBA","article_published_time":"2014-02-24T23:55:10+00:00","article_modified_time":"2025-02-18T08:36:54+00:00","og_image":[{"width":2048,"height":1083,"url":"https:\/\/www.tibagroup.com\/wp-content\/uploads\/2023\/11\/1932666_747361218614877_1478067980_o.jpg","type":"image\/jpeg"}],"author":"TIBA","twitter_card":"summary_large_image","twitter_creator":"@eaguado","twitter_misc":{"Written by":"TIBA","Est. reading time":"1 minute"},"schema":{"@context":"https:\/\/schema.org","@graph":[{"@type":"Article","@id":"https:\/\/www.tibagroup.com\/es\/comunicacion\/eventos\/lideres-comercio#article","isPartOf":{"@id":"https:\/\/www.tibagroup.com\/es\/comunicacion\/eventos\/lideres-comercio"},"author":{"name":"TIBA","@id":"https:\/\/www.tibagroup.com\/es#\/schema\/person\/05c092dcc51b7a515503f3d10c916094"},"headline":"Forjando verdaderos l\u00edderes en comercio","datePublished":"2014-02-24T23:55:10+00:00","dateModified":"2025-02-18T08:36:54+00:00","mainEntityOfPage":{"@id":"https:\/\/www.tibagroup.com\/es\/comunicacion\/eventos\/lideres-comercio"},"wordCount":187,"commentCount":0,"publisher":{"@id":"https:\/\/www.tibagroup.com\/es#organization"},"image":{"@id":"https:\/\/www.tibagroup.com\/es\/comunicacion\/eventos\/lideres-comercio#primaryimage"},"thumbnailUrl":"https:\/\/www.tibagroup.com\/wp-content\/uploads\/2023\/11\/1932666_747361218614877_1478067980_o.jpg","keywords":["capacitaci\u00f3n","M\u00e9xico"],"articleSection":["Eventos"],"inLanguage":"es","potentialAction":[{"@type":"CommentAction","name":"Comment","target":["https:\/\/www.tibagroup.com\/es\/comunicacion\/eventos\/lideres-comercio#respond"]}]},{"@type":"WebPage","@id":"https:\/\/www.tibagroup.com\/es\/comunicacion\/eventos\/lideres-comercio","url":"https:\/\/www.tibagroup.com\/es\/comunicacion\/eventos\/lideres-comercio","name":"Forjando verdaderos l\u00edderes en comercio | TIBA","isPartOf":{"@id":"https:\/\/www.tibagroup.com\/es#website"},"primaryImageOfPage":{"@id":"https:\/\/www.tibagroup.com\/es\/comunicacion\/eventos\/lideres-comercio#primaryimage"},"image":{"@id":"https:\/\/www.tibagroup.com\/es\/comunicacion\/eventos\/lideres-comercio#primaryimage"},"thumbnailUrl":"https:\/\/www.tibagroup.com\/wp-content\/uploads\/2023\/11\/1932666_747361218614877_1478067980_o.jpg","datePublished":"2014-02-24T23:55:10+00:00","dateModified":"2025-02-18T08:36:54+00:00","description":"Un a\u00f1o m\u00e1s, damos inicio a nuestro programa de capacitaci\u00f3n continua de la mano del prestigiado bufete: Global Business University.","breadcrumb":{"@id":"https:\/\/www.tibagroup.com\/es\/comunicacion\/eventos\/lideres-comercio#breadcrumb"},"inLanguage":"es","potentialAction":[{"@type":"ReadAction","target":["https:\/\/www.tibagroup.com\/es\/comunicacion\/eventos\/lideres-comercio"]}]},{"@type":"ImageObject","inLanguage":"es","@id":"https:\/\/www.tibagroup.com\/es\/comunicacion\/eventos\/lideres-comercio#primaryimage","url":"https:\/\/www.tibagroup.com\/wp-content\/uploads\/2023\/11\/1932666_747361218614877_1478067980_o.jpg","contentUrl":"https:\/\/www.tibagroup.com\/wp-content\/uploads\/2023\/11\/1932666_747361218614877_1478067980_o.jpg","width":2048,"height":1083},{"@type":"BreadcrumbList","@id":"https:\/\/www.tibagroup.com\/es\/comunicacion\/eventos\/lideres-comercio#breadcrumb","itemListElement":[{"@type":"ListItem","position":1,"name":"In\u00edcio","item":"https:\/\/www.tibagroup.com\/es\/agente-carga-operador-logistico"},{"@type":"ListItem","position":2,"name":"Comunicaci\u00f3n y prensa","item":"https:\/\/www.tibagroup.com\/es\/comunicacion"},{"@type":"ListItem","position":3,"name":"Eventos","item":"https:\/\/www.tibagroup.com\/es\/comunicacion\/eventos"},{"@type":"ListItem","position":4,"name":"Forjando verdaderos l\u00edderes en comercio"}]},{"@type":"WebSite","@id":"https:\/\/www.tibagroup.com\/es#website","url":"https:\/\/www.tibagroup.com\/es","name":"TIBA","description":"Log\u00edstica y transporte internacional.","publisher":{"@id":"https:\/\/www.tibagroup.com\/es#organization"},"potentialAction":[{"@type":"SearchAction","target":{"@type":"EntryPoint","urlTemplate":"https:\/\/www.tibagroup.com\/es?s={search_term_string}"},"query-input":{"@type":"PropertyValueSpecification","valueRequired":true,"valueName":"search_term_string"}}],"inLanguage":"es"},{"@type":"Organization","@id":"https:\/\/www.tibagroup.com\/es#organization","name":"TIBA","url":"https:\/\/www.tibagroup.com\/es","logo":{"@type":"ImageObject","inLanguage":"es","@id":"https:\/\/www.tibagroup.com\/es#\/schema\/logo\/image\/","url":"https:\/\/www.tibagroup.com\/wp-content\/uploads\/2024\/02\/logo-web-TIBA.png","contentUrl":"https:\/\/www.tibagroup.com\/wp-content\/uploads\/2024\/02\/logo-web-TIBA.png","width":352,"height":116,"caption":"TIBA"},"image":{"@id":"https:\/\/www.tibagroup.com\/es#\/schema\/logo\/image\/"}},{"@type":"Person","@id":"https:\/\/www.tibagroup.com\/es#\/schema\/person\/05c092dcc51b7a515503f3d10c916094","name":"TIBA","image":{"@type":"ImageObject","inLanguage":"es","@id":"https:\/\/secure.gravatar.com\/avatar\/fe41478412b0c43764499979d851fae89a1f174100b1c19a55e15c00fde1851d?s=96&d=mm&r=g","url":"https:\/\/secure.gravatar.com\/avatar\/fe41478412b0c43764499979d851fae89a1f174100b1c19a55e15c00fde1851d?s=96&d=mm&r=g","contentUrl":"https:\/\/secure.gravatar.com\/avatar\/fe41478412b0c43764499979d851fae89a1f174100b1c19a55e15c00fde1851d?s=96&d=mm&r=g","caption":"TIBA"},"sameAs":["https:\/\/x.com\/eaguado"]}]}},"_links":{"self":[{"href":"https:\/\/www.tibagroup.com\/es\/wp-json\/wp\/v2\/posts\/43803","targetHints":{"allow":["GET"]}}],"collection":[{"href":"https:\/\/www.tibagroup.com\/es\/wp-json\/wp\/v2\/posts"}],"about":[{"href":"https:\/\/www.tibagroup.com\/es\/wp-json\/wp\/v2\/types\/post"}],"author":[{"embeddable":true,"href":"https:\/\/www.tibagroup.com\/es\/wp-json\/wp\/v2\/users\/2"}],"replies":[{"embeddable":true,"href":"https:\/\/www.tibagroup.com\/es\/wp-json\/wp\/v2\/comments?post=43803"}],"version-history":[{"count":4,"href":"https:\/\/www.tibagroup.com\/es\/wp-json\/wp\/v2\/posts\/43803\/revisions"}],"predecessor-version":[{"id":67974,"href":"https:\/\/www.tibagroup.com\/es\/wp-json\/wp\/v2\/posts\/43803\/revisions\/67974"}],"wp:featuredmedia":[{"embeddable":true,"href":"https:\/\/www.tibagroup.com\/es\/wp-json\/wp\/v2\/media\/43804"}],"wp:attachment":[{"href":"https:\/\/www.tibagroup.com\/es\/wp-json\/wp\/v2\/media?parent=43803"}],"wp:term":[{"taxonomy":"category","embeddable":true,"href":"https:\/\/www.tibagroup.com\/es\/wp-json\/wp\/v2\/categories?post=43803"},{"taxonomy":"post_tag","embeddable":true,"href":"https:\/\/www.tibagroup.com\/es\/wp-json\/wp\/v2\/tags?post=43803"}],"curies":[{"name":"wp","href":"https:\/\/api.w.org\/{rel}","templated":true}]}}