{"id":43786,"date":"2013-11-08T00:49:51","date_gmt":"2013-11-07T23:49:51","guid":{"rendered":"https:\/\/www.tibagroup.com\/tiba-celebra-su-ultimo-seminario-del-ano-2\/"},"modified":"2025-02-18T09:36:14","modified_gmt":"2025-02-18T08:36:14","slug":"capacitacion-rgce-2013","status":"publish","type":"post","link":"https:\/\/www.tibagroup.com\/es\/comunicacion\/eventos\/capacitacion-rgce-2013","title":{"rendered":"TIBA celebra su \u00faltimo seminario del a\u00f1o"},"content":{"rendered":"<div>\n<div style=\"text-align: left;\">El pasado mi\u00e9rcoles 06 de noviembre, se realiz\u00f3 en las instalaciones de\u00a0<strong>TIBA Polanco<\/strong>, el \u00faltimo seminario del a\u00f1o bajo el t\u00edtulo\u00a0<em><strong>\u201cReglas de Car\u00e1cter General\u201d.\u00a0<\/strong><\/em>Como en todos los cursos, tambi\u00e9n se cont\u00f3 con la presencia de parte del equipo de<a href=\"\/es\/agente-de-carga\/leon\" target=\"_blank\" rel=\"noopener\">\u00a0<strong>TIBA Le\u00f3n<\/strong><\/a>\u00a0y\u00a0<strong><a href=\"\/es\/agente-de-carga\/queretaro\" target=\"_blank\" rel=\"noopener\">TIBA Quer\u00e9taro<\/a>, <\/strong>quienes\u00a0en compa\u00f1\u00eda de sus clientes, pudieron disfrutar durante m\u00e1s de 3 horas la excelente y muy caracter\u00edstica presentaci\u00f3n del Dr. Eduardo Reyes D\u00edaz-Leal.<\/div>\n<div style=\"text-align: left;\"><\/div>\n<div><img decoding=\"async\" class=\"aligncenter size-full wp-image-52472\" src=\"https:\/\/www.tibagroup.com\/wp-content\/uploads\/2013\/11\/seminariorcg-tiba.webp\" alt=\"\" width=\"600\" height=\"600\" srcset=\"https:\/\/www.tibagroup.com\/wp-content\/uploads\/2013\/11\/seminariorcg-tiba.webp 600w, https:\/\/www.tibagroup.com\/wp-content\/uploads\/2013\/11\/seminariorcg-tiba-300x300.webp 300w, https:\/\/www.tibagroup.com\/wp-content\/uploads\/2013\/11\/seminariorcg-tiba-80x80.webp 80w, https:\/\/www.tibagroup.com\/wp-content\/uploads\/2013\/11\/seminariorcg-tiba-36x36.webp 36w, https:\/\/www.tibagroup.com\/wp-content\/uploads\/2013\/11\/seminariorcg-tiba-180x180.webp 180w\" sizes=\"(max-width: 600px) 100vw, 600px\" \/><\/div>\n<div><\/div>\n<div>Mientras de daba paso al tradicional cocktail de agradecimiento,\u00a0nuestro distinguido expositor convivi\u00f3 y aclar\u00f3 personalmente las dudas de los invitados.<\/div>\n<div><\/div>\n<div>Le invitamos a descargar la presentaci\u00f3n de nuestro Seminario \u201cREGLAS DE CAR\u00c1CTER GENERAL\u201d<\/div>\n<div><strong>NOTA:<\/strong>\u00a0La descarga puede tomarle varios minutos ya que el archivo es pesado. Agradecemos su paciencia.<\/div>\n<div><\/div>\n<\/div>\n<div>\n<div>\n<div>\n<p><strong>ARCHIVOS<\/strong><\/p>\n<div id=\"viewitem_4102_archivos_fileslist\">\n<div style=\"text-align: left;\"><span style=\"line-height: 1.5em;\"><a href=\"\/wp-content\/uploads\/2013\/11\/tiba-reglas-de-caracter-general.pdf\"><img decoding=\"async\" class=\"size-full wp-image-43796 alignleft\" src=\"https:\/\/www.tibagroup.com\/wp-content\/uploads\/2023\/11\/pdf16.gif\" alt=\"\" width=\"16\" height=\"16\" \/>tiba-reglas-de-caracter-general<\/a>(2,59 MB)<\/span><\/div>\n<\/div>\n<\/div>\n<\/div>\n<\/div>\n","protected":false},"excerpt":{"rendered":"<p>De la mano de Global Business University, TIBA M\u00e9xico cerr\u00f3 con broche de oro su programa de capacitaci\u00f3n 2013.<\/p>\n","protected":false},"author":2,"featured_media":43787,"comment_status":"open","ping_status":"closed","sticky":false,"template":"","format":"standard","meta":{"footnotes":""},"categories":[327],"tags":[361,820],"class_list":["post-43786","post","type-post","status-publish","format-standard","has-post-thumbnail","hentry","category-eventos","tag-capacitacion","tag-mexico"],"yoast_head":"<!-- This site is optimized with the Yoast SEO plugin v27.5 - https:\/\/yoast.com\/product\/yoast-seo-wordpress\/ -->\n<title>TIBA celebra su \u00faltimo seminario del a\u00f1o | TIBA<\/title>\n<meta name=\"description\" content=\"De la mano de Global Business University, TIBA M\u00e9xico cerr\u00f3 con broche de oro su programa de capacitaci\u00f3n 2013.\" \/>\n<meta name=\"robots\" content=\"index, follow, max-snippet:-1, max-image-preview:large, max-video-preview:-1\" \/>\n<link rel=\"canonical\" href=\"https:\/\/www.tibagroup.com\/es\/comunicacion\/eventos\/capacitacion-rgce-2013\" \/>\n<meta property=\"og:locale\" content=\"es_ES\" \/>\n<meta property=\"og:type\" content=\"article\" \/>\n<meta property=\"og:title\" content=\"TIBA celebra su \u00faltimo seminario del a\u00f1o | TIBA\" \/>\n<meta property=\"og:description\" content=\"De la mano de Global Business University, TIBA M\u00e9xico cerr\u00f3 con broche de oro su programa de capacitaci\u00f3n 2013.\" \/>\n<meta property=\"og:url\" content=\"https:\/\/www.tibagroup.com\/es\/comunicacion\/eventos\/capacitacion-rgce-2013\" \/>\n<meta property=\"og:site_name\" content=\"TIBA\" \/>\n<meta property=\"article:published_time\" content=\"2013-11-07T23:49:51+00:00\" \/>\n<meta property=\"article:modified_time\" content=\"2025-02-18T08:36:14+00:00\" \/>\n<meta property=\"og:image\" content=\"https:\/\/www.tibagroup.com\/wp-content\/uploads\/2023\/11\/884952_684482604902739_1826601273_o-1.jpg\" \/>\n\t<meta property=\"og:image:width\" content=\"1616\" \/>\n\t<meta property=\"og:image:height\" content=\"1625\" \/>\n\t<meta property=\"og:image:type\" content=\"image\/jpeg\" \/>\n<meta name=\"author\" content=\"TIBA\" \/>\n<meta name=\"twitter:card\" content=\"summary_large_image\" \/>\n<meta name=\"twitter:creator\" content=\"@eaguado\" \/>\n<meta name=\"twitter:label1\" content=\"Written by\" \/>\n\t<meta name=\"twitter:data1\" content=\"TIBA\" \/>\n\t<meta name=\"twitter:label2\" content=\"Est. reading time\" \/>\n\t<meta name=\"twitter:data2\" content=\"1 minute\" \/>\n<!-- \/ Yoast SEO plugin. -->","yoast_head_json":{"title":"TIBA celebra su \u00faltimo seminario del a\u00f1o | TIBA","description":"De la mano de Global Business University, TIBA M\u00e9xico cerr\u00f3 con broche de oro su programa de capacitaci\u00f3n 2013.","robots":{"index":"index","follow":"follow","max-snippet":"max-snippet:-1","max-image-preview":"max-image-preview:large","max-video-preview":"max-video-preview:-1"},"canonical":"https:\/\/www.tibagroup.com\/es\/comunicacion\/eventos\/capacitacion-rgce-2013","og_locale":"es_ES","og_type":"article","og_title":"TIBA celebra su \u00faltimo seminario del a\u00f1o | TIBA","og_description":"De la mano de Global Business University, TIBA M\u00e9xico cerr\u00f3 con broche de oro su programa de capacitaci\u00f3n 2013.","og_url":"https:\/\/www.tibagroup.com\/es\/comunicacion\/eventos\/capacitacion-rgce-2013","og_site_name":"TIBA","article_published_time":"2013-11-07T23:49:51+00:00","article_modified_time":"2025-02-18T08:36:14+00:00","og_image":[{"width":1616,"height":1625,"url":"https:\/\/www.tibagroup.com\/wp-content\/uploads\/2023\/11\/884952_684482604902739_1826601273_o-1.jpg","type":"image\/jpeg"}],"author":"TIBA","twitter_card":"summary_large_image","twitter_creator":"@eaguado","twitter_misc":{"Written by":"TIBA","Est. reading time":"1 minute"},"schema":{"@context":"https:\/\/schema.org","@graph":[{"@type":"Article","@id":"https:\/\/www.tibagroup.com\/es\/comunicacion\/eventos\/capacitacion-rgce-2013#article","isPartOf":{"@id":"https:\/\/www.tibagroup.com\/es\/comunicacion\/eventos\/capacitacion-rgce-2013"},"author":{"name":"TIBA","@id":"https:\/\/www.tibagroup.com\/es#\/schema\/person\/05c092dcc51b7a515503f3d10c916094"},"headline":"TIBA celebra su \u00faltimo seminario del a\u00f1o","datePublished":"2013-11-07T23:49:51+00:00","dateModified":"2025-02-18T08:36:14+00:00","mainEntityOfPage":{"@id":"https:\/\/www.tibagroup.com\/es\/comunicacion\/eventos\/capacitacion-rgce-2013"},"wordCount":144,"commentCount":0,"publisher":{"@id":"https:\/\/www.tibagroup.com\/es#organization"},"image":{"@id":"https:\/\/www.tibagroup.com\/es\/comunicacion\/eventos\/capacitacion-rgce-2013#primaryimage"},"thumbnailUrl":"https:\/\/www.tibagroup.com\/wp-content\/uploads\/2023\/11\/884952_684482604902739_1826601273_o-1.jpg","keywords":["capacitaci\u00f3n","M\u00e9xico"],"articleSection":["Eventos"],"inLanguage":"es","potentialAction":[{"@type":"CommentAction","name":"Comment","target":["https:\/\/www.tibagroup.com\/es\/comunicacion\/eventos\/capacitacion-rgce-2013#respond"]}]},{"@type":"WebPage","@id":"https:\/\/www.tibagroup.com\/es\/comunicacion\/eventos\/capacitacion-rgce-2013","url":"https:\/\/www.tibagroup.com\/es\/comunicacion\/eventos\/capacitacion-rgce-2013","name":"TIBA celebra su \u00faltimo seminario del a\u00f1o | TIBA","isPartOf":{"@id":"https:\/\/www.tibagroup.com\/es#website"},"primaryImageOfPage":{"@id":"https:\/\/www.tibagroup.com\/es\/comunicacion\/eventos\/capacitacion-rgce-2013#primaryimage"},"image":{"@id":"https:\/\/www.tibagroup.com\/es\/comunicacion\/eventos\/capacitacion-rgce-2013#primaryimage"},"thumbnailUrl":"https:\/\/www.tibagroup.com\/wp-content\/uploads\/2023\/11\/884952_684482604902739_1826601273_o-1.jpg","datePublished":"2013-11-07T23:49:51+00:00","dateModified":"2025-02-18T08:36:14+00:00","description":"De la mano de Global Business University, TIBA M\u00e9xico cerr\u00f3 con broche de oro su programa de capacitaci\u00f3n 2013.","breadcrumb":{"@id":"https:\/\/www.tibagroup.com\/es\/comunicacion\/eventos\/capacitacion-rgce-2013#breadcrumb"},"inLanguage":"es","potentialAction":[{"@type":"ReadAction","target":["https:\/\/www.tibagroup.com\/es\/comunicacion\/eventos\/capacitacion-rgce-2013"]}]},{"@type":"ImageObject","inLanguage":"es","@id":"https:\/\/www.tibagroup.com\/es\/comunicacion\/eventos\/capacitacion-rgce-2013#primaryimage","url":"https:\/\/www.tibagroup.com\/wp-content\/uploads\/2023\/11\/884952_684482604902739_1826601273_o-1.jpg","contentUrl":"https:\/\/www.tibagroup.com\/wp-content\/uploads\/2023\/11\/884952_684482604902739_1826601273_o-1.jpg","width":1616,"height":1625},{"@type":"BreadcrumbList","@id":"https:\/\/www.tibagroup.com\/es\/comunicacion\/eventos\/capacitacion-rgce-2013#breadcrumb","itemListElement":[{"@type":"ListItem","position":1,"name":"In\u00edcio","item":"https:\/\/www.tibagroup.com\/es\/agente-carga-operador-logistico"},{"@type":"ListItem","position":2,"name":"Comunicaci\u00f3n y prensa","item":"https:\/\/www.tibagroup.com\/es\/comunicacion"},{"@type":"ListItem","position":3,"name":"Eventos","item":"https:\/\/www.tibagroup.com\/es\/comunicacion\/eventos"},{"@type":"ListItem","position":4,"name":"TIBA celebra su \u00faltimo seminario del a\u00f1o"}]},{"@type":"WebSite","@id":"https:\/\/www.tibagroup.com\/es#website","url":"https:\/\/www.tibagroup.com\/es","name":"TIBA","description":"Log\u00edstica y transporte internacional.","publisher":{"@id":"https:\/\/www.tibagroup.com\/es#organization"},"potentialAction":[{"@type":"SearchAction","target":{"@type":"EntryPoint","urlTemplate":"https:\/\/www.tibagroup.com\/es?s={search_term_string}"},"query-input":{"@type":"PropertyValueSpecification","valueRequired":true,"valueName":"search_term_string"}}],"inLanguage":"es"},{"@type":"Organization","@id":"https:\/\/www.tibagroup.com\/es#organization","name":"TIBA","url":"https:\/\/www.tibagroup.com\/es","logo":{"@type":"ImageObject","inLanguage":"es","@id":"https:\/\/www.tibagroup.com\/es#\/schema\/logo\/image\/","url":"https:\/\/www.tibagroup.com\/wp-content\/uploads\/2024\/02\/logo-web-TIBA.png","contentUrl":"https:\/\/www.tibagroup.com\/wp-content\/uploads\/2024\/02\/logo-web-TIBA.png","width":352,"height":116,"caption":"TIBA"},"image":{"@id":"https:\/\/www.tibagroup.com\/es#\/schema\/logo\/image\/"}},{"@type":"Person","@id":"https:\/\/www.tibagroup.com\/es#\/schema\/person\/05c092dcc51b7a515503f3d10c916094","name":"TIBA","image":{"@type":"ImageObject","inLanguage":"es","@id":"https:\/\/secure.gravatar.com\/avatar\/fe41478412b0c43764499979d851fae89a1f174100b1c19a55e15c00fde1851d?s=96&d=mm&r=g","url":"https:\/\/secure.gravatar.com\/avatar\/fe41478412b0c43764499979d851fae89a1f174100b1c19a55e15c00fde1851d?s=96&d=mm&r=g","contentUrl":"https:\/\/secure.gravatar.com\/avatar\/fe41478412b0c43764499979d851fae89a1f174100b1c19a55e15c00fde1851d?s=96&d=mm&r=g","caption":"TIBA"},"sameAs":["https:\/\/x.com\/eaguado"]}]}},"_links":{"self":[{"href":"https:\/\/www.tibagroup.com\/es\/wp-json\/wp\/v2\/posts\/43786","targetHints":{"allow":["GET"]}}],"collection":[{"href":"https:\/\/www.tibagroup.com\/es\/wp-json\/wp\/v2\/posts"}],"about":[{"href":"https:\/\/www.tibagroup.com\/es\/wp-json\/wp\/v2\/types\/post"}],"author":[{"embeddable":true,"href":"https:\/\/www.tibagroup.com\/es\/wp-json\/wp\/v2\/users\/2"}],"replies":[{"embeddable":true,"href":"https:\/\/www.tibagroup.com\/es\/wp-json\/wp\/v2\/comments?post=43786"}],"version-history":[{"count":2,"href":"https:\/\/www.tibagroup.com\/es\/wp-json\/wp\/v2\/posts\/43786\/revisions"}],"predecessor-version":[{"id":67971,"href":"https:\/\/www.tibagroup.com\/es\/wp-json\/wp\/v2\/posts\/43786\/revisions\/67971"}],"wp:featuredmedia":[{"embeddable":true,"href":"https:\/\/www.tibagroup.com\/es\/wp-json\/wp\/v2\/media\/43787"}],"wp:attachment":[{"href":"https:\/\/www.tibagroup.com\/es\/wp-json\/wp\/v2\/media?parent=43786"}],"wp:term":[{"taxonomy":"category","embeddable":true,"href":"https:\/\/www.tibagroup.com\/es\/wp-json\/wp\/v2\/categories?post=43786"},{"taxonomy":"post_tag","embeddable":true,"href":"https:\/\/www.tibagroup.com\/es\/wp-json\/wp\/v2\/tags?post=43786"}],"curies":[{"name":"wp","href":"https:\/\/api.w.org\/{rel}","templated":true}]}}