{"id":43774,"date":"2013-10-24T23:42:51","date_gmt":"2013-10-24T21:42:51","guid":{"rendered":"https:\/\/www.tibagroup.com\/tiba-inaugura-oficina-en-la-ciudad-de-puebla-2\/"},"modified":"2025-04-30T14:29:48","modified_gmt":"2025-04-30T12:29:48","slug":"inauguracion-puebla","status":"publish","type":"post","link":"https:\/\/www.tibagroup.com\/es\/comunicacion\/prensa\/inauguracion-puebla","title":{"rendered":"TIBA inaugura oficina en la ciudad de Puebla"},"content":{"rendered":"<div style=\"text-align: left;\">El\u00a0pasado\u00a0<strong>24 de octubre<\/strong>, TIBA celebr\u00f3 en emotiva ceremonia,\u00a0la inauguraci\u00f3n de su nueva oficina en la ciudad de Puebla.\u00a0La presentaci\u00f3n estuvo encabezada\u00a0por el\u00a0<strong>Director General de<\/strong> <strong>TIBA M\u00e9xico y Centroam\u00e9rica<\/strong>, <b>q<\/b>uien en compa\u00f1\u00eda del nuevo <strong>General Manager de TIBA Puebla, <\/strong>dieron el banderazo para que la nueva oficina\u00a0iniciara sus operaciones.<\/div>\n<div style=\"text-align: left;\"><\/div>\n<div style=\"text-align: left;\">Posterior al corte de list\u00f3n,\u00a0TIBA Puebla deleit\u00f3 a sus invitados con un cocktail de agradecimiento, durante\u00a0el cual, directivos de\u00a0<strong>TIBA M\u00e9xico<\/strong>, as\u00ed como coordinadores de la oficina de\u00a0<strong>TIBA DF<\/strong>, tuvieron la oportunidad de atender\u00a0personalmente a cada uno de los invitados.<\/div>\n<div style=\"text-align: left;\"><\/div>\n<div style=\"text-align: left;\">La creaci\u00f3n de esta nueva oficina supone un paso muy importante para TIBA y su desarrollo en M\u00e9xico, al representar una nueva alterativa log\u00edstica para importadores y exportadores de la zona.<\/div>\n<div style=\"text-align: left;\"><\/div>\n<div style=\"text-align: left;\"><\/div>\n","protected":false},"excerpt":{"rendered":"<p>En emotiva ceremonia, TIBA celebr\u00f3 la inauguraci\u00f3n de su nueva oficina en la ciudad de Puebla.<\/p>\n","protected":false},"author":2,"featured_media":26111,"comment_status":"open","ping_status":"closed","sticky":false,"template":"","format":"standard","meta":{"footnotes":""},"categories":[334],"tags":[820],"class_list":["post-43774","post","type-post","status-publish","format-standard","has-post-thumbnail","hentry","category-prensa","tag-mexico"],"yoast_head":"<!-- This site is optimized with the Yoast SEO plugin v27.5 - https:\/\/yoast.com\/product\/yoast-seo-wordpress\/ -->\n<title>TIBA inaugura oficina en la ciudad de Puebla - TIBA<\/title>\n<meta name=\"description\" content=\"En emotiva ceremonia, TIBA celebr\u00f3 la inauguraci\u00f3n de su nueva oficina en la ciudad de Puebla.\" \/>\n<meta name=\"robots\" content=\"index, follow, max-snippet:-1, max-image-preview:large, max-video-preview:-1\" \/>\n<link rel=\"canonical\" href=\"https:\/\/www.tibagroup.com\/es\/comunicacion\/prensa\/inauguracion-puebla\" \/>\n<meta property=\"og:locale\" content=\"es_ES\" \/>\n<meta property=\"og:type\" content=\"article\" \/>\n<meta property=\"og:title\" content=\"TIBA inaugura oficina en la ciudad de Puebla - TIBA\" \/>\n<meta property=\"og:description\" content=\"En emotiva ceremonia, TIBA celebr\u00f3 la inauguraci\u00f3n de su nueva oficina en la ciudad de Puebla.\" \/>\n<meta property=\"og:url\" content=\"https:\/\/www.tibagroup.com\/es\/comunicacion\/prensa\/inauguracion-puebla\" \/>\n<meta property=\"og:site_name\" content=\"TIBA\" \/>\n<meta property=\"article:published_time\" content=\"2013-10-24T21:42:51+00:00\" \/>\n<meta property=\"article:modified_time\" content=\"2025-04-30T12:29:48+00:00\" \/>\n<meta property=\"og:image\" content=\"https:\/\/www.tibagroup.com\/wp-content\/uploads\/2023\/09\/PUEBLA.jpg\" \/>\n\t<meta property=\"og:image:width\" content=\"800\" \/>\n\t<meta property=\"og:image:height\" content=\"360\" \/>\n\t<meta property=\"og:image:type\" content=\"image\/jpeg\" \/>\n<meta name=\"author\" content=\"TIBA\" \/>\n<meta name=\"twitter:card\" content=\"summary_large_image\" \/>\n<meta name=\"twitter:creator\" content=\"@eaguado\" \/>\n<meta name=\"twitter:label1\" content=\"Written by\" \/>\n\t<meta name=\"twitter:data1\" content=\"TIBA\" \/>\n<!-- \/ Yoast SEO plugin. -->","yoast_head_json":{"title":"TIBA inaugura oficina en la ciudad de Puebla - TIBA","description":"En emotiva ceremonia, TIBA celebr\u00f3 la inauguraci\u00f3n de su nueva oficina en la ciudad de Puebla.","robots":{"index":"index","follow":"follow","max-snippet":"max-snippet:-1","max-image-preview":"max-image-preview:large","max-video-preview":"max-video-preview:-1"},"canonical":"https:\/\/www.tibagroup.com\/es\/comunicacion\/prensa\/inauguracion-puebla","og_locale":"es_ES","og_type":"article","og_title":"TIBA inaugura oficina en la ciudad de Puebla - TIBA","og_description":"En emotiva ceremonia, TIBA celebr\u00f3 la inauguraci\u00f3n de su nueva oficina en la ciudad de Puebla.","og_url":"https:\/\/www.tibagroup.com\/es\/comunicacion\/prensa\/inauguracion-puebla","og_site_name":"TIBA","article_published_time":"2013-10-24T21:42:51+00:00","article_modified_time":"2025-04-30T12:29:48+00:00","og_image":[{"width":800,"height":360,"url":"https:\/\/www.tibagroup.com\/wp-content\/uploads\/2023\/09\/PUEBLA.jpg","type":"image\/jpeg"}],"author":"TIBA","twitter_card":"summary_large_image","twitter_creator":"@eaguado","twitter_misc":{"Written by":"TIBA"},"schema":{"@context":"https:\/\/schema.org","@graph":[{"@type":"Article","@id":"https:\/\/www.tibagroup.com\/es\/comunicacion\/prensa\/inauguracion-puebla#article","isPartOf":{"@id":"https:\/\/www.tibagroup.com\/es\/comunicacion\/prensa\/inauguracion-puebla"},"author":{"name":"TIBA","@id":"https:\/\/www.tibagroup.com\/es#\/schema\/person\/05c092dcc51b7a515503f3d10c916094"},"headline":"TIBA inaugura oficina en la ciudad de Puebla","datePublished":"2013-10-24T21:42:51+00:00","dateModified":"2025-04-30T12:29:48+00:00","mainEntityOfPage":{"@id":"https:\/\/www.tibagroup.com\/es\/comunicacion\/prensa\/inauguracion-puebla"},"wordCount":147,"commentCount":2,"publisher":{"@id":"https:\/\/www.tibagroup.com\/es#organization"},"image":{"@id":"https:\/\/www.tibagroup.com\/es\/comunicacion\/prensa\/inauguracion-puebla#primaryimage"},"thumbnailUrl":"https:\/\/www.tibagroup.com\/wp-content\/uploads\/2023\/09\/PUEBLA.jpg","keywords":["M\u00e9xico"],"articleSection":["Prensa"],"inLanguage":"es","potentialAction":[{"@type":"CommentAction","name":"Comment","target":["https:\/\/www.tibagroup.com\/es\/comunicacion\/prensa\/inauguracion-puebla#respond"]}]},{"@type":"WebPage","@id":"https:\/\/www.tibagroup.com\/es\/comunicacion\/prensa\/inauguracion-puebla","url":"https:\/\/www.tibagroup.com\/es\/comunicacion\/prensa\/inauguracion-puebla","name":"TIBA inaugura oficina en la ciudad de Puebla - TIBA","isPartOf":{"@id":"https:\/\/www.tibagroup.com\/es#website"},"primaryImageOfPage":{"@id":"https:\/\/www.tibagroup.com\/es\/comunicacion\/prensa\/inauguracion-puebla#primaryimage"},"image":{"@id":"https:\/\/www.tibagroup.com\/es\/comunicacion\/prensa\/inauguracion-puebla#primaryimage"},"thumbnailUrl":"https:\/\/www.tibagroup.com\/wp-content\/uploads\/2023\/09\/PUEBLA.jpg","datePublished":"2013-10-24T21:42:51+00:00","dateModified":"2025-04-30T12:29:48+00:00","description":"En emotiva ceremonia, TIBA celebr\u00f3 la inauguraci\u00f3n de su nueva oficina en la ciudad de Puebla.","breadcrumb":{"@id":"https:\/\/www.tibagroup.com\/es\/comunicacion\/prensa\/inauguracion-puebla#breadcrumb"},"inLanguage":"es","potentialAction":[{"@type":"ReadAction","target":["https:\/\/www.tibagroup.com\/es\/comunicacion\/prensa\/inauguracion-puebla"]}]},{"@type":"ImageObject","inLanguage":"es","@id":"https:\/\/www.tibagroup.com\/es\/comunicacion\/prensa\/inauguracion-puebla#primaryimage","url":"https:\/\/www.tibagroup.com\/wp-content\/uploads\/2023\/09\/PUEBLA.jpg","contentUrl":"https:\/\/www.tibagroup.com\/wp-content\/uploads\/2023\/09\/PUEBLA.jpg","width":800,"height":360},{"@type":"BreadcrumbList","@id":"https:\/\/www.tibagroup.com\/es\/comunicacion\/prensa\/inauguracion-puebla#breadcrumb","itemListElement":[{"@type":"ListItem","position":1,"name":"In\u00edcio","item":"https:\/\/www.tibagroup.com\/es\/agente-carga-operador-logistico"},{"@type":"ListItem","position":2,"name":"Comunicaci\u00f3n y prensa","item":"https:\/\/www.tibagroup.com\/es\/comunicacion"},{"@type":"ListItem","position":3,"name":"Prensa","item":"https:\/\/www.tibagroup.com\/es\/comunicacion\/prensa"},{"@type":"ListItem","position":4,"name":"TIBA inaugura oficina en la ciudad de Puebla"}]},{"@type":"WebSite","@id":"https:\/\/www.tibagroup.com\/es#website","url":"https:\/\/www.tibagroup.com\/es","name":"TIBA","description":"Log\u00edstica y transporte internacional.","publisher":{"@id":"https:\/\/www.tibagroup.com\/es#organization"},"potentialAction":[{"@type":"SearchAction","target":{"@type":"EntryPoint","urlTemplate":"https:\/\/www.tibagroup.com\/es?s={search_term_string}"},"query-input":{"@type":"PropertyValueSpecification","valueRequired":true,"valueName":"search_term_string"}}],"inLanguage":"es"},{"@type":"Organization","@id":"https:\/\/www.tibagroup.com\/es#organization","name":"TIBA","url":"https:\/\/www.tibagroup.com\/es","logo":{"@type":"ImageObject","inLanguage":"es","@id":"https:\/\/www.tibagroup.com\/es#\/schema\/logo\/image\/","url":"https:\/\/www.tibagroup.com\/wp-content\/uploads\/2024\/02\/logo-web-TIBA.png","contentUrl":"https:\/\/www.tibagroup.com\/wp-content\/uploads\/2024\/02\/logo-web-TIBA.png","width":352,"height":116,"caption":"TIBA"},"image":{"@id":"https:\/\/www.tibagroup.com\/es#\/schema\/logo\/image\/"}},{"@type":"Person","@id":"https:\/\/www.tibagroup.com\/es#\/schema\/person\/05c092dcc51b7a515503f3d10c916094","name":"TIBA","image":{"@type":"ImageObject","inLanguage":"es","@id":"https:\/\/secure.gravatar.com\/avatar\/fe41478412b0c43764499979d851fae89a1f174100b1c19a55e15c00fde1851d?s=96&d=mm&r=g","url":"https:\/\/secure.gravatar.com\/avatar\/fe41478412b0c43764499979d851fae89a1f174100b1c19a55e15c00fde1851d?s=96&d=mm&r=g","contentUrl":"https:\/\/secure.gravatar.com\/avatar\/fe41478412b0c43764499979d851fae89a1f174100b1c19a55e15c00fde1851d?s=96&d=mm&r=g","caption":"TIBA"},"sameAs":["https:\/\/x.com\/eaguado"]}]}},"_links":{"self":[{"href":"https:\/\/www.tibagroup.com\/es\/wp-json\/wp\/v2\/posts\/43774","targetHints":{"allow":["GET"]}}],"collection":[{"href":"https:\/\/www.tibagroup.com\/es\/wp-json\/wp\/v2\/posts"}],"about":[{"href":"https:\/\/www.tibagroup.com\/es\/wp-json\/wp\/v2\/types\/post"}],"author":[{"embeddable":true,"href":"https:\/\/www.tibagroup.com\/es\/wp-json\/wp\/v2\/users\/2"}],"replies":[{"embeddable":true,"href":"https:\/\/www.tibagroup.com\/es\/wp-json\/wp\/v2\/comments?post=43774"}],"version-history":[{"count":3,"href":"https:\/\/www.tibagroup.com\/es\/wp-json\/wp\/v2\/posts\/43774\/revisions"}],"predecessor-version":[{"id":72262,"href":"https:\/\/www.tibagroup.com\/es\/wp-json\/wp\/v2\/posts\/43774\/revisions\/72262"}],"wp:featuredmedia":[{"embeddable":true,"href":"https:\/\/www.tibagroup.com\/es\/wp-json\/wp\/v2\/media\/26111"}],"wp:attachment":[{"href":"https:\/\/www.tibagroup.com\/es\/wp-json\/wp\/v2\/media?parent=43774"}],"wp:term":[{"taxonomy":"category","embeddable":true,"href":"https:\/\/www.tibagroup.com\/es\/wp-json\/wp\/v2\/categories?post=43774"},{"taxonomy":"post_tag","embeddable":true,"href":"https:\/\/www.tibagroup.com\/es\/wp-json\/wp\/v2\/tags?post=43774"}],"curies":[{"name":"wp","href":"https:\/\/api.w.org\/{rel}","templated":true}]}}