{"id":43730,"date":"2013-07-11T22:52:14","date_gmt":"2013-07-11T20:52:14","guid":{"rendered":"https:\/\/www.tibagroup.com\/tramitacion-de-regulacion-y-restricciones-no-arancelarias\/"},"modified":"2025-02-18T13:46:15","modified_gmt":"2025-02-18T12:46:15","slug":"curso-regulacion-arancelaria","status":"publish","type":"post","link":"https:\/\/www.tibagroup.com\/es\/comunicacion\/eventos\/curso-regulacion-arancelaria","title":{"rendered":"TIBA lleva a cabo su curso: &#8220;Tramitaci\u00f3n de regulaci\u00f3n y restricciones no arancelarias&#8221;."},"content":{"rendered":"<div>\n<p>Como parte de su programa de capacitaci\u00f3n continua, el pasado 10 de julio, TIBA M\u00e9xico ofreci\u00f3 su 4to curso del a\u00f1o bajo el t\u00edtulo:\u00a0<strong>\u201cTramitaci\u00f3n de Regulaciones y Restricciones No Arancelarias\u201d<\/strong>, donde se cont\u00f3 con la ponencia de la Lic. Bel\u00e9n Barroeta.<\/p>\n<p>Para\u00a0<strong>TIBA<\/strong>\u00a0era de especial inter\u00e9s\u00a0ofrecer \u00e9ste curso a sus clientes, ya que es un tema que en la actualidad,\u00a0reviste de mucha importancia para todos los actores de las operaciones de importaci\u00f3n, exportaci\u00f3n, transporte o custodia de mercanc\u00edas.<\/p>\n<h2>Expo Carga 2013<\/h2>\n<p>Al finalizar el curso, todos pudieron ser testigos de la entrega de la\u00a0<strong>\u201cmini iPad 3G\u201d\u00a0<\/strong>que se rif\u00f3 durante la 4ta edici\u00f3n de\u00a0<strong>Expo Carga<\/strong>, la feria m\u00e1s importantes de log\u00edstica en Latinoam\u00e9rica.\u00a0La feliz ganadora,\u00a0<strong>Nadia Mart\u00ednez<\/strong>\u00a0de la empresa\u00a0<strong>\u201cElite Exports\u201d,<\/strong>\u00a0recibi\u00f3 su premio de manos de\u00a0<strong>Giovanni de la Rosa, Director de Ventas<\/strong>\u00a0de TIBA M\u00e9xico.<\/p>\n<p><img decoding=\"async\" class=\"aligncenter size-full wp-image-52467\" src=\"https:\/\/www.tibagroup.com\/wp-content\/uploads\/2013\/07\/tibacursorrna.webp\" alt=\"\" width=\"568\" height=\"600\" srcset=\"https:\/\/www.tibagroup.com\/wp-content\/uploads\/2013\/07\/tibacursorrna.webp 568w, https:\/\/www.tibagroup.com\/wp-content\/uploads\/2013\/07\/tibacursorrna-284x300.webp 284w\" sizes=\"(max-width: 568px) 100vw, 568px\" \/><\/p>\n<div>A continuaci\u00f3n, le invitamos a descargar el material de apoyo utilizado durante el curso\u00a0<strong>\u201cTramitaci\u00f3n de Regulaciones y Restricciones No Arancelarias\u201d.<\/strong><\/div>\n<div><strong>Nota:\u00a0<\/strong>La descarga puede tomarle varios minutos ya que el archivo es pesado. Agradecemos su paciencia.<\/div>\n<\/div>\n<div>\n<div>\n<div>\n<p>ARCHIVOS<\/p>\n<div id=\"viewitem_4066_archivos_fileslist\">\n<div><img decoding=\"async\" class=\"size-full wp-image-43796 alignleft\" src=\"https:\/\/www.tibagroup.com\/wp-content\/uploads\/2023\/11\/pdf16.gif\" alt=\"\" width=\"16\" height=\"16\" \/> <a href=\"\/wp-content\/uploads\/2013\/07\/tramitacion-rrna-tiba.pdf\">tramitacion-rrna-tiba<\/a>(23,91 MB)<\/div>\n<\/div>\n<\/div>\n<\/div>\n<\/div>\n","protected":false},"excerpt":{"rendered":"<p>Con gran participaci\u00f3n por parte de sus clientes, TIBA llev\u00f3 a cabo su 4to curso del a\u00f1o: &#8220;Tramitaci\u00f3n de regulaci\u00f3n y restricciones no arancelarias&#8221;.<\/p>\n","protected":false},"author":2,"featured_media":43731,"comment_status":"open","ping_status":"closed","sticky":false,"template":"","format":"standard","meta":{"footnotes":""},"categories":[327],"tags":[361,820],"class_list":["post-43730","post","type-post","status-publish","format-standard","has-post-thumbnail","hentry","category-eventos","tag-capacitacion","tag-mexico"],"yoast_head":"<!-- This site is optimized with the Yoast SEO plugin v27.5 - https:\/\/yoast.com\/product\/yoast-seo-wordpress\/ -->\n<title>Tramitaci\u00f3n de regulaci\u00f3n y restricciones no arancelarias | TIBA<\/title>\n<meta name=\"description\" content=\"Con gran participaci\u00f3n de sus clientes, TIBA llev\u00f3 a cabo su 4to curso del a\u00f1o: &quot;Tramitaci\u00f3n de regulaci\u00f3n y restricciones no arancelarias&quot;.\" \/>\n<meta name=\"robots\" content=\"index, follow, max-snippet:-1, max-image-preview:large, max-video-preview:-1\" \/>\n<link rel=\"canonical\" href=\"https:\/\/www.tibagroup.com\/es\/comunicacion\/eventos\/curso-regulacion-arancelaria\" \/>\n<meta property=\"og:locale\" content=\"es_ES\" \/>\n<meta property=\"og:type\" content=\"article\" \/>\n<meta property=\"og:title\" content=\"Tramitaci\u00f3n de regulaci\u00f3n y restricciones no arancelarias | TIBA\" \/>\n<meta property=\"og:description\" content=\"Con gran participaci\u00f3n de sus clientes, TIBA llev\u00f3 a cabo su 4to curso del a\u00f1o: &quot;Tramitaci\u00f3n de regulaci\u00f3n y restricciones no arancelarias&quot;.\" \/>\n<meta property=\"og:url\" content=\"https:\/\/www.tibagroup.com\/es\/comunicacion\/eventos\/curso-regulacion-arancelaria\" \/>\n<meta property=\"og:site_name\" content=\"TIBA\" \/>\n<meta property=\"article:published_time\" content=\"2013-07-11T20:52:14+00:00\" \/>\n<meta property=\"article:modified_time\" content=\"2025-02-18T12:46:15+00:00\" \/>\n<meta property=\"og:image\" content=\"https:\/\/www.tibagroup.com\/wp-content\/uploads\/2023\/11\/271828_622765077741159_749640542_o.jpg\" \/>\n\t<meta property=\"og:image:width\" content=\"1668\" \/>\n\t<meta property=\"og:image:height\" content=\"1659\" \/>\n\t<meta property=\"og:image:type\" content=\"image\/jpeg\" \/>\n<meta name=\"author\" content=\"TIBA\" \/>\n<meta name=\"twitter:card\" content=\"summary_large_image\" \/>\n<meta name=\"twitter:creator\" content=\"@eaguado\" \/>\n<meta name=\"twitter:label1\" content=\"Written by\" \/>\n\t<meta name=\"twitter:data1\" content=\"TIBA\" \/>\n\t<meta name=\"twitter:label2\" content=\"Est. reading time\" \/>\n\t<meta name=\"twitter:data2\" content=\"2 minutes\" \/>\n<!-- \/ Yoast SEO plugin. -->","yoast_head_json":{"title":"Tramitaci\u00f3n de regulaci\u00f3n y restricciones no arancelarias | TIBA","description":"Con gran participaci\u00f3n de sus clientes, TIBA llev\u00f3 a cabo su 4to curso del a\u00f1o: \"Tramitaci\u00f3n de regulaci\u00f3n y restricciones no arancelarias\".","robots":{"index":"index","follow":"follow","max-snippet":"max-snippet:-1","max-image-preview":"max-image-preview:large","max-video-preview":"max-video-preview:-1"},"canonical":"https:\/\/www.tibagroup.com\/es\/comunicacion\/eventos\/curso-regulacion-arancelaria","og_locale":"es_ES","og_type":"article","og_title":"Tramitaci\u00f3n de regulaci\u00f3n y restricciones no arancelarias | TIBA","og_description":"Con gran participaci\u00f3n de sus clientes, TIBA llev\u00f3 a cabo su 4to curso del a\u00f1o: \"Tramitaci\u00f3n de regulaci\u00f3n y restricciones no arancelarias\".","og_url":"https:\/\/www.tibagroup.com\/es\/comunicacion\/eventos\/curso-regulacion-arancelaria","og_site_name":"TIBA","article_published_time":"2013-07-11T20:52:14+00:00","article_modified_time":"2025-02-18T12:46:15+00:00","og_image":[{"width":1668,"height":1659,"url":"https:\/\/www.tibagroup.com\/wp-content\/uploads\/2023\/11\/271828_622765077741159_749640542_o.jpg","type":"image\/jpeg"}],"author":"TIBA","twitter_card":"summary_large_image","twitter_creator":"@eaguado","twitter_misc":{"Written by":"TIBA","Est. reading time":"2 minutes"},"schema":{"@context":"https:\/\/schema.org","@graph":[{"@type":"Article","@id":"https:\/\/www.tibagroup.com\/es\/comunicacion\/eventos\/curso-regulacion-arancelaria#article","isPartOf":{"@id":"https:\/\/www.tibagroup.com\/es\/comunicacion\/eventos\/curso-regulacion-arancelaria"},"author":{"name":"TIBA","@id":"https:\/\/www.tibagroup.com\/es#\/schema\/person\/05c092dcc51b7a515503f3d10c916094"},"headline":"TIBA lleva a cabo su curso: &#8220;Tramitaci\u00f3n de regulaci\u00f3n y restricciones no arancelarias&#8221;.","datePublished":"2013-07-11T20:52:14+00:00","dateModified":"2025-02-18T12:46:15+00:00","mainEntityOfPage":{"@id":"https:\/\/www.tibagroup.com\/es\/comunicacion\/eventos\/curso-regulacion-arancelaria"},"wordCount":216,"commentCount":5,"publisher":{"@id":"https:\/\/www.tibagroup.com\/es#organization"},"image":{"@id":"https:\/\/www.tibagroup.com\/es\/comunicacion\/eventos\/curso-regulacion-arancelaria#primaryimage"},"thumbnailUrl":"https:\/\/www.tibagroup.com\/wp-content\/uploads\/2023\/11\/271828_622765077741159_749640542_o.jpg","keywords":["capacitaci\u00f3n","M\u00e9xico"],"articleSection":["Eventos"],"inLanguage":"es","potentialAction":[{"@type":"CommentAction","name":"Comment","target":["https:\/\/www.tibagroup.com\/es\/comunicacion\/eventos\/curso-regulacion-arancelaria#respond"]}]},{"@type":"WebPage","@id":"https:\/\/www.tibagroup.com\/es\/comunicacion\/eventos\/curso-regulacion-arancelaria","url":"https:\/\/www.tibagroup.com\/es\/comunicacion\/eventos\/curso-regulacion-arancelaria","name":"Tramitaci\u00f3n de regulaci\u00f3n y restricciones no arancelarias | TIBA","isPartOf":{"@id":"https:\/\/www.tibagroup.com\/es#website"},"primaryImageOfPage":{"@id":"https:\/\/www.tibagroup.com\/es\/comunicacion\/eventos\/curso-regulacion-arancelaria#primaryimage"},"image":{"@id":"https:\/\/www.tibagroup.com\/es\/comunicacion\/eventos\/curso-regulacion-arancelaria#primaryimage"},"thumbnailUrl":"https:\/\/www.tibagroup.com\/wp-content\/uploads\/2023\/11\/271828_622765077741159_749640542_o.jpg","datePublished":"2013-07-11T20:52:14+00:00","dateModified":"2025-02-18T12:46:15+00:00","description":"Con gran participaci\u00f3n de sus clientes, TIBA llev\u00f3 a cabo su 4to curso del a\u00f1o: \"Tramitaci\u00f3n de regulaci\u00f3n y restricciones no arancelarias\".","breadcrumb":{"@id":"https:\/\/www.tibagroup.com\/es\/comunicacion\/eventos\/curso-regulacion-arancelaria#breadcrumb"},"inLanguage":"es","potentialAction":[{"@type":"ReadAction","target":["https:\/\/www.tibagroup.com\/es\/comunicacion\/eventos\/curso-regulacion-arancelaria"]}]},{"@type":"ImageObject","inLanguage":"es","@id":"https:\/\/www.tibagroup.com\/es\/comunicacion\/eventos\/curso-regulacion-arancelaria#primaryimage","url":"https:\/\/www.tibagroup.com\/wp-content\/uploads\/2023\/11\/271828_622765077741159_749640542_o.jpg","contentUrl":"https:\/\/www.tibagroup.com\/wp-content\/uploads\/2023\/11\/271828_622765077741159_749640542_o.jpg","width":1668,"height":1659},{"@type":"BreadcrumbList","@id":"https:\/\/www.tibagroup.com\/es\/comunicacion\/eventos\/curso-regulacion-arancelaria#breadcrumb","itemListElement":[{"@type":"ListItem","position":1,"name":"In\u00edcio","item":"https:\/\/www.tibagroup.com\/es\/agente-carga-operador-logistico"},{"@type":"ListItem","position":2,"name":"Comunicaci\u00f3n y prensa","item":"https:\/\/www.tibagroup.com\/es\/comunicacion"},{"@type":"ListItem","position":3,"name":"Eventos","item":"https:\/\/www.tibagroup.com\/es\/comunicacion\/eventos"},{"@type":"ListItem","position":4,"name":"TIBA lleva a cabo su curso: &#8220;Tramitaci\u00f3n de regulaci\u00f3n y restricciones no arancelarias&#8221;."}]},{"@type":"WebSite","@id":"https:\/\/www.tibagroup.com\/es#website","url":"https:\/\/www.tibagroup.com\/es","name":"TIBA","description":"Log\u00edstica y transporte internacional.","publisher":{"@id":"https:\/\/www.tibagroup.com\/es#organization"},"potentialAction":[{"@type":"SearchAction","target":{"@type":"EntryPoint","urlTemplate":"https:\/\/www.tibagroup.com\/es?s={search_term_string}"},"query-input":{"@type":"PropertyValueSpecification","valueRequired":true,"valueName":"search_term_string"}}],"inLanguage":"es"},{"@type":"Organization","@id":"https:\/\/www.tibagroup.com\/es#organization","name":"TIBA","url":"https:\/\/www.tibagroup.com\/es","logo":{"@type":"ImageObject","inLanguage":"es","@id":"https:\/\/www.tibagroup.com\/es#\/schema\/logo\/image\/","url":"https:\/\/www.tibagroup.com\/wp-content\/uploads\/2024\/02\/logo-web-TIBA.png","contentUrl":"https:\/\/www.tibagroup.com\/wp-content\/uploads\/2024\/02\/logo-web-TIBA.png","width":352,"height":116,"caption":"TIBA"},"image":{"@id":"https:\/\/www.tibagroup.com\/es#\/schema\/logo\/image\/"}},{"@type":"Person","@id":"https:\/\/www.tibagroup.com\/es#\/schema\/person\/05c092dcc51b7a515503f3d10c916094","name":"TIBA","image":{"@type":"ImageObject","inLanguage":"es","@id":"https:\/\/secure.gravatar.com\/avatar\/fe41478412b0c43764499979d851fae89a1f174100b1c19a55e15c00fde1851d?s=96&d=mm&r=g","url":"https:\/\/secure.gravatar.com\/avatar\/fe41478412b0c43764499979d851fae89a1f174100b1c19a55e15c00fde1851d?s=96&d=mm&r=g","contentUrl":"https:\/\/secure.gravatar.com\/avatar\/fe41478412b0c43764499979d851fae89a1f174100b1c19a55e15c00fde1851d?s=96&d=mm&r=g","caption":"TIBA"},"sameAs":["https:\/\/x.com\/eaguado"]}]}},"_links":{"self":[{"href":"https:\/\/www.tibagroup.com\/es\/wp-json\/wp\/v2\/posts\/43730","targetHints":{"allow":["GET"]}}],"collection":[{"href":"https:\/\/www.tibagroup.com\/es\/wp-json\/wp\/v2\/posts"}],"about":[{"href":"https:\/\/www.tibagroup.com\/es\/wp-json\/wp\/v2\/types\/post"}],"author":[{"embeddable":true,"href":"https:\/\/www.tibagroup.com\/es\/wp-json\/wp\/v2\/users\/2"}],"replies":[{"embeddable":true,"href":"https:\/\/www.tibagroup.com\/es\/wp-json\/wp\/v2\/comments?post=43730"}],"version-history":[{"count":3,"href":"https:\/\/www.tibagroup.com\/es\/wp-json\/wp\/v2\/posts\/43730\/revisions"}],"predecessor-version":[{"id":68662,"href":"https:\/\/www.tibagroup.com\/es\/wp-json\/wp\/v2\/posts\/43730\/revisions\/68662"}],"wp:featuredmedia":[{"embeddable":true,"href":"https:\/\/www.tibagroup.com\/es\/wp-json\/wp\/v2\/media\/43731"}],"wp:attachment":[{"href":"https:\/\/www.tibagroup.com\/es\/wp-json\/wp\/v2\/media?parent=43730"}],"wp:term":[{"taxonomy":"category","embeddable":true,"href":"https:\/\/www.tibagroup.com\/es\/wp-json\/wp\/v2\/categories?post=43730"},{"taxonomy":"post_tag","embeddable":true,"href":"https:\/\/www.tibagroup.com\/es\/wp-json\/wp\/v2\/tags?post=43730"}],"curies":[{"name":"wp","href":"https:\/\/api.w.org\/{rel}","templated":true}]}}