{"id":43604,"date":"2011-07-05T16:44:21","date_gmt":"2011-07-05T14:44:21","guid":{"rendered":"https:\/\/www.tibagroup.com\/ventanilla-unica-de-comercio-exterior-mexicana-2\/"},"modified":"2025-03-13T12:45:35","modified_gmt":"2025-03-13T11:45:35","slug":"jornada-vucem-mexico","status":"publish","type":"post","link":"https:\/\/www.tibagroup.com\/es\/comunicacion\/eventos\/jornada-vucem-mexico","title":{"rendered":"Ventanilla \u00fanica de comercio exterior Mexicana"},"content":{"rendered":"<div>\n<p>Agradecemos su asistencia a nuestra pl\u00e1tica con el tema de\u00a0<strong>Ventanilla \u00danica (VUCEM).<\/strong>\u00a0Esperamos que la informaci\u00f3n proporcionada haya sido de utilidad para usted.En la parte inferior encontrar\u00e1 el\u00a0<strong>material de apoyo<\/strong>\u00a0para su descarga. Por favor, si tiene alguna sugerencia o comentario, no dude en dejarlo en nuestro\u00a0<strong>BLOG.<\/strong><\/p>\n<div style=\"text-align: center;\"><img decoding=\"async\" class=\"alignnone size-full wp-image-55764\" src=\"https:\/\/www.tibagroup.com\/wp-content\/uploads\/2011\/07\/vetanilla-unica.webp\" alt=\"\" width=\"200\" height=\"187\" \/><\/div>\n<div style=\"text-align: center;\"><\/div>\n<\/div>\n<div>\n<div>\n<div>\n<p>ARCHIVOS<\/p>\n<div id=\"viewitem_2248_archivos_fileslist\">\n<div><img decoding=\"async\" class=\"size-full wp-image-43796 alignleft\" src=\"https:\/\/www.tibagroup.com\/wp-content\/uploads\/2023\/11\/pdf16.gif\" alt=\"\" width=\"16\" height=\"16\" \/> <a href=\"https:\/\/www.tibagroup.com\/wp-content\/uploads\/2011\/07\/tiba-vucem.pdf\">tiba-vucem<\/a> (644 KB)<\/div>\n<\/div>\n<\/div>\n<\/div>\n<\/div>\n","protected":false},"excerpt":{"rendered":"<p>Actual\u00edzate y conoce todo lo que necesitas saber sobre \u00e9sta nueva herramienta \u201cVUCEM\u201d.<\/p>\n","protected":false},"author":2,"featured_media":43605,"comment_status":"open","ping_status":"closed","sticky":false,"template":"","format":"standard","meta":{"footnotes":""},"categories":[325,327],"tags":[361,820],"class_list":["post-43604","post","type-post","status-publish","format-standard","has-post-thumbnail","hentry","category-aduanas","category-eventos","tag-capacitacion","tag-mexico"],"yoast_head":"<!-- This site is optimized with the Yoast SEO plugin v27.5 - https:\/\/yoast.com\/product\/yoast-seo-wordpress\/ -->\n<title>Ventanilla \u00fanica de comercio exterior Mexicana - TIBA<\/title>\n<meta name=\"description\" content=\"Actual\u00edzate y conoce todo lo que necesitas saber sobre \u00e9sta nueva herramienta \u201cVUCEM\u201d.\" \/>\n<meta name=\"robots\" content=\"index, follow, max-snippet:-1, max-image-preview:large, max-video-preview:-1\" \/>\n<link rel=\"canonical\" href=\"https:\/\/www.tibagroup.com\/es\/comunicacion\/eventos\/jornada-vucem-mexico\" \/>\n<meta property=\"og:locale\" content=\"es_ES\" \/>\n<meta property=\"og:type\" content=\"article\" \/>\n<meta property=\"og:title\" content=\"Ventanilla \u00fanica de comercio exterior Mexicana - TIBA\" \/>\n<meta property=\"og:description\" content=\"Actual\u00edzate y conoce todo lo que necesitas saber sobre \u00e9sta nueva herramienta \u201cVUCEM\u201d.\" \/>\n<meta property=\"og:url\" content=\"https:\/\/www.tibagroup.com\/es\/comunicacion\/eventos\/jornada-vucem-mexico\" \/>\n<meta property=\"og:site_name\" content=\"TIBA\" \/>\n<meta property=\"article:published_time\" content=\"2011-07-05T14:44:21+00:00\" \/>\n<meta property=\"article:modified_time\" content=\"2025-03-13T11:45:35+00:00\" \/>\n<meta property=\"og:image\" content=\"https:\/\/www.tibagroup.com\/wp-content\/uploads\/2023\/11\/21062012116621138.jpg\" \/>\n\t<meta property=\"og:image:width\" content=\"720\" \/>\n\t<meta property=\"og:image:height\" content=\"450\" \/>\n\t<meta property=\"og:image:type\" content=\"image\/jpeg\" \/>\n<meta name=\"author\" content=\"TIBA\" \/>\n<meta name=\"twitter:card\" content=\"summary_large_image\" \/>\n<meta name=\"twitter:creator\" content=\"@eaguado\" \/>\n<meta name=\"twitter:label1\" content=\"Written by\" \/>\n\t<meta name=\"twitter:data1\" content=\"TIBA\" \/>\n\t<meta name=\"twitter:label2\" content=\"Est. reading time\" \/>\n\t<meta name=\"twitter:data2\" content=\"1 minute\" \/>\n<!-- \/ Yoast SEO plugin. -->","yoast_head_json":{"title":"Ventanilla \u00fanica de comercio exterior Mexicana - TIBA","description":"Actual\u00edzate y conoce todo lo que necesitas saber sobre \u00e9sta nueva herramienta \u201cVUCEM\u201d.","robots":{"index":"index","follow":"follow","max-snippet":"max-snippet:-1","max-image-preview":"max-image-preview:large","max-video-preview":"max-video-preview:-1"},"canonical":"https:\/\/www.tibagroup.com\/es\/comunicacion\/eventos\/jornada-vucem-mexico","og_locale":"es_ES","og_type":"article","og_title":"Ventanilla \u00fanica de comercio exterior Mexicana - TIBA","og_description":"Actual\u00edzate y conoce todo lo que necesitas saber sobre \u00e9sta nueva herramienta \u201cVUCEM\u201d.","og_url":"https:\/\/www.tibagroup.com\/es\/comunicacion\/eventos\/jornada-vucem-mexico","og_site_name":"TIBA","article_published_time":"2011-07-05T14:44:21+00:00","article_modified_time":"2025-03-13T11:45:35+00:00","og_image":[{"width":720,"height":450,"url":"https:\/\/www.tibagroup.com\/wp-content\/uploads\/2023\/11\/21062012116621138.jpg","type":"image\/jpeg"}],"author":"TIBA","twitter_card":"summary_large_image","twitter_creator":"@eaguado","twitter_misc":{"Written by":"TIBA","Est. reading time":"1 minute"},"schema":{"@context":"https:\/\/schema.org","@graph":[{"@type":"Article","@id":"https:\/\/www.tibagroup.com\/es\/comunicacion\/eventos\/jornada-vucem-mexico#article","isPartOf":{"@id":"https:\/\/www.tibagroup.com\/es\/comunicacion\/eventos\/jornada-vucem-mexico"},"author":{"name":"TIBA","@id":"https:\/\/www.tibagroup.com\/es#\/schema\/person\/05c092dcc51b7a515503f3d10c916094"},"headline":"Ventanilla \u00fanica de comercio exterior Mexicana","datePublished":"2011-07-05T14:44:21+00:00","dateModified":"2025-03-13T11:45:35+00:00","mainEntityOfPage":{"@id":"https:\/\/www.tibagroup.com\/es\/comunicacion\/eventos\/jornada-vucem-mexico"},"wordCount":62,"commentCount":0,"publisher":{"@id":"https:\/\/www.tibagroup.com\/es#organization"},"image":{"@id":"https:\/\/www.tibagroup.com\/es\/comunicacion\/eventos\/jornada-vucem-mexico#primaryimage"},"thumbnailUrl":"https:\/\/www.tibagroup.com\/wp-content\/uploads\/2023\/11\/21062012116621138.jpg","keywords":["capacitaci\u00f3n","M\u00e9xico"],"articleSection":["Aduanas","Eventos"],"inLanguage":"es","potentialAction":[{"@type":"CommentAction","name":"Comment","target":["https:\/\/www.tibagroup.com\/es\/comunicacion\/eventos\/jornada-vucem-mexico#respond"]}]},{"@type":"WebPage","@id":"https:\/\/www.tibagroup.com\/es\/comunicacion\/eventos\/jornada-vucem-mexico","url":"https:\/\/www.tibagroup.com\/es\/comunicacion\/eventos\/jornada-vucem-mexico","name":"Ventanilla \u00fanica de comercio exterior Mexicana - TIBA","isPartOf":{"@id":"https:\/\/www.tibagroup.com\/es#website"},"primaryImageOfPage":{"@id":"https:\/\/www.tibagroup.com\/es\/comunicacion\/eventos\/jornada-vucem-mexico#primaryimage"},"image":{"@id":"https:\/\/www.tibagroup.com\/es\/comunicacion\/eventos\/jornada-vucem-mexico#primaryimage"},"thumbnailUrl":"https:\/\/www.tibagroup.com\/wp-content\/uploads\/2023\/11\/21062012116621138.jpg","datePublished":"2011-07-05T14:44:21+00:00","dateModified":"2025-03-13T11:45:35+00:00","description":"Actual\u00edzate y conoce todo lo que necesitas saber sobre \u00e9sta nueva herramienta \u201cVUCEM\u201d.","breadcrumb":{"@id":"https:\/\/www.tibagroup.com\/es\/comunicacion\/eventos\/jornada-vucem-mexico#breadcrumb"},"inLanguage":"es","potentialAction":[{"@type":"ReadAction","target":["https:\/\/www.tibagroup.com\/es\/comunicacion\/eventos\/jornada-vucem-mexico"]}]},{"@type":"ImageObject","inLanguage":"es","@id":"https:\/\/www.tibagroup.com\/es\/comunicacion\/eventos\/jornada-vucem-mexico#primaryimage","url":"https:\/\/www.tibagroup.com\/wp-content\/uploads\/2023\/11\/21062012116621138.jpg","contentUrl":"https:\/\/www.tibagroup.com\/wp-content\/uploads\/2023\/11\/21062012116621138.jpg","width":720,"height":450},{"@type":"BreadcrumbList","@id":"https:\/\/www.tibagroup.com\/es\/comunicacion\/eventos\/jornada-vucem-mexico#breadcrumb","itemListElement":[{"@type":"ListItem","position":1,"name":"In\u00edcio","item":"https:\/\/www.tibagroup.com\/es\/agente-carga-operador-logistico"},{"@type":"ListItem","position":2,"name":"Comunicaci\u00f3n y prensa","item":"https:\/\/www.tibagroup.com\/es\/comunicacion"},{"@type":"ListItem","position":3,"name":"Eventos","item":"https:\/\/www.tibagroup.com\/es\/comunicacion\/eventos"},{"@type":"ListItem","position":4,"name":"Ventanilla \u00fanica de comercio exterior Mexicana"}]},{"@type":"WebSite","@id":"https:\/\/www.tibagroup.com\/es#website","url":"https:\/\/www.tibagroup.com\/es","name":"TIBA","description":"Log\u00edstica y transporte internacional.","publisher":{"@id":"https:\/\/www.tibagroup.com\/es#organization"},"potentialAction":[{"@type":"SearchAction","target":{"@type":"EntryPoint","urlTemplate":"https:\/\/www.tibagroup.com\/es?s={search_term_string}"},"query-input":{"@type":"PropertyValueSpecification","valueRequired":true,"valueName":"search_term_string"}}],"inLanguage":"es"},{"@type":"Organization","@id":"https:\/\/www.tibagroup.com\/es#organization","name":"TIBA","url":"https:\/\/www.tibagroup.com\/es","logo":{"@type":"ImageObject","inLanguage":"es","@id":"https:\/\/www.tibagroup.com\/es#\/schema\/logo\/image\/","url":"https:\/\/www.tibagroup.com\/wp-content\/uploads\/2024\/02\/logo-web-TIBA.png","contentUrl":"https:\/\/www.tibagroup.com\/wp-content\/uploads\/2024\/02\/logo-web-TIBA.png","width":352,"height":116,"caption":"TIBA"},"image":{"@id":"https:\/\/www.tibagroup.com\/es#\/schema\/logo\/image\/"}},{"@type":"Person","@id":"https:\/\/www.tibagroup.com\/es#\/schema\/person\/05c092dcc51b7a515503f3d10c916094","name":"TIBA","image":{"@type":"ImageObject","inLanguage":"es","@id":"https:\/\/secure.gravatar.com\/avatar\/fe41478412b0c43764499979d851fae89a1f174100b1c19a55e15c00fde1851d?s=96&d=mm&r=g","url":"https:\/\/secure.gravatar.com\/avatar\/fe41478412b0c43764499979d851fae89a1f174100b1c19a55e15c00fde1851d?s=96&d=mm&r=g","contentUrl":"https:\/\/secure.gravatar.com\/avatar\/fe41478412b0c43764499979d851fae89a1f174100b1c19a55e15c00fde1851d?s=96&d=mm&r=g","caption":"TIBA"},"sameAs":["https:\/\/x.com\/eaguado"]}]}},"_links":{"self":[{"href":"https:\/\/www.tibagroup.com\/es\/wp-json\/wp\/v2\/posts\/43604","targetHints":{"allow":["GET"]}}],"collection":[{"href":"https:\/\/www.tibagroup.com\/es\/wp-json\/wp\/v2\/posts"}],"about":[{"href":"https:\/\/www.tibagroup.com\/es\/wp-json\/wp\/v2\/types\/post"}],"author":[{"embeddable":true,"href":"https:\/\/www.tibagroup.com\/es\/wp-json\/wp\/v2\/users\/2"}],"replies":[{"embeddable":true,"href":"https:\/\/www.tibagroup.com\/es\/wp-json\/wp\/v2\/comments?post=43604"}],"version-history":[{"count":2,"href":"https:\/\/www.tibagroup.com\/es\/wp-json\/wp\/v2\/posts\/43604\/revisions"}],"predecessor-version":[{"id":70082,"href":"https:\/\/www.tibagroup.com\/es\/wp-json\/wp\/v2\/posts\/43604\/revisions\/70082"}],"wp:featuredmedia":[{"embeddable":true,"href":"https:\/\/www.tibagroup.com\/es\/wp-json\/wp\/v2\/media\/43605"}],"wp:attachment":[{"href":"https:\/\/www.tibagroup.com\/es\/wp-json\/wp\/v2\/media?parent=43604"}],"wp:term":[{"taxonomy":"category","embeddable":true,"href":"https:\/\/www.tibagroup.com\/es\/wp-json\/wp\/v2\/categories?post=43604"},{"taxonomy":"post_tag","embeddable":true,"href":"https:\/\/www.tibagroup.com\/es\/wp-json\/wp\/v2\/tags?post=43604"}],"curies":[{"name":"wp","href":"https:\/\/api.w.org\/{rel}","templated":true}]}}