{"id":43572,"date":"2011-05-22T15:32:00","date_gmt":"2011-05-22T13:32:00","guid":{"rendered":"https:\/\/www.tibagroup.com\/tiba-presente-en-cargo-week-americas-expo-carga-2012-2\/"},"modified":"2025-02-18T13:10:03","modified_gmt":"2025-02-18T12:10:03","slug":"expo-carga-2011-exito","status":"publish","type":"post","link":"https:\/\/www.tibagroup.com\/es\/comunicacion\/eventos\/expo-carga-2011-exito","title":{"rendered":"TIBA presente en Cargo Week Americas Expo carga 2011"},"content":{"rendered":"<h2>Expo Carga 2011<\/h2>\n<p style=\"text-align: left;\">Conformado por un \u00e1rea de exposiciones con m\u00e1s de 300 Stands, Expo Carga es el evento que\u00a0logra\u00a0reunir a los principales actores del sector log\u00edstico y aduanero:\u00a0\u00a0l\u00edneas a\u00e9reas de carga, l\u00edneas navieras, transportistas, empresas ferroviarias, agencias aduanales, agentes de carga, operadores log\u00edsticos, entre otros.<\/p>\n<p style=\"text-align: left;\">Por 2do a\u00f1o consecutivo, TIBA particip\u00f3 En esta edici\u00f3n la\u00a0entrada fue\u00a0 \u00fanicamente\u00a0 para\u00a0 profesionistas\u00a0 en\u00a0 busca\u00a0 de\u00a0 soluciones en beneficio de su empresa, para mejorar sus operaciones aduanales y optimizar la transportaci\u00f3n de bienes, para ello se ofrecieron conferencias y talleres especializados, donde\u00a0<strong>TIBA<\/strong>\u00a0recibi\u00f3 invitaci\u00f3n por parte de los organizadores para impartir uno de los 45 talleres que se brindaron dentro de la feria, el cual llev\u00f3 por t\u00edtulo:\u00a0&#8220;Reflexiones sobre el Comercio Exterior: En qu\u00e9 le beneficia utilizar un agente de carga&#8221;. Dicho taller fue impartido\u00a0 por\u00a0 el\u00a0 consejero\u00a0 de\u00a0\u00a0<strong>TIBA\u00a0<\/strong>\u00a0y\u00a0 Catedr\u00e1tico\u00a0 del\u00a0 Tecnol\u00f3gico\u00a0 de Monterrey,\u00a0 el\u00a0 Profesor\u00a0 Luis\u00a0 Carazo, quien entre otros temas, habl\u00f3 sobre el panorama\u00a0actual\u00a0del\u00a0 Comercio\u00a0 Exterior en el mundo.<\/p>\n<p style=\"text-align: left;\">De este modo\u00a0<strong>TIBA<\/strong>\u00a0 se hizo\u00a0 presente\u00a0 formando\u00a0 parte del\u00a0 \u00e1rea\u00a0 de\u00a0 expositores, donde fue un honor brindar atenci\u00f3n y\u00a0 servicio\u00a0 dentro de\u00a0 esta\u00a0 feria\u00a0 tan importante\u00a0 como\u00a0 lo\u00a0 es\u00a0 EXPO CARGA,\u00a0 evento\u00a0 para\u00a0 el\u00a0 cual\u00a0 se\u00a0 dieron\u00a0 cita: Directores, Gerentes de Tr\u00e1fico, Log\u00edstica,\u00a0 personal de Importaci\u00f3n y Exportaci\u00f3n, operaciones, compras y almac\u00e9n.<\/p>\n<p style=\"text-align: left;\">De\u00a0 la\u00a0 misma\u00a0 forma\u00a0 cabe\u00a0 destacar\u00a0 la\u00a0 presencia\u00a0 de\u00a0 pa\u00edses\u00a0 invitados\u00a0 como: Alemania, Argentina, Brasil, Espa\u00f1a, Estados Unidos, Francia, por mencionar algunos.<\/p>\n<p style=\"text-align: left;\">Gracias al \u00e9xito obtenido y a la afluencia este evento\u00a0 que concluy\u00f3 el pasado 9 de junio, se considera el evento m\u00e1s grande de M\u00e9xico y Centroam\u00e9rica, para la transportaci\u00f3n de carga, log\u00edstica y comercio exterior.<\/p>\n","protected":false},"excerpt":{"rendered":"<p>Por 2do a\u00f1o consecutivo, TIBA form\u00f3 parte importante de la cartera de expositores de Expo Carga, la feria m\u00e1s importante del sector log\u00edstico en Latinoam\u00e9rica.<\/p>\n","protected":false},"author":2,"featured_media":43573,"comment_status":"open","ping_status":"closed","sticky":false,"template":"","format":"standard","meta":{"footnotes":""},"categories":[327],"tags":[360,820],"class_list":["post-43572","post","type-post","status-publish","format-standard","has-post-thumbnail","hentry","category-eventos","tag-expo-carga","tag-mexico"],"yoast_head":"<!-- This site is optimized with the Yoast SEO plugin v27.5 - https:\/\/yoast.com\/product\/yoast-seo-wordpress\/ -->\n<title>TIBA presente en Cargo Week Americas Expo Carga 201<\/title>\n<meta name=\"description\" content=\"Por 2do a\u00f1o consecutivo, TIBA form\u00f3 parte de la cartera de expositores de Expo Carga, la feria m\u00e1s importante del sector log\u00edstico en Latinoam\u00e9rica.\" \/>\n<meta name=\"robots\" content=\"index, follow, max-snippet:-1, max-image-preview:large, max-video-preview:-1\" \/>\n<link rel=\"canonical\" href=\"https:\/\/www.tibagroup.com\/es\/comunicacion\/eventos\/expo-carga-2011-exito\" \/>\n<meta property=\"og:locale\" content=\"es_ES\" \/>\n<meta property=\"og:type\" content=\"article\" \/>\n<meta property=\"og:title\" content=\"TIBA presente en Cargo Week Americas Expo Carga 201\" \/>\n<meta property=\"og:description\" content=\"Por 2do a\u00f1o consecutivo, TIBA form\u00f3 parte de la cartera de expositores de Expo Carga, la feria m\u00e1s importante del sector log\u00edstico en Latinoam\u00e9rica.\" \/>\n<meta property=\"og:url\" content=\"https:\/\/www.tibagroup.com\/es\/comunicacion\/eventos\/expo-carga-2011-exito\" \/>\n<meta property=\"og:site_name\" content=\"TIBA\" \/>\n<meta property=\"article:published_time\" content=\"2011-05-22T13:32:00+00:00\" \/>\n<meta property=\"article:modified_time\" content=\"2025-02-18T12:10:03+00:00\" \/>\n<meta property=\"og:image\" content=\"https:\/\/www.tibagroup.com\/wp-content\/uploads\/2023\/11\/CWA-ExpoCarga2012.jpg\" \/>\n\t<meta property=\"og:image:width\" content=\"700\" \/>\n\t<meta property=\"og:image:height\" content=\"480\" \/>\n\t<meta property=\"og:image:type\" content=\"image\/jpeg\" \/>\n<meta name=\"author\" content=\"TIBA\" \/>\n<meta name=\"twitter:card\" content=\"summary_large_image\" \/>\n<meta name=\"twitter:creator\" content=\"@eaguado\" \/>\n<meta name=\"twitter:label1\" content=\"Written by\" \/>\n\t<meta name=\"twitter:data1\" content=\"TIBA\" \/>\n\t<meta name=\"twitter:label2\" content=\"Est. reading time\" \/>\n\t<meta name=\"twitter:data2\" content=\"2 minutes\" \/>\n<!-- \/ Yoast SEO plugin. -->","yoast_head_json":{"title":"TIBA presente en Cargo Week Americas Expo Carga 201","description":"Por 2do a\u00f1o consecutivo, TIBA form\u00f3 parte de la cartera de expositores de Expo Carga, la feria m\u00e1s importante del sector log\u00edstico en Latinoam\u00e9rica.","robots":{"index":"index","follow":"follow","max-snippet":"max-snippet:-1","max-image-preview":"max-image-preview:large","max-video-preview":"max-video-preview:-1"},"canonical":"https:\/\/www.tibagroup.com\/es\/comunicacion\/eventos\/expo-carga-2011-exito","og_locale":"es_ES","og_type":"article","og_title":"TIBA presente en Cargo Week Americas Expo Carga 201","og_description":"Por 2do a\u00f1o consecutivo, TIBA form\u00f3 parte de la cartera de expositores de Expo Carga, la feria m\u00e1s importante del sector log\u00edstico en Latinoam\u00e9rica.","og_url":"https:\/\/www.tibagroup.com\/es\/comunicacion\/eventos\/expo-carga-2011-exito","og_site_name":"TIBA","article_published_time":"2011-05-22T13:32:00+00:00","article_modified_time":"2025-02-18T12:10:03+00:00","og_image":[{"width":700,"height":480,"url":"https:\/\/www.tibagroup.com\/wp-content\/uploads\/2023\/11\/CWA-ExpoCarga2012.jpg","type":"image\/jpeg"}],"author":"TIBA","twitter_card":"summary_large_image","twitter_creator":"@eaguado","twitter_misc":{"Written by":"TIBA","Est. reading time":"2 minutes"},"schema":{"@context":"https:\/\/schema.org","@graph":[{"@type":"Article","@id":"https:\/\/www.tibagroup.com\/es\/comunicacion\/eventos\/expo-carga-2011-exito#article","isPartOf":{"@id":"https:\/\/www.tibagroup.com\/es\/comunicacion\/eventos\/expo-carga-2011-exito"},"author":{"name":"TIBA","@id":"https:\/\/www.tibagroup.com\/es#\/schema\/person\/05c092dcc51b7a515503f3d10c916094"},"headline":"TIBA presente en Cargo Week Americas Expo carga 2011","datePublished":"2011-05-22T13:32:00+00:00","dateModified":"2025-02-18T12:10:03+00:00","mainEntityOfPage":{"@id":"https:\/\/www.tibagroup.com\/es\/comunicacion\/eventos\/expo-carga-2011-exito"},"wordCount":309,"commentCount":0,"publisher":{"@id":"https:\/\/www.tibagroup.com\/es#organization"},"image":{"@id":"https:\/\/www.tibagroup.com\/es\/comunicacion\/eventos\/expo-carga-2011-exito#primaryimage"},"thumbnailUrl":"https:\/\/www.tibagroup.com\/wp-content\/uploads\/2023\/11\/CWA-ExpoCarga2012.jpg","keywords":["Expo Carga","M\u00e9xico"],"articleSection":["Eventos"],"inLanguage":"es","potentialAction":[{"@type":"CommentAction","name":"Comment","target":["https:\/\/www.tibagroup.com\/es\/comunicacion\/eventos\/expo-carga-2011-exito#respond"]}]},{"@type":"WebPage","@id":"https:\/\/www.tibagroup.com\/es\/comunicacion\/eventos\/expo-carga-2011-exito","url":"https:\/\/www.tibagroup.com\/es\/comunicacion\/eventos\/expo-carga-2011-exito","name":"TIBA presente en Cargo Week Americas Expo Carga 201","isPartOf":{"@id":"https:\/\/www.tibagroup.com\/es#website"},"primaryImageOfPage":{"@id":"https:\/\/www.tibagroup.com\/es\/comunicacion\/eventos\/expo-carga-2011-exito#primaryimage"},"image":{"@id":"https:\/\/www.tibagroup.com\/es\/comunicacion\/eventos\/expo-carga-2011-exito#primaryimage"},"thumbnailUrl":"https:\/\/www.tibagroup.com\/wp-content\/uploads\/2023\/11\/CWA-ExpoCarga2012.jpg","datePublished":"2011-05-22T13:32:00+00:00","dateModified":"2025-02-18T12:10:03+00:00","description":"Por 2do a\u00f1o consecutivo, TIBA form\u00f3 parte de la cartera de expositores de Expo Carga, la feria m\u00e1s importante del sector log\u00edstico en Latinoam\u00e9rica.","breadcrumb":{"@id":"https:\/\/www.tibagroup.com\/es\/comunicacion\/eventos\/expo-carga-2011-exito#breadcrumb"},"inLanguage":"es","potentialAction":[{"@type":"ReadAction","target":["https:\/\/www.tibagroup.com\/es\/comunicacion\/eventos\/expo-carga-2011-exito"]}]},{"@type":"ImageObject","inLanguage":"es","@id":"https:\/\/www.tibagroup.com\/es\/comunicacion\/eventos\/expo-carga-2011-exito#primaryimage","url":"https:\/\/www.tibagroup.com\/wp-content\/uploads\/2023\/11\/CWA-ExpoCarga2012.jpg","contentUrl":"https:\/\/www.tibagroup.com\/wp-content\/uploads\/2023\/11\/CWA-ExpoCarga2012.jpg","width":700,"height":480},{"@type":"BreadcrumbList","@id":"https:\/\/www.tibagroup.com\/es\/comunicacion\/eventos\/expo-carga-2011-exito#breadcrumb","itemListElement":[{"@type":"ListItem","position":1,"name":"In\u00edcio","item":"https:\/\/www.tibagroup.com\/es\/agente-carga-operador-logistico"},{"@type":"ListItem","position":2,"name":"Comunicaci\u00f3n y prensa","item":"https:\/\/www.tibagroup.com\/es\/comunicacion"},{"@type":"ListItem","position":3,"name":"Eventos","item":"https:\/\/www.tibagroup.com\/es\/comunicacion\/eventos"},{"@type":"ListItem","position":4,"name":"TIBA presente en Cargo Week Americas Expo carga 2011"}]},{"@type":"WebSite","@id":"https:\/\/www.tibagroup.com\/es#website","url":"https:\/\/www.tibagroup.com\/es","name":"TIBA","description":"Log\u00edstica y transporte internacional.","publisher":{"@id":"https:\/\/www.tibagroup.com\/es#organization"},"potentialAction":[{"@type":"SearchAction","target":{"@type":"EntryPoint","urlTemplate":"https:\/\/www.tibagroup.com\/es?s={search_term_string}"},"query-input":{"@type":"PropertyValueSpecification","valueRequired":true,"valueName":"search_term_string"}}],"inLanguage":"es"},{"@type":"Organization","@id":"https:\/\/www.tibagroup.com\/es#organization","name":"TIBA","url":"https:\/\/www.tibagroup.com\/es","logo":{"@type":"ImageObject","inLanguage":"es","@id":"https:\/\/www.tibagroup.com\/es#\/schema\/logo\/image\/","url":"https:\/\/www.tibagroup.com\/wp-content\/uploads\/2024\/02\/logo-web-TIBA.png","contentUrl":"https:\/\/www.tibagroup.com\/wp-content\/uploads\/2024\/02\/logo-web-TIBA.png","width":352,"height":116,"caption":"TIBA"},"image":{"@id":"https:\/\/www.tibagroup.com\/es#\/schema\/logo\/image\/"}},{"@type":"Person","@id":"https:\/\/www.tibagroup.com\/es#\/schema\/person\/05c092dcc51b7a515503f3d10c916094","name":"TIBA","image":{"@type":"ImageObject","inLanguage":"es","@id":"https:\/\/secure.gravatar.com\/avatar\/fe41478412b0c43764499979d851fae89a1f174100b1c19a55e15c00fde1851d?s=96&d=mm&r=g","url":"https:\/\/secure.gravatar.com\/avatar\/fe41478412b0c43764499979d851fae89a1f174100b1c19a55e15c00fde1851d?s=96&d=mm&r=g","contentUrl":"https:\/\/secure.gravatar.com\/avatar\/fe41478412b0c43764499979d851fae89a1f174100b1c19a55e15c00fde1851d?s=96&d=mm&r=g","caption":"TIBA"},"sameAs":["https:\/\/x.com\/eaguado"]}]}},"_links":{"self":[{"href":"https:\/\/www.tibagroup.com\/es\/wp-json\/wp\/v2\/posts\/43572","targetHints":{"allow":["GET"]}}],"collection":[{"href":"https:\/\/www.tibagroup.com\/es\/wp-json\/wp\/v2\/posts"}],"about":[{"href":"https:\/\/www.tibagroup.com\/es\/wp-json\/wp\/v2\/types\/post"}],"author":[{"embeddable":true,"href":"https:\/\/www.tibagroup.com\/es\/wp-json\/wp\/v2\/users\/2"}],"replies":[{"embeddable":true,"href":"https:\/\/www.tibagroup.com\/es\/wp-json\/wp\/v2\/comments?post=43572"}],"version-history":[{"count":4,"href":"https:\/\/www.tibagroup.com\/es\/wp-json\/wp\/v2\/posts\/43572\/revisions"}],"predecessor-version":[{"id":68585,"href":"https:\/\/www.tibagroup.com\/es\/wp-json\/wp\/v2\/posts\/43572\/revisions\/68585"}],"wp:featuredmedia":[{"embeddable":true,"href":"https:\/\/www.tibagroup.com\/es\/wp-json\/wp\/v2\/media\/43573"}],"wp:attachment":[{"href":"https:\/\/www.tibagroup.com\/es\/wp-json\/wp\/v2\/media?parent=43572"}],"wp:term":[{"taxonomy":"category","embeddable":true,"href":"https:\/\/www.tibagroup.com\/es\/wp-json\/wp\/v2\/categories?post=43572"},{"taxonomy":"post_tag","embeddable":true,"href":"https:\/\/www.tibagroup.com\/es\/wp-json\/wp\/v2\/tags?post=43572"}],"curies":[{"name":"wp","href":"https:\/\/api.w.org\/{rel}","templated":true}]}}