{"id":42195,"date":"2021-03-23T15:03:31","date_gmt":"2021-03-23T14:03:31","guid":{"rendered":"https:\/\/www.tibagroup.com\/luis-romeu-vallejo\/"},"modified":"2025-02-07T11:26:53","modified_gmt":"2025-02-07T10:26:53","slug":"luis-romeu-vallejo","status":"publish","type":"post","link":"https:\/\/www.tibagroup.com\/es\/comunicacion\/prensa\/luis-romeu-vallejo","title":{"rendered":"Gracias por todo, Luis"},"content":{"rendered":"<div  class='avia-testimonial-wrapper av-140xqbe-a9e138cfa846af7563f0d1cc6e07eba0 avia-grid-testimonials avia-grid-1-testimonials avia_animate_when_almost_visible' >\n<section class=\"avia-testimonial-row\"><div class='avia-testimonial av-qrzdlm-a1d7e8905f32e3fd96d91deb2c13c7a2 avia-testimonial-row-1 avia-first-testimonial flex_column no_margin av_one_full'><div class='avia-testimonial_inner' ><div class='avia-testimonial-image' ><\/div><div class='avia-testimonial-content '><div class='avia-testimonial-markup-entry-content' ><p>Hoy es un d\u00eda triste para toda la familia TIBA tras el fallecimiento ayer de Luis Romeu Vallejo.<\/p>\n<p>Lu\u00eds ha sido una persona entregada a este proyecto com\u00fan y, en estos momentos m\u00e1s que nunca, quisiera poner en valor el trabajo de las generaciones que nos han precedido y que han hecho de TIBA y de Romeu una gran familia.<\/p>\n<p>Desde que iniciara su trayectoria profesional en 1978, su compromiso con todo el grupo ha sido su se\u00f1a de identidad, pero su relaci\u00f3n con TIBA ha sido todav\u00eda m\u00e1s especial ya que en 1984 se hizo cargo de la direcci\u00f3n de TIBA Internacional S.A. (actualmente TIBA Spain, S.A.U.), entonces en las oficinas de V\u00eda Layetana.<\/p>\n<p>Luis estuvo apoyando el crecimiento del negocio hasta el 2009 y\u00a0permaneci\u00f3 como Consejero hasta la desvinculaci\u00f3n de SDV (ahora Bollor\u00e9), del capital en diciembre de 2014.<\/p>\n<p>Agente de Aduanas colegiado, miembro activo de Ateia y el Club del Transitari Mar\u00edtim de Barcelona, lo recordaremos siempre como una persona afable, comprometida con nuestro sector y muy trabajadora.<\/p>\n<p>El mar y la vela, su gran pasi\u00f3n, que le propiciaron grandes momentos de felicidad, hoy tambi\u00e9n le echan de menos.<\/p>\n<p>Te recordaremos siempre, Luis.<\/p>\n<\/div><\/div><div class=\"avia-testimonial-meta\"><div class=\"avia-testimonial-arrow-wrap\"><div class=\"avia-arrow\"><\/div><\/div><div class='avia-testimonial-meta-mini' ><strong  class='avia-testimonial-name' >Javier Romeu<\/strong><span  class='avia-testimonial-subtitle ' >CEO de TIBA<\/span><\/div><\/div><\/div><\/div><\/section>\n<\/div>\n","protected":false},"excerpt":{"rendered":"<p>Luis Romeu Vallejo accionista y miembro de la familia Romeu falleci\u00f3 ayer 22\/03\/21. Toda la familia TIBA, de quien form\u00f3 parte, lamentamos su p\u00e9rdida.<\/p>\n","protected":false},"author":2,"featured_media":42196,"comment_status":"open","ping_status":"closed","sticky":false,"template":"","format":"standard","meta":{"footnotes":""},"categories":[334],"tags":[],"class_list":["post-42195","post","type-post","status-publish","format-standard","has-post-thumbnail","hentry","category-prensa"],"yoast_head":"<!-- This site is optimized with the Yoast SEO plugin v27.5 - https:\/\/yoast.com\/product\/yoast-seo-wordpress\/ -->\n<title>Gracias por todo, Luis - TIBA<\/title>\n<meta name=\"description\" content=\"Luis Romeu Vallejo accionista y miembro de la familia Romeu falleci\u00f3 ayer 22\/03\/21. Toda la familia TIBA, de quien form\u00f3 parte, lamentamos su p\u00e9rdida\" \/>\n<meta name=\"robots\" content=\"index, follow, max-snippet:-1, max-image-preview:large, max-video-preview:-1\" \/>\n<link rel=\"canonical\" href=\"https:\/\/www.tibagroup.com\/es\/comunicacion\/prensa\/luis-romeu-vallejo\" \/>\n<meta property=\"og:locale\" content=\"es_ES\" \/>\n<meta property=\"og:type\" content=\"article\" \/>\n<meta property=\"og:title\" content=\"Gracias por todo, Luis - TIBA\" \/>\n<meta property=\"og:description\" content=\"Luis Romeu Vallejo accionista y miembro de la familia Romeu falleci\u00f3 ayer 22\/03\/21. Toda la familia TIBA, de quien form\u00f3 parte, lamentamos su p\u00e9rdida\" \/>\n<meta property=\"og:url\" content=\"https:\/\/www.tibagroup.com\/es\/comunicacion\/prensa\/luis-romeu-vallejo\" \/>\n<meta property=\"og:site_name\" content=\"TIBA\" \/>\n<meta property=\"article:published_time\" content=\"2021-03-23T14:03:31+00:00\" \/>\n<meta property=\"article:modified_time\" content=\"2025-02-07T10:26:53+00:00\" \/>\n<meta property=\"og:image\" content=\"https:\/\/www.tibagroup.com\/wp-content\/uploads\/2023\/11\/Luis-Romeu-Vallejo.jpeg\" \/>\n\t<meta property=\"og:image:width\" content=\"1024\" \/>\n\t<meta property=\"og:image:height\" content=\"683\" \/>\n\t<meta property=\"og:image:type\" content=\"image\/jpeg\" \/>\n<meta name=\"author\" content=\"TIBA\" \/>\n<meta name=\"twitter:card\" content=\"summary_large_image\" \/>\n<meta name=\"twitter:creator\" content=\"@eaguado\" \/>\n<meta name=\"twitter:label1\" content=\"Written by\" \/>\n\t<meta name=\"twitter:data1\" content=\"TIBA\" \/>\n\t<meta name=\"twitter:label2\" content=\"Est. reading time\" \/>\n\t<meta name=\"twitter:data2\" content=\"1 minute\" \/>\n<!-- \/ Yoast SEO plugin. -->","yoast_head_json":{"title":"Gracias por todo, Luis - TIBA","description":"Luis Romeu Vallejo accionista y miembro de la familia Romeu falleci\u00f3 ayer 22\/03\/21. Toda la familia TIBA, de quien form\u00f3 parte, lamentamos su p\u00e9rdida","robots":{"index":"index","follow":"follow","max-snippet":"max-snippet:-1","max-image-preview":"max-image-preview:large","max-video-preview":"max-video-preview:-1"},"canonical":"https:\/\/www.tibagroup.com\/es\/comunicacion\/prensa\/luis-romeu-vallejo","og_locale":"es_ES","og_type":"article","og_title":"Gracias por todo, Luis - TIBA","og_description":"Luis Romeu Vallejo accionista y miembro de la familia Romeu falleci\u00f3 ayer 22\/03\/21. Toda la familia TIBA, de quien form\u00f3 parte, lamentamos su p\u00e9rdida","og_url":"https:\/\/www.tibagroup.com\/es\/comunicacion\/prensa\/luis-romeu-vallejo","og_site_name":"TIBA","article_published_time":"2021-03-23T14:03:31+00:00","article_modified_time":"2025-02-07T10:26:53+00:00","og_image":[{"width":1024,"height":683,"url":"https:\/\/www.tibagroup.com\/wp-content\/uploads\/2023\/11\/Luis-Romeu-Vallejo.jpeg","type":"image\/jpeg"}],"author":"TIBA","twitter_card":"summary_large_image","twitter_creator":"@eaguado","twitter_misc":{"Written by":"TIBA","Est. reading time":"1 minute"},"schema":{"@context":"https:\/\/schema.org","@graph":[{"@type":"Article","@id":"https:\/\/www.tibagroup.com\/es\/comunicacion\/prensa\/luis-romeu-vallejo#article","isPartOf":{"@id":"https:\/\/www.tibagroup.com\/es\/comunicacion\/prensa\/luis-romeu-vallejo"},"author":{"name":"TIBA","@id":"https:\/\/www.tibagroup.com\/es#\/schema\/person\/05c092dcc51b7a515503f3d10c916094"},"headline":"Gracias por todo, Luis","datePublished":"2021-03-23T14:03:31+00:00","dateModified":"2025-02-07T10:26:53+00:00","mainEntityOfPage":{"@id":"https:\/\/www.tibagroup.com\/es\/comunicacion\/prensa\/luis-romeu-vallejo"},"wordCount":262,"commentCount":0,"publisher":{"@id":"https:\/\/www.tibagroup.com\/es#organization"},"image":{"@id":"https:\/\/www.tibagroup.com\/es\/comunicacion\/prensa\/luis-romeu-vallejo#primaryimage"},"thumbnailUrl":"https:\/\/www.tibagroup.com\/wp-content\/uploads\/2023\/11\/Luis-Romeu-Vallejo.jpeg","articleSection":["Prensa"],"inLanguage":"es","potentialAction":[{"@type":"CommentAction","name":"Comment","target":["https:\/\/www.tibagroup.com\/es\/comunicacion\/prensa\/luis-romeu-vallejo#respond"]}]},{"@type":"WebPage","@id":"https:\/\/www.tibagroup.com\/es\/comunicacion\/prensa\/luis-romeu-vallejo","url":"https:\/\/www.tibagroup.com\/es\/comunicacion\/prensa\/luis-romeu-vallejo","name":"Gracias por todo, Luis - TIBA","isPartOf":{"@id":"https:\/\/www.tibagroup.com\/es#website"},"primaryImageOfPage":{"@id":"https:\/\/www.tibagroup.com\/es\/comunicacion\/prensa\/luis-romeu-vallejo#primaryimage"},"image":{"@id":"https:\/\/www.tibagroup.com\/es\/comunicacion\/prensa\/luis-romeu-vallejo#primaryimage"},"thumbnailUrl":"https:\/\/www.tibagroup.com\/wp-content\/uploads\/2023\/11\/Luis-Romeu-Vallejo.jpeg","datePublished":"2021-03-23T14:03:31+00:00","dateModified":"2025-02-07T10:26:53+00:00","description":"Luis Romeu Vallejo accionista y miembro de la familia Romeu falleci\u00f3 ayer 22\/03\/21. Toda la familia TIBA, de quien form\u00f3 parte, lamentamos su p\u00e9rdida","breadcrumb":{"@id":"https:\/\/www.tibagroup.com\/es\/comunicacion\/prensa\/luis-romeu-vallejo#breadcrumb"},"inLanguage":"es","potentialAction":[{"@type":"ReadAction","target":["https:\/\/www.tibagroup.com\/es\/comunicacion\/prensa\/luis-romeu-vallejo"]}]},{"@type":"ImageObject","inLanguage":"es","@id":"https:\/\/www.tibagroup.com\/es\/comunicacion\/prensa\/luis-romeu-vallejo#primaryimage","url":"https:\/\/www.tibagroup.com\/wp-content\/uploads\/2023\/11\/Luis-Romeu-Vallejo.jpeg","contentUrl":"https:\/\/www.tibagroup.com\/wp-content\/uploads\/2023\/11\/Luis-Romeu-Vallejo.jpeg","width":1024,"height":683},{"@type":"BreadcrumbList","@id":"https:\/\/www.tibagroup.com\/es\/comunicacion\/prensa\/luis-romeu-vallejo#breadcrumb","itemListElement":[{"@type":"ListItem","position":1,"name":"In\u00edcio","item":"https:\/\/www.tibagroup.com\/es\/agente-carga-operador-logistico"},{"@type":"ListItem","position":2,"name":"Comunicaci\u00f3n y prensa","item":"https:\/\/www.tibagroup.com\/es\/comunicacion"},{"@type":"ListItem","position":3,"name":"Prensa","item":"https:\/\/www.tibagroup.com\/es\/comunicacion\/prensa"},{"@type":"ListItem","position":4,"name":"Gracias por todo, Luis"}]},{"@type":"WebSite","@id":"https:\/\/www.tibagroup.com\/es#website","url":"https:\/\/www.tibagroup.com\/es","name":"TIBA","description":"Log\u00edstica y transporte internacional.","publisher":{"@id":"https:\/\/www.tibagroup.com\/es#organization"},"potentialAction":[{"@type":"SearchAction","target":{"@type":"EntryPoint","urlTemplate":"https:\/\/www.tibagroup.com\/es?s={search_term_string}"},"query-input":{"@type":"PropertyValueSpecification","valueRequired":true,"valueName":"search_term_string"}}],"inLanguage":"es"},{"@type":"Organization","@id":"https:\/\/www.tibagroup.com\/es#organization","name":"TIBA","url":"https:\/\/www.tibagroup.com\/es","logo":{"@type":"ImageObject","inLanguage":"es","@id":"https:\/\/www.tibagroup.com\/es#\/schema\/logo\/image\/","url":"https:\/\/www.tibagroup.com\/wp-content\/uploads\/2024\/02\/logo-web-TIBA.png","contentUrl":"https:\/\/www.tibagroup.com\/wp-content\/uploads\/2024\/02\/logo-web-TIBA.png","width":352,"height":116,"caption":"TIBA"},"image":{"@id":"https:\/\/www.tibagroup.com\/es#\/schema\/logo\/image\/"}},{"@type":"Person","@id":"https:\/\/www.tibagroup.com\/es#\/schema\/person\/05c092dcc51b7a515503f3d10c916094","name":"TIBA","image":{"@type":"ImageObject","inLanguage":"es","@id":"https:\/\/secure.gravatar.com\/avatar\/fe41478412b0c43764499979d851fae89a1f174100b1c19a55e15c00fde1851d?s=96&d=mm&r=g","url":"https:\/\/secure.gravatar.com\/avatar\/fe41478412b0c43764499979d851fae89a1f174100b1c19a55e15c00fde1851d?s=96&d=mm&r=g","contentUrl":"https:\/\/secure.gravatar.com\/avatar\/fe41478412b0c43764499979d851fae89a1f174100b1c19a55e15c00fde1851d?s=96&d=mm&r=g","caption":"TIBA"},"sameAs":["https:\/\/x.com\/eaguado"]}]}},"_links":{"self":[{"href":"https:\/\/www.tibagroup.com\/es\/wp-json\/wp\/v2\/posts\/42195","targetHints":{"allow":["GET"]}}],"collection":[{"href":"https:\/\/www.tibagroup.com\/es\/wp-json\/wp\/v2\/posts"}],"about":[{"href":"https:\/\/www.tibagroup.com\/es\/wp-json\/wp\/v2\/types\/post"}],"author":[{"embeddable":true,"href":"https:\/\/www.tibagroup.com\/es\/wp-json\/wp\/v2\/users\/2"}],"replies":[{"embeddable":true,"href":"https:\/\/www.tibagroup.com\/es\/wp-json\/wp\/v2\/comments?post=42195"}],"version-history":[{"count":2,"href":"https:\/\/www.tibagroup.com\/es\/wp-json\/wp\/v2\/posts\/42195\/revisions"}],"predecessor-version":[{"id":66956,"href":"https:\/\/www.tibagroup.com\/es\/wp-json\/wp\/v2\/posts\/42195\/revisions\/66956"}],"wp:featuredmedia":[{"embeddable":true,"href":"https:\/\/www.tibagroup.com\/es\/wp-json\/wp\/v2\/media\/42196"}],"wp:attachment":[{"href":"https:\/\/www.tibagroup.com\/es\/wp-json\/wp\/v2\/media?parent=42195"}],"wp:term":[{"taxonomy":"category","embeddable":true,"href":"https:\/\/www.tibagroup.com\/es\/wp-json\/wp\/v2\/categories?post=42195"},{"taxonomy":"post_tag","embeddable":true,"href":"https:\/\/www.tibagroup.com\/es\/wp-json\/wp\/v2\/tags?post=42195"}],"curies":[{"name":"wp","href":"https:\/\/api.w.org\/{rel}","templated":true}]}}