{"id":41983,"date":"2020-03-24T11:14:24","date_gmt":"2020-03-24T10:14:24","guid":{"rendered":"https:\/\/www.tibagroup.com\/carga-aerea-covid19\/"},"modified":"2025-02-20T16:54:55","modified_gmt":"2025-02-20T15:54:55","slug":"carga-aerea-covid19","status":"publish","type":"post","link":"https:\/\/www.tibagroup.com\/es\/logistica\/transporte-aereo\/carga-aerea-covid19","title":{"rendered":"FIATA pide acuerdos para asegurar la carga a\u00e9rea"},"content":{"rendered":"<p><span data-mce-type=\"bookmark\" style=\"display: inline-block; width: 0px; overflow: hidden; line-height: 0;\" class=\"mce_SELRES_start\">\ufeff<\/span>Las actuales <strong>restricciones en el transporte a\u00e9reo de pasajeros<\/strong> a nivel internacional <strong>est\u00e1n afectando especialmente al transporte de mercanc\u00edas<\/strong>, es por eso Federaci\u00f3n Internacional de Asociaciones de Transitarios, FIATA, pide a los gobiernos la adopci\u00f3n de determinadas medidas que permitan garantizar la cadena de suministro.<\/p>\n<p>Si bien el <strong>transporte a\u00e9reo de mercanc\u00edas no est\u00e1 restringido<\/strong>, los vuelos de pasajeros son uno de los principales medios empleados para el transporte de carga a\u00e9rea. La eliminaci\u00f3n de vuelos de pasajeros est\u00e1 reduciendo es espacio disponible y, seg\u00fan FIATA, se podr\u00eda estar poniendo en riesgo el env\u00edo de mercanc\u00edas tan sensibles como equipamientos m\u00e9dicos o alimentos perecederos, que tradicionalmente son transportados por v\u00eda a\u00e9rea por si rapidez y seguridad.<\/p>\n<h2>FIATA insta a los Gobiernos a tomar medidas que garanticen el transporte a\u00e9reo de mercanc\u00edas<\/h2>\n<p>Por todo ello, la FIATA ha pedido a los Gobiernos que:<\/p>\n<ul>\n<li>Se excluyan las operaciones de carga a\u00e9rea de cualquier restricci\u00f3n de viaje relacionada con Covid-19 para asegurar que los productos m\u00e9dicos que salvan vidas puedan ser transportados sin interrupciones.<\/li>\n<li>Se asegure que se aplican medidas estandarizadas para que la carga a\u00e9rea siga circulando por todo el mundo con m\u00ednimas interrupciones.<\/li>\n<li>Se exima a los miembros de la tripulaci\u00f3n de la carga a\u00e9rea, que no interact\u00faen con otras personas, de guardar la cuarentena de 14 d\u00edas.<\/li>\n<li>Se apoyen los derechos de tr\u00e1fico temporales para las operaciones de carga en las que puedan aplicarse restricciones.<\/li>\n<\/ul>\n<p>Adem\u00e1s, FIATA apoya la solicitud de IATA, la Asociaci\u00f3n Internacional de Transporte A\u00e9reo, para que los <strong>Gobiernos y operadores aeroportuarios revisen sus medidas fiscales<\/strong> como los cargos por sobrevuelo, tarifas de estacionamiento y sanciones por incumplimiento de horarios, para apoyar las operaciones de carga a\u00e9rea durante estos tiempos sin precedentes.<\/p>\n<div class=\"bigtextblue\" style=\"text-align: center;\">Si tus env\u00edos a\u00e9reos regulares se est\u00e1n viendo afectados y necesitas asistencia,<br \/>\ncontacta con nuestro equipo de transporte a\u00e9reo y juntos buscaremos una soluci\u00f3n.<br \/>\nEste virus lo paramos unidos. Juntos saldremos adelante.<\/div>\n\n<style type=\"text\/css\" data-created_by=\"avia_inline_auto\" id=\"style-css-av-uuqphz-91a0f8ed979251a72b33d29d04dd261f\">\n#top .hr.hr-invisible.av-uuqphz-91a0f8ed979251a72b33d29d04dd261f{\nheight:30px;\n}\n<\/style>\n<div  class='hr av-uuqphz-91a0f8ed979251a72b33d29d04dd261f hr-invisible  avia-builder-el-0  el_before_av_button  avia-builder-el-first '><span class='hr-inner '><span class=\"hr-inner-style\"><\/span><\/span><\/div>\n<div  class='avia-button-wrap av-tkhbsn-57a57ed53270ab34cf9cd942079101a7-wrap avia-button-center  avia-builder-el-1  el_after_av_hr  avia-builder-el-last '><a href='https:\/\/www.tibagroup.com\/es\/servicios\/transporte-aereo#formcontacto'  class='avia-button av-tkhbsn-57a57ed53270ab34cf9cd942079101a7 av-link-btn avia-icon_select-yes-left-icon avia-size-x-large avia-position-center av-icon-on-hover avia-color-theme-color-highlight'  ><span class='avia_button_icon avia_button_icon_left' aria-hidden='true' data-av_icon='\ue805' data-av_iconfont='entypo-fontello'><\/span><span class='avia_iconbox_title' >Transporte a\u00e9reo<\/span><\/a><\/div>\n<p>&nbsp;<\/p>\n","protected":false},"excerpt":{"rendered":"<p>FIATA pide a los Gobiernos medidas que garanticen la cadena de suministro ya que la cancelaci\u00f3n de vuelos de pasajeros reduce el espacio disponible para la carga a\u00e9rea.<\/p>\n","protected":false},"author":2,"featured_media":41984,"comment_status":"open","ping_status":"closed","sticky":false,"template":"","format":"standard","meta":{"footnotes":""},"categories":[346],"tags":[],"class_list":["post-41983","post","type-post","status-publish","format-standard","has-post-thumbnail","hentry","category-transporte-aereo"],"yoast_head":"<!-- This site is optimized with the Yoast SEO plugin v27.5 - https:\/\/yoast.com\/product\/yoast-seo-wordpress\/ -->\n<title>FIATA pide acuerdos para asegurar la carga a\u00e9rea - TIBA<\/title>\n<meta name=\"description\" content=\"FIATA pide medidas que garanticen la cadena de suministro, la cancelaci\u00f3n de vuelos de pasajeros reduce el espacio para la carga a\u00e9rea.\" \/>\n<meta name=\"robots\" content=\"index, follow, max-snippet:-1, max-image-preview:large, max-video-preview:-1\" \/>\n<link rel=\"canonical\" href=\"https:\/\/www.tibagroup.com\/es\/logistica\/transporte-aereo\/carga-aerea-covid19\" \/>\n<meta property=\"og:locale\" content=\"es_ES\" \/>\n<meta property=\"og:type\" content=\"article\" \/>\n<meta property=\"og:title\" content=\"FIATA pide acuerdos para asegurar la carga a\u00e9rea - TIBA\" \/>\n<meta property=\"og:description\" content=\"FIATA pide medidas que garanticen la cadena de suministro, la cancelaci\u00f3n de vuelos de pasajeros reduce el espacio para la carga a\u00e9rea.\" \/>\n<meta property=\"og:url\" content=\"https:\/\/www.tibagroup.com\/es\/logistica\/transporte-aereo\/carga-aerea-covid19\" \/>\n<meta property=\"og:site_name\" content=\"TIBA\" \/>\n<meta property=\"article:published_time\" content=\"2020-03-24T10:14:24+00:00\" \/>\n<meta property=\"article:modified_time\" content=\"2025-02-20T15:54:55+00:00\" \/>\n<meta property=\"og:image\" content=\"https:\/\/www.tibagroup.com\/wp-content\/uploads\/2023\/11\/carga-aerea-covid19.jpg\" \/>\n\t<meta property=\"og:image:width\" content=\"960\" \/>\n\t<meta property=\"og:image:height\" content=\"426\" \/>\n\t<meta property=\"og:image:type\" content=\"image\/jpeg\" \/>\n<meta name=\"author\" content=\"TIBA\" \/>\n<meta name=\"twitter:card\" content=\"summary_large_image\" \/>\n<meta name=\"twitter:creator\" content=\"@eaguado\" \/>\n<meta name=\"twitter:label1\" content=\"Written by\" \/>\n\t<meta name=\"twitter:data1\" content=\"TIBA\" \/>\n\t<meta name=\"twitter:label2\" content=\"Est. reading time\" \/>\n\t<meta name=\"twitter:data2\" content=\"2 minutes\" \/>\n<!-- \/ Yoast SEO plugin. -->","yoast_head_json":{"title":"FIATA pide acuerdos para asegurar la carga a\u00e9rea - TIBA","description":"FIATA pide medidas que garanticen la cadena de suministro, la cancelaci\u00f3n de vuelos de pasajeros reduce el espacio para la carga a\u00e9rea.","robots":{"index":"index","follow":"follow","max-snippet":"max-snippet:-1","max-image-preview":"max-image-preview:large","max-video-preview":"max-video-preview:-1"},"canonical":"https:\/\/www.tibagroup.com\/es\/logistica\/transporte-aereo\/carga-aerea-covid19","og_locale":"es_ES","og_type":"article","og_title":"FIATA pide acuerdos para asegurar la carga a\u00e9rea - TIBA","og_description":"FIATA pide medidas que garanticen la cadena de suministro, la cancelaci\u00f3n de vuelos de pasajeros reduce el espacio para la carga a\u00e9rea.","og_url":"https:\/\/www.tibagroup.com\/es\/logistica\/transporte-aereo\/carga-aerea-covid19","og_site_name":"TIBA","article_published_time":"2020-03-24T10:14:24+00:00","article_modified_time":"2025-02-20T15:54:55+00:00","og_image":[{"width":960,"height":426,"url":"https:\/\/www.tibagroup.com\/wp-content\/uploads\/2023\/11\/carga-aerea-covid19.jpg","type":"image\/jpeg"}],"author":"TIBA","twitter_card":"summary_large_image","twitter_creator":"@eaguado","twitter_misc":{"Written by":"TIBA","Est. reading time":"2 minutes"},"schema":{"@context":"https:\/\/schema.org","@graph":[{"@type":"Article","@id":"https:\/\/www.tibagroup.com\/es\/logistica\/transporte-aereo\/carga-aerea-covid19#article","isPartOf":{"@id":"https:\/\/www.tibagroup.com\/es\/logistica\/transporte-aereo\/carga-aerea-covid19"},"author":{"name":"TIBA","@id":"https:\/\/www.tibagroup.com\/es#\/schema\/person\/05c092dcc51b7a515503f3d10c916094"},"headline":"FIATA pide acuerdos para asegurar la carga a\u00e9rea","datePublished":"2020-03-24T10:14:24+00:00","dateModified":"2025-02-20T15:54:55+00:00","mainEntityOfPage":{"@id":"https:\/\/www.tibagroup.com\/es\/logistica\/transporte-aereo\/carga-aerea-covid19"},"wordCount":460,"commentCount":0,"publisher":{"@id":"https:\/\/www.tibagroup.com\/es#organization"},"image":{"@id":"https:\/\/www.tibagroup.com\/es\/logistica\/transporte-aereo\/carga-aerea-covid19#primaryimage"},"thumbnailUrl":"https:\/\/www.tibagroup.com\/wp-content\/uploads\/2023\/11\/carga-aerea-covid19.jpg","articleSection":["Transporte a\u00e9reo"],"inLanguage":"es","potentialAction":[{"@type":"CommentAction","name":"Comment","target":["https:\/\/www.tibagroup.com\/es\/logistica\/transporte-aereo\/carga-aerea-covid19#respond"]}]},{"@type":"WebPage","@id":"https:\/\/www.tibagroup.com\/es\/logistica\/transporte-aereo\/carga-aerea-covid19","url":"https:\/\/www.tibagroup.com\/es\/logistica\/transporte-aereo\/carga-aerea-covid19","name":"FIATA pide acuerdos para asegurar la carga a\u00e9rea - TIBA","isPartOf":{"@id":"https:\/\/www.tibagroup.com\/es#website"},"primaryImageOfPage":{"@id":"https:\/\/www.tibagroup.com\/es\/logistica\/transporte-aereo\/carga-aerea-covid19#primaryimage"},"image":{"@id":"https:\/\/www.tibagroup.com\/es\/logistica\/transporte-aereo\/carga-aerea-covid19#primaryimage"},"thumbnailUrl":"https:\/\/www.tibagroup.com\/wp-content\/uploads\/2023\/11\/carga-aerea-covid19.jpg","datePublished":"2020-03-24T10:14:24+00:00","dateModified":"2025-02-20T15:54:55+00:00","description":"FIATA pide medidas que garanticen la cadena de suministro, la cancelaci\u00f3n de vuelos de pasajeros reduce el espacio para la carga a\u00e9rea.","breadcrumb":{"@id":"https:\/\/www.tibagroup.com\/es\/logistica\/transporte-aereo\/carga-aerea-covid19#breadcrumb"},"inLanguage":"es","potentialAction":[{"@type":"ReadAction","target":["https:\/\/www.tibagroup.com\/es\/logistica\/transporte-aereo\/carga-aerea-covid19"]}]},{"@type":"ImageObject","inLanguage":"es","@id":"https:\/\/www.tibagroup.com\/es\/logistica\/transporte-aereo\/carga-aerea-covid19#primaryimage","url":"https:\/\/www.tibagroup.com\/wp-content\/uploads\/2023\/11\/carga-aerea-covid19.jpg","contentUrl":"https:\/\/www.tibagroup.com\/wp-content\/uploads\/2023\/11\/carga-aerea-covid19.jpg","width":960,"height":426},{"@type":"BreadcrumbList","@id":"https:\/\/www.tibagroup.com\/es\/logistica\/transporte-aereo\/carga-aerea-covid19#breadcrumb","itemListElement":[{"@type":"ListItem","position":1,"name":"In\u00edcio","item":"https:\/\/www.tibagroup.com\/es\/agente-carga-operador-logistico"},{"@type":"ListItem","position":2,"name":"Log\u00edstica","item":"https:\/\/www.tibagroup.com\/es\/logistica"},{"@type":"ListItem","position":3,"name":"Transporte a\u00e9reo","item":"https:\/\/www.tibagroup.com\/es\/logistica\/transporte-aereo"},{"@type":"ListItem","position":4,"name":"FIATA pide acuerdos para asegurar la carga a\u00e9rea"}]},{"@type":"WebSite","@id":"https:\/\/www.tibagroup.com\/es#website","url":"https:\/\/www.tibagroup.com\/es","name":"TIBA","description":"Log\u00edstica y transporte internacional.","publisher":{"@id":"https:\/\/www.tibagroup.com\/es#organization"},"potentialAction":[{"@type":"SearchAction","target":{"@type":"EntryPoint","urlTemplate":"https:\/\/www.tibagroup.com\/es?s={search_term_string}"},"query-input":{"@type":"PropertyValueSpecification","valueRequired":true,"valueName":"search_term_string"}}],"inLanguage":"es"},{"@type":"Organization","@id":"https:\/\/www.tibagroup.com\/es#organization","name":"TIBA","url":"https:\/\/www.tibagroup.com\/es","logo":{"@type":"ImageObject","inLanguage":"es","@id":"https:\/\/www.tibagroup.com\/es#\/schema\/logo\/image\/","url":"https:\/\/www.tibagroup.com\/wp-content\/uploads\/2024\/02\/logo-web-TIBA.png","contentUrl":"https:\/\/www.tibagroup.com\/wp-content\/uploads\/2024\/02\/logo-web-TIBA.png","width":352,"height":116,"caption":"TIBA"},"image":{"@id":"https:\/\/www.tibagroup.com\/es#\/schema\/logo\/image\/"}},{"@type":"Person","@id":"https:\/\/www.tibagroup.com\/es#\/schema\/person\/05c092dcc51b7a515503f3d10c916094","name":"TIBA","image":{"@type":"ImageObject","inLanguage":"es","@id":"https:\/\/secure.gravatar.com\/avatar\/fe41478412b0c43764499979d851fae89a1f174100b1c19a55e15c00fde1851d?s=96&d=mm&r=g","url":"https:\/\/secure.gravatar.com\/avatar\/fe41478412b0c43764499979d851fae89a1f174100b1c19a55e15c00fde1851d?s=96&d=mm&r=g","contentUrl":"https:\/\/secure.gravatar.com\/avatar\/fe41478412b0c43764499979d851fae89a1f174100b1c19a55e15c00fde1851d?s=96&d=mm&r=g","caption":"TIBA"},"sameAs":["https:\/\/x.com\/eaguado"]}]}},"_links":{"self":[{"href":"https:\/\/www.tibagroup.com\/es\/wp-json\/wp\/v2\/posts\/41983","targetHints":{"allow":["GET"]}}],"collection":[{"href":"https:\/\/www.tibagroup.com\/es\/wp-json\/wp\/v2\/posts"}],"about":[{"href":"https:\/\/www.tibagroup.com\/es\/wp-json\/wp\/v2\/types\/post"}],"author":[{"embeddable":true,"href":"https:\/\/www.tibagroup.com\/es\/wp-json\/wp\/v2\/users\/2"}],"replies":[{"embeddable":true,"href":"https:\/\/www.tibagroup.com\/es\/wp-json\/wp\/v2\/comments?post=41983"}],"version-history":[{"count":3,"href":"https:\/\/www.tibagroup.com\/es\/wp-json\/wp\/v2\/posts\/41983\/revisions"}],"predecessor-version":[{"id":68786,"href":"https:\/\/www.tibagroup.com\/es\/wp-json\/wp\/v2\/posts\/41983\/revisions\/68786"}],"wp:featuredmedia":[{"embeddable":true,"href":"https:\/\/www.tibagroup.com\/es\/wp-json\/wp\/v2\/media\/41984"}],"wp:attachment":[{"href":"https:\/\/www.tibagroup.com\/es\/wp-json\/wp\/v2\/media?parent=41983"}],"wp:term":[{"taxonomy":"category","embeddable":true,"href":"https:\/\/www.tibagroup.com\/es\/wp-json\/wp\/v2\/categories?post=41983"},{"taxonomy":"post_tag","embeddable":true,"href":"https:\/\/www.tibagroup.com\/es\/wp-json\/wp\/v2\/tags?post=41983"}],"curies":[{"name":"wp","href":"https:\/\/api.w.org\/{rel}","templated":true}]}}