{"id":41978,"date":"2020-03-23T15:02:12","date_gmt":"2020-03-23T14:02:12","guid":{"rendered":"https:\/\/www.tibagroup.com\/juntos-saldremos-adelante\/"},"modified":"2025-02-25T12:59:31","modified_gmt":"2025-02-25T11:59:31","slug":"juntos-saldremos-adelante","status":"publish","type":"post","link":"https:\/\/www.tibagroup.com\/es\/comunicacion\/prensa\/juntos-saldremos-adelante","title":{"rendered":"Juntos saldremos adelante"},"content":{"rendered":"<p><img decoding=\"async\" class=\"aligncenter size-full wp-image-51286\" src=\"https:\/\/www.tibagroup.com\/wp-content\/uploads\/2020\/03\/juntos-saldremos-adelante.webp\" alt=\"\" width=\"1132\" height=\"896\" srcset=\"https:\/\/www.tibagroup.com\/wp-content\/uploads\/2020\/03\/juntos-saldremos-adelante.webp 1132w, https:\/\/www.tibagroup.com\/wp-content\/uploads\/2020\/03\/juntos-saldremos-adelante-300x237.webp 300w, https:\/\/www.tibagroup.com\/wp-content\/uploads\/2020\/03\/juntos-saldremos-adelante-1030x815.webp 1030w, https:\/\/www.tibagroup.com\/wp-content\/uploads\/2020\/03\/juntos-saldremos-adelante-768x608.webp 768w, https:\/\/www.tibagroup.com\/wp-content\/uploads\/2020\/03\/juntos-saldremos-adelante-705x558.webp 705w\" sizes=\"(max-width: 1132px) 100vw, 1132px\" \/><\/p>\n<h2>Un reto \u00fanico, solidario y com\u00fan<\/h2>\n<p>Gran parte de la sociedad trabaja estos d\u00edas con acceso remoto y de manera presencial para tratar de vencer, entre todos, al virus Covid-19 y superar este gran reto.<\/p>\n<p>Ciudadanos de todos los sectores y servicios trabajan fren\u00e9ticamente para que la sociedad pueda atravesar estos momentos en las mejores condiciones de salud y convivencia posibles.<\/p>\n<p>Hospitales, servicios sanitarios y laboratorios, sector de la alimentaci\u00f3n, productores agroalimentarios, servicios de limpieza, medios de comunicaci\u00f3n, empresas tecnol\u00f3gicas, empresas textiles, empresas log\u00edsticas, docentes y personal del sistema educativo, organismos p\u00fablicos, bomberos, polic\u00eda, ej\u00e9rcito, gobierno y un sin fin de personas de distintas disciplinas trabajan colectivamente por y para la causa.<\/p>\n<p>Nuestro sector es vital tambi\u00e9n para la superaci\u00f3n de este reto mundial, y todos los que lo componemos tenemos claro que, como siempre, debemos trabajar unidos para conseguir que las mercanc\u00edas lleguen a tiempo y en \u00f3ptimas condiciones a la sociedad que demanda permanentemente un servicio impecable para atender las necesidades. Esto genera un efecto tranquilizador en todos nosotros como ciudadanos, al ver que nuestras necesidades b\u00e1sicas est\u00e1n cubiertas condicion\u00e1ndonos a sobrellevar estos momentos y a aportar cada uno su mejor versi\u00f3n para apoyarnos unos a otros. No estamos acostumbrados a la escasez.<\/p>\n<h2>Aportando nuestra experiencia log\u00edstica<\/h2>\n<p>El equipo TIBA de todos los pa\u00edses, tambi\u00e9n se muestra concienciado en aportar su granito de arena aunando esfuerzos con profesionales de multitud de sectores.<\/p>\n<p>Seguimos trabajando codo con codo con las aduanas de todo el mundo para que los tr\u00e1mites de despacho y liberaci\u00f3n de mercanc\u00edas se realicen sin incidencias, tratando de que sean lo m\u00e1s r\u00e1pidos posible.<\/p>\n<p>Los operarios contin\u00faan trabajando en los almacenes recepcionando y dando salida a mercanc\u00edas, como alimentos, productos de primera necesidad, repuestos, etc. con el objetivo de distribuir, cada d\u00eda, a los centros adecuados .<\/p>\n<p>Las personas que se dedican a la log\u00edstica sanitaria, m\u00e1s que nunca, tratan de conseguir que esos materiales que son tan necesarios en estos momentos como, mascarillas, guantes, respiradores, geles hidroalcoh\u00f3licos, gafas protectoras, batas y dem\u00e1s equipamiento sanitario, lleguen cuanto antes a todos los centros donde se lucha en primera linea contra el virus para tratar a los afectados que tanto lo necesitan.<\/p>\n<p>Los operativos de las oficinas gestionan las cargas mar\u00edtimas, a\u00e9reas y terrestres junto con la documentaci\u00f3n adecuada para que no haya incidencias en la cadena log\u00edstica.<\/p>\n<p style=\"text-align: center;\"><strong>La vida nos pone a prueba como sociedad y es nuestra responsabilidad responder con lo mejor de nosotros mismos.<\/strong><\/p>\n<div class=\"bigtextblue\" style=\"text-align: center;\">\n<p>Por su dedicaci\u00f3n y esfuerzo, desde aqu\u00ed, una palabra para todas las personas del equipo TIBA y de tantas otras empresas y organismos que, de forma presencial y remota, desde todos los \u00e1mbitos, estamos colaborando conjuntamente para superar unidos este gran reto.<\/p>\n<p><strong style=\"font-size: 42px;\">\u00a1GRACIAS!<\/strong><\/p>\n<p>Juntos saldremos adelante. Este virus lo paramos unidos.<\/p>\n<\/div>\n<div><\/div>\n<div>\n<div  class='avia-video av-jyt1xv-d67bafd7dc5798406a11c1f13219a40f avia-video-16-9 av-no-preview-image avia-video-load-always av-lazyload-immediate av-lazyload-video-embed'  data-original_url='https:\/\/youtu.be\/hDVyFB15fYI'><script type='text\/html' class='av-video-tmpl'><div class='avia-iframe-wrap'><iframe loading=\"lazy\" title=\"#JuntoSomosMasFuertes\" width=\"1500\" height=\"844\" data-cookieconsent=\"statistics, marketing\" data-src=\"https:\/\/www.youtube.com\/embed\/hDVyFB15fYI?feature=oembed&autoplay=0&loop=0&controls=1&mute=0\" frameborder=\"0\" allow=\"accelerometer; autoplay; clipboard-write; encrypted-media; gyroscope; picture-in-picture; web-share\" allowfullscreen><\/iframe><div class=\"cookieconsent-optout-statistics cookieconsent-optout-marketing\">Please accept <a href=\"javascript:Cookiebot.renew()\">statistics, marketing<\/a> cookies to watch this video.<\/div><\/div><\/script><div class='av-click-to-play-overlay'><div class=\"avia_playpause_icon\"><\/div><\/div><\/div>\n<\/div>\n","protected":false},"excerpt":{"rendered":"<p>Como tantos sectores tambi\u00e9n nosotros queremos aportar nuestra experiencia log\u00edstica para vencer al virus Covid-19 y superar este reto \u00a1Juntos saldremos adelante!<\/p>\n","protected":false},"author":2,"featured_media":41979,"comment_status":"open","ping_status":"closed","sticky":false,"template":"","format":"standard","meta":{"footnotes":""},"categories":[334],"tags":[417],"class_list":["post-41978","post","type-post","status-publish","format-standard","has-post-thumbnail","hentry","category-prensa","tag-covid19"],"yoast_head":"<!-- This site is optimized with the Yoast SEO plugin v27.4 - https:\/\/yoast.com\/product\/yoast-seo-wordpress\/ -->\n<title>Juntos saldremos adelante | TIBA<\/title>\n<meta name=\"description\" content=\"Nosotros tambi\u00e9n queremos aportar nuestra experiencia log\u00edstica para vencer al virus Covid-19 \u00a1Juntos saldremos adelante!\" \/>\n<meta name=\"robots\" content=\"index, follow, max-snippet:-1, max-image-preview:large, max-video-preview:-1\" \/>\n<link rel=\"canonical\" href=\"https:\/\/www.tibagroup.com\/es\/comunicacion\/prensa\/juntos-saldremos-adelante\" \/>\n<meta property=\"og:locale\" content=\"es_ES\" \/>\n<meta property=\"og:type\" content=\"article\" \/>\n<meta property=\"og:title\" content=\"Juntos saldremos adelante | TIBA\" \/>\n<meta property=\"og:description\" content=\"Nosotros tambi\u00e9n queremos aportar nuestra experiencia log\u00edstica para vencer al virus Covid-19 \u00a1Juntos saldremos adelante!\" \/>\n<meta property=\"og:url\" content=\"https:\/\/www.tibagroup.com\/es\/comunicacion\/prensa\/juntos-saldremos-adelante\" \/>\n<meta property=\"og:site_name\" content=\"TIBA\" \/>\n<meta property=\"article:published_time\" content=\"2020-03-23T14:02:12+00:00\" \/>\n<meta property=\"article:modified_time\" content=\"2025-02-25T11:59:31+00:00\" \/>\n<meta property=\"og:image\" content=\"https:\/\/www.tibagroup.com\/wp-content\/uploads\/2023\/11\/AgradecimientoRS.jpg\" \/>\n\t<meta property=\"og:image:width\" content=\"1132\" \/>\n\t<meta property=\"og:image:height\" content=\"896\" \/>\n\t<meta property=\"og:image:type\" content=\"image\/jpeg\" \/>\n<meta name=\"author\" content=\"TIBA\" \/>\n<meta name=\"twitter:card\" content=\"summary_large_image\" \/>\n<meta name=\"twitter:creator\" content=\"@eaguado\" \/>\n<meta name=\"twitter:label1\" content=\"Written by\" \/>\n\t<meta name=\"twitter:data1\" content=\"TIBA\" \/>\n\t<meta name=\"twitter:label2\" content=\"Est. reading time\" \/>\n\t<meta name=\"twitter:data2\" content=\"3 minutes\" \/>\n<!-- \/ Yoast SEO plugin. -->","yoast_head_json":{"title":"Juntos saldremos adelante | TIBA","description":"Nosotros tambi\u00e9n queremos aportar nuestra experiencia log\u00edstica para vencer al virus Covid-19 \u00a1Juntos saldremos adelante!","robots":{"index":"index","follow":"follow","max-snippet":"max-snippet:-1","max-image-preview":"max-image-preview:large","max-video-preview":"max-video-preview:-1"},"canonical":"https:\/\/www.tibagroup.com\/es\/comunicacion\/prensa\/juntos-saldremos-adelante","og_locale":"es_ES","og_type":"article","og_title":"Juntos saldremos adelante | TIBA","og_description":"Nosotros tambi\u00e9n queremos aportar nuestra experiencia log\u00edstica para vencer al virus Covid-19 \u00a1Juntos saldremos adelante!","og_url":"https:\/\/www.tibagroup.com\/es\/comunicacion\/prensa\/juntos-saldremos-adelante","og_site_name":"TIBA","article_published_time":"2020-03-23T14:02:12+00:00","article_modified_time":"2025-02-25T11:59:31+00:00","og_image":[{"width":1132,"height":896,"url":"https:\/\/www.tibagroup.com\/wp-content\/uploads\/2023\/11\/AgradecimientoRS.jpg","type":"image\/jpeg"}],"author":"TIBA","twitter_card":"summary_large_image","twitter_creator":"@eaguado","twitter_misc":{"Written by":"TIBA","Est. reading time":"3 minutes"},"schema":{"@context":"https:\/\/schema.org","@graph":[{"@type":"Article","@id":"https:\/\/www.tibagroup.com\/es\/comunicacion\/prensa\/juntos-saldremos-adelante#article","isPartOf":{"@id":"https:\/\/www.tibagroup.com\/es\/comunicacion\/prensa\/juntos-saldremos-adelante"},"author":{"name":"TIBA","@id":"https:\/\/www.tibagroup.com\/es#\/schema\/person\/05c092dcc51b7a515503f3d10c916094"},"headline":"Juntos saldremos adelante","datePublished":"2020-03-23T14:02:12+00:00","dateModified":"2025-02-25T11:59:31+00:00","mainEntityOfPage":{"@id":"https:\/\/www.tibagroup.com\/es\/comunicacion\/prensa\/juntos-saldremos-adelante"},"wordCount":525,"commentCount":0,"publisher":{"@id":"https:\/\/www.tibagroup.com\/es#organization"},"image":{"@id":"https:\/\/www.tibagroup.com\/es\/comunicacion\/prensa\/juntos-saldremos-adelante#primaryimage"},"thumbnailUrl":"https:\/\/www.tibagroup.com\/wp-content\/uploads\/2023\/11\/AgradecimientoRS.jpg","keywords":["covid19"],"articleSection":["Prensa"],"inLanguage":"es","potentialAction":[{"@type":"CommentAction","name":"Comment","target":["https:\/\/www.tibagroup.com\/es\/comunicacion\/prensa\/juntos-saldremos-adelante#respond"]}]},{"@type":"WebPage","@id":"https:\/\/www.tibagroup.com\/es\/comunicacion\/prensa\/juntos-saldremos-adelante","url":"https:\/\/www.tibagroup.com\/es\/comunicacion\/prensa\/juntos-saldremos-adelante","name":"Juntos saldremos adelante | TIBA","isPartOf":{"@id":"https:\/\/www.tibagroup.com\/es#website"},"primaryImageOfPage":{"@id":"https:\/\/www.tibagroup.com\/es\/comunicacion\/prensa\/juntos-saldremos-adelante#primaryimage"},"image":{"@id":"https:\/\/www.tibagroup.com\/es\/comunicacion\/prensa\/juntos-saldremos-adelante#primaryimage"},"thumbnailUrl":"https:\/\/www.tibagroup.com\/wp-content\/uploads\/2023\/11\/AgradecimientoRS.jpg","datePublished":"2020-03-23T14:02:12+00:00","dateModified":"2025-02-25T11:59:31+00:00","description":"Nosotros tambi\u00e9n queremos aportar nuestra experiencia log\u00edstica para vencer al virus Covid-19 \u00a1Juntos saldremos adelante!","breadcrumb":{"@id":"https:\/\/www.tibagroup.com\/es\/comunicacion\/prensa\/juntos-saldremos-adelante#breadcrumb"},"inLanguage":"es","potentialAction":[{"@type":"ReadAction","target":["https:\/\/www.tibagroup.com\/es\/comunicacion\/prensa\/juntos-saldremos-adelante"]}]},{"@type":"ImageObject","inLanguage":"es","@id":"https:\/\/www.tibagroup.com\/es\/comunicacion\/prensa\/juntos-saldremos-adelante#primaryimage","url":"https:\/\/www.tibagroup.com\/wp-content\/uploads\/2023\/11\/AgradecimientoRS.jpg","contentUrl":"https:\/\/www.tibagroup.com\/wp-content\/uploads\/2023\/11\/AgradecimientoRS.jpg","width":1132,"height":896},{"@type":"BreadcrumbList","@id":"https:\/\/www.tibagroup.com\/es\/comunicacion\/prensa\/juntos-saldremos-adelante#breadcrumb","itemListElement":[{"@type":"ListItem","position":1,"name":"In\u00edcio","item":"https:\/\/www.tibagroup.com\/es\/agente-carga-operador-logistico"},{"@type":"ListItem","position":2,"name":"Comunicaci\u00f3n y prensa","item":"https:\/\/www.tibagroup.com\/es\/comunicacion"},{"@type":"ListItem","position":3,"name":"Prensa","item":"https:\/\/www.tibagroup.com\/es\/comunicacion\/prensa"},{"@type":"ListItem","position":4,"name":"Juntos saldremos adelante"}]},{"@type":"WebSite","@id":"https:\/\/www.tibagroup.com\/es#website","url":"https:\/\/www.tibagroup.com\/es","name":"TIBA","description":"Log\u00edstica y transporte internacional.","publisher":{"@id":"https:\/\/www.tibagroup.com\/es#organization"},"potentialAction":[{"@type":"SearchAction","target":{"@type":"EntryPoint","urlTemplate":"https:\/\/www.tibagroup.com\/es?s={search_term_string}"},"query-input":{"@type":"PropertyValueSpecification","valueRequired":true,"valueName":"search_term_string"}}],"inLanguage":"es"},{"@type":"Organization","@id":"https:\/\/www.tibagroup.com\/es#organization","name":"TIBA","url":"https:\/\/www.tibagroup.com\/es","logo":{"@type":"ImageObject","inLanguage":"es","@id":"https:\/\/www.tibagroup.com\/es#\/schema\/logo\/image\/","url":"https:\/\/www.tibagroup.com\/wp-content\/uploads\/2024\/02\/logo-web-TIBA.png","contentUrl":"https:\/\/www.tibagroup.com\/wp-content\/uploads\/2024\/02\/logo-web-TIBA.png","width":352,"height":116,"caption":"TIBA"},"image":{"@id":"https:\/\/www.tibagroup.com\/es#\/schema\/logo\/image\/"}},{"@type":"Person","@id":"https:\/\/www.tibagroup.com\/es#\/schema\/person\/05c092dcc51b7a515503f3d10c916094","name":"TIBA","image":{"@type":"ImageObject","inLanguage":"es","@id":"https:\/\/secure.gravatar.com\/avatar\/fe41478412b0c43764499979d851fae89a1f174100b1c19a55e15c00fde1851d?s=96&d=mm&r=g","url":"https:\/\/secure.gravatar.com\/avatar\/fe41478412b0c43764499979d851fae89a1f174100b1c19a55e15c00fde1851d?s=96&d=mm&r=g","contentUrl":"https:\/\/secure.gravatar.com\/avatar\/fe41478412b0c43764499979d851fae89a1f174100b1c19a55e15c00fde1851d?s=96&d=mm&r=g","caption":"TIBA"},"sameAs":["https:\/\/x.com\/eaguado"]}]}},"_links":{"self":[{"href":"https:\/\/www.tibagroup.com\/es\/wp-json\/wp\/v2\/posts\/41978","targetHints":{"allow":["GET"]}}],"collection":[{"href":"https:\/\/www.tibagroup.com\/es\/wp-json\/wp\/v2\/posts"}],"about":[{"href":"https:\/\/www.tibagroup.com\/es\/wp-json\/wp\/v2\/types\/post"}],"author":[{"embeddable":true,"href":"https:\/\/www.tibagroup.com\/es\/wp-json\/wp\/v2\/users\/2"}],"replies":[{"embeddable":true,"href":"https:\/\/www.tibagroup.com\/es\/wp-json\/wp\/v2\/comments?post=41978"}],"version-history":[{"count":2,"href":"https:\/\/www.tibagroup.com\/es\/wp-json\/wp\/v2\/posts\/41978\/revisions"}],"predecessor-version":[{"id":67940,"href":"https:\/\/www.tibagroup.com\/es\/wp-json\/wp\/v2\/posts\/41978\/revisions\/67940"}],"wp:featuredmedia":[{"embeddable":true,"href":"https:\/\/www.tibagroup.com\/es\/wp-json\/wp\/v2\/media\/41979"}],"wp:attachment":[{"href":"https:\/\/www.tibagroup.com\/es\/wp-json\/wp\/v2\/media?parent=41978"}],"wp:term":[{"taxonomy":"category","embeddable":true,"href":"https:\/\/www.tibagroup.com\/es\/wp-json\/wp\/v2\/categories?post=41978"},{"taxonomy":"post_tag","embeddable":true,"href":"https:\/\/www.tibagroup.com\/es\/wp-json\/wp\/v2\/tags?post=41978"}],"curies":[{"name":"wp","href":"https:\/\/api.w.org\/{rel}","templated":true}]}}