{"id":36389,"date":"2022-06-28T10:31:17","date_gmt":"2022-06-28T08:31:17","guid":{"rendered":"https:\/\/www.tibagroup.com\/impuesto-importacion-envases-plastico-no-reutilizable\/"},"modified":"2025-02-18T13:55:50","modified_gmt":"2025-02-18T12:55:50","slug":"impuesto-envases-plastico-no-reutilizable","status":"publish","type":"post","link":"https:\/\/www.tibagroup.com\/es\/comercio-internacional\/importar\/impuesto-envases-plastico-no-reutilizable","title":{"rendered":"Impuesto a la importaci\u00f3n de envases de pl\u00e1stico no reutilizable"},"content":{"rendered":"<p>Con la entrada en vigor de la <a href=\"https:\/\/www.boe.es\/buscar\/act.php?id=BOE-A-2022-5809\" target=\"_blank\" rel=\"noopener\">Ley 7\/2022, de 8 de abril<\/a>, de residuos y suelos contaminados para una econom\u00eda circular (LRSC), a partir de 1 de enero de 2023 se aplicar\u00e1 un nuevo impuesto que afectar\u00e1 a la importaci\u00f3n de envases de pl\u00e1stico no reutilizable.<\/p>\n<p>Seg\u00fan dicha ley, el impuesto grava la fabricaci\u00f3n, <strong>importaci\u00f3n y las adquisiciones intracomunitarias de los envases de pl\u00e1stico no reutilizables<\/strong>. Entre los productos m\u00e1s comunes que quedaran sujetos a este nuevo gravamen se encuentran:<\/p>\n<ul>\n<li>Los envases de pl\u00e1stico de un solo uso y destinados al \u00e1mbito alimentario como todo tipo de recipientes o envases de un solo uso destinados a otro tipo de industrias o en su caso, otro tipo de productos que, no teniendo la consideraci\u00f3n de envases, sean utilizados para envolver bienes o alimentos.<\/li>\n<li>Los envases no reutilizables que contengan pl\u00e1stico, los productos pl\u00e1sticos semielaborados destinados a la obtenci\u00f3n de envases no reutilizables y los productos que contengan pl\u00e1stico destinados a permitir el cierre, la comercializaci\u00f3n o la presentaci\u00f3n de envases no reutilizables<\/li>\n<\/ul>\n<p>La <strong>base imponible<\/strong> de este nuevo gravamen estar\u00e1 constituida por la cantidad de pl\u00e1stico no reciclado, expresado en kilogramos, contenida en los productos objeto del impuesto y el tipo impositivo ser\u00e1 de 0,45 \u20ac x Kilogramo.<\/p>\n<h2>Efectos de la Ley LRSC en la importaci\u00f3n de pl\u00e1sticos no reutilizables<\/h2>\n<p>En las <strong>importaciones<\/strong>, el devengo se producir\u00e1 conforme a lo previsto al efecto en relaci\u00f3n con el nacimiento de la deuda aduanera, nacimiento del impuesto a liquidar en el momento de la admisi\u00f3n del DUA y por tanto se deber\u00e1 consignar la <strong>cantidad de pl\u00e1stico no reciclado<\/strong> importado en el apartado que proceda de la <strong>declaraci\u00f3n aduanera de importaci\u00f3n<\/strong>.<\/p>\n<p>Entre otras <strong>exenciones<\/strong> tipificadas en la LRSC, existe una exenci\u00f3n del impuesto en la importaci\u00f3n o adquisici\u00f3n intracomunitaria de los envases no reutilizables que contengan pl\u00e1stico, siempre que el <strong>peso total del pl\u00e1stico no reciclado<\/strong> contenido en dichos envases objeto de la importaci\u00f3n o adquisici\u00f3n intracomunitaria no exceda de <strong>5 kilogramos en un mes.<\/strong><\/p>\n<p>Los <strong>importadores <\/strong>estar\u00e1n sujetos a la liquidaci\u00f3n del impuesto, pero a diferencia de los los adquirentes comunitarios, fabricantes comunitarios, as\u00ed como los representantes de los no establecidos en territorio espa\u00f1ol, <strong>no tendr\u00e1n obligaci\u00f3n<\/strong> de inscribirse en el registro territorial correspondiente a la Oficina Gestora de IIEE ni de la presentaci\u00f3n de <strong>autoliquidaci\u00f3n<\/strong> y\/o llevanza de <strong>contabilidad<\/strong> o <strong>registro<\/strong> de existencias.<\/p>\n<p>En cuanto a la importaci\u00f3n de <strong>pl\u00e1stico reciclado no sujeta a dicho impuesto<\/strong>, a partir del 1 de enero de 2024, la cantidad de pl\u00e1stico reciclado contenida en los productos que forman parte del \u00e1mbito objetivo del impuesto, deber\u00e1 ser certificada mediante una entidad acreditada para emitir certificaci\u00f3n al amparo de la norma UNE-EN 15343:2008.<\/p>\n<div class=\"bigtextblue\" style=\"text-align: center;\">Si tienes dudas sobre c\u00f3mo afectar\u00e1 este impuesto a tus importaciones en envases de pl\u00e1stico no reutilizables contacta con nuestro equipo de aduanas.<\/div>\n<div>\n<div  class='avia-button-wrap av-rgow77-0f8e806dc58276b40e0a03734b0acbd5-wrap avia-button-center  avia-builder-el-0  avia-builder-el-no-sibling '><a href=''  class='avia-button av-rgow77-0f8e806dc58276b40e0a03734b0acbd5 av-link-btn avia-icon_select-yes-left-icon avia-size-x-large avia-position-center avia-color-theme-color-highlight'  ><span class='avia_button_icon avia_button_icon_left' aria-hidden='true' data-av_icon='\ue805' data-av_iconfont='entypo-fontello'><\/span><span class='avia_iconbox_title' >\u00a1Cont\u00e1ctanos!<\/span><\/a><\/div>\n<\/div>\n","protected":false},"excerpt":{"rendered":"<p>Desde el 1 de enero de 2023 se aplicar\u00e1 un nuevo impuesto que afectar\u00e1 a la importaci\u00f3n de envases de pl\u00e1stico no reutilizable. \u00a1Inf\u00f3rmate!<\/p>\n","protected":false},"author":2,"featured_media":36390,"comment_status":"open","ping_status":"closed","sticky":false,"template":"","format":"standard","meta":{"footnotes":""},"categories":[325,326,621],"tags":[805],"class_list":["post-36389","post","type-post","status-publish","format-standard","has-post-thumbnail","hentry","category-aduanas","category-importar","category-normativas","tag-espana"],"yoast_head":"<!-- This site is optimized with the Yoast SEO plugin v27.4 - https:\/\/yoast.com\/product\/yoast-seo-wordpress\/ -->\n<title>Impuesto a la importaci\u00f3n de envases de pl\u00e1stico no reutilizable - TIBA<\/title>\n<meta name=\"description\" content=\"Desde el 1 de enero de 2023 se aplicar\u00e1 un nuevo impuesto que afectar\u00e1 a la importaci\u00f3n de envases de pl\u00e1stico no reutilizable. \u00a1Inf\u00f3rmate!\" \/>\n<meta name=\"robots\" content=\"index, follow, max-snippet:-1, max-image-preview:large, max-video-preview:-1\" \/>\n<link rel=\"canonical\" href=\"https:\/\/www.tibagroup.com\/es\/comercio-internacional\/importar\/impuesto-envases-plastico-no-reutilizable\" \/>\n<meta property=\"og:locale\" content=\"es_ES\" \/>\n<meta property=\"og:type\" content=\"article\" \/>\n<meta property=\"og:title\" content=\"Impuesto a la importaci\u00f3n de envases de pl\u00e1stico no reutilizable - TIBA\" \/>\n<meta property=\"og:description\" content=\"Desde el 1 de enero de 2023 se aplicar\u00e1 un nuevo impuesto que afectar\u00e1 a la importaci\u00f3n de envases de pl\u00e1stico no reutilizable. \u00a1Inf\u00f3rmate!\" \/>\n<meta property=\"og:url\" content=\"https:\/\/www.tibagroup.com\/es\/comercio-internacional\/importar\/impuesto-envases-plastico-no-reutilizable\" \/>\n<meta property=\"og:site_name\" content=\"TIBA\" \/>\n<meta property=\"article:published_time\" content=\"2022-06-28T08:31:17+00:00\" \/>\n<meta property=\"article:modified_time\" content=\"2025-02-18T12:55:50+00:00\" \/>\n<meta property=\"og:image\" content=\"https:\/\/www.tibagroup.com\/wp-content\/uploads\/2023\/11\/impuesto-importacion-plasticos-no-reutilizables.jpg\" \/>\n\t<meta property=\"og:image:width\" content=\"600\" \/>\n\t<meta property=\"og:image:height\" content=\"401\" \/>\n\t<meta property=\"og:image:type\" content=\"image\/jpeg\" \/>\n<meta name=\"author\" content=\"TIBA\" \/>\n<meta name=\"twitter:card\" content=\"summary_large_image\" \/>\n<meta name=\"twitter:creator\" content=\"@eaguado\" \/>\n<meta name=\"twitter:label1\" content=\"Written by\" \/>\n\t<meta name=\"twitter:data1\" content=\"TIBA\" \/>\n\t<meta name=\"twitter:label2\" content=\"Est. reading time\" \/>\n\t<meta name=\"twitter:data2\" content=\"3 minutes\" \/>\n<!-- \/ Yoast SEO plugin. -->","yoast_head_json":{"title":"Impuesto a la importaci\u00f3n de envases de pl\u00e1stico no reutilizable - TIBA","description":"Desde el 1 de enero de 2023 se aplicar\u00e1 un nuevo impuesto que afectar\u00e1 a la importaci\u00f3n de envases de pl\u00e1stico no reutilizable. \u00a1Inf\u00f3rmate!","robots":{"index":"index","follow":"follow","max-snippet":"max-snippet:-1","max-image-preview":"max-image-preview:large","max-video-preview":"max-video-preview:-1"},"canonical":"https:\/\/www.tibagroup.com\/es\/comercio-internacional\/importar\/impuesto-envases-plastico-no-reutilizable","og_locale":"es_ES","og_type":"article","og_title":"Impuesto a la importaci\u00f3n de envases de pl\u00e1stico no reutilizable - TIBA","og_description":"Desde el 1 de enero de 2023 se aplicar\u00e1 un nuevo impuesto que afectar\u00e1 a la importaci\u00f3n de envases de pl\u00e1stico no reutilizable. \u00a1Inf\u00f3rmate!","og_url":"https:\/\/www.tibagroup.com\/es\/comercio-internacional\/importar\/impuesto-envases-plastico-no-reutilizable","og_site_name":"TIBA","article_published_time":"2022-06-28T08:31:17+00:00","article_modified_time":"2025-02-18T12:55:50+00:00","og_image":[{"width":600,"height":401,"url":"https:\/\/www.tibagroup.com\/wp-content\/uploads\/2023\/11\/impuesto-importacion-plasticos-no-reutilizables.jpg","type":"image\/jpeg"}],"author":"TIBA","twitter_card":"summary_large_image","twitter_creator":"@eaguado","twitter_misc":{"Written by":"TIBA","Est. reading time":"3 minutes"},"schema":{"@context":"https:\/\/schema.org","@graph":[{"@type":"Article","@id":"https:\/\/www.tibagroup.com\/es\/comercio-internacional\/importar\/impuesto-envases-plastico-no-reutilizable#article","isPartOf":{"@id":"https:\/\/www.tibagroup.com\/es\/comercio-internacional\/importar\/impuesto-envases-plastico-no-reutilizable"},"author":{"name":"TIBA","@id":"https:\/\/www.tibagroup.com\/es#\/schema\/person\/05c092dcc51b7a515503f3d10c916094"},"headline":"Impuesto a la importaci\u00f3n de envases de pl\u00e1stico no reutilizable","datePublished":"2022-06-28T08:31:17+00:00","dateModified":"2025-02-18T12:55:50+00:00","mainEntityOfPage":{"@id":"https:\/\/www.tibagroup.com\/es\/comercio-internacional\/importar\/impuesto-envases-plastico-no-reutilizable"},"wordCount":584,"commentCount":0,"publisher":{"@id":"https:\/\/www.tibagroup.com\/es#organization"},"image":{"@id":"https:\/\/www.tibagroup.com\/es\/comercio-internacional\/importar\/impuesto-envases-plastico-no-reutilizable#primaryimage"},"thumbnailUrl":"https:\/\/www.tibagroup.com\/wp-content\/uploads\/2023\/11\/impuesto-importacion-plasticos-no-reutilizables.jpg","keywords":["Espa\u00f1a"],"articleSection":["Aduanas","Importar","Normativas"],"inLanguage":"es","potentialAction":[{"@type":"CommentAction","name":"Comment","target":["https:\/\/www.tibagroup.com\/es\/comercio-internacional\/importar\/impuesto-envases-plastico-no-reutilizable#respond"]}]},{"@type":"WebPage","@id":"https:\/\/www.tibagroup.com\/es\/comercio-internacional\/importar\/impuesto-envases-plastico-no-reutilizable","url":"https:\/\/www.tibagroup.com\/es\/comercio-internacional\/importar\/impuesto-envases-plastico-no-reutilizable","name":"Impuesto a la importaci\u00f3n de envases de pl\u00e1stico no reutilizable - TIBA","isPartOf":{"@id":"https:\/\/www.tibagroup.com\/es#website"},"primaryImageOfPage":{"@id":"https:\/\/www.tibagroup.com\/es\/comercio-internacional\/importar\/impuesto-envases-plastico-no-reutilizable#primaryimage"},"image":{"@id":"https:\/\/www.tibagroup.com\/es\/comercio-internacional\/importar\/impuesto-envases-plastico-no-reutilizable#primaryimage"},"thumbnailUrl":"https:\/\/www.tibagroup.com\/wp-content\/uploads\/2023\/11\/impuesto-importacion-plasticos-no-reutilizables.jpg","datePublished":"2022-06-28T08:31:17+00:00","dateModified":"2025-02-18T12:55:50+00:00","description":"Desde el 1 de enero de 2023 se aplicar\u00e1 un nuevo impuesto que afectar\u00e1 a la importaci\u00f3n de envases de pl\u00e1stico no reutilizable. \u00a1Inf\u00f3rmate!","breadcrumb":{"@id":"https:\/\/www.tibagroup.com\/es\/comercio-internacional\/importar\/impuesto-envases-plastico-no-reutilizable#breadcrumb"},"inLanguage":"es","potentialAction":[{"@type":"ReadAction","target":["https:\/\/www.tibagroup.com\/es\/comercio-internacional\/importar\/impuesto-envases-plastico-no-reutilizable"]}]},{"@type":"ImageObject","inLanguage":"es","@id":"https:\/\/www.tibagroup.com\/es\/comercio-internacional\/importar\/impuesto-envases-plastico-no-reutilizable#primaryimage","url":"https:\/\/www.tibagroup.com\/wp-content\/uploads\/2023\/11\/impuesto-importacion-plasticos-no-reutilizables.jpg","contentUrl":"https:\/\/www.tibagroup.com\/wp-content\/uploads\/2023\/11\/impuesto-importacion-plasticos-no-reutilizables.jpg","width":600,"height":401,"caption":"Impuesto a la importaci\u00f3n envases pl\u00e1sticos no reutilizables"},{"@type":"BreadcrumbList","@id":"https:\/\/www.tibagroup.com\/es\/comercio-internacional\/importar\/impuesto-envases-plastico-no-reutilizable#breadcrumb","itemListElement":[{"@type":"ListItem","position":1,"name":"In\u00edcio","item":"https:\/\/www.tibagroup.com\/es\/agente-carga-operador-logistico"},{"@type":"ListItem","position":2,"name":"Comercio internacional","item":"https:\/\/www.tibagroup.com\/es\/comercio-internacional"},{"@type":"ListItem","position":3,"name":"Importar","item":"https:\/\/www.tibagroup.com\/es\/comercio-internacional\/importar"},{"@type":"ListItem","position":4,"name":"Impuesto a la importaci\u00f3n de envases de pl\u00e1stico no reutilizable"}]},{"@type":"WebSite","@id":"https:\/\/www.tibagroup.com\/es#website","url":"https:\/\/www.tibagroup.com\/es","name":"TIBA","description":"Log\u00edstica y transporte internacional.","publisher":{"@id":"https:\/\/www.tibagroup.com\/es#organization"},"potentialAction":[{"@type":"SearchAction","target":{"@type":"EntryPoint","urlTemplate":"https:\/\/www.tibagroup.com\/es?s={search_term_string}"},"query-input":{"@type":"PropertyValueSpecification","valueRequired":true,"valueName":"search_term_string"}}],"inLanguage":"es"},{"@type":"Organization","@id":"https:\/\/www.tibagroup.com\/es#organization","name":"TIBA","url":"https:\/\/www.tibagroup.com\/es","logo":{"@type":"ImageObject","inLanguage":"es","@id":"https:\/\/www.tibagroup.com\/es#\/schema\/logo\/image\/","url":"https:\/\/www.tibagroup.com\/wp-content\/uploads\/2024\/02\/logo-web-TIBA.png","contentUrl":"https:\/\/www.tibagroup.com\/wp-content\/uploads\/2024\/02\/logo-web-TIBA.png","width":352,"height":116,"caption":"TIBA"},"image":{"@id":"https:\/\/www.tibagroup.com\/es#\/schema\/logo\/image\/"}},{"@type":"Person","@id":"https:\/\/www.tibagroup.com\/es#\/schema\/person\/05c092dcc51b7a515503f3d10c916094","name":"TIBA","image":{"@type":"ImageObject","inLanguage":"es","@id":"https:\/\/secure.gravatar.com\/avatar\/fe41478412b0c43764499979d851fae89a1f174100b1c19a55e15c00fde1851d?s=96&d=mm&r=g","url":"https:\/\/secure.gravatar.com\/avatar\/fe41478412b0c43764499979d851fae89a1f174100b1c19a55e15c00fde1851d?s=96&d=mm&r=g","contentUrl":"https:\/\/secure.gravatar.com\/avatar\/fe41478412b0c43764499979d851fae89a1f174100b1c19a55e15c00fde1851d?s=96&d=mm&r=g","caption":"TIBA"},"sameAs":["https:\/\/x.com\/eaguado"]}]}},"_links":{"self":[{"href":"https:\/\/www.tibagroup.com\/es\/wp-json\/wp\/v2\/posts\/36389","targetHints":{"allow":["GET"]}}],"collection":[{"href":"https:\/\/www.tibagroup.com\/es\/wp-json\/wp\/v2\/posts"}],"about":[{"href":"https:\/\/www.tibagroup.com\/es\/wp-json\/wp\/v2\/types\/post"}],"author":[{"embeddable":true,"href":"https:\/\/www.tibagroup.com\/es\/wp-json\/wp\/v2\/users\/2"}],"replies":[{"embeddable":true,"href":"https:\/\/www.tibagroup.com\/es\/wp-json\/wp\/v2\/comments?post=36389"}],"version-history":[{"count":2,"href":"https:\/\/www.tibagroup.com\/es\/wp-json\/wp\/v2\/posts\/36389\/revisions"}],"predecessor-version":[{"id":68690,"href":"https:\/\/www.tibagroup.com\/es\/wp-json\/wp\/v2\/posts\/36389\/revisions\/68690"}],"wp:featuredmedia":[{"embeddable":true,"href":"https:\/\/www.tibagroup.com\/es\/wp-json\/wp\/v2\/media\/36390"}],"wp:attachment":[{"href":"https:\/\/www.tibagroup.com\/es\/wp-json\/wp\/v2\/media?parent=36389"}],"wp:term":[{"taxonomy":"category","embeddable":true,"href":"https:\/\/www.tibagroup.com\/es\/wp-json\/wp\/v2\/categories?post=36389"},{"taxonomy":"post_tag","embeddable":true,"href":"https:\/\/www.tibagroup.com\/es\/wp-json\/wp\/v2\/tags?post=36389"}],"curies":[{"name":"wp","href":"https:\/\/api.w.org\/{rel}","templated":true}]}}