{"id":36302,"date":"2021-10-06T09:44:41","date_gmt":"2021-10-06T07:44:41","guid":{"rendered":"https:\/\/www.tibagroup.com\/transformacion-digital-fundacion-lab\/"},"modified":"2025-05-09T13:25:24","modified_gmt":"2025-05-09T11:25:24","slug":"transformacion-digital-fundacion-lab","status":"publish","type":"post","link":"https:\/\/www.tibagroup.com\/es\/logistica\/digitalizacion\/transformacion-digital-fundacion-lab","title":{"rendered":"Apostamos por la transformaci\u00f3n digital con la Fundaci\u00f3n LAB"},"content":{"rendered":"<p>Nos sumamos al proyecto <a href=\"https:\/\/www.fundacionlab.es\/\" target=\"_blank\" rel=\"noopener\">Fundaci\u00f3n LAB Mediterr\u00e1neo<\/a>, impulsado por la <a href=\"https:\/\/www.ave.org.es\/\" target=\"_blank\" rel=\"noopener\">Asociaci\u00f3n Valenciana de Empresarios (AVE)<\/a>, para convertir la Comunidad Valenciana en un <strong>referente en emprendimiento, innovaci\u00f3n, tecnolog\u00eda e investigaci\u00f3n.<\/strong><\/p>\n<p>Esta iniciativa nos permitir\u00e1 contribuir en la aceleraci\u00f3n de la <strong>transformaci\u00f3n digital del sector log\u00edstico<\/strong> a nivel internacional de manera que, el efecto tractor que desea conseguir la Fundaci\u00f3n LAB no se limite a la Comunidad Valencia, sino que lo traslademos a nivel nacional e internacional.<\/p>\n<p>Tambi\u00e9n nosotros estamos listos para encabezar esa transformaci\u00f3n digital con el desarrollo y mejora continua de <strong>herramientas digitales<\/strong> propias como <a href=\"\/es\/tecnologia-innovacion-logistica\">MyTIBA<\/a>, que aplicadas a la cadena log\u00edstica permitan a nuestros clientes controlar todos sus procesos, hacer un seguimiento online y ontime de sus importaciones y exportaciones o disponer de toda la documentaci\u00f3n relativa a sus env\u00edos entre otros.<\/p>\n<h2>Fundaci\u00f3n LAB, tecnolog\u00eda e innovaci\u00f3n digital<\/h2>\n<p>La Fundaci\u00f3n LAB nace con el objetivo fomentar la <strong>creaci\u00f3n y la atracci\u00f3n de startups tecnol\u00f3gicas<\/strong> que creen un \u2018efecto tractor\u2019; apoyar a empresas de sectores no tecnol\u00f3gicos en su <strong>transformaci\u00f3n digital<\/strong>; favorecer la inversi\u00f3n privada en <strong>innovaci\u00f3n e I+D<\/strong> y ayudar a potenciar la <strong>investigaci\u00f3n<\/strong>. Para cumplir estos objetivos la asociaci\u00f3n llevar\u00e1 a cabo diferentes actuaciones en materia de <strong>comunicaci\u00f3n, divulgaci\u00f3n, generaci\u00f3n de conocimiento y apoyo a iniciativas<\/strong>\u00a0ya existentes.<\/p>\n<p>El <a href=\"https:\/\/www.fundacionlab.es\/fundacion-lab-reta-sociedad-valenciana-a-ser-referente\/\" target=\"_blank\" rel=\"noopener\">proyecto fue presentado<\/a> el pasado 29 de septiembre de Feria Valencia en un acto en el que adem\u00e1s se llev\u00f3 a cabo la primera actuaci\u00f3n en comunicaci\u00f3n con la presentaci\u00f3n del concepto creativo <strong>&#8220;Sociedad Ilimitada&#8221;<\/strong> entendido como &#8220;una sociedad que no tiene l\u00edmites cuando se trata de <strong>avanzar y mirar al futuro<\/strong>&#8220;.<\/p>\n<p>&nbsp;<\/p>\n<div class=\"cookieconsent-optin-marketing\">\n<p style=\"text-align: center;\"><iframe loading=\"lazy\" title=\"YouTube video player\" data-cookieconsent=\"statistics, marketing\" data-src=\"https:\/\/www.youtube.com\/embed\/BDAFTHrlbnc\" width=\"560\" height=\"315\" frameborder=\"0\" allowfullscreen=\"allowfullscreen\"><\/iframe><div class=\"cookieconsent-optout-statistics cookieconsent-optout-marketing\">Please accept <a href=\"javascript:Cookiebot.renew()\">statistics, marketing<\/a> cookies to watch this video.<\/div><\/p>\n<\/div>\n<div class=\"cookieconsent-optout-marketing\"><a class=\"show-cookiebot\" style=\"cursor: pointer; text-align: center;\"><img decoding=\"async\" class=\"aligncenter\" src=\"https:\/\/www.tibagroup.com\/wp-content\/uploads\/2024\/10\/TIBA-cookies-marketing-1-scaled.webp\" alt=\"\" width=\"638\" height=\"385\" \/><\/a><\/div>\n","protected":false},"excerpt":{"rendered":"<p>Nos sumamos al proyecto Fundaci\u00f3n LAB Mediterr\u00e1neo, impulsado por la Asociaci\u00f3n Valenciana de Empresarios (AVE), para convertir la Comunidad Valenciana en un referente en emprendimiento, innovaci\u00f3n, tecnolog\u00eda e investigaci\u00f3n. Esta iniciativa nos permitir\u00e1 contribuir en la aceleraci\u00f3n de la transformaci\u00f3n digital del sector log\u00edstico a nivel internacional de manera que, el efecto tractor que desea [&hellip;]<\/p>\n","protected":false},"author":2,"featured_media":36303,"comment_status":"open","ping_status":"closed","sticky":false,"template":"","format":"standard","meta":{"footnotes":""},"categories":[616,327],"tags":[805],"class_list":["post-36302","post","type-post","status-publish","format-standard","has-post-thumbnail","hentry","category-digitalizacion","category-eventos","tag-espana"],"yoast_head":"<!-- This site is optimized with the Yoast SEO plugin v27.5 - https:\/\/yoast.com\/product\/yoast-seo-wordpress\/ -->\n<title>Apostamos por la transformaci\u00f3n digital con la Fundaci\u00f3n LAB - TIBA<\/title>\n<meta name=\"description\" content=\"Nos unimos a la Fundaci\u00f3n LAB impulsado por la AVE para la transformaci\u00f3n digital de las empresas valencianas y el sector log\u00edstico \u00a1Conoce el proyecto!\" \/>\n<meta name=\"robots\" content=\"index, follow, max-snippet:-1, max-image-preview:large, max-video-preview:-1\" \/>\n<link rel=\"canonical\" href=\"https:\/\/www.tibagroup.com\/es\/logistica\/digitalizacion\/transformacion-digital-fundacion-lab\" \/>\n<meta property=\"og:locale\" content=\"es_ES\" \/>\n<meta property=\"og:type\" content=\"article\" \/>\n<meta property=\"og:title\" content=\"Apostamos por la transformaci\u00f3n digital con la Fundaci\u00f3n LAB - TIBA\" \/>\n<meta property=\"og:description\" content=\"Nos unimos a la Fundaci\u00f3n LAB impulsado por la AVE para la transformaci\u00f3n digital de las empresas valencianas y el sector log\u00edstico \u00a1Conoce el proyecto!\" \/>\n<meta property=\"og:url\" content=\"https:\/\/www.tibagroup.com\/es\/logistica\/digitalizacion\/transformacion-digital-fundacion-lab\" \/>\n<meta property=\"og:site_name\" content=\"TIBA\" \/>\n<meta property=\"article:published_time\" content=\"2021-10-06T07:44:41+00:00\" \/>\n<meta property=\"article:modified_time\" content=\"2025-05-09T11:25:24+00:00\" \/>\n<meta property=\"og:image\" content=\"https:\/\/www.tibagroup.com\/wp-content\/uploads\/2023\/11\/Presentacion_LAB_v3.jpg\" \/>\n\t<meta property=\"og:image:width\" content=\"850\" \/>\n\t<meta property=\"og:image:height\" content=\"435\" \/>\n\t<meta property=\"og:image:type\" content=\"image\/jpeg\" \/>\n<meta name=\"author\" content=\"TIBA\" \/>\n<meta name=\"twitter:card\" content=\"summary_large_image\" \/>\n<meta name=\"twitter:creator\" content=\"@eaguado\" \/>\n<meta name=\"twitter:label1\" content=\"Written by\" \/>\n\t<meta name=\"twitter:data1\" content=\"TIBA\" \/>\n\t<meta name=\"twitter:label2\" content=\"Est. reading time\" \/>\n\t<meta name=\"twitter:data2\" content=\"2 minutes\" \/>\n<!-- \/ Yoast SEO plugin. -->","yoast_head_json":{"title":"Apostamos por la transformaci\u00f3n digital con la Fundaci\u00f3n LAB - TIBA","description":"Nos unimos a la Fundaci\u00f3n LAB impulsado por la AVE para la transformaci\u00f3n digital de las empresas valencianas y el sector log\u00edstico \u00a1Conoce el proyecto!","robots":{"index":"index","follow":"follow","max-snippet":"max-snippet:-1","max-image-preview":"max-image-preview:large","max-video-preview":"max-video-preview:-1"},"canonical":"https:\/\/www.tibagroup.com\/es\/logistica\/digitalizacion\/transformacion-digital-fundacion-lab","og_locale":"es_ES","og_type":"article","og_title":"Apostamos por la transformaci\u00f3n digital con la Fundaci\u00f3n LAB - TIBA","og_description":"Nos unimos a la Fundaci\u00f3n LAB impulsado por la AVE para la transformaci\u00f3n digital de las empresas valencianas y el sector log\u00edstico \u00a1Conoce el proyecto!","og_url":"https:\/\/www.tibagroup.com\/es\/logistica\/digitalizacion\/transformacion-digital-fundacion-lab","og_site_name":"TIBA","article_published_time":"2021-10-06T07:44:41+00:00","article_modified_time":"2025-05-09T11:25:24+00:00","og_image":[{"width":850,"height":435,"url":"https:\/\/www.tibagroup.com\/wp-content\/uploads\/2023\/11\/Presentacion_LAB_v3.jpg","type":"image\/jpeg"}],"author":"TIBA","twitter_card":"summary_large_image","twitter_creator":"@eaguado","twitter_misc":{"Written by":"TIBA","Est. reading time":"2 minutes"},"schema":{"@context":"https:\/\/schema.org","@graph":[{"@type":"Article","@id":"https:\/\/www.tibagroup.com\/es\/logistica\/digitalizacion\/transformacion-digital-fundacion-lab#article","isPartOf":{"@id":"https:\/\/www.tibagroup.com\/es\/logistica\/digitalizacion\/transformacion-digital-fundacion-lab"},"author":{"name":"TIBA","@id":"https:\/\/www.tibagroup.com\/es#\/schema\/person\/05c092dcc51b7a515503f3d10c916094"},"headline":"Apostamos por la transformaci\u00f3n digital con la Fundaci\u00f3n LAB","datePublished":"2021-10-06T07:44:41+00:00","dateModified":"2025-05-09T11:25:24+00:00","mainEntityOfPage":{"@id":"https:\/\/www.tibagroup.com\/es\/logistica\/digitalizacion\/transformacion-digital-fundacion-lab"},"wordCount":311,"commentCount":0,"publisher":{"@id":"https:\/\/www.tibagroup.com\/es#organization"},"image":{"@id":"https:\/\/www.tibagroup.com\/es\/logistica\/digitalizacion\/transformacion-digital-fundacion-lab#primaryimage"},"thumbnailUrl":"https:\/\/www.tibagroup.com\/wp-content\/uploads\/2023\/11\/Presentacion_LAB_v3.jpg","keywords":["Espa\u00f1a"],"articleSection":["Digitalizaci\u00f3n","Eventos"],"inLanguage":"es","potentialAction":[{"@type":"CommentAction","name":"Comment","target":["https:\/\/www.tibagroup.com\/es\/logistica\/digitalizacion\/transformacion-digital-fundacion-lab#respond"]}]},{"@type":"WebPage","@id":"https:\/\/www.tibagroup.com\/es\/logistica\/digitalizacion\/transformacion-digital-fundacion-lab","url":"https:\/\/www.tibagroup.com\/es\/logistica\/digitalizacion\/transformacion-digital-fundacion-lab","name":"Apostamos por la transformaci\u00f3n digital con la Fundaci\u00f3n LAB - TIBA","isPartOf":{"@id":"https:\/\/www.tibagroup.com\/es#website"},"primaryImageOfPage":{"@id":"https:\/\/www.tibagroup.com\/es\/logistica\/digitalizacion\/transformacion-digital-fundacion-lab#primaryimage"},"image":{"@id":"https:\/\/www.tibagroup.com\/es\/logistica\/digitalizacion\/transformacion-digital-fundacion-lab#primaryimage"},"thumbnailUrl":"https:\/\/www.tibagroup.com\/wp-content\/uploads\/2023\/11\/Presentacion_LAB_v3.jpg","datePublished":"2021-10-06T07:44:41+00:00","dateModified":"2025-05-09T11:25:24+00:00","description":"Nos unimos a la Fundaci\u00f3n LAB impulsado por la AVE para la transformaci\u00f3n digital de las empresas valencianas y el sector log\u00edstico \u00a1Conoce el proyecto!","breadcrumb":{"@id":"https:\/\/www.tibagroup.com\/es\/logistica\/digitalizacion\/transformacion-digital-fundacion-lab#breadcrumb"},"inLanguage":"es","potentialAction":[{"@type":"ReadAction","target":["https:\/\/www.tibagroup.com\/es\/logistica\/digitalizacion\/transformacion-digital-fundacion-lab"]}]},{"@type":"ImageObject","inLanguage":"es","@id":"https:\/\/www.tibagroup.com\/es\/logistica\/digitalizacion\/transformacion-digital-fundacion-lab#primaryimage","url":"https:\/\/www.tibagroup.com\/wp-content\/uploads\/2023\/11\/Presentacion_LAB_v3.jpg","contentUrl":"https:\/\/www.tibagroup.com\/wp-content\/uploads\/2023\/11\/Presentacion_LAB_v3.jpg","width":850,"height":435,"caption":"Presentaci\u00f3n Fundaci\u00f3n LAB"},{"@type":"BreadcrumbList","@id":"https:\/\/www.tibagroup.com\/es\/logistica\/digitalizacion\/transformacion-digital-fundacion-lab#breadcrumb","itemListElement":[{"@type":"ListItem","position":1,"name":"In\u00edcio","item":"https:\/\/www.tibagroup.com\/es\/agente-carga-operador-logistico"},{"@type":"ListItem","position":2,"name":"Log\u00edstica","item":"https:\/\/www.tibagroup.com\/es\/logistica"},{"@type":"ListItem","position":3,"name":"Digitalizaci\u00f3n","item":"https:\/\/www.tibagroup.com\/es\/logistica\/digitalizacion"},{"@type":"ListItem","position":4,"name":"Apostamos por la transformaci\u00f3n digital con la Fundaci\u00f3n LAB"}]},{"@type":"WebSite","@id":"https:\/\/www.tibagroup.com\/es#website","url":"https:\/\/www.tibagroup.com\/es","name":"TIBA","description":"Log\u00edstica y transporte internacional.","publisher":{"@id":"https:\/\/www.tibagroup.com\/es#organization"},"potentialAction":[{"@type":"SearchAction","target":{"@type":"EntryPoint","urlTemplate":"https:\/\/www.tibagroup.com\/es?s={search_term_string}"},"query-input":{"@type":"PropertyValueSpecification","valueRequired":true,"valueName":"search_term_string"}}],"inLanguage":"es"},{"@type":"Organization","@id":"https:\/\/www.tibagroup.com\/es#organization","name":"TIBA","url":"https:\/\/www.tibagroup.com\/es","logo":{"@type":"ImageObject","inLanguage":"es","@id":"https:\/\/www.tibagroup.com\/es#\/schema\/logo\/image\/","url":"https:\/\/www.tibagroup.com\/wp-content\/uploads\/2024\/02\/logo-web-TIBA.png","contentUrl":"https:\/\/www.tibagroup.com\/wp-content\/uploads\/2024\/02\/logo-web-TIBA.png","width":352,"height":116,"caption":"TIBA"},"image":{"@id":"https:\/\/www.tibagroup.com\/es#\/schema\/logo\/image\/"}},{"@type":"Person","@id":"https:\/\/www.tibagroup.com\/es#\/schema\/person\/05c092dcc51b7a515503f3d10c916094","name":"TIBA","image":{"@type":"ImageObject","inLanguage":"es","@id":"https:\/\/secure.gravatar.com\/avatar\/fe41478412b0c43764499979d851fae89a1f174100b1c19a55e15c00fde1851d?s=96&d=mm&r=g","url":"https:\/\/secure.gravatar.com\/avatar\/fe41478412b0c43764499979d851fae89a1f174100b1c19a55e15c00fde1851d?s=96&d=mm&r=g","contentUrl":"https:\/\/secure.gravatar.com\/avatar\/fe41478412b0c43764499979d851fae89a1f174100b1c19a55e15c00fde1851d?s=96&d=mm&r=g","caption":"TIBA"},"sameAs":["https:\/\/x.com\/eaguado"]}]}},"_links":{"self":[{"href":"https:\/\/www.tibagroup.com\/es\/wp-json\/wp\/v2\/posts\/36302","targetHints":{"allow":["GET"]}}],"collection":[{"href":"https:\/\/www.tibagroup.com\/es\/wp-json\/wp\/v2\/posts"}],"about":[{"href":"https:\/\/www.tibagroup.com\/es\/wp-json\/wp\/v2\/types\/post"}],"author":[{"embeddable":true,"href":"https:\/\/www.tibagroup.com\/es\/wp-json\/wp\/v2\/users\/2"}],"replies":[{"embeddable":true,"href":"https:\/\/www.tibagroup.com\/es\/wp-json\/wp\/v2\/comments?post=36302"}],"version-history":[{"count":8,"href":"https:\/\/www.tibagroup.com\/es\/wp-json\/wp\/v2\/posts\/36302\/revisions"}],"predecessor-version":[{"id":73122,"href":"https:\/\/www.tibagroup.com\/es\/wp-json\/wp\/v2\/posts\/36302\/revisions\/73122"}],"wp:featuredmedia":[{"embeddable":true,"href":"https:\/\/www.tibagroup.com\/es\/wp-json\/wp\/v2\/media\/36303"}],"wp:attachment":[{"href":"https:\/\/www.tibagroup.com\/es\/wp-json\/wp\/v2\/media?parent=36302"}],"wp:term":[{"taxonomy":"category","embeddable":true,"href":"https:\/\/www.tibagroup.com\/es\/wp-json\/wp\/v2\/categories?post=36302"},{"taxonomy":"post_tag","embeddable":true,"href":"https:\/\/www.tibagroup.com\/es\/wp-json\/wp\/v2\/tags?post=36302"}],"curies":[{"name":"wp","href":"https:\/\/api.w.org\/{rel}","templated":true}]}}