{"id":35803,"date":"2019-05-31T09:36:28","date_gmt":"2019-05-31T07:36:28","guid":{"rendered":"https:\/\/www.tibagroup.com\/vacunacion-infantil-2019\/"},"modified":"2025-02-11T09:27:36","modified_gmt":"2025-02-11T08:27:36","slug":"vacunacion-infantil-2019","status":"publish","type":"post","link":"https:\/\/www.tibagroup.com\/es\/comunicacion\/rsc\/vacunacion-infantil-2019","title":{"rendered":"Un a\u00f1o m\u00e1s con la Alianza Empresarial para la vacunaci\u00f3n infantil"},"content":{"rendered":"<p>Por tercer a\u00f1o consecutivo, renovamos nuestro compromiso con la Alianza Empresarial\u00a0para la vacunaci\u00f3n infantil.\u00a0Tambi\u00e9n este a\u00f1o, hemos querido mantener nuestra aportaci\u00f3n anual al proyecto gestionado por la Fundaci\u00f3n Bancaria &#8220;La Caixa&#8221;, como parte de nuestro programa de responsabilidad social corporativa.<\/p>\n<p>La Fundaci\u00f3n Bancaria &#8220;La Caixa&#8221; act\u00faa como socio privado de Gavi, the Vaccine Alliance en Europa, y promueve y canaliza las ayudas de empresas espa\u00f1olas garantizando que estas aportaciones se destinan \u00edntegramente a esta causa.<\/p>\n<div class=\"bigtextblue\" style=\"text-align: center;\">Gracias al proyecto Alianza Empresarial para la vacunaci\u00f3n infantil se ha vacunado m\u00e1s de 4&#8217;5 millones de ni\u00f1os y se han evitado 10 millones de muertes.<\/div>\n<p>&nbsp;<\/p>\n","protected":false},"excerpt":{"rendered":"<p>Por tercer a\u00f1o consecutivo, renovamos nuestro compromiso con la Alianza Empresarial\u00a0para la vacunaci\u00f3n infantil.\u00a0Tambi\u00e9n este a\u00f1o, hemos querido mantener nuestra aportaci\u00f3n anual al proyecto gestionado por la Fundaci\u00f3n Bancaria &#8220;La Caixa&#8221;, como parte de nuestro programa de responsabilidad social corporativa. La Fundaci\u00f3n Bancaria &#8220;La Caixa&#8221; act\u00faa como socio privado de Gavi, the Vaccine Alliance en [&hellip;]<\/p>\n","protected":false},"author":2,"featured_media":35804,"comment_status":"open","ping_status":"closed","sticky":false,"template":"","format":"standard","meta":{"footnotes":""},"categories":[854],"tags":[805],"class_list":["post-35803","post","type-post","status-publish","format-standard","has-post-thumbnail","hentry","category-rsc","tag-espana"],"yoast_head":"<!-- This site is optimized with the Yoast SEO plugin v27.5 - https:\/\/yoast.com\/product\/yoast-seo-wordpress\/ -->\n<title>Nueva colaboraci\u00f3n para la vacunaci\u00f3n infantil | TIBA<\/title>\n<meta name=\"description\" content=\"Mantenemos un a\u00f1o m\u00e1s nuestro compromiso con la vacunaci\u00f3n infantil a trav\u00e9s de Gavi the Vaccine Alliance.\" \/>\n<meta name=\"robots\" content=\"index, follow, max-snippet:-1, max-image-preview:large, max-video-preview:-1\" \/>\n<link rel=\"canonical\" href=\"https:\/\/www.tibagroup.com\/es\/comunicacion\/rsc\/vacunacion-infantil-2019\" \/>\n<meta property=\"og:locale\" content=\"es_ES\" \/>\n<meta property=\"og:type\" content=\"article\" \/>\n<meta property=\"og:title\" content=\"Nueva colaboraci\u00f3n para la vacunaci\u00f3n infantil | TIBA\" \/>\n<meta property=\"og:description\" content=\"Mantenemos un a\u00f1o m\u00e1s nuestro compromiso con la vacunaci\u00f3n infantil a trav\u00e9s de Gavi the Vaccine Alliance.\" \/>\n<meta property=\"og:url\" content=\"https:\/\/www.tibagroup.com\/es\/comunicacion\/rsc\/vacunacion-infantil-2019\" \/>\n<meta property=\"og:site_name\" content=\"TIBA\" \/>\n<meta property=\"article:published_time\" content=\"2019-05-31T07:36:28+00:00\" \/>\n<meta property=\"article:modified_time\" content=\"2025-02-11T08:27:36+00:00\" \/>\n<meta property=\"og:image\" content=\"https:\/\/www.tibagroup.com\/wp-content\/uploads\/2023\/11\/vacunacion_infantil_gavi_tiba_2019.jpg\" \/>\n\t<meta property=\"og:image:width\" content=\"847\" \/>\n\t<meta property=\"og:image:height\" content=\"449\" \/>\n\t<meta property=\"og:image:type\" content=\"image\/jpeg\" \/>\n<meta name=\"author\" content=\"TIBA\" \/>\n<meta name=\"twitter:card\" content=\"summary_large_image\" \/>\n<meta name=\"twitter:creator\" content=\"@eaguado\" \/>\n<meta name=\"twitter:label1\" content=\"Written by\" \/>\n\t<meta name=\"twitter:data1\" content=\"TIBA\" \/>\n\t<meta name=\"twitter:label2\" content=\"Est. reading time\" \/>\n\t<meta name=\"twitter:data2\" content=\"1 minute\" \/>\n<!-- \/ Yoast SEO plugin. -->","yoast_head_json":{"title":"Nueva colaboraci\u00f3n para la vacunaci\u00f3n infantil | TIBA","description":"Mantenemos un a\u00f1o m\u00e1s nuestro compromiso con la vacunaci\u00f3n infantil a trav\u00e9s de Gavi the Vaccine Alliance.","robots":{"index":"index","follow":"follow","max-snippet":"max-snippet:-1","max-image-preview":"max-image-preview:large","max-video-preview":"max-video-preview:-1"},"canonical":"https:\/\/www.tibagroup.com\/es\/comunicacion\/rsc\/vacunacion-infantil-2019","og_locale":"es_ES","og_type":"article","og_title":"Nueva colaboraci\u00f3n para la vacunaci\u00f3n infantil | TIBA","og_description":"Mantenemos un a\u00f1o m\u00e1s nuestro compromiso con la vacunaci\u00f3n infantil a trav\u00e9s de Gavi the Vaccine Alliance.","og_url":"https:\/\/www.tibagroup.com\/es\/comunicacion\/rsc\/vacunacion-infantil-2019","og_site_name":"TIBA","article_published_time":"2019-05-31T07:36:28+00:00","article_modified_time":"2025-02-11T08:27:36+00:00","og_image":[{"width":847,"height":449,"url":"https:\/\/www.tibagroup.com\/wp-content\/uploads\/2023\/11\/vacunacion_infantil_gavi_tiba_2019.jpg","type":"image\/jpeg"}],"author":"TIBA","twitter_card":"summary_large_image","twitter_creator":"@eaguado","twitter_misc":{"Written by":"TIBA","Est. reading time":"1 minute"},"schema":{"@context":"https:\/\/schema.org","@graph":[{"@type":"Article","@id":"https:\/\/www.tibagroup.com\/es\/comunicacion\/rsc\/vacunacion-infantil-2019#article","isPartOf":{"@id":"https:\/\/www.tibagroup.com\/es\/comunicacion\/rsc\/vacunacion-infantil-2019"},"author":{"name":"TIBA","@id":"https:\/\/www.tibagroup.com\/es#\/schema\/person\/05c092dcc51b7a515503f3d10c916094"},"headline":"Un a\u00f1o m\u00e1s con la Alianza Empresarial para la vacunaci\u00f3n infantil","datePublished":"2019-05-31T07:36:28+00:00","dateModified":"2025-02-11T08:27:36+00:00","mainEntityOfPage":{"@id":"https:\/\/www.tibagroup.com\/es\/comunicacion\/rsc\/vacunacion-infantil-2019"},"wordCount":128,"commentCount":2,"publisher":{"@id":"https:\/\/www.tibagroup.com\/es#organization"},"image":{"@id":"https:\/\/www.tibagroup.com\/es\/comunicacion\/rsc\/vacunacion-infantil-2019#primaryimage"},"thumbnailUrl":"https:\/\/www.tibagroup.com\/wp-content\/uploads\/2023\/11\/vacunacion_infantil_gavi_tiba_2019.jpg","keywords":["Espa\u00f1a"],"articleSection":["RSC"],"inLanguage":"es","potentialAction":[{"@type":"CommentAction","name":"Comment","target":["https:\/\/www.tibagroup.com\/es\/comunicacion\/rsc\/vacunacion-infantil-2019#respond"]}]},{"@type":"WebPage","@id":"https:\/\/www.tibagroup.com\/es\/comunicacion\/rsc\/vacunacion-infantil-2019","url":"https:\/\/www.tibagroup.com\/es\/comunicacion\/rsc\/vacunacion-infantil-2019","name":"Nueva colaboraci\u00f3n para la vacunaci\u00f3n infantil | TIBA","isPartOf":{"@id":"https:\/\/www.tibagroup.com\/es#website"},"primaryImageOfPage":{"@id":"https:\/\/www.tibagroup.com\/es\/comunicacion\/rsc\/vacunacion-infantil-2019#primaryimage"},"image":{"@id":"https:\/\/www.tibagroup.com\/es\/comunicacion\/rsc\/vacunacion-infantil-2019#primaryimage"},"thumbnailUrl":"https:\/\/www.tibagroup.com\/wp-content\/uploads\/2023\/11\/vacunacion_infantil_gavi_tiba_2019.jpg","datePublished":"2019-05-31T07:36:28+00:00","dateModified":"2025-02-11T08:27:36+00:00","description":"Mantenemos un a\u00f1o m\u00e1s nuestro compromiso con la vacunaci\u00f3n infantil a trav\u00e9s de Gavi the Vaccine Alliance.","breadcrumb":{"@id":"https:\/\/www.tibagroup.com\/es\/comunicacion\/rsc\/vacunacion-infantil-2019#breadcrumb"},"inLanguage":"es","potentialAction":[{"@type":"ReadAction","target":["https:\/\/www.tibagroup.com\/es\/comunicacion\/rsc\/vacunacion-infantil-2019"]}]},{"@type":"ImageObject","inLanguage":"es","@id":"https:\/\/www.tibagroup.com\/es\/comunicacion\/rsc\/vacunacion-infantil-2019#primaryimage","url":"https:\/\/www.tibagroup.com\/wp-content\/uploads\/2023\/11\/vacunacion_infantil_gavi_tiba_2019.jpg","contentUrl":"https:\/\/www.tibagroup.com\/wp-content\/uploads\/2023\/11\/vacunacion_infantil_gavi_tiba_2019.jpg","width":847,"height":449},{"@type":"BreadcrumbList","@id":"https:\/\/www.tibagroup.com\/es\/comunicacion\/rsc\/vacunacion-infantil-2019#breadcrumb","itemListElement":[{"@type":"ListItem","position":1,"name":"In\u00edcio","item":"https:\/\/www.tibagroup.com\/es\/agente-carga-operador-logistico"},{"@type":"ListItem","position":2,"name":"Comunicaci\u00f3n y prensa","item":"https:\/\/www.tibagroup.com\/es\/comunicacion"},{"@type":"ListItem","position":3,"name":"RSC","item":"https:\/\/www.tibagroup.com\/es\/comunicacion\/rsc"},{"@type":"ListItem","position":4,"name":"Un a\u00f1o m\u00e1s con la Alianza Empresarial para la vacunaci\u00f3n infantil"}]},{"@type":"WebSite","@id":"https:\/\/www.tibagroup.com\/es#website","url":"https:\/\/www.tibagroup.com\/es","name":"TIBA","description":"Log\u00edstica y transporte internacional.","publisher":{"@id":"https:\/\/www.tibagroup.com\/es#organization"},"potentialAction":[{"@type":"SearchAction","target":{"@type":"EntryPoint","urlTemplate":"https:\/\/www.tibagroup.com\/es?s={search_term_string}"},"query-input":{"@type":"PropertyValueSpecification","valueRequired":true,"valueName":"search_term_string"}}],"inLanguage":"es"},{"@type":"Organization","@id":"https:\/\/www.tibagroup.com\/es#organization","name":"TIBA","url":"https:\/\/www.tibagroup.com\/es","logo":{"@type":"ImageObject","inLanguage":"es","@id":"https:\/\/www.tibagroup.com\/es#\/schema\/logo\/image\/","url":"https:\/\/www.tibagroup.com\/wp-content\/uploads\/2024\/02\/logo-web-TIBA.png","contentUrl":"https:\/\/www.tibagroup.com\/wp-content\/uploads\/2024\/02\/logo-web-TIBA.png","width":352,"height":116,"caption":"TIBA"},"image":{"@id":"https:\/\/www.tibagroup.com\/es#\/schema\/logo\/image\/"}},{"@type":"Person","@id":"https:\/\/www.tibagroup.com\/es#\/schema\/person\/05c092dcc51b7a515503f3d10c916094","name":"TIBA","image":{"@type":"ImageObject","inLanguage":"es","@id":"https:\/\/secure.gravatar.com\/avatar\/fe41478412b0c43764499979d851fae89a1f174100b1c19a55e15c00fde1851d?s=96&d=mm&r=g","url":"https:\/\/secure.gravatar.com\/avatar\/fe41478412b0c43764499979d851fae89a1f174100b1c19a55e15c00fde1851d?s=96&d=mm&r=g","contentUrl":"https:\/\/secure.gravatar.com\/avatar\/fe41478412b0c43764499979d851fae89a1f174100b1c19a55e15c00fde1851d?s=96&d=mm&r=g","caption":"TIBA"},"sameAs":["https:\/\/x.com\/eaguado"]}]}},"_links":{"self":[{"href":"https:\/\/www.tibagroup.com\/es\/wp-json\/wp\/v2\/posts\/35803","targetHints":{"allow":["GET"]}}],"collection":[{"href":"https:\/\/www.tibagroup.com\/es\/wp-json\/wp\/v2\/posts"}],"about":[{"href":"https:\/\/www.tibagroup.com\/es\/wp-json\/wp\/v2\/types\/post"}],"author":[{"embeddable":true,"href":"https:\/\/www.tibagroup.com\/es\/wp-json\/wp\/v2\/users\/2"}],"replies":[{"embeddable":true,"href":"https:\/\/www.tibagroup.com\/es\/wp-json\/wp\/v2\/comments?post=35803"}],"version-history":[{"count":2,"href":"https:\/\/www.tibagroup.com\/es\/wp-json\/wp\/v2\/posts\/35803\/revisions"}],"predecessor-version":[{"id":67315,"href":"https:\/\/www.tibagroup.com\/es\/wp-json\/wp\/v2\/posts\/35803\/revisions\/67315"}],"wp:featuredmedia":[{"embeddable":true,"href":"https:\/\/www.tibagroup.com\/es\/wp-json\/wp\/v2\/media\/35804"}],"wp:attachment":[{"href":"https:\/\/www.tibagroup.com\/es\/wp-json\/wp\/v2\/media?parent=35803"}],"wp:term":[{"taxonomy":"category","embeddable":true,"href":"https:\/\/www.tibagroup.com\/es\/wp-json\/wp\/v2\/categories?post=35803"},{"taxonomy":"post_tag","embeddable":true,"href":"https:\/\/www.tibagroup.com\/es\/wp-json\/wp\/v2\/tags?post=35803"}],"curies":[{"name":"wp","href":"https:\/\/api.w.org\/{rel}","templated":true}]}}