{"id":35657,"date":"2019-03-21T08:43:16","date_gmt":"2019-03-21T07:43:16","guid":{"rendered":"https:\/\/www.tibagroup.com\/acuerdo-comercial-ue-japon\/"},"modified":"2025-02-18T10:14:58","modified_gmt":"2025-02-18T09:14:58","slug":"acuerdo-comercial-ue-jp","status":"publish","type":"post","link":"https:\/\/www.tibagroup.com\/es\/comercio-internacional\/acuerdos\/acuerdo-comercial-ue-jp","title":{"rendered":"Nuevo acuerdo comercial entre la Uni\u00f3n Europea y Jap\u00f3n"},"content":{"rendered":"<section  class='av_textblock_section av-1grstpl-18892f279452995460ae3d6abc422f90 '  ><div class='avia_textblock' ><h2>El acuerdo econ\u00f3mico entre UE y Jap\u00f3n entra en vigor<\/h2>\n<p>El pasado 1 de febrero de 2019 entr\u00f3 en vigor el Acuerdo comercial entre la Uni\u00f3n Europea (UE) y Jap\u00f3n que elimina la mayor\u00eda de aranceles de manera inmediata en algunos productos y progresiva a lo largo de los pr\u00f3ximos 15 a\u00f1os.<\/p>\n<p>Jap\u00f3n, deja fuera de este acuerdo algunos productos que quiere proteger como el arroz, pero otros como el vino, ya est\u00e1n benefici\u00e1ndose de este tratado de libre comercio y han pasado del 15% de arancel al 0% y es que el acuerdo comercial supondr\u00e1 un ahorro por un valor aproximado de 1.000 millones de euros anuales.<\/p>\n<h3>Importar de Jap\u00f3n a la UE<\/h3>\n<p>El acuerdo comercial entre la UE y Jap\u00f3n, establece en el <a href=\"\/wp-content\/uploads\/2024\/01\/ANEXO-2-A_Acuerdo-comercial-UE-y-Japon.pdf\" target=\"_blank\" rel=\"noopener noreferrer\">Anexo 2-A<\/a>, un trato arancelario diferenciado para las mercanc\u00edas importadas desde Jap\u00f3n que ser\u00e1 reducido o nulo:<\/p>\n<ul>\n<li><strong>Reducci\u00f3n arancelaria progresiva:<\/strong> los productos cuyas partidas est\u00e1n indicadas en el cuadro del <a href=\"\/wp-content\/uploads\/2024\/01\/ANEXO-2-A_Acuerdo-comercial-UE-y-Japon.pdf\" target=\"_blank\" rel=\"noopener noreferrer\">Anexo 2-A<\/a> ir\u00e1n viendo reducido el arancel seg\u00fan el calendario del anexo.<\/li>\n<li><strong>Eliminaci\u00f3n inmediata:<\/strong> el resto de partidas que no est\u00e9n en el cuadro, son mercanc\u00edas originarias cuyos derechos de aduana se han eliminado por completo desde la fecha de entrada en vigor del Acuerdo, es decir, desde el 1 de febrero pagan 0%.<\/li>\n<\/ul>\n<h3>C\u00f3mo beneficiarse de la reducci\u00f3n y\/o eliminaci\u00f3n arancelaria entre UE y Jap\u00f3n<\/h3>\n<p>Para beneficiarse del acuerdo se deben cumplir los siguiente requisitos:<\/p>\n<\/div><\/section>\n<div  class='avia-icon-list-container av-3o3qmut-b7e5688b8149058a86e269967deedc9c  avia-builder-el-1  el_after_av_textblock  el_before_av_textblock '><ul class='avia-icon-list avia_animate_when_almost_visible avia-icon-list-left av-iconlist-big av-3o3qmut-b7e5688b8149058a86e269967deedc9c avia-iconlist-animate'>\n<li><div class='iconlist_icon av-2upkxed-02c33af43a473a1879c650843b4e2bae avia-font-entypo-fontello'><span class='iconlist-char' aria-hidden='true' data-av_icon='\ue8b1' data-av_iconfont='entypo-fontello'><\/span><\/div><article class=\"article-icon-entry \" ><div class=\"iconlist_content_wrap\"><header class=\"entry-content-header\"><h4 class='av_iconlist_title iconlist_title  ' >La mercanc\u00eda debe ser originaria de Jap\u00f3n<\/h4><\/header><div class='iconlist_content ' ><p>Seg\u00fan el <a href=\"\/wp-content\/uploads\/2024\/01\/ANEXO-3-B_Acuerdo-comercial-UE-y-Japon.pdf\" target=\"_blank\" rel=\"noopener noreferrer\">Anexo 3-B<\/a> del acuerdo tambi\u00e9n se considerar\u00e1n de origen japon\u00e9s las manufacturas con alg\u00fan componente de otros pa\u00edses, siempre que represente un peque\u00f1o porcentaje del total del producto (nunca superior al 50%), la mayor\u00eda de sus componentes de origen japon\u00e9s y la transformaci\u00f3n del producto sea enteramente realizada en Jap\u00f3n.<\/p>\n<\/div><\/div><footer class=\"entry-footer\"><\/footer><\/article><div class=\"iconlist-timeline\"><\/div><\/li>\n<li><div class='iconlist_icon av-2epqh3p-5deba6c5e89da1df26d8805ae5d2e16a avia-font-entypo-fontello'><span class='iconlist-char' aria-hidden='true' data-av_icon='\ue840' data-av_iconfont='entypo-fontello'><\/span><\/div><article class=\"article-icon-entry \" ><div class=\"iconlist_content_wrap\"><header class=\"entry-content-header\"><h4 class='av_iconlist_title iconlist_title  ' >Demostrar el origen con informaci\u00f3n suficiente y relevante<\/h4><\/header><div class='iconlist_content ' ><p>Se presentar\u00e1 toda la documentaci\u00f3n del fabricante, exportador, etc. que sea necesaria para demostrar el origen. Si dicha informaci\u00f3n no fuese clara y suficiente, o no fuese aportada, se reservan el derecho de denegar el trato arancelario preferencial y hacer tributar la importaci\u00f3n seg\u00fan su arancel.<\/p>\n<\/div><\/div><footer class=\"entry-footer\"><\/footer><\/article><div class=\"iconlist-timeline\"><\/div><\/li>\n<li><div class='iconlist_icon av-1xkxedx-caa92e4e88162f6aeb4fd1910504d331 avia-font-entypo-fontello'><span class='iconlist-char' aria-hidden='true' data-av_icon='\ue84d' data-av_iconfont='entypo-fontello'><\/span><\/div><article class=\"article-icon-entry \" ><div class=\"iconlist_content_wrap\"><header class=\"entry-content-header\"><h4 class='av_iconlist_title iconlist_title  ' >Presentar un escrito que confirme el origen japon\u00e9s<\/h4><\/header><div class='iconlist_content ' ><p>La confirmaci\u00f3n del origen de la mercanc\u00eda la podr\u00e1n realizar el exportador o el importador:<\/p>\n<ul>\n<li>En una <strong>comunicaci\u00f3n<\/strong> sobre el origen en la que el <strong>exportador japon\u00e9s declare que el producto es originario<\/strong>. Este texto puede estar en una factura comercial o en una carta a parte.<\/li>\n<li>En el <strong>conocimiento por parte del importador<\/strong>\u00a0de que el producto es originario. En este \u00faltimo caso, las autoridades aduaneras podr\u00e1n solicitar al importador una explicaci\u00f3n, en la medida en que este pueda aportarla, en la que ponga de manifiesto que el producto satisface los requisitos en materia de origen. Este comunicado tiene que estar en una carta a parte.<\/li>\n<\/ul>\n<\/div><\/div><footer class=\"entry-footer\"><\/footer><\/article><div class=\"iconlist-timeline\"><\/div><\/li>\n<\/ul><\/div>\n<section  class='av_textblock_section av-136gnm1-9b941f57fbbc38104118b077f97956a6 '  ><div class='avia_textblock' ><p>En cualquier caso, la Aduana, se reserva el derecho de solicitar informaci\u00f3n adicional al importador (tanto durante el despacho como posteriormente y durante un plazo m\u00e1ximo de 5 a\u00f1os), que confirme el origen japon\u00e9s del material importado. El importador deber\u00e1 aportar dicha documentaci\u00f3n en un plazo m\u00e1ximo de 3 meses.<\/p>\n<h3>Exportar a Jap\u00f3n desde la UE<\/h3>\n<p>Si el exportador europeo env\u00eda mercanc\u00eda a Jap\u00f3n, el importador en destino tambi\u00e9n puede beneficiarse de la reducci\u00f3n o anulaci\u00f3n arancelaria en Jap\u00f3n, para ello debe indicar en la factura o en una carta aparte el mismo texto que el exportador japon\u00e9s indicando su n\u00famero de registro REX.<\/p>\n<\/div><\/section>\n\n<style type=\"text\/css\" data-created_by=\"avia_inline_auto\" id=\"style-css-av-1s0l1bp-20654dd77d93eccf3ad19143da66b89e\">\n#top .hr.hr-invisible.av-1s0l1bp-20654dd77d93eccf3ad19143da66b89e{\nheight:20px;\n}\n<\/style>\n<div  class='hr av-1s0l1bp-20654dd77d93eccf3ad19143da66b89e hr-invisible  avia-builder-el-3  el_after_av_textblock  el_before_av_hr '><span class='hr-inner '><span class=\"hr-inner-style\"><\/span><\/span><\/div>\n\n<style type=\"text\/css\" data-created_by=\"avia_inline_auto\" id=\"style-css-av-qetm0l-88fc1058444296d8c93398ce7306f047\">\n#top .hr.hr-invisible.av-qetm0l-88fc1058444296d8c93398ce7306f047{\nheight:20px;\n}\n<\/style>\n<div  class='hr av-qetm0l-88fc1058444296d8c93398ce7306f047 hr-invisible  avia-builder-el-4  el_after_av_hr  el_before_av_textblock '><span class='hr-inner '><span class=\"hr-inner-style\"><\/span><\/span><\/div>\n<section  class='av_textblock_section av-mxmk2x-12ae89e4588f2ab2be6fda0bd187868e '  ><div class='avia_textblock' ><p>Por <a href=\"https:\/\/www.linkedin.com\/in\/arantxa-revert-vidal-4aa73430\/\" target=\"_blank\" rel=\"author noopener noreferrer nofollow\">Arantxa Revert<\/a><br \/>\nCustoms Manager<\/p>\n<\/div><\/section>\n","protected":false},"excerpt":{"rendered":"<p>El acuerdo comercial entre la UE y Jap\u00f3n eliminar\u00e1 bien de inmediato bien progresivamente la mayor\u00eda de aranceles de las importaciones y exportaciones.<\/p>\n","protected":false},"author":2,"featured_media":35658,"comment_status":"open","ping_status":"closed","sticky":false,"template":"","format":"standard","meta":{"footnotes":""},"categories":[852],"tags":[805],"class_list":["post-35657","post","type-post","status-publish","format-standard","has-post-thumbnail","hentry","category-acuerdos","tag-espana"],"yoast_head":"<!-- This site is optimized with the Yoast SEO plugin v27.5 - https:\/\/yoast.com\/product\/yoast-seo-wordpress\/ -->\n<title>Acuerdo comercial entre la UE y Jap\u00f3n | TIBA<\/title>\n<meta name=\"description\" content=\"El acuerdo comercial entre la UE y Jap\u00f3n eliminar\u00e1 bien de inmediato bien progresivamente la mayor\u00eda de aranceles.\" \/>\n<meta name=\"robots\" content=\"index, follow, max-snippet:-1, max-image-preview:large, max-video-preview:-1\" \/>\n<link rel=\"canonical\" href=\"https:\/\/www.tibagroup.com\/es\/comercio-internacional\/acuerdos\/acuerdo-comercial-ue-jp\" \/>\n<meta property=\"og:locale\" content=\"es_ES\" \/>\n<meta property=\"og:type\" content=\"article\" \/>\n<meta property=\"og:title\" content=\"Acuerdo comercial entre la UE y Jap\u00f3n | TIBA\" \/>\n<meta property=\"og:description\" content=\"El acuerdo comercial entre la UE y Jap\u00f3n eliminar\u00e1 bien de inmediato bien progresivamente la mayor\u00eda de aranceles.\" \/>\n<meta property=\"og:url\" content=\"https:\/\/www.tibagroup.com\/es\/comercio-internacional\/acuerdos\/acuerdo-comercial-ue-jp\" \/>\n<meta property=\"og:site_name\" content=\"TIBA\" \/>\n<meta property=\"article:published_time\" content=\"2019-03-21T07:43:16+00:00\" \/>\n<meta property=\"article:modified_time\" content=\"2025-02-18T09:14:58+00:00\" \/>\n<meta property=\"og:image\" content=\"https:\/\/www.tibagroup.com\/wp-content\/uploads\/2023\/11\/acuerdo-comercial-ue-japon-2019.jpg\" \/>\n\t<meta property=\"og:image:width\" content=\"850\" \/>\n\t<meta property=\"og:image:height\" content=\"392\" \/>\n\t<meta property=\"og:image:type\" content=\"image\/jpeg\" \/>\n<meta name=\"author\" content=\"TIBA\" \/>\n<meta name=\"twitter:card\" content=\"summary_large_image\" \/>\n<meta name=\"twitter:creator\" content=\"@eaguado\" \/>\n<meta name=\"twitter:label1\" content=\"Written by\" \/>\n\t<meta name=\"twitter:data1\" content=\"TIBA\" \/>\n\t<meta name=\"twitter:label2\" content=\"Est. reading time\" \/>\n\t<meta name=\"twitter:data2\" content=\"3 minutes\" \/>\n<!-- \/ Yoast SEO plugin. -->","yoast_head_json":{"title":"Acuerdo comercial entre la UE y Jap\u00f3n | TIBA","description":"El acuerdo comercial entre la UE y Jap\u00f3n eliminar\u00e1 bien de inmediato bien progresivamente la mayor\u00eda de aranceles.","robots":{"index":"index","follow":"follow","max-snippet":"max-snippet:-1","max-image-preview":"max-image-preview:large","max-video-preview":"max-video-preview:-1"},"canonical":"https:\/\/www.tibagroup.com\/es\/comercio-internacional\/acuerdos\/acuerdo-comercial-ue-jp","og_locale":"es_ES","og_type":"article","og_title":"Acuerdo comercial entre la UE y Jap\u00f3n | TIBA","og_description":"El acuerdo comercial entre la UE y Jap\u00f3n eliminar\u00e1 bien de inmediato bien progresivamente la mayor\u00eda de aranceles.","og_url":"https:\/\/www.tibagroup.com\/es\/comercio-internacional\/acuerdos\/acuerdo-comercial-ue-jp","og_site_name":"TIBA","article_published_time":"2019-03-21T07:43:16+00:00","article_modified_time":"2025-02-18T09:14:58+00:00","og_image":[{"width":850,"height":392,"url":"https:\/\/www.tibagroup.com\/wp-content\/uploads\/2023\/11\/acuerdo-comercial-ue-japon-2019.jpg","type":"image\/jpeg"}],"author":"TIBA","twitter_card":"summary_large_image","twitter_creator":"@eaguado","twitter_misc":{"Written by":"TIBA","Est. reading time":"3 minutes"},"schema":{"@context":"https:\/\/schema.org","@graph":[{"@type":"Article","@id":"https:\/\/www.tibagroup.com\/es\/comercio-internacional\/acuerdos\/acuerdo-comercial-ue-jp#article","isPartOf":{"@id":"https:\/\/www.tibagroup.com\/es\/comercio-internacional\/acuerdos\/acuerdo-comercial-ue-jp"},"author":{"name":"TIBA","@id":"https:\/\/www.tibagroup.com\/es#\/schema\/person\/05c092dcc51b7a515503f3d10c916094"},"headline":"Nuevo acuerdo comercial entre la Uni\u00f3n Europea y Jap\u00f3n","datePublished":"2019-03-21T07:43:16+00:00","dateModified":"2025-02-18T09:14:58+00:00","mainEntityOfPage":{"@id":"https:\/\/www.tibagroup.com\/es\/comercio-internacional\/acuerdos\/acuerdo-comercial-ue-jp"},"wordCount":1011,"commentCount":1,"publisher":{"@id":"https:\/\/www.tibagroup.com\/es#organization"},"image":{"@id":"https:\/\/www.tibagroup.com\/es\/comercio-internacional\/acuerdos\/acuerdo-comercial-ue-jp#primaryimage"},"thumbnailUrl":"https:\/\/www.tibagroup.com\/wp-content\/uploads\/2023\/11\/acuerdo-comercial-ue-japon-2019.jpg","keywords":["Espa\u00f1a"],"articleSection":["Acuerdos"],"inLanguage":"es","potentialAction":[{"@type":"CommentAction","name":"Comment","target":["https:\/\/www.tibagroup.com\/es\/comercio-internacional\/acuerdos\/acuerdo-comercial-ue-jp#respond"]}]},{"@type":"WebPage","@id":"https:\/\/www.tibagroup.com\/es\/comercio-internacional\/acuerdos\/acuerdo-comercial-ue-jp","url":"https:\/\/www.tibagroup.com\/es\/comercio-internacional\/acuerdos\/acuerdo-comercial-ue-jp","name":"Acuerdo comercial entre la UE y Jap\u00f3n | TIBA","isPartOf":{"@id":"https:\/\/www.tibagroup.com\/es#website"},"primaryImageOfPage":{"@id":"https:\/\/www.tibagroup.com\/es\/comercio-internacional\/acuerdos\/acuerdo-comercial-ue-jp#primaryimage"},"image":{"@id":"https:\/\/www.tibagroup.com\/es\/comercio-internacional\/acuerdos\/acuerdo-comercial-ue-jp#primaryimage"},"thumbnailUrl":"https:\/\/www.tibagroup.com\/wp-content\/uploads\/2023\/11\/acuerdo-comercial-ue-japon-2019.jpg","datePublished":"2019-03-21T07:43:16+00:00","dateModified":"2025-02-18T09:14:58+00:00","description":"El acuerdo comercial entre la UE y Jap\u00f3n eliminar\u00e1 bien de inmediato bien progresivamente la mayor\u00eda de aranceles.","breadcrumb":{"@id":"https:\/\/www.tibagroup.com\/es\/comercio-internacional\/acuerdos\/acuerdo-comercial-ue-jp#breadcrumb"},"inLanguage":"es","potentialAction":[{"@type":"ReadAction","target":["https:\/\/www.tibagroup.com\/es\/comercio-internacional\/acuerdos\/acuerdo-comercial-ue-jp"]}]},{"@type":"ImageObject","inLanguage":"es","@id":"https:\/\/www.tibagroup.com\/es\/comercio-internacional\/acuerdos\/acuerdo-comercial-ue-jp#primaryimage","url":"https:\/\/www.tibagroup.com\/wp-content\/uploads\/2023\/11\/acuerdo-comercial-ue-japon-2019.jpg","contentUrl":"https:\/\/www.tibagroup.com\/wp-content\/uploads\/2023\/11\/acuerdo-comercial-ue-japon-2019.jpg","width":850,"height":392},{"@type":"BreadcrumbList","@id":"https:\/\/www.tibagroup.com\/es\/comercio-internacional\/acuerdos\/acuerdo-comercial-ue-jp#breadcrumb","itemListElement":[{"@type":"ListItem","position":1,"name":"In\u00edcio","item":"https:\/\/www.tibagroup.com\/es\/agente-carga-operador-logistico"},{"@type":"ListItem","position":2,"name":"Comercio internacional","item":"https:\/\/www.tibagroup.com\/es\/comercio-internacional"},{"@type":"ListItem","position":3,"name":"Acuerdos","item":"https:\/\/www.tibagroup.com\/es\/comercio-internacional\/acuerdos"},{"@type":"ListItem","position":4,"name":"Nuevo acuerdo comercial entre la Uni\u00f3n Europea y Jap\u00f3n"}]},{"@type":"WebSite","@id":"https:\/\/www.tibagroup.com\/es#website","url":"https:\/\/www.tibagroup.com\/es","name":"TIBA","description":"Log\u00edstica y transporte internacional.","publisher":{"@id":"https:\/\/www.tibagroup.com\/es#organization"},"potentialAction":[{"@type":"SearchAction","target":{"@type":"EntryPoint","urlTemplate":"https:\/\/www.tibagroup.com\/es?s={search_term_string}"},"query-input":{"@type":"PropertyValueSpecification","valueRequired":true,"valueName":"search_term_string"}}],"inLanguage":"es"},{"@type":"Organization","@id":"https:\/\/www.tibagroup.com\/es#organization","name":"TIBA","url":"https:\/\/www.tibagroup.com\/es","logo":{"@type":"ImageObject","inLanguage":"es","@id":"https:\/\/www.tibagroup.com\/es#\/schema\/logo\/image\/","url":"https:\/\/www.tibagroup.com\/wp-content\/uploads\/2024\/02\/logo-web-TIBA.png","contentUrl":"https:\/\/www.tibagroup.com\/wp-content\/uploads\/2024\/02\/logo-web-TIBA.png","width":352,"height":116,"caption":"TIBA"},"image":{"@id":"https:\/\/www.tibagroup.com\/es#\/schema\/logo\/image\/"}},{"@type":"Person","@id":"https:\/\/www.tibagroup.com\/es#\/schema\/person\/05c092dcc51b7a515503f3d10c916094","name":"TIBA","image":{"@type":"ImageObject","inLanguage":"es","@id":"https:\/\/secure.gravatar.com\/avatar\/fe41478412b0c43764499979d851fae89a1f174100b1c19a55e15c00fde1851d?s=96&d=mm&r=g","url":"https:\/\/secure.gravatar.com\/avatar\/fe41478412b0c43764499979d851fae89a1f174100b1c19a55e15c00fde1851d?s=96&d=mm&r=g","contentUrl":"https:\/\/secure.gravatar.com\/avatar\/fe41478412b0c43764499979d851fae89a1f174100b1c19a55e15c00fde1851d?s=96&d=mm&r=g","caption":"TIBA"},"sameAs":["https:\/\/x.com\/eaguado"]}]}},"_links":{"self":[{"href":"https:\/\/www.tibagroup.com\/es\/wp-json\/wp\/v2\/posts\/35657","targetHints":{"allow":["GET"]}}],"collection":[{"href":"https:\/\/www.tibagroup.com\/es\/wp-json\/wp\/v2\/posts"}],"about":[{"href":"https:\/\/www.tibagroup.com\/es\/wp-json\/wp\/v2\/types\/post"}],"author":[{"embeddable":true,"href":"https:\/\/www.tibagroup.com\/es\/wp-json\/wp\/v2\/users\/2"}],"replies":[{"embeddable":true,"href":"https:\/\/www.tibagroup.com\/es\/wp-json\/wp\/v2\/comments?post=35657"}],"version-history":[{"count":2,"href":"https:\/\/www.tibagroup.com\/es\/wp-json\/wp\/v2\/posts\/35657\/revisions"}],"predecessor-version":[{"id":68079,"href":"https:\/\/www.tibagroup.com\/es\/wp-json\/wp\/v2\/posts\/35657\/revisions\/68079"}],"wp:featuredmedia":[{"embeddable":true,"href":"https:\/\/www.tibagroup.com\/es\/wp-json\/wp\/v2\/media\/35658"}],"wp:attachment":[{"href":"https:\/\/www.tibagroup.com\/es\/wp-json\/wp\/v2\/media?parent=35657"}],"wp:term":[{"taxonomy":"category","embeddable":true,"href":"https:\/\/www.tibagroup.com\/es\/wp-json\/wp\/v2\/categories?post=35657"},{"taxonomy":"post_tag","embeddable":true,"href":"https:\/\/www.tibagroup.com\/es\/wp-json\/wp\/v2\/tags?post=35657"}],"curies":[{"name":"wp","href":"https:\/\/api.w.org\/{rel}","templated":true}]}}