{"id":35446,"date":"2018-09-20T10:05:21","date_gmt":"2018-09-20T08:05:21","guid":{"rendered":"https:\/\/www.tibagroup.com\/comercio-exterior-tunez\/"},"modified":"2025-07-15T09:38:30","modified_gmt":"2025-07-15T07:38:30","slug":"comercio-exterior-tunez","status":"publish","type":"post","link":"https:\/\/www.tibagroup.com\/es\/comunicacion\/eventos\/comercio-exterior-tunez","title":{"rendered":"Comercio Exterior: T\u00fanez"},"content":{"rendered":"<p>El pr\u00f3ximo mi\u00e9rcoles 26 de septiembre, la C\u00e1mara de Comercio de Valencia celebra en su sede la jornada &#8220;<a href=\"https:\/\/www.camaravalencia.com\/es-es\/jornadas\/paginas\/pagina-evento.aspx?cod=7177\" target=\"_blank\" rel=\"noopener noreferrer nofollow\">Oportunidades de negocio en T\u00fanez<\/a>&#8220;.<\/p>\n<p>El evento est\u00e1 dirigido principalmente a empresas valencianas, y en \u00e9l se abordaran las <strong>relaciones comerciales con T\u00fanez<\/strong>\u00a0 con el objetivo de ofrecer a los asistentes un resumen de los principales aspectos a tener en cuenta para expandir sus negocios en este pa\u00eds desde el punto de vista empresarial, econ\u00f3mico y log\u00edstico.<\/p>\n<h2>Jornada sobre el comercio exterior en T\u00fanez<\/h2>\n<p>En <strong>clave log\u00edstica<\/strong>, nuestro compa\u00f1ero Lahcen Loukilli, Trade Lane Manager del Magreb, impartir\u00e1 una ponencia en la que explicar\u00e1 las diferentes opciones de transporte de mercanc\u00edas, la\u00a0documentaci\u00f3n necesaria para exportar a T\u00fanez as\u00ed como\u00a0informaci\u00f3n adicional sobre la importaci\u00f3n (documentaci\u00f3n, plazos despacho, etc.).<\/p>\n<p>La jornada, que ser\u00e1 inaugurada por el presidente de la C\u00e1mara Jos\u00e9 Vicente Morata y el Embajador de T\u00fanez en Espa\u00f1a, Wacef Chiha, contar\u00e1 con las conferencias de Vicente Momp\u00f3, Coordinador Dpto. Internacional C\u00e1mara Valencia; Ibrahim Medini, Director de FIPA Madrid para Espa\u00f1a y Portugal, que aportar\u00e1n su perspectiva desde el punto de vista<strong> empresarial e inversionista<\/strong>.<\/p>\n<p>Si est\u00e1s interesado en conocer las <strong>oportunidades de negocio en T\u00fanez<\/strong> o buscas soluciones log\u00edsticas para tus importaciones y exportaciones a T\u00fanez <a href=\"https:\/\/compras.camaravalencia.com\/default.aspx?idproducto=7177&amp;utm_source=Directo\" target=\"_blank\" rel=\"noopener noreferrer nofollow\">inscr\u00edbete<\/a> a esta jornada o con las oficinas de Romeu en Sfax, Rades y Sousse.<\/p>\n","protected":false},"excerpt":{"rendered":"<p>Te contamos c\u00f3mo exportar e importar a T\u00fanez en la jornada &#8220;Oportunidades de negocio&#8221; en T\u00fanez de la C\u00e1mara de Comercio de Valencia. \u00a1Inf\u00f3rmate!<\/p>\n","protected":false},"author":2,"featured_media":35447,"comment_status":"open","ping_status":"closed","sticky":false,"template":"","format":"standard","meta":{"footnotes":""},"categories":[327],"tags":[805],"class_list":["post-35446","post","type-post","status-publish","format-standard","has-post-thumbnail","hentry","category-eventos","tag-espana"],"yoast_head":"<!-- This site is optimized with the Yoast SEO plugin v27.5 - https:\/\/yoast.com\/product\/yoast-seo-wordpress\/ -->\n<title>Comercio exterior: T\u00fanez | TIBA<\/title>\n<meta name=\"description\" content=\"Conoce las claves del comercio exterior en T\u00fanez en la jornada &quot;Oportunidades de negocio en T\u00fanez&quot; de la C\u00e1mara de Comercio de Valencia.\" \/>\n<meta name=\"robots\" content=\"index, follow, max-snippet:-1, max-image-preview:large, max-video-preview:-1\" \/>\n<link rel=\"canonical\" href=\"https:\/\/www.tibagroup.com\/es\/comunicacion\/eventos\/comercio-exterior-tunez\" \/>\n<meta property=\"og:locale\" content=\"es_ES\" \/>\n<meta property=\"og:type\" content=\"article\" \/>\n<meta property=\"og:title\" content=\"Comercio exterior: T\u00fanez | TIBA\" \/>\n<meta property=\"og:description\" content=\"Conoce las claves del comercio exterior en T\u00fanez en la jornada &quot;Oportunidades de negocio en T\u00fanez&quot; de la C\u00e1mara de Comercio de Valencia.\" \/>\n<meta property=\"og:url\" content=\"https:\/\/www.tibagroup.com\/es\/comunicacion\/eventos\/comercio-exterior-tunez\" \/>\n<meta property=\"og:site_name\" content=\"TIBA\" \/>\n<meta property=\"article:published_time\" content=\"2018-09-20T08:05:21+00:00\" \/>\n<meta property=\"article:modified_time\" content=\"2025-07-15T07:38:30+00:00\" \/>\n<meta property=\"og:image\" content=\"https:\/\/www.tibagroup.com\/wp-content\/uploads\/2023\/11\/exportar-a-tunez.jpg\" \/>\n\t<meta property=\"og:image:width\" content=\"960\" \/>\n\t<meta property=\"og:image:height\" content=\"553\" \/>\n\t<meta property=\"og:image:type\" content=\"image\/jpeg\" \/>\n<meta name=\"author\" content=\"TIBA\" \/>\n<meta name=\"twitter:card\" content=\"summary_large_image\" \/>\n<meta name=\"twitter:creator\" content=\"@eaguado\" \/>\n<meta name=\"twitter:label1\" content=\"Written by\" \/>\n\t<meta name=\"twitter:data1\" content=\"TIBA\" \/>\n\t<meta name=\"twitter:label2\" content=\"Est. reading time\" \/>\n\t<meta name=\"twitter:data2\" content=\"2 minutes\" \/>\n<!-- \/ Yoast SEO plugin. -->","yoast_head_json":{"title":"Comercio exterior: T\u00fanez | TIBA","description":"Conoce las claves del comercio exterior en T\u00fanez en la jornada \"Oportunidades de negocio en T\u00fanez\" de la C\u00e1mara de Comercio de Valencia.","robots":{"index":"index","follow":"follow","max-snippet":"max-snippet:-1","max-image-preview":"max-image-preview:large","max-video-preview":"max-video-preview:-1"},"canonical":"https:\/\/www.tibagroup.com\/es\/comunicacion\/eventos\/comercio-exterior-tunez","og_locale":"es_ES","og_type":"article","og_title":"Comercio exterior: T\u00fanez | TIBA","og_description":"Conoce las claves del comercio exterior en T\u00fanez en la jornada \"Oportunidades de negocio en T\u00fanez\" de la C\u00e1mara de Comercio de Valencia.","og_url":"https:\/\/www.tibagroup.com\/es\/comunicacion\/eventos\/comercio-exterior-tunez","og_site_name":"TIBA","article_published_time":"2018-09-20T08:05:21+00:00","article_modified_time":"2025-07-15T07:38:30+00:00","og_image":[{"width":960,"height":553,"url":"https:\/\/www.tibagroup.com\/wp-content\/uploads\/2023\/11\/exportar-a-tunez.jpg","type":"image\/jpeg"}],"author":"TIBA","twitter_card":"summary_large_image","twitter_creator":"@eaguado","twitter_misc":{"Written by":"TIBA","Est. reading time":"2 minutes"},"schema":{"@context":"https:\/\/schema.org","@graph":[{"@type":"Article","@id":"https:\/\/www.tibagroup.com\/es\/comunicacion\/eventos\/comercio-exterior-tunez#article","isPartOf":{"@id":"https:\/\/www.tibagroup.com\/es\/comunicacion\/eventos\/comercio-exterior-tunez"},"author":{"name":"TIBA","@id":"https:\/\/www.tibagroup.com\/es#\/schema\/person\/05c092dcc51b7a515503f3d10c916094"},"headline":"Comercio Exterior: T\u00fanez","datePublished":"2018-09-20T08:05:21+00:00","dateModified":"2025-07-15T07:38:30+00:00","mainEntityOfPage":{"@id":"https:\/\/www.tibagroup.com\/es\/comunicacion\/eventos\/comercio-exterior-tunez"},"wordCount":251,"commentCount":0,"publisher":{"@id":"https:\/\/www.tibagroup.com\/es#organization"},"image":{"@id":"https:\/\/www.tibagroup.com\/es\/comunicacion\/eventos\/comercio-exterior-tunez#primaryimage"},"thumbnailUrl":"https:\/\/www.tibagroup.com\/wp-content\/uploads\/2023\/11\/exportar-a-tunez.jpg","keywords":["Espa\u00f1a"],"articleSection":["Eventos"],"inLanguage":"es","potentialAction":[{"@type":"CommentAction","name":"Comment","target":["https:\/\/www.tibagroup.com\/es\/comunicacion\/eventos\/comercio-exterior-tunez#respond"]}]},{"@type":"WebPage","@id":"https:\/\/www.tibagroup.com\/es\/comunicacion\/eventos\/comercio-exterior-tunez","url":"https:\/\/www.tibagroup.com\/es\/comunicacion\/eventos\/comercio-exterior-tunez","name":"Comercio exterior: T\u00fanez | TIBA","isPartOf":{"@id":"https:\/\/www.tibagroup.com\/es#website"},"primaryImageOfPage":{"@id":"https:\/\/www.tibagroup.com\/es\/comunicacion\/eventos\/comercio-exterior-tunez#primaryimage"},"image":{"@id":"https:\/\/www.tibagroup.com\/es\/comunicacion\/eventos\/comercio-exterior-tunez#primaryimage"},"thumbnailUrl":"https:\/\/www.tibagroup.com\/wp-content\/uploads\/2023\/11\/exportar-a-tunez.jpg","datePublished":"2018-09-20T08:05:21+00:00","dateModified":"2025-07-15T07:38:30+00:00","description":"Conoce las claves del comercio exterior en T\u00fanez en la jornada \"Oportunidades de negocio en T\u00fanez\" de la C\u00e1mara de Comercio de Valencia.","breadcrumb":{"@id":"https:\/\/www.tibagroup.com\/es\/comunicacion\/eventos\/comercio-exterior-tunez#breadcrumb"},"inLanguage":"es","potentialAction":[{"@type":"ReadAction","target":["https:\/\/www.tibagroup.com\/es\/comunicacion\/eventos\/comercio-exterior-tunez"]}]},{"@type":"ImageObject","inLanguage":"es","@id":"https:\/\/www.tibagroup.com\/es\/comunicacion\/eventos\/comercio-exterior-tunez#primaryimage","url":"https:\/\/www.tibagroup.com\/wp-content\/uploads\/2023\/11\/exportar-a-tunez.jpg","contentUrl":"https:\/\/www.tibagroup.com\/wp-content\/uploads\/2023\/11\/exportar-a-tunez.jpg","width":960,"height":553,"caption":"Exportar a T\u00fanez"},{"@type":"BreadcrumbList","@id":"https:\/\/www.tibagroup.com\/es\/comunicacion\/eventos\/comercio-exterior-tunez#breadcrumb","itemListElement":[{"@type":"ListItem","position":1,"name":"In\u00edcio","item":"https:\/\/www.tibagroup.com\/es\/agente-carga-operador-logistico"},{"@type":"ListItem","position":2,"name":"Comunicaci\u00f3n y prensa","item":"https:\/\/www.tibagroup.com\/es\/comunicacion"},{"@type":"ListItem","position":3,"name":"Eventos","item":"https:\/\/www.tibagroup.com\/es\/comunicacion\/eventos"},{"@type":"ListItem","position":4,"name":"Comercio Exterior: T\u00fanez"}]},{"@type":"WebSite","@id":"https:\/\/www.tibagroup.com\/es#website","url":"https:\/\/www.tibagroup.com\/es","name":"TIBA","description":"Log\u00edstica y transporte internacional.","publisher":{"@id":"https:\/\/www.tibagroup.com\/es#organization"},"potentialAction":[{"@type":"SearchAction","target":{"@type":"EntryPoint","urlTemplate":"https:\/\/www.tibagroup.com\/es?s={search_term_string}"},"query-input":{"@type":"PropertyValueSpecification","valueRequired":true,"valueName":"search_term_string"}}],"inLanguage":"es"},{"@type":"Organization","@id":"https:\/\/www.tibagroup.com\/es#organization","name":"TIBA","url":"https:\/\/www.tibagroup.com\/es","logo":{"@type":"ImageObject","inLanguage":"es","@id":"https:\/\/www.tibagroup.com\/es#\/schema\/logo\/image\/","url":"https:\/\/www.tibagroup.com\/wp-content\/uploads\/2024\/02\/logo-web-TIBA.png","contentUrl":"https:\/\/www.tibagroup.com\/wp-content\/uploads\/2024\/02\/logo-web-TIBA.png","width":352,"height":116,"caption":"TIBA"},"image":{"@id":"https:\/\/www.tibagroup.com\/es#\/schema\/logo\/image\/"}},{"@type":"Person","@id":"https:\/\/www.tibagroup.com\/es#\/schema\/person\/05c092dcc51b7a515503f3d10c916094","name":"TIBA","image":{"@type":"ImageObject","inLanguage":"es","@id":"https:\/\/secure.gravatar.com\/avatar\/fe41478412b0c43764499979d851fae89a1f174100b1c19a55e15c00fde1851d?s=96&d=mm&r=g","url":"https:\/\/secure.gravatar.com\/avatar\/fe41478412b0c43764499979d851fae89a1f174100b1c19a55e15c00fde1851d?s=96&d=mm&r=g","contentUrl":"https:\/\/secure.gravatar.com\/avatar\/fe41478412b0c43764499979d851fae89a1f174100b1c19a55e15c00fde1851d?s=96&d=mm&r=g","caption":"TIBA"},"sameAs":["https:\/\/x.com\/eaguado"]}]}},"_links":{"self":[{"href":"https:\/\/www.tibagroup.com\/es\/wp-json\/wp\/v2\/posts\/35446","targetHints":{"allow":["GET"]}}],"collection":[{"href":"https:\/\/www.tibagroup.com\/es\/wp-json\/wp\/v2\/posts"}],"about":[{"href":"https:\/\/www.tibagroup.com\/es\/wp-json\/wp\/v2\/types\/post"}],"author":[{"embeddable":true,"href":"https:\/\/www.tibagroup.com\/es\/wp-json\/wp\/v2\/users\/2"}],"replies":[{"embeddable":true,"href":"https:\/\/www.tibagroup.com\/es\/wp-json\/wp\/v2\/comments?post=35446"}],"version-history":[{"count":7,"href":"https:\/\/www.tibagroup.com\/es\/wp-json\/wp\/v2\/posts\/35446\/revisions"}],"predecessor-version":[{"id":74613,"href":"https:\/\/www.tibagroup.com\/es\/wp-json\/wp\/v2\/posts\/35446\/revisions\/74613"}],"wp:featuredmedia":[{"embeddable":true,"href":"https:\/\/www.tibagroup.com\/es\/wp-json\/wp\/v2\/media\/35447"}],"wp:attachment":[{"href":"https:\/\/www.tibagroup.com\/es\/wp-json\/wp\/v2\/media?parent=35446"}],"wp:term":[{"taxonomy":"category","embeddable":true,"href":"https:\/\/www.tibagroup.com\/es\/wp-json\/wp\/v2\/categories?post=35446"},{"taxonomy":"post_tag","embeddable":true,"href":"https:\/\/www.tibagroup.com\/es\/wp-json\/wp\/v2\/tags?post=35446"}],"curies":[{"name":"wp","href":"https:\/\/api.w.org\/{rel}","templated":true}]}}