{"id":35329,"date":"2018-05-23T09:41:50","date_gmt":"2018-05-23T07:41:50","guid":{"rendered":"https:\/\/www.tibagroup.com\/premio-innovacion-internacional\/"},"modified":"2025-02-10T15:30:13","modified_gmt":"2025-02-10T14:30:13","slug":"premio-innovacion-internacional","status":"publish","type":"post","link":"https:\/\/www.tibagroup.com\/es\/comunicacion\/eventos\/premio-innovacion-internacional","title":{"rendered":"Premiamos la innovaci\u00f3n internacional en la Noche Mediterr\u00e1nea del Marketing"},"content":{"rendered":"<p>El pr\u00f3ximo 14 de junio, se celebra en Valencia la Noche Mediterr\u00e1nea del Marketing, una gala de premios empresariales que anualmente re\u00fane a directivos de empresas valencianas, a los representantes del Observatorio de marcas valencianas en el exterior, Club de Primeras Marcas, y a miembros del sector del marketing y la comunicaci\u00f3n de la Comunidad Valenciana.<\/p>\n<div class=\"bigtextblue\" style=\"text-align: center;\">Adem\u00e1s de participar como fieles asistentes, premiaremos las buenas pr\u00e1cticas empresariales<br \/>\nen relaci\u00f3n a la internacionalizaci\u00f3n con la entrega del primer<br \/>\n<a href=\"https:\/\/www.clubmarketingmediterraneo.com\/nuevo-premio-a-la-innovacion-internacional-impulsado-por-tiba\/\" target=\"_blank\" rel=\"noopener noreferrer nofollow\">Premio TIBA a la Innovaci\u00f3n Internacional<\/a>.<\/div>\n<p>En esta octava edici\u00f3n, los 3 candidatos anunciados por el Club de Marketing del Mediterr\u00e1neo que optan al galard\u00f3n insignia de esta gala, el Premio a la Estrategia, son Aquaservice, Suavinex y Chov\u00ed, la \u00faltima palabra la tendr\u00e1n los asistentes a la gala que votar\u00e1n en directo a su ganador de este premio.<\/p>\n<p>Adem\u00e1s, como en a\u00f1os anteriores se volver\u00e1 a premiar la Mejor Acci\u00f3n de Responsabilidad Social as\u00ed como la\u00a0Trayectoria con Valores en el \u00e1mbito de la Consultor\u00eda.<\/p>\n<p><img decoding=\"async\" class=\"aligncenter size-full wp-image-35335\" src=\"https:\/\/www.tibagroup.com\/wp-content\/uploads\/2023\/11\/nmm-2018-bol.jpg\" alt=\"\" width=\"640\" height=\"331\" srcset=\"https:\/\/www.tibagroup.com\/wp-content\/uploads\/2023\/11\/nmm-2018-bol.jpg 640w, https:\/\/www.tibagroup.com\/wp-content\/uploads\/2023\/11\/nmm-2018-bol-300x155.jpg 300w\" sizes=\"(max-width: 640px) 100vw, 640px\" \/><\/p>\n","protected":false},"excerpt":{"rendered":"<p>El pr\u00f3ximo 14 de junio se celebra en Valencia la Noche Mediterr\u00e1nea del Marketing,donde por primera vez entregaremos el Premio TIBA a la Innovaci\u00f3n Internacional.<\/p>\n","protected":false},"author":2,"featured_media":35330,"comment_status":"open","ping_status":"closed","sticky":false,"template":"","format":"standard","meta":{"footnotes":""},"categories":[327],"tags":[805],"class_list":["post-35329","post","type-post","status-publish","format-standard","has-post-thumbnail","hentry","category-eventos","tag-espana"],"yoast_head":"<!-- This site is optimized with the Yoast SEO plugin v27.4 - https:\/\/yoast.com\/product\/yoast-seo-wordpress\/ -->\n<title>Premio TIBA a la Inovaci\u00f3n Internacional | TIBA<\/title>\n<meta name=\"description\" content=\"Se celebra en Valencia la Noche Mediterr\u00e1nea del Marketing, donde por primera vez entregamos el Premio TIBA a la Innovaci\u00f3n Internacional.\" \/>\n<meta name=\"robots\" content=\"index, follow, max-snippet:-1, max-image-preview:large, max-video-preview:-1\" \/>\n<link rel=\"canonical\" href=\"https:\/\/www.tibagroup.com\/es\/comunicacion\/eventos\/premio-innovacion-internacional\" \/>\n<meta property=\"og:locale\" content=\"es_ES\" \/>\n<meta property=\"og:type\" content=\"article\" \/>\n<meta property=\"og:title\" content=\"Premio TIBA a la Inovaci\u00f3n Internacional | TIBA\" \/>\n<meta property=\"og:description\" content=\"Se celebra en Valencia la Noche Mediterr\u00e1nea del Marketing, donde por primera vez entregamos el Premio TIBA a la Innovaci\u00f3n Internacional.\" \/>\n<meta property=\"og:url\" content=\"https:\/\/www.tibagroup.com\/es\/comunicacion\/eventos\/premio-innovacion-internacional\" \/>\n<meta property=\"og:site_name\" content=\"TIBA\" \/>\n<meta property=\"article:published_time\" content=\"2018-05-23T07:41:50+00:00\" \/>\n<meta property=\"article:modified_time\" content=\"2025-02-10T14:30:13+00:00\" \/>\n<meta property=\"og:image\" content=\"https:\/\/www.tibagroup.com\/wp-content\/uploads\/2023\/11\/premio-inovacion-TIBA-2.jpg\" \/>\n\t<meta property=\"og:image:width\" content=\"850\" \/>\n\t<meta property=\"og:image:height\" content=\"404\" \/>\n\t<meta property=\"og:image:type\" content=\"image\/jpeg\" \/>\n<meta name=\"author\" content=\"TIBA\" \/>\n<meta name=\"twitter:card\" content=\"summary_large_image\" \/>\n<meta name=\"twitter:creator\" content=\"@eaguado\" \/>\n<meta name=\"twitter:label1\" content=\"Written by\" \/>\n\t<meta name=\"twitter:data1\" content=\"TIBA\" \/>\n\t<meta name=\"twitter:label2\" content=\"Est. reading time\" \/>\n\t<meta name=\"twitter:data2\" content=\"1 minute\" \/>\n<!-- \/ Yoast SEO plugin. -->","yoast_head_json":{"title":"Premio TIBA a la Inovaci\u00f3n Internacional | TIBA","description":"Se celebra en Valencia la Noche Mediterr\u00e1nea del Marketing, donde por primera vez entregamos el Premio TIBA a la Innovaci\u00f3n Internacional.","robots":{"index":"index","follow":"follow","max-snippet":"max-snippet:-1","max-image-preview":"max-image-preview:large","max-video-preview":"max-video-preview:-1"},"canonical":"https:\/\/www.tibagroup.com\/es\/comunicacion\/eventos\/premio-innovacion-internacional","og_locale":"es_ES","og_type":"article","og_title":"Premio TIBA a la Inovaci\u00f3n Internacional | TIBA","og_description":"Se celebra en Valencia la Noche Mediterr\u00e1nea del Marketing, donde por primera vez entregamos el Premio TIBA a la Innovaci\u00f3n Internacional.","og_url":"https:\/\/www.tibagroup.com\/es\/comunicacion\/eventos\/premio-innovacion-internacional","og_site_name":"TIBA","article_published_time":"2018-05-23T07:41:50+00:00","article_modified_time":"2025-02-10T14:30:13+00:00","og_image":[{"width":850,"height":404,"url":"https:\/\/www.tibagroup.com\/wp-content\/uploads\/2023\/11\/premio-inovacion-TIBA-2.jpg","type":"image\/jpeg"}],"author":"TIBA","twitter_card":"summary_large_image","twitter_creator":"@eaguado","twitter_misc":{"Written by":"TIBA","Est. reading time":"1 minute"},"schema":{"@context":"https:\/\/schema.org","@graph":[{"@type":"Article","@id":"https:\/\/www.tibagroup.com\/es\/comunicacion\/eventos\/premio-innovacion-internacional#article","isPartOf":{"@id":"https:\/\/www.tibagroup.com\/es\/comunicacion\/eventos\/premio-innovacion-internacional"},"author":{"name":"TIBA","@id":"https:\/\/www.tibagroup.com\/es#\/schema\/person\/05c092dcc51b7a515503f3d10c916094"},"headline":"Premiamos la innovaci\u00f3n internacional en la Noche Mediterr\u00e1nea del Marketing","datePublished":"2018-05-23T07:41:50+00:00","dateModified":"2025-02-10T14:30:13+00:00","mainEntityOfPage":{"@id":"https:\/\/www.tibagroup.com\/es\/comunicacion\/eventos\/premio-innovacion-internacional"},"wordCount":191,"commentCount":0,"publisher":{"@id":"https:\/\/www.tibagroup.com\/es#organization"},"image":{"@id":"https:\/\/www.tibagroup.com\/es\/comunicacion\/eventos\/premio-innovacion-internacional#primaryimage"},"thumbnailUrl":"https:\/\/www.tibagroup.com\/wp-content\/uploads\/2023\/11\/premio-inovacion-TIBA-2.jpg","keywords":["Espa\u00f1a"],"articleSection":["Eventos"],"inLanguage":"es","potentialAction":[{"@type":"CommentAction","name":"Comment","target":["https:\/\/www.tibagroup.com\/es\/comunicacion\/eventos\/premio-innovacion-internacional#respond"]}]},{"@type":"WebPage","@id":"https:\/\/www.tibagroup.com\/es\/comunicacion\/eventos\/premio-innovacion-internacional","url":"https:\/\/www.tibagroup.com\/es\/comunicacion\/eventos\/premio-innovacion-internacional","name":"Premio TIBA a la Inovaci\u00f3n Internacional | TIBA","isPartOf":{"@id":"https:\/\/www.tibagroup.com\/es#website"},"primaryImageOfPage":{"@id":"https:\/\/www.tibagroup.com\/es\/comunicacion\/eventos\/premio-innovacion-internacional#primaryimage"},"image":{"@id":"https:\/\/www.tibagroup.com\/es\/comunicacion\/eventos\/premio-innovacion-internacional#primaryimage"},"thumbnailUrl":"https:\/\/www.tibagroup.com\/wp-content\/uploads\/2023\/11\/premio-inovacion-TIBA-2.jpg","datePublished":"2018-05-23T07:41:50+00:00","dateModified":"2025-02-10T14:30:13+00:00","description":"Se celebra en Valencia la Noche Mediterr\u00e1nea del Marketing, donde por primera vez entregamos el Premio TIBA a la Innovaci\u00f3n Internacional.","breadcrumb":{"@id":"https:\/\/www.tibagroup.com\/es\/comunicacion\/eventos\/premio-innovacion-internacional#breadcrumb"},"inLanguage":"es","potentialAction":[{"@type":"ReadAction","target":["https:\/\/www.tibagroup.com\/es\/comunicacion\/eventos\/premio-innovacion-internacional"]}]},{"@type":"ImageObject","inLanguage":"es","@id":"https:\/\/www.tibagroup.com\/es\/comunicacion\/eventos\/premio-innovacion-internacional#primaryimage","url":"https:\/\/www.tibagroup.com\/wp-content\/uploads\/2023\/11\/premio-inovacion-TIBA-2.jpg","contentUrl":"https:\/\/www.tibagroup.com\/wp-content\/uploads\/2023\/11\/premio-inovacion-TIBA-2.jpg","width":850,"height":404,"caption":"Premio TIBA a la inovaci\u00f3n internacional"},{"@type":"BreadcrumbList","@id":"https:\/\/www.tibagroup.com\/es\/comunicacion\/eventos\/premio-innovacion-internacional#breadcrumb","itemListElement":[{"@type":"ListItem","position":1,"name":"In\u00edcio","item":"https:\/\/www.tibagroup.com\/es\/agente-carga-operador-logistico"},{"@type":"ListItem","position":2,"name":"Comunicaci\u00f3n y prensa","item":"https:\/\/www.tibagroup.com\/es\/comunicacion"},{"@type":"ListItem","position":3,"name":"Eventos","item":"https:\/\/www.tibagroup.com\/es\/comunicacion\/eventos"},{"@type":"ListItem","position":4,"name":"Premiamos la innovaci\u00f3n internacional en la Noche Mediterr\u00e1nea del Marketing"}]},{"@type":"WebSite","@id":"https:\/\/www.tibagroup.com\/es#website","url":"https:\/\/www.tibagroup.com\/es","name":"TIBA","description":"Log\u00edstica y transporte internacional.","publisher":{"@id":"https:\/\/www.tibagroup.com\/es#organization"},"potentialAction":[{"@type":"SearchAction","target":{"@type":"EntryPoint","urlTemplate":"https:\/\/www.tibagroup.com\/es?s={search_term_string}"},"query-input":{"@type":"PropertyValueSpecification","valueRequired":true,"valueName":"search_term_string"}}],"inLanguage":"es"},{"@type":"Organization","@id":"https:\/\/www.tibagroup.com\/es#organization","name":"TIBA","url":"https:\/\/www.tibagroup.com\/es","logo":{"@type":"ImageObject","inLanguage":"es","@id":"https:\/\/www.tibagroup.com\/es#\/schema\/logo\/image\/","url":"https:\/\/www.tibagroup.com\/wp-content\/uploads\/2024\/02\/logo-web-TIBA.png","contentUrl":"https:\/\/www.tibagroup.com\/wp-content\/uploads\/2024\/02\/logo-web-TIBA.png","width":352,"height":116,"caption":"TIBA"},"image":{"@id":"https:\/\/www.tibagroup.com\/es#\/schema\/logo\/image\/"}},{"@type":"Person","@id":"https:\/\/www.tibagroup.com\/es#\/schema\/person\/05c092dcc51b7a515503f3d10c916094","name":"TIBA","image":{"@type":"ImageObject","inLanguage":"es","@id":"https:\/\/secure.gravatar.com\/avatar\/fe41478412b0c43764499979d851fae89a1f174100b1c19a55e15c00fde1851d?s=96&d=mm&r=g","url":"https:\/\/secure.gravatar.com\/avatar\/fe41478412b0c43764499979d851fae89a1f174100b1c19a55e15c00fde1851d?s=96&d=mm&r=g","contentUrl":"https:\/\/secure.gravatar.com\/avatar\/fe41478412b0c43764499979d851fae89a1f174100b1c19a55e15c00fde1851d?s=96&d=mm&r=g","caption":"TIBA"},"sameAs":["https:\/\/x.com\/eaguado"]}]}},"_links":{"self":[{"href":"https:\/\/www.tibagroup.com\/es\/wp-json\/wp\/v2\/posts\/35329","targetHints":{"allow":["GET"]}}],"collection":[{"href":"https:\/\/www.tibagroup.com\/es\/wp-json\/wp\/v2\/posts"}],"about":[{"href":"https:\/\/www.tibagroup.com\/es\/wp-json\/wp\/v2\/types\/post"}],"author":[{"embeddable":true,"href":"https:\/\/www.tibagroup.com\/es\/wp-json\/wp\/v2\/users\/2"}],"replies":[{"embeddable":true,"href":"https:\/\/www.tibagroup.com\/es\/wp-json\/wp\/v2\/comments?post=35329"}],"version-history":[{"count":2,"href":"https:\/\/www.tibagroup.com\/es\/wp-json\/wp\/v2\/posts\/35329\/revisions"}],"predecessor-version":[{"id":67176,"href":"https:\/\/www.tibagroup.com\/es\/wp-json\/wp\/v2\/posts\/35329\/revisions\/67176"}],"wp:featuredmedia":[{"embeddable":true,"href":"https:\/\/www.tibagroup.com\/es\/wp-json\/wp\/v2\/media\/35330"}],"wp:attachment":[{"href":"https:\/\/www.tibagroup.com\/es\/wp-json\/wp\/v2\/media?parent=35329"}],"wp:term":[{"taxonomy":"category","embeddable":true,"href":"https:\/\/www.tibagroup.com\/es\/wp-json\/wp\/v2\/categories?post=35329"},{"taxonomy":"post_tag","embeddable":true,"href":"https:\/\/www.tibagroup.com\/es\/wp-json\/wp\/v2\/tags?post=35329"}],"curies":[{"name":"wp","href":"https:\/\/api.w.org\/{rel}","templated":true}]}}