{"id":35070,"date":"2018-03-12T11:44:12","date_gmt":"2018-03-12T10:44:12","guid":{"rendered":"https:\/\/www.tibagroup.com\/concurso-mundial-paellas-sector-logistico-2018\/"},"modified":"2025-02-18T09:43:58","modified_gmt":"2025-02-18T08:43:58","slug":"paellas-sector-logistico-2018","status":"publish","type":"post","link":"https:\/\/www.tibagroup.com\/es\/comunicacion\/eventos\/paellas-sector-logistico-2018","title":{"rendered":"XXIX Concurso Mundial de Paellas del Sector Log\u00edstico 2018"},"content":{"rendered":"<p>Si hay una cita marcada en el calendario de Valencia son las <strong>Paellas del Sector Log\u00edstico<\/strong>. Lo de menos es el concurso, lo importante es dejar los ordenadores, las llamadas y las prisas para pasar un buen rato entre compa\u00f1eros. Este a\u00f1o, la gran novedad en la Zona TIBA fue una barra atendida por personal muy esmerado, contratado para la ocasi\u00f3n sirviendo paellas y bebidas a los asistentes. Todo estaba delicioso y los cocineros siguieron las reglas estrictas del concurso para preparar la aut\u00e9ntica Paella Valenciana: Nada de chorizo, guisantes o paellas mixtas para turistas.<\/p>\n<p>La cita m\u00e1s esperada del a\u00f1o en el puerto de Valencia fue un \u00e9xito con r\u00e9cord de participaci\u00f3n. Casi 7000 personas se congregaron en un ambiente festivo con 478 paellas cocinadas a le\u00f1a por los participantes del concurso.<\/p>\n<p>Como cada a\u00f1o, por estas fechas la comunidad log\u00edstica de Valencia se re\u00fane en su tradicional <strong>\u201cConcurso Mundial de Paellas del Sector Log\u00edstico\u201d<\/strong>, que este a\u00f1o cumpl\u00eda veintinueve a\u00f1os.<\/p>\n<p>Una cita en la que cada edici\u00f3n se rompe el r\u00e9cord de participaci\u00f3n y parece no tener techo. Este a\u00f1o, fueron <strong>478 paellas<\/strong> las que participaron. La organizaci\u00f3n cifra la asistencia en unas siete mil personas que abarrotaron el recinto de la antigua\u00a0Estaci\u00f3n del Grao.<\/p>\n<p>A las 14:00 hrs, una\u00a0masclet\u00e0 daba el pistoletazo de salida al evento.<\/p>\n<p>Un poco antes, el Comit\u00e9 Organizador de TIBA se encarg\u00f3, a contrarreloj, de que todo estuviera preparado para que nuestro equipo y clientes disfrutaran de una jornada inolvidable.<\/p>\n<p>Adem\u00e1s, personalidades como la <strong>Fallera Mayor de Valencia<\/strong>, el <strong>concejal de festejos del ayuntamiento Pere Fuset o el periodista Julio Tormo<\/strong> no quisieron perderse el gran acontecimiento.<\/p>\n<p>Con los est\u00f3magos ya llenos, empez\u00f3 el entretenimiento musical. En primer lugar, una batucada recorri\u00f3 todo el recinto con su percusi\u00f3n brasile\u00f1a y sus bailes ex\u00f3ticos. M\u00e1s tarde, la <strong>Orquesta Fuego<\/strong> disparaba su repertorio de hits para que la gente moviera el esqueleto y cantara sin descanso. Fue este grupo quien anunci\u00f3 a los ganadores de las mejores paellas, aunque este a\u00f1o no se encontraba ninguna de nuestras paellas, todos nos sentimos ganadores ese d\u00eda (por lo bien que lo pasamos, claro).<\/p>\n<p>A las 20:00 hrs se clausuraba la maravillosa fiesta. Algunos se fueron a casa, otros a cenar fuera y los m\u00e1s golfos, como siempre, se dirigieron a la discoteca cercana contratada para la ocasi\u00f3n por una conocida naviera donde siguieron bailando (o intent\u00e1ndolo) hasta las 03:00 am.<\/p>\n<p>La organizaci\u00f3n del <strong>Comit\u00e9 TIBA Paellas 2018<\/strong> fue impecable as\u00ed como enorme el esfuerzo desinteresado de todos los involucrados y por supuesto, de la direcci\u00f3n de TIBA, que hace que estemos bien representados y alimentados todos los a\u00f1os en el festival.<\/p>\n<p>Se rumorea que alguien ya ha creado una cuenta atr\u00e1s online para las paellas del a\u00f1o que viene. \u00bfQueda mucho, queda mucho?<\/p>\n<div  class='flex_column av-bvoi52y-943a646837011b46b4926bd88bc7d513 av_one_fifth  avia-builder-el-0  el_before_av_three_fifth  avia-builder-el-first  first flex_column_div  '     ><\/div>\n<div  class='flex_column av-bgu3ghm-03a5f0bc3978ff951a1fd8b2fa5e321a av_three_fifth  avia-builder-el-1  el_after_av_one_fifth  el_before_av_one_fifth  flex_column_div  '     ><div  class='avia-slideshow av-12np1lm-ead3daf9cf751a9e83c22f60a90a4ab2 avia-slideshow-no scaling av_slideshow avia-fade-slider  avia-builder-el-2  avia-builder-el-no-sibling  av-slideshow-ui av-control-default av-slideshow-autoplay av-loop-endless av-loop-manual-endless avia-slideshow-1' data-slideshow-options=\"{&quot;animation&quot;:&quot;fade&quot;,&quot;autoplay&quot;:true,&quot;loop_autoplay&quot;:&quot;endless&quot;,&quot;interval&quot;:5,&quot;loop_manual&quot;:&quot;manual-endless&quot;,&quot;autoplay_stopper&quot;:false,&quot;noNavigation&quot;:false,&quot;bg_slider&quot;:false,&quot;keep_padding&quot;:false,&quot;hoverpause&quot;:false,&quot;show_slide_delay&quot;:0}\" ><ul class='avia-slideshow-inner ' ><\/ul><\/div><\/div>\n<div  class='flex_column av-14iuqmy-e57fdd694f422a7492bae10762889381 av_one_fifth  avia-builder-el-3  el_after_av_three_fifth  el_before_av_one_full  flex_column_div  '     ><\/div>\n<div  class='flex_column av-2zh1qy-0766c466537029e3ef4ccd6978152571 av_one_full  avia-builder-el-4  el_after_av_one_fifth  avia-builder-el-last  first flex_column_div  column-top-margin'     ><p><em>Por: <a href=\"https:\/\/www.linkedin.com\/in\/jordi-encinas-plana\/\" target=\"_blank\" rel=\"author noopener noreferrer\">Jordi Encinas<\/a><\/em><br \/>\n<em> Export Reefer Operations Manager<\/em><\/p><\/div>\n<p>&nbsp;<\/p>\n<p>&nbsp;<\/p>\n","protected":false},"excerpt":{"rendered":"<p>Nuevo r\u00e9cord de participaci\u00f3n en la 29\u00aa edici\u00f3n del Concurso Mundial de Paellas del Sector Log\u00edstico: 478 paellas inscritas y alrededor de 7.000 asistentes. Descubre c\u00f3mo vivimos los compa\u00f1eros de TIBA esta fiesta que se celebra cada a\u00f1o en Valencia, antes del inicio de las Fallas.<\/p>\n","protected":false},"author":2,"featured_media":35071,"comment_status":"open","ping_status":"closed","sticky":false,"template":"","format":"standard","meta":{"footnotes":""},"categories":[327],"tags":[805],"class_list":["post-35070","post","type-post","status-publish","format-standard","has-post-thumbnail","hentry","category-eventos","tag-espana"],"yoast_head":"<!-- This site is optimized with the Yoast SEO plugin v27.5 - https:\/\/yoast.com\/product\/yoast-seo-wordpress\/ -->\n<title>Concurso Mundial de Paellas del Sector Log\u00edstico 2018 | TIBA<\/title>\n<meta name=\"description\" content=\"R\u00e9cord de participaci\u00f3n en la 29\u00aa edici\u00f3n del Concurso Mundial de Paellas del Sector Log\u00edstico: 478 paellas y alrededor de 7.000 asistentes.\" \/>\n<meta name=\"robots\" content=\"index, follow, max-snippet:-1, max-image-preview:large, max-video-preview:-1\" \/>\n<link rel=\"canonical\" href=\"https:\/\/www.tibagroup.com\/es\/comunicacion\/eventos\/paellas-sector-logistico-2018\" \/>\n<meta property=\"og:locale\" content=\"es_ES\" \/>\n<meta property=\"og:type\" content=\"article\" \/>\n<meta property=\"og:title\" content=\"Concurso Mundial de Paellas del Sector Log\u00edstico 2018 | TIBA\" \/>\n<meta property=\"og:description\" content=\"R\u00e9cord de participaci\u00f3n en la 29\u00aa edici\u00f3n del Concurso Mundial de Paellas del Sector Log\u00edstico: 478 paellas y alrededor de 7.000 asistentes.\" \/>\n<meta property=\"og:url\" content=\"https:\/\/www.tibagroup.com\/es\/comunicacion\/eventos\/paellas-sector-logistico-2018\" \/>\n<meta property=\"og:site_name\" content=\"TIBA\" \/>\n<meta property=\"article:published_time\" content=\"2018-03-12T10:44:12+00:00\" \/>\n<meta property=\"article:modified_time\" content=\"2025-02-18T08:43:58+00:00\" \/>\n<meta property=\"og:image\" content=\"https:\/\/www.tibagroup.com\/wp-content\/uploads\/2023\/11\/TRIMG_5200.jpg\" \/>\n\t<meta property=\"og:image:width\" content=\"806\" \/>\n\t<meta property=\"og:image:height\" content=\"604\" \/>\n\t<meta property=\"og:image:type\" content=\"image\/jpeg\" \/>\n<meta name=\"author\" content=\"TIBA\" \/>\n<meta name=\"twitter:card\" content=\"summary_large_image\" \/>\n<meta name=\"twitter:creator\" content=\"@eaguado\" \/>\n<meta name=\"twitter:label1\" content=\"Written by\" \/>\n\t<meta name=\"twitter:data1\" content=\"TIBA\" \/>\n\t<meta name=\"twitter:label2\" content=\"Est. reading time\" \/>\n\t<meta name=\"twitter:data2\" content=\"3 minutes\" \/>\n<!-- \/ Yoast SEO plugin. -->","yoast_head_json":{"title":"Concurso Mundial de Paellas del Sector Log\u00edstico 2018 | TIBA","description":"R\u00e9cord de participaci\u00f3n en la 29\u00aa edici\u00f3n del Concurso Mundial de Paellas del Sector Log\u00edstico: 478 paellas y alrededor de 7.000 asistentes.","robots":{"index":"index","follow":"follow","max-snippet":"max-snippet:-1","max-image-preview":"max-image-preview:large","max-video-preview":"max-video-preview:-1"},"canonical":"https:\/\/www.tibagroup.com\/es\/comunicacion\/eventos\/paellas-sector-logistico-2018","og_locale":"es_ES","og_type":"article","og_title":"Concurso Mundial de Paellas del Sector Log\u00edstico 2018 | TIBA","og_description":"R\u00e9cord de participaci\u00f3n en la 29\u00aa edici\u00f3n del Concurso Mundial de Paellas del Sector Log\u00edstico: 478 paellas y alrededor de 7.000 asistentes.","og_url":"https:\/\/www.tibagroup.com\/es\/comunicacion\/eventos\/paellas-sector-logistico-2018","og_site_name":"TIBA","article_published_time":"2018-03-12T10:44:12+00:00","article_modified_time":"2025-02-18T08:43:58+00:00","og_image":[{"width":806,"height":604,"url":"https:\/\/www.tibagroup.com\/wp-content\/uploads\/2023\/11\/TRIMG_5200.jpg","type":"image\/jpeg"}],"author":"TIBA","twitter_card":"summary_large_image","twitter_creator":"@eaguado","twitter_misc":{"Written by":"TIBA","Est. reading time":"3 minutes"},"schema":{"@context":"https:\/\/schema.org","@graph":[{"@type":"Article","@id":"https:\/\/www.tibagroup.com\/es\/comunicacion\/eventos\/paellas-sector-logistico-2018#article","isPartOf":{"@id":"https:\/\/www.tibagroup.com\/es\/comunicacion\/eventos\/paellas-sector-logistico-2018"},"author":{"name":"TIBA","@id":"https:\/\/www.tibagroup.com\/es#\/schema\/person\/05c092dcc51b7a515503f3d10c916094"},"headline":"XXIX Concurso Mundial de Paellas del Sector Log\u00edstico 2018","datePublished":"2018-03-12T10:44:12+00:00","dateModified":"2025-02-18T08:43:58+00:00","mainEntityOfPage":{"@id":"https:\/\/www.tibagroup.com\/es\/comunicacion\/eventos\/paellas-sector-logistico-2018"},"wordCount":773,"commentCount":0,"publisher":{"@id":"https:\/\/www.tibagroup.com\/es#organization"},"image":{"@id":"https:\/\/www.tibagroup.com\/es\/comunicacion\/eventos\/paellas-sector-logistico-2018#primaryimage"},"thumbnailUrl":"https:\/\/www.tibagroup.com\/wp-content\/uploads\/2023\/11\/TRIMG_5200.jpg","keywords":["Espa\u00f1a"],"articleSection":["Eventos"],"inLanguage":"es","potentialAction":[{"@type":"CommentAction","name":"Comment","target":["https:\/\/www.tibagroup.com\/es\/comunicacion\/eventos\/paellas-sector-logistico-2018#respond"]}]},{"@type":"WebPage","@id":"https:\/\/www.tibagroup.com\/es\/comunicacion\/eventos\/paellas-sector-logistico-2018","url":"https:\/\/www.tibagroup.com\/es\/comunicacion\/eventos\/paellas-sector-logistico-2018","name":"Concurso Mundial de Paellas del Sector Log\u00edstico 2018 | TIBA","isPartOf":{"@id":"https:\/\/www.tibagroup.com\/es#website"},"primaryImageOfPage":{"@id":"https:\/\/www.tibagroup.com\/es\/comunicacion\/eventos\/paellas-sector-logistico-2018#primaryimage"},"image":{"@id":"https:\/\/www.tibagroup.com\/es\/comunicacion\/eventos\/paellas-sector-logistico-2018#primaryimage"},"thumbnailUrl":"https:\/\/www.tibagroup.com\/wp-content\/uploads\/2023\/11\/TRIMG_5200.jpg","datePublished":"2018-03-12T10:44:12+00:00","dateModified":"2025-02-18T08:43:58+00:00","description":"R\u00e9cord de participaci\u00f3n en la 29\u00aa edici\u00f3n del Concurso Mundial de Paellas del Sector Log\u00edstico: 478 paellas y alrededor de 7.000 asistentes.","breadcrumb":{"@id":"https:\/\/www.tibagroup.com\/es\/comunicacion\/eventos\/paellas-sector-logistico-2018#breadcrumb"},"inLanguage":"es","potentialAction":[{"@type":"ReadAction","target":["https:\/\/www.tibagroup.com\/es\/comunicacion\/eventos\/paellas-sector-logistico-2018"]}]},{"@type":"ImageObject","inLanguage":"es","@id":"https:\/\/www.tibagroup.com\/es\/comunicacion\/eventos\/paellas-sector-logistico-2018#primaryimage","url":"https:\/\/www.tibagroup.com\/wp-content\/uploads\/2023\/11\/TRIMG_5200.jpg","contentUrl":"https:\/\/www.tibagroup.com\/wp-content\/uploads\/2023\/11\/TRIMG_5200.jpg","width":806,"height":604,"caption":"Paellas Sector Log\u00edstico"},{"@type":"BreadcrumbList","@id":"https:\/\/www.tibagroup.com\/es\/comunicacion\/eventos\/paellas-sector-logistico-2018#breadcrumb","itemListElement":[{"@type":"ListItem","position":1,"name":"In\u00edcio","item":"https:\/\/www.tibagroup.com\/es\/agente-carga-operador-logistico"},{"@type":"ListItem","position":2,"name":"Comunicaci\u00f3n y prensa","item":"https:\/\/www.tibagroup.com\/es\/comunicacion"},{"@type":"ListItem","position":3,"name":"Eventos","item":"https:\/\/www.tibagroup.com\/es\/comunicacion\/eventos"},{"@type":"ListItem","position":4,"name":"XXIX Concurso Mundial de Paellas del Sector Log\u00edstico 2018"}]},{"@type":"WebSite","@id":"https:\/\/www.tibagroup.com\/es#website","url":"https:\/\/www.tibagroup.com\/es","name":"TIBA","description":"Log\u00edstica y transporte internacional.","publisher":{"@id":"https:\/\/www.tibagroup.com\/es#organization"},"potentialAction":[{"@type":"SearchAction","target":{"@type":"EntryPoint","urlTemplate":"https:\/\/www.tibagroup.com\/es?s={search_term_string}"},"query-input":{"@type":"PropertyValueSpecification","valueRequired":true,"valueName":"search_term_string"}}],"inLanguage":"es"},{"@type":"Organization","@id":"https:\/\/www.tibagroup.com\/es#organization","name":"TIBA","url":"https:\/\/www.tibagroup.com\/es","logo":{"@type":"ImageObject","inLanguage":"es","@id":"https:\/\/www.tibagroup.com\/es#\/schema\/logo\/image\/","url":"https:\/\/www.tibagroup.com\/wp-content\/uploads\/2024\/02\/logo-web-TIBA.png","contentUrl":"https:\/\/www.tibagroup.com\/wp-content\/uploads\/2024\/02\/logo-web-TIBA.png","width":352,"height":116,"caption":"TIBA"},"image":{"@id":"https:\/\/www.tibagroup.com\/es#\/schema\/logo\/image\/"}},{"@type":"Person","@id":"https:\/\/www.tibagroup.com\/es#\/schema\/person\/05c092dcc51b7a515503f3d10c916094","name":"TIBA","image":{"@type":"ImageObject","inLanguage":"es","@id":"https:\/\/secure.gravatar.com\/avatar\/fe41478412b0c43764499979d851fae89a1f174100b1c19a55e15c00fde1851d?s=96&d=mm&r=g","url":"https:\/\/secure.gravatar.com\/avatar\/fe41478412b0c43764499979d851fae89a1f174100b1c19a55e15c00fde1851d?s=96&d=mm&r=g","contentUrl":"https:\/\/secure.gravatar.com\/avatar\/fe41478412b0c43764499979d851fae89a1f174100b1c19a55e15c00fde1851d?s=96&d=mm&r=g","caption":"TIBA"},"sameAs":["https:\/\/x.com\/eaguado"]}]}},"_links":{"self":[{"href":"https:\/\/www.tibagroup.com\/es\/wp-json\/wp\/v2\/posts\/35070","targetHints":{"allow":["GET"]}}],"collection":[{"href":"https:\/\/www.tibagroup.com\/es\/wp-json\/wp\/v2\/posts"}],"about":[{"href":"https:\/\/www.tibagroup.com\/es\/wp-json\/wp\/v2\/types\/post"}],"author":[{"embeddable":true,"href":"https:\/\/www.tibagroup.com\/es\/wp-json\/wp\/v2\/users\/2"}],"replies":[{"embeddable":true,"href":"https:\/\/www.tibagroup.com\/es\/wp-json\/wp\/v2\/comments?post=35070"}],"version-history":[{"count":2,"href":"https:\/\/www.tibagroup.com\/es\/wp-json\/wp\/v2\/posts\/35070\/revisions"}],"predecessor-version":[{"id":67996,"href":"https:\/\/www.tibagroup.com\/es\/wp-json\/wp\/v2\/posts\/35070\/revisions\/67996"}],"wp:featuredmedia":[{"embeddable":true,"href":"https:\/\/www.tibagroup.com\/es\/wp-json\/wp\/v2\/media\/35071"}],"wp:attachment":[{"href":"https:\/\/www.tibagroup.com\/es\/wp-json\/wp\/v2\/media?parent=35070"}],"wp:term":[{"taxonomy":"category","embeddable":true,"href":"https:\/\/www.tibagroup.com\/es\/wp-json\/wp\/v2\/categories?post=35070"},{"taxonomy":"post_tag","embeddable":true,"href":"https:\/\/www.tibagroup.com\/es\/wp-json\/wp\/v2\/tags?post=35070"}],"curies":[{"name":"wp","href":"https:\/\/api.w.org\/{rel}","templated":true}]}}