{"id":34842,"date":"2018-02-19T11:01:00","date_gmt":"2018-02-19T10:01:00","guid":{"rendered":"https:\/\/www.tibagroup.com\/renovamos-compromiso-vacunacion-infantil\/"},"modified":"2025-02-18T09:37:35","modified_gmt":"2025-02-18T08:37:35","slug":"vacunacion-infantil-2018","status":"publish","type":"post","link":"https:\/\/www.tibagroup.com\/es\/comunicacion\/rsc\/vacunacion-infantil-2018","title":{"rendered":"Renovamos nuestro compromiso con la Alianza Empresarial para la vacunaci\u00f3n infantil"},"content":{"rendered":"<p>Por segundo a\u00f1o consecutivo, nos sumamos a la <a href=\"\/es\/comunicacion\/rsc\/vacunacion-infantil-mozambique\">Alianza Empresarial para la vacunaci\u00f3n infantil,<\/a> un proyecto de responsabilidad social corporativa que a trav\u00e9s de la organizaci\u00f3n Gavi, colabora en la vacunaci\u00f3n de ni\u00f1os de pa\u00edses del Tercer Mundo.<\/p>\n<p>Cada 60 segundos mueren 3 ni\u00f1os por enfermedades que podr\u00edan haberse evitado con una simple vacuna.\u00a0M\u00e1s de 550 empresas espa\u00f1olas nos hemos adherido a la Alianza Empresarial, y mediante nuestra participaci\u00f3n en este proyecto solidario se ha vacunado a m\u00e1s 2.500.000 ni\u00f1os y evitado 7.000.000 de muertes.<\/p>\n<p>Gracias a la alianza p\u00fablico-privada <a href=\"http:\/\/www.gavi.org\/\" target=\"_blank\" rel=\"noopener noreferrer nofollow\">Gavi the Vaccine Alliance<\/a>, m\u00e1s de medio bill\u00f3n de ni\u00f1os han podido ser vacunados, reduciendo as\u00ed la mortalidad infantil en los pa\u00edses m\u00e1s pobres.<\/p>\n<p>&nbsp;<\/p>\n<p>&nbsp;<\/p>\n<p><img decoding=\"async\" class=\"aligncenter size-full wp-image-51469\" src=\"https:\/\/www.tibagroup.com\/wp-content\/uploads\/2018\/02\/vacunacion-infantil-gavi2.webp\" alt=\"\" width=\"500\" height=\"707\" srcset=\"https:\/\/www.tibagroup.com\/wp-content\/uploads\/2018\/02\/vacunacion-infantil-gavi2.webp 500w, https:\/\/www.tibagroup.com\/wp-content\/uploads\/2018\/02\/vacunacion-infantil-gavi2-212x300.webp 212w, https:\/\/www.tibagroup.com\/wp-content\/uploads\/2018\/02\/vacunacion-infantil-gavi2-499x705.webp 499w\" sizes=\"(max-width: 500px) 100vw, 500px\" \/><\/p>\n<p>&nbsp;<\/p>\n","protected":false},"excerpt":{"rendered":"<p>Renovamos nuestra colaboraci\u00f3n con la Alianza Empresarial para la Vacunaci\u00f3n Infantil a trav\u00e9s de Gavi, the Vaccine Alliance, la alianza p\u00fablico-privada que lucha contra la mortalidad infantil a trav\u00e9s de proyectos de vacunaci\u00f3n en los pa\u00edses del Tercer Mundo<\/p>\n","protected":false},"author":2,"featured_media":34843,"comment_status":"open","ping_status":"closed","sticky":false,"template":"","format":"standard","meta":{"footnotes":""},"categories":[854],"tags":[805],"class_list":["post-34842","post","type-post","status-publish","format-standard","has-post-thumbnail","hentry","category-rsc","tag-espana"],"yoast_head":"<!-- This site is optimized with the Yoast SEO plugin v27.5 - https:\/\/yoast.com\/product\/yoast-seo-wordpress\/ -->\n<title>Renovamos el compromiso con la vacunaci\u00f3n infantil | TIBA<\/title>\n<meta name=\"description\" content=\"Renovamos nuestra colaboraci\u00f3n con la Alianza Empresarial para la Vacunaci\u00f3n Infantil a trav\u00e9s de Gavi, contra la mortalidad.\" \/>\n<meta name=\"robots\" content=\"index, follow, max-snippet:-1, max-image-preview:large, max-video-preview:-1\" \/>\n<link rel=\"canonical\" href=\"https:\/\/www.tibagroup.com\/es\/comunicacion\/rsc\/vacunacion-infantil-2018\" \/>\n<meta property=\"og:locale\" content=\"es_ES\" \/>\n<meta property=\"og:type\" content=\"article\" \/>\n<meta property=\"og:title\" content=\"Renovamos el compromiso con la vacunaci\u00f3n infantil | TIBA\" \/>\n<meta property=\"og:description\" content=\"Renovamos nuestra colaboraci\u00f3n con la Alianza Empresarial para la Vacunaci\u00f3n Infantil a trav\u00e9s de Gavi, contra la mortalidad.\" \/>\n<meta property=\"og:url\" content=\"https:\/\/www.tibagroup.com\/es\/comunicacion\/rsc\/vacunacion-infantil-2018\" \/>\n<meta property=\"og:site_name\" content=\"TIBA\" \/>\n<meta property=\"article:published_time\" content=\"2018-02-19T10:01:00+00:00\" \/>\n<meta property=\"article:modified_time\" content=\"2025-02-18T08:37:35+00:00\" \/>\n<meta property=\"og:image\" content=\"https:\/\/www.tibagroup.com\/wp-content\/uploads\/2023\/11\/vacunacion_infantil_gavi_tiba-002.jpg\" \/>\n\t<meta property=\"og:image:width\" content=\"850\" \/>\n\t<meta property=\"og:image:height\" content=\"323\" \/>\n\t<meta property=\"og:image:type\" content=\"image\/jpeg\" \/>\n<meta name=\"author\" content=\"TIBA\" \/>\n<meta name=\"twitter:card\" content=\"summary_large_image\" \/>\n<meta name=\"twitter:creator\" content=\"@eaguado\" \/>\n<meta name=\"twitter:label1\" content=\"Written by\" \/>\n\t<meta name=\"twitter:data1\" content=\"TIBA\" \/>\n\t<meta name=\"twitter:label2\" content=\"Est. reading time\" \/>\n\t<meta name=\"twitter:data2\" content=\"1 minute\" \/>\n<!-- \/ Yoast SEO plugin. -->","yoast_head_json":{"title":"Renovamos el compromiso con la vacunaci\u00f3n infantil | TIBA","description":"Renovamos nuestra colaboraci\u00f3n con la Alianza Empresarial para la Vacunaci\u00f3n Infantil a trav\u00e9s de Gavi, contra la mortalidad.","robots":{"index":"index","follow":"follow","max-snippet":"max-snippet:-1","max-image-preview":"max-image-preview:large","max-video-preview":"max-video-preview:-1"},"canonical":"https:\/\/www.tibagroup.com\/es\/comunicacion\/rsc\/vacunacion-infantil-2018","og_locale":"es_ES","og_type":"article","og_title":"Renovamos el compromiso con la vacunaci\u00f3n infantil | TIBA","og_description":"Renovamos nuestra colaboraci\u00f3n con la Alianza Empresarial para la Vacunaci\u00f3n Infantil a trav\u00e9s de Gavi, contra la mortalidad.","og_url":"https:\/\/www.tibagroup.com\/es\/comunicacion\/rsc\/vacunacion-infantil-2018","og_site_name":"TIBA","article_published_time":"2018-02-19T10:01:00+00:00","article_modified_time":"2025-02-18T08:37:35+00:00","og_image":[{"width":850,"height":323,"url":"https:\/\/www.tibagroup.com\/wp-content\/uploads\/2023\/11\/vacunacion_infantil_gavi_tiba-002.jpg","type":"image\/jpeg"}],"author":"TIBA","twitter_card":"summary_large_image","twitter_creator":"@eaguado","twitter_misc":{"Written by":"TIBA","Est. reading time":"1 minute"},"schema":{"@context":"https:\/\/schema.org","@graph":[{"@type":"Article","@id":"https:\/\/www.tibagroup.com\/es\/comunicacion\/rsc\/vacunacion-infantil-2018#article","isPartOf":{"@id":"https:\/\/www.tibagroup.com\/es\/comunicacion\/rsc\/vacunacion-infantil-2018"},"author":{"name":"TIBA","@id":"https:\/\/www.tibagroup.com\/es#\/schema\/person\/05c092dcc51b7a515503f3d10c916094"},"headline":"Renovamos nuestro compromiso con la Alianza Empresarial para la vacunaci\u00f3n infantil","datePublished":"2018-02-19T10:01:00+00:00","dateModified":"2025-02-18T08:37:35+00:00","mainEntityOfPage":{"@id":"https:\/\/www.tibagroup.com\/es\/comunicacion\/rsc\/vacunacion-infantil-2018"},"wordCount":145,"commentCount":0,"publisher":{"@id":"https:\/\/www.tibagroup.com\/es#organization"},"image":{"@id":"https:\/\/www.tibagroup.com\/es\/comunicacion\/rsc\/vacunacion-infantil-2018#primaryimage"},"thumbnailUrl":"https:\/\/www.tibagroup.com\/wp-content\/uploads\/2023\/11\/vacunacion_infantil_gavi_tiba-002.jpg","keywords":["Espa\u00f1a"],"articleSection":["RSC"],"inLanguage":"es","potentialAction":[{"@type":"CommentAction","name":"Comment","target":["https:\/\/www.tibagroup.com\/es\/comunicacion\/rsc\/vacunacion-infantil-2018#respond"]}]},{"@type":"WebPage","@id":"https:\/\/www.tibagroup.com\/es\/comunicacion\/rsc\/vacunacion-infantil-2018","url":"https:\/\/www.tibagroup.com\/es\/comunicacion\/rsc\/vacunacion-infantil-2018","name":"Renovamos el compromiso con la vacunaci\u00f3n infantil | TIBA","isPartOf":{"@id":"https:\/\/www.tibagroup.com\/es#website"},"primaryImageOfPage":{"@id":"https:\/\/www.tibagroup.com\/es\/comunicacion\/rsc\/vacunacion-infantil-2018#primaryimage"},"image":{"@id":"https:\/\/www.tibagroup.com\/es\/comunicacion\/rsc\/vacunacion-infantil-2018#primaryimage"},"thumbnailUrl":"https:\/\/www.tibagroup.com\/wp-content\/uploads\/2023\/11\/vacunacion_infantil_gavi_tiba-002.jpg","datePublished":"2018-02-19T10:01:00+00:00","dateModified":"2025-02-18T08:37:35+00:00","description":"Renovamos nuestra colaboraci\u00f3n con la Alianza Empresarial para la Vacunaci\u00f3n Infantil a trav\u00e9s de Gavi, contra la mortalidad.","breadcrumb":{"@id":"https:\/\/www.tibagroup.com\/es\/comunicacion\/rsc\/vacunacion-infantil-2018#breadcrumb"},"inLanguage":"es","potentialAction":[{"@type":"ReadAction","target":["https:\/\/www.tibagroup.com\/es\/comunicacion\/rsc\/vacunacion-infantil-2018"]}]},{"@type":"ImageObject","inLanguage":"es","@id":"https:\/\/www.tibagroup.com\/es\/comunicacion\/rsc\/vacunacion-infantil-2018#primaryimage","url":"https:\/\/www.tibagroup.com\/wp-content\/uploads\/2023\/11\/vacunacion_infantil_gavi_tiba-002.jpg","contentUrl":"https:\/\/www.tibagroup.com\/wp-content\/uploads\/2023\/11\/vacunacion_infantil_gavi_tiba-002.jpg","width":850,"height":323,"caption":"Gavi Vacunaci\u00f3n Infantil"},{"@type":"BreadcrumbList","@id":"https:\/\/www.tibagroup.com\/es\/comunicacion\/rsc\/vacunacion-infantil-2018#breadcrumb","itemListElement":[{"@type":"ListItem","position":1,"name":"In\u00edcio","item":"https:\/\/www.tibagroup.com\/es\/agente-carga-operador-logistico"},{"@type":"ListItem","position":2,"name":"Comunicaci\u00f3n y prensa","item":"https:\/\/www.tibagroup.com\/es\/comunicacion"},{"@type":"ListItem","position":3,"name":"RSC","item":"https:\/\/www.tibagroup.com\/es\/comunicacion\/rsc"},{"@type":"ListItem","position":4,"name":"Renovamos nuestro compromiso con la Alianza Empresarial para la vacunaci\u00f3n infantil"}]},{"@type":"WebSite","@id":"https:\/\/www.tibagroup.com\/es#website","url":"https:\/\/www.tibagroup.com\/es","name":"TIBA","description":"Log\u00edstica y transporte internacional.","publisher":{"@id":"https:\/\/www.tibagroup.com\/es#organization"},"potentialAction":[{"@type":"SearchAction","target":{"@type":"EntryPoint","urlTemplate":"https:\/\/www.tibagroup.com\/es?s={search_term_string}"},"query-input":{"@type":"PropertyValueSpecification","valueRequired":true,"valueName":"search_term_string"}}],"inLanguage":"es"},{"@type":"Organization","@id":"https:\/\/www.tibagroup.com\/es#organization","name":"TIBA","url":"https:\/\/www.tibagroup.com\/es","logo":{"@type":"ImageObject","inLanguage":"es","@id":"https:\/\/www.tibagroup.com\/es#\/schema\/logo\/image\/","url":"https:\/\/www.tibagroup.com\/wp-content\/uploads\/2024\/02\/logo-web-TIBA.png","contentUrl":"https:\/\/www.tibagroup.com\/wp-content\/uploads\/2024\/02\/logo-web-TIBA.png","width":352,"height":116,"caption":"TIBA"},"image":{"@id":"https:\/\/www.tibagroup.com\/es#\/schema\/logo\/image\/"}},{"@type":"Person","@id":"https:\/\/www.tibagroup.com\/es#\/schema\/person\/05c092dcc51b7a515503f3d10c916094","name":"TIBA","image":{"@type":"ImageObject","inLanguage":"es","@id":"https:\/\/secure.gravatar.com\/avatar\/fe41478412b0c43764499979d851fae89a1f174100b1c19a55e15c00fde1851d?s=96&d=mm&r=g","url":"https:\/\/secure.gravatar.com\/avatar\/fe41478412b0c43764499979d851fae89a1f174100b1c19a55e15c00fde1851d?s=96&d=mm&r=g","contentUrl":"https:\/\/secure.gravatar.com\/avatar\/fe41478412b0c43764499979d851fae89a1f174100b1c19a55e15c00fde1851d?s=96&d=mm&r=g","caption":"TIBA"},"sameAs":["https:\/\/x.com\/eaguado"]}]}},"_links":{"self":[{"href":"https:\/\/www.tibagroup.com\/es\/wp-json\/wp\/v2\/posts\/34842","targetHints":{"allow":["GET"]}}],"collection":[{"href":"https:\/\/www.tibagroup.com\/es\/wp-json\/wp\/v2\/posts"}],"about":[{"href":"https:\/\/www.tibagroup.com\/es\/wp-json\/wp\/v2\/types\/post"}],"author":[{"embeddable":true,"href":"https:\/\/www.tibagroup.com\/es\/wp-json\/wp\/v2\/users\/2"}],"replies":[{"embeddable":true,"href":"https:\/\/www.tibagroup.com\/es\/wp-json\/wp\/v2\/comments?post=34842"}],"version-history":[{"count":3,"href":"https:\/\/www.tibagroup.com\/es\/wp-json\/wp\/v2\/posts\/34842\/revisions"}],"predecessor-version":[{"id":71632,"href":"https:\/\/www.tibagroup.com\/es\/wp-json\/wp\/v2\/posts\/34842\/revisions\/71632"}],"wp:featuredmedia":[{"embeddable":true,"href":"https:\/\/www.tibagroup.com\/es\/wp-json\/wp\/v2\/media\/34843"}],"wp:attachment":[{"href":"https:\/\/www.tibagroup.com\/es\/wp-json\/wp\/v2\/media?parent=34842"}],"wp:term":[{"taxonomy":"category","embeddable":true,"href":"https:\/\/www.tibagroup.com\/es\/wp-json\/wp\/v2\/categories?post=34842"},{"taxonomy":"post_tag","embeddable":true,"href":"https:\/\/www.tibagroup.com\/es\/wp-json\/wp\/v2\/tags?post=34842"}],"curies":[{"name":"wp","href":"https:\/\/api.w.org\/{rel}","templated":true}]}}