{"id":34756,"date":"2017-12-22T11:40:30","date_gmt":"2017-12-22T10:40:30","guid":{"rendered":"https:\/\/www.tibagroup.com\/family-day-2017\/"},"modified":"2025-02-05T12:19:07","modified_gmt":"2025-02-05T11:19:07","slug":"family-day-2017","status":"publish","type":"post","link":"https:\/\/www.tibagroup.com\/es\/comunicacion\/eventos\/family-day-2017","title":{"rendered":"Family Day Navide\u00f1o 2017"},"content":{"rendered":"<p>Ayer jueves y el pasado mi\u00e9rcoles, los m\u00e1s peque\u00f1os de la Familia TIBA, pasaron una divertida tarde en la oficina de sus pap\u00e1s, t\u00edos y abuelos en el <em>Family Day<\/em> y pudieron tambi\u00e9n entregar sus cartas a Pap\u00e1 Noel y los Reyes Magos a nuestros ayudantes entre globos, chuches y una s\u00faper merienda.<\/p>\n<p>En la Zona Este, adem\u00e1s, tuvimos el placer de hacer entrega a los dos ganadores del <a href=\"\/es\/comunicacion\/rsc\/felicitaciones-navidenas-2017\">Concurso Infantil de felicitaciones navide\u00f1as,<\/a> Pau y \u00c1lvaro, sus premios, que como ya avanzamos ser\u00e1 un d\u00eda en familia en un parque tem\u00e1tico y por supuesto todos los concursantes recogieron su regalo de participaci\u00f3n.<\/p>\n\n<style type=\"text\/css\" data-created_by=\"avia_inline_auto\" id=\"style-css-av-2zi249g-280e5714b456286430bab49501ff41c9\">\n#top .hr.hr-invisible.av-2zi249g-280e5714b456286430bab49501ff41c9{\nheight:30px;\n}\n<\/style>\n<div  class='hr av-2zi249g-280e5714b456286430bab49501ff41c9 hr-invisible  avia-builder-el-0  el_before_av_one_half  avia-builder-el-first '><span class='hr-inner '><span class=\"hr-inner-style\"><\/span><\/span><\/div>\n<div  class='flex_column av-2cu7u0k-3abd832e64d1a04a933f375f2f7cc27a av_one_half  avia-builder-el-1  el_after_av_hr  el_before_av_one_half  first flex_column_div  '     ><style type=\"text\/css\" data-created_by=\"avia_inline_auto\" id=\"style-css-av-2akcqc4-fd1a3d286e5c79a6a0b5e640b0bd6921\">\n.avia-image-container.av-2akcqc4-fd1a3d286e5c79a6a0b5e640b0bd6921 img.avia_image{\nbox-shadow:none;\n}\n.avia-image-container.av-2akcqc4-fd1a3d286e5c79a6a0b5e640b0bd6921 .av-image-caption-overlay-center{\ncolor:#ffffff;\n}\n<\/style>\n<div  class='avia-image-container av-2akcqc4-fd1a3d286e5c79a6a0b5e640b0bd6921 av-styling- av-img-linked avia-align-center  avia-builder-el-2  avia-builder-el-no-sibling '  ><div class=\"avia-image-container-inner\"><div class=\"avia-image-overlay-wrap\"><img decoding=\"async\" fetchpriority=\"high\" class='wp-image- avia-img-lazy-loading-not- avia_image ' src=\"\/wp-content\/uploads\/2017\/12\/Familyday2-300x225-1.webp\" alt='' title=''   \/><\/div><\/div><\/div><\/div>\n<div  class='flex_column av-6b554k-276adbc79fb9021700bc8031a812db71 av_one_half  avia-builder-el-3  el_after_av_one_half  el_before_av_hr  flex_column_div  '     ><style type=\"text\/css\" data-created_by=\"avia_inline_auto\" id=\"style-css-av-18jgw9g-7cb98d1652238f32d23dbc30b72cfdfe\">\n.avia-image-container.av-18jgw9g-7cb98d1652238f32d23dbc30b72cfdfe img.avia_image{\nbox-shadow:none;\n}\n.avia-image-container.av-18jgw9g-7cb98d1652238f32d23dbc30b72cfdfe .av-image-caption-overlay-center{\ncolor:#ffffff;\n}\n<\/style>\n<div  class='avia-image-container av-18jgw9g-7cb98d1652238f32d23dbc30b72cfdfe av-styling- av-img-linked avia-align-center  avia-builder-el-4  avia-builder-el-no-sibling '  ><div class=\"avia-image-container-inner\"><div class=\"avia-image-overlay-wrap\"><img decoding=\"async\" fetchpriority=\"high\" class='wp-image- avia-img-lazy-loading-not- avia_image ' src=\"\/wp-content\/uploads\/2017\/12\/Familyday1-300x225-1.webp\" alt='' title=''   \/><\/div><\/div><\/div><\/div>\n\n<style type=\"text\/css\" data-created_by=\"avia_inline_auto\" id=\"style-css-av-qfnj6c-451631ce6cc7c915791772ef9dc5504b\">\n#top .hr.hr-invisible.av-qfnj6c-451631ce6cc7c915791772ef9dc5504b{\nheight:30px;\n}\n<\/style>\n<div  class='hr av-qfnj6c-451631ce6cc7c915791772ef9dc5504b hr-invisible  avia-builder-el-5  el_after_av_one_half  avia-builder-el-last '><span class='hr-inner '><span class=\"hr-inner-style\"><\/span><\/span><\/div>\n<p>Tambi\u00e9n los mayores tuvimos nuestro momento navide\u00f1o con el tradicional brindis de nuestra directora de Zona Este, M\u00aa Jos\u00e9 Gallego que nos dese\u00f3 a todos un 2018 lleno de \u00e9xitos profesionales y personales.<\/p>\n<div class=\"bigtextblue\" style=\"text-align: center;\">\u00a1Felices Fiestas de la Familia TIBA!<\/div>\n<p>&nbsp;<\/p>\n<p><img decoding=\"async\" class=\"aligncenter size-full wp-image-54800\" src=\"https:\/\/www.tibagroup.com\/wp-content\/uploads\/2017\/12\/brindis2.webp\" alt=\"\" width=\"650\" height=\"510\" srcset=\"https:\/\/www.tibagroup.com\/wp-content\/uploads\/2017\/12\/brindis2.webp 650w, https:\/\/www.tibagroup.com\/wp-content\/uploads\/2017\/12\/brindis2-300x235.webp 300w\" sizes=\"(max-width: 650px) 100vw, 650px\" \/><\/p>\n<p>&nbsp;<\/p>\n<p>&nbsp;<\/p>\n","protected":false},"excerpt":{"rendered":"<p>Los m\u00e1s peque\u00f1os de la Familia TIBA, pasaron una divertida tarde en la oficina de sus pap\u00e1s, t\u00edos y abuelos en el Family Day donde pudieron entregar sus cartas a Pap\u00e1 Noel y los Reyes Magos y recoger sus regalos del Concurso de felicitaciones navide\u00f1as. Tambi\u00e9n los mayores celebramos la llegada de la Navidad con el tradicional brindis de nuestra directora de la Zona Este, M\u00aa Jos\u00e9 Gallego.<\/p>\n","protected":false},"author":2,"featured_media":34757,"comment_status":"open","ping_status":"closed","sticky":false,"template":"","format":"standard","meta":{"footnotes":""},"categories":[327],"tags":[805],"class_list":["post-34756","post","type-post","status-publish","format-standard","has-post-thumbnail","hentry","category-eventos","tag-espana"],"yoast_head":"<!-- This site is optimized with the Yoast SEO plugin v27.5 - https:\/\/yoast.com\/product\/yoast-seo-wordpress\/ -->\n<title>Family Day 2017 | TIBA<\/title>\n<meta name=\"description\" content=\"Los m\u00e1s peque\u00f1os de la Familia TIBA, pasaron una divertida tarde en la oficina de sus pap\u00e1s, t\u00edos y abuelos en el Family Day donde pudieron entregar sus cartas a Pap\u00e1 Noel y los Reyes Magos. Tambi\u00e9n los mayores celebramos la llegada de la Navidad con el tradicional brindis\" \/>\n<meta name=\"robots\" content=\"index, follow, max-snippet:-1, max-image-preview:large, max-video-preview:-1\" \/>\n<link rel=\"canonical\" href=\"https:\/\/www.tibagroup.com\/es\/comunicacion\/eventos\/family-day-2017\" \/>\n<meta property=\"og:locale\" content=\"es_ES\" \/>\n<meta property=\"og:type\" content=\"article\" \/>\n<meta property=\"og:title\" content=\"Family Day 2017 | TIBA\" \/>\n<meta property=\"og:description\" content=\"Los m\u00e1s peque\u00f1os de la Familia TIBA, pasaron una divertida tarde en la oficina de sus pap\u00e1s, t\u00edos y abuelos en el Family Day donde pudieron entregar sus cartas a Pap\u00e1 Noel y los Reyes Magos. Tambi\u00e9n los mayores celebramos la llegada de la Navidad con el tradicional brindis\" \/>\n<meta property=\"og:url\" content=\"https:\/\/www.tibagroup.com\/es\/comunicacion\/eventos\/family-day-2017\" \/>\n<meta property=\"og:site_name\" content=\"TIBA\" \/>\n<meta property=\"article:published_time\" content=\"2017-12-22T10:40:30+00:00\" \/>\n<meta property=\"article:modified_time\" content=\"2025-02-05T11:19:07+00:00\" \/>\n<meta property=\"og:image\" content=\"https:\/\/www.tibagroup.com\/wp-content\/uploads\/2023\/11\/brindis1.jpg\" \/>\n\t<meta property=\"og:image:width\" content=\"650\" \/>\n\t<meta property=\"og:image:height\" content=\"455\" \/>\n\t<meta property=\"og:image:type\" content=\"image\/jpeg\" \/>\n<meta name=\"author\" content=\"TIBA\" \/>\n<meta name=\"twitter:card\" content=\"summary_large_image\" \/>\n<meta name=\"twitter:creator\" content=\"@eaguado\" \/>\n<meta name=\"twitter:label1\" content=\"Written by\" \/>\n\t<meta name=\"twitter:data1\" content=\"TIBA\" \/>\n\t<meta name=\"twitter:label2\" content=\"Est. reading time\" \/>\n\t<meta name=\"twitter:data2\" content=\"2 minutes\" \/>\n<!-- \/ Yoast SEO plugin. -->","yoast_head_json":{"title":"Family Day 2017 | TIBA","description":"Los m\u00e1s peque\u00f1os de la Familia TIBA, pasaron una divertida tarde en la oficina de sus pap\u00e1s, t\u00edos y abuelos en el Family Day donde pudieron entregar sus cartas a Pap\u00e1 Noel y los Reyes Magos. Tambi\u00e9n los mayores celebramos la llegada de la Navidad con el tradicional brindis","robots":{"index":"index","follow":"follow","max-snippet":"max-snippet:-1","max-image-preview":"max-image-preview:large","max-video-preview":"max-video-preview:-1"},"canonical":"https:\/\/www.tibagroup.com\/es\/comunicacion\/eventos\/family-day-2017","og_locale":"es_ES","og_type":"article","og_title":"Family Day 2017 | TIBA","og_description":"Los m\u00e1s peque\u00f1os de la Familia TIBA, pasaron una divertida tarde en la oficina de sus pap\u00e1s, t\u00edos y abuelos en el Family Day donde pudieron entregar sus cartas a Pap\u00e1 Noel y los Reyes Magos. Tambi\u00e9n los mayores celebramos la llegada de la Navidad con el tradicional brindis","og_url":"https:\/\/www.tibagroup.com\/es\/comunicacion\/eventos\/family-day-2017","og_site_name":"TIBA","article_published_time":"2017-12-22T10:40:30+00:00","article_modified_time":"2025-02-05T11:19:07+00:00","og_image":[{"width":650,"height":455,"url":"https:\/\/www.tibagroup.com\/wp-content\/uploads\/2023\/11\/brindis1.jpg","type":"image\/jpeg"}],"author":"TIBA","twitter_card":"summary_large_image","twitter_creator":"@eaguado","twitter_misc":{"Written by":"TIBA","Est. reading time":"2 minutes"},"schema":{"@context":"https:\/\/schema.org","@graph":[{"@type":"Article","@id":"https:\/\/www.tibagroup.com\/es\/comunicacion\/eventos\/family-day-2017#article","isPartOf":{"@id":"https:\/\/www.tibagroup.com\/es\/comunicacion\/eventos\/family-day-2017"},"author":{"name":"TIBA","@id":"https:\/\/www.tibagroup.com\/es#\/schema\/person\/05c092dcc51b7a515503f3d10c916094"},"headline":"Family Day Navide\u00f1o 2017","datePublished":"2017-12-22T10:40:30+00:00","dateModified":"2025-02-05T11:19:07+00:00","mainEntityOfPage":{"@id":"https:\/\/www.tibagroup.com\/es\/comunicacion\/eventos\/family-day-2017"},"wordCount":370,"commentCount":0,"publisher":{"@id":"https:\/\/www.tibagroup.com\/es#organization"},"image":{"@id":"https:\/\/www.tibagroup.com\/es\/comunicacion\/eventos\/family-day-2017#primaryimage"},"thumbnailUrl":"https:\/\/www.tibagroup.com\/wp-content\/uploads\/2023\/11\/brindis1.jpg","keywords":["Espa\u00f1a"],"articleSection":["Eventos"],"inLanguage":"es","potentialAction":[{"@type":"CommentAction","name":"Comment","target":["https:\/\/www.tibagroup.com\/es\/comunicacion\/eventos\/family-day-2017#respond"]}]},{"@type":"WebPage","@id":"https:\/\/www.tibagroup.com\/es\/comunicacion\/eventos\/family-day-2017","url":"https:\/\/www.tibagroup.com\/es\/comunicacion\/eventos\/family-day-2017","name":"Family Day 2017 | TIBA","isPartOf":{"@id":"https:\/\/www.tibagroup.com\/es#website"},"primaryImageOfPage":{"@id":"https:\/\/www.tibagroup.com\/es\/comunicacion\/eventos\/family-day-2017#primaryimage"},"image":{"@id":"https:\/\/www.tibagroup.com\/es\/comunicacion\/eventos\/family-day-2017#primaryimage"},"thumbnailUrl":"https:\/\/www.tibagroup.com\/wp-content\/uploads\/2023\/11\/brindis1.jpg","datePublished":"2017-12-22T10:40:30+00:00","dateModified":"2025-02-05T11:19:07+00:00","description":"Los m\u00e1s peque\u00f1os de la Familia TIBA, pasaron una divertida tarde en la oficina de sus pap\u00e1s, t\u00edos y abuelos en el Family Day donde pudieron entregar sus cartas a Pap\u00e1 Noel y los Reyes Magos. Tambi\u00e9n los mayores celebramos la llegada de la Navidad con el tradicional brindis","breadcrumb":{"@id":"https:\/\/www.tibagroup.com\/es\/comunicacion\/eventos\/family-day-2017#breadcrumb"},"inLanguage":"es","potentialAction":[{"@type":"ReadAction","target":["https:\/\/www.tibagroup.com\/es\/comunicacion\/eventos\/family-day-2017"]}]},{"@type":"ImageObject","inLanguage":"es","@id":"https:\/\/www.tibagroup.com\/es\/comunicacion\/eventos\/family-day-2017#primaryimage","url":"https:\/\/www.tibagroup.com\/wp-content\/uploads\/2023\/11\/brindis1.jpg","contentUrl":"https:\/\/www.tibagroup.com\/wp-content\/uploads\/2023\/11\/brindis1.jpg","width":650,"height":455},{"@type":"BreadcrumbList","@id":"https:\/\/www.tibagroup.com\/es\/comunicacion\/eventos\/family-day-2017#breadcrumb","itemListElement":[{"@type":"ListItem","position":1,"name":"In\u00edcio","item":"https:\/\/www.tibagroup.com\/es\/agente-carga-operador-logistico"},{"@type":"ListItem","position":2,"name":"Comunicaci\u00f3n y prensa","item":"https:\/\/www.tibagroup.com\/es\/comunicacion"},{"@type":"ListItem","position":3,"name":"Eventos","item":"https:\/\/www.tibagroup.com\/es\/comunicacion\/eventos"},{"@type":"ListItem","position":4,"name":"Family Day Navide\u00f1o 2017"}]},{"@type":"WebSite","@id":"https:\/\/www.tibagroup.com\/es#website","url":"https:\/\/www.tibagroup.com\/es","name":"TIBA","description":"Log\u00edstica y transporte internacional.","publisher":{"@id":"https:\/\/www.tibagroup.com\/es#organization"},"potentialAction":[{"@type":"SearchAction","target":{"@type":"EntryPoint","urlTemplate":"https:\/\/www.tibagroup.com\/es?s={search_term_string}"},"query-input":{"@type":"PropertyValueSpecification","valueRequired":true,"valueName":"search_term_string"}}],"inLanguage":"es"},{"@type":"Organization","@id":"https:\/\/www.tibagroup.com\/es#organization","name":"TIBA","url":"https:\/\/www.tibagroup.com\/es","logo":{"@type":"ImageObject","inLanguage":"es","@id":"https:\/\/www.tibagroup.com\/es#\/schema\/logo\/image\/","url":"https:\/\/www.tibagroup.com\/wp-content\/uploads\/2024\/02\/logo-web-TIBA.png","contentUrl":"https:\/\/www.tibagroup.com\/wp-content\/uploads\/2024\/02\/logo-web-TIBA.png","width":352,"height":116,"caption":"TIBA"},"image":{"@id":"https:\/\/www.tibagroup.com\/es#\/schema\/logo\/image\/"}},{"@type":"Person","@id":"https:\/\/www.tibagroup.com\/es#\/schema\/person\/05c092dcc51b7a515503f3d10c916094","name":"TIBA","image":{"@type":"ImageObject","inLanguage":"es","@id":"https:\/\/secure.gravatar.com\/avatar\/fe41478412b0c43764499979d851fae89a1f174100b1c19a55e15c00fde1851d?s=96&d=mm&r=g","url":"https:\/\/secure.gravatar.com\/avatar\/fe41478412b0c43764499979d851fae89a1f174100b1c19a55e15c00fde1851d?s=96&d=mm&r=g","contentUrl":"https:\/\/secure.gravatar.com\/avatar\/fe41478412b0c43764499979d851fae89a1f174100b1c19a55e15c00fde1851d?s=96&d=mm&r=g","caption":"TIBA"},"sameAs":["https:\/\/x.com\/eaguado"]}]}},"_links":{"self":[{"href":"https:\/\/www.tibagroup.com\/es\/wp-json\/wp\/v2\/posts\/34756","targetHints":{"allow":["GET"]}}],"collection":[{"href":"https:\/\/www.tibagroup.com\/es\/wp-json\/wp\/v2\/posts"}],"about":[{"href":"https:\/\/www.tibagroup.com\/es\/wp-json\/wp\/v2\/types\/post"}],"author":[{"embeddable":true,"href":"https:\/\/www.tibagroup.com\/es\/wp-json\/wp\/v2\/users\/2"}],"replies":[{"embeddable":true,"href":"https:\/\/www.tibagroup.com\/es\/wp-json\/wp\/v2\/comments?post=34756"}],"version-history":[{"count":3,"href":"https:\/\/www.tibagroup.com\/es\/wp-json\/wp\/v2\/posts\/34756\/revisions"}],"predecessor-version":[{"id":71631,"href":"https:\/\/www.tibagroup.com\/es\/wp-json\/wp\/v2\/posts\/34756\/revisions\/71631"}],"wp:featuredmedia":[{"embeddable":true,"href":"https:\/\/www.tibagroup.com\/es\/wp-json\/wp\/v2\/media\/34757"}],"wp:attachment":[{"href":"https:\/\/www.tibagroup.com\/es\/wp-json\/wp\/v2\/media?parent=34756"}],"wp:term":[{"taxonomy":"category","embeddable":true,"href":"https:\/\/www.tibagroup.com\/es\/wp-json\/wp\/v2\/categories?post=34756"},{"taxonomy":"post_tag","embeddable":true,"href":"https:\/\/www.tibagroup.com\/es\/wp-json\/wp\/v2\/tags?post=34756"}],"curies":[{"name":"wp","href":"https:\/\/api.w.org\/{rel}","templated":true}]}}