{"id":34734,"date":"2017-12-13T08:33:42","date_gmt":"2017-12-13T07:33:42","guid":{"rendered":"https:\/\/www.tibagroup.com\/aportem-puerto-solidario\/"},"modified":"2025-02-10T10:22:49","modified_gmt":"2025-02-10T09:22:49","slug":"aportem-puerto-solidario","status":"publish","type":"post","link":"https:\/\/www.tibagroup.com\/es\/comunicacion\/rsc\/aportem-puerto-solidario","title":{"rendered":"Aportem \u2013 Puerto Solidario Valencia, la asociaci\u00f3n sin \u00e1nimo de lucro del sector portuario"},"content":{"rendered":"<p>El pasado mi\u00e9rcoles 22 de noviembre, y tras cuatro a\u00f1os de trabajo, la asociaci\u00f3n <a href=\"http:\/\/www.aportem.com\/\" target=\"_blank\" rel=\"noopener noreferrer nofollow\">Aportem \u2013 Puerto Solidario Valencia<\/a> se present\u00f3 oficialmente como\u00a0<strong>asociaci\u00f3n sin \u00e1nimo de lucro.<\/strong><\/p>\n<p>Aportem, tal y como record\u00f3 en el acto de presentaci\u00f3n Aurelio Mart\u00ednez, presidente de la Autoridad Portuaria de Valencia (APV), y de Aportem, <strong>naci\u00f3 en 2013 como resultado del trabajo totalmente voluntario<\/strong>\u00a0e implicaci\u00f3n de un grupo de <strong>trabajadores de la comunidad portuaria<\/strong> y de su compromiso con personas en riesgo de exclusi\u00f3n social en los barrios del Mar\u00edtimo.<\/p>\n<p>El a\u00f1o 2017 ha marcado la formalizaci\u00f3n y constituci\u00f3n de la asociaci\u00f3n sin \u00e1nimo de lucro que tiene por objetivo<strong> potenciar la Responsabilidad Social Corporativa en la comunidad portuaria<\/strong>, as\u00ed como promover actuaciones en el entorno m\u00e1s pr\u00f3ximo al puerto de Valencia gracias a alianza entre empresas y profesionales vinculados al transporte y la log\u00edstica, entre ellos TIBA.<\/p>\n<div class=\"cookieconsent-optin-marketing\">\n<p style=\"text-align: center;\"><iframe loading=\"lazy\" data-cookieconsent=\"statistics, marketing\" data-src=\"https:\/\/www.youtube.com\/embed\/eyOCFEZx7SY\" width=\"560\" height=\"315\" frameborder=\"0\" allowfullscreen=\"allowfullscreen\"><\/iframe><div class=\"cookieconsent-optout-statistics cookieconsent-optout-marketing\">Please accept <a href=\"javascript:Cookiebot.renew()\">statistics, marketing<\/a> cookies to watch this video.<\/div><\/p>\n<\/div>\n<div class=\"cookieconsent-optout-marketing\"><a style=\"text-align: center;\"><img decoding=\"async\" class=\"aligncenter\" src=\"https:\/\/www.tibagroup.com\/wp-content\/uploads\/2024\/10\/TIBA-cookies-marketing-1-scaled.webp\" alt=\"\" width=\"638\" height=\"385\" \/><\/a><\/div>\n<p><strong>Aportem colabora con m\u00e1s de 20 organizaciones de los distritos mar\u00edtimos<\/strong>\u00a0de La Punta, Nazaret y El Cabanyal, lo que le ha permitido, desde su entrada en funcionamiento en 2013, dar apoyo directo a m\u00e1s de 500 menores, unas 120 mujeres en situaci\u00f3n de exclusi\u00f3n social, y m\u00e1s de 30 inmigrantes.<\/p>\n<p>En concreto, entre las l\u00edneas de actuaci\u00f3n promovidas para estos colectivos est\u00e1 el refuerzo en <strong>alimentaci\u00f3n b\u00e1sica, salud y educaci\u00f3n<\/strong> mediante la adquisici\u00f3n de alimentos, productos de higiene, ropa o material did\u00e1ctico, deportivo y escolar entre otros productos.<\/p>\n<p>Actualmente, <strong>forman parte<\/strong> de la asociaci\u00f3n:<\/p>\n<ul>\n<li>Amarradores del Puerto de Valencia.<\/li>\n<li>APM Terminals.<\/li>\n<li>Asociaci\u00f3n Naviera Valenciana.<\/li>\n<li>Ateia-Oltra Valencia.<\/li>\n<li>Autoridad Portuaria de Valencia.<\/li>\n<li>Bale\u00e0ria.<\/li>\n<li>Boluda Corporaci\u00f3n Mar\u00edtima.<\/li>\n<li>Colegio Oficial de Agentes de Aduanas y representantes Aduaneros.<\/li>\n<li>Docks Logistics Spain.<\/li>\n<li>Fundaci\u00f3n Valenciaport.<\/li>\n<li>Grupo Diario.<\/li>\n<li>Infoport.<\/li>\n<li>Noatum Container Terminal Valencia.<\/li>\n<li>Propeller Valencia.<\/li>\n<li>TIBA.<\/li>\n<li>MSC Terminal Valencia.<\/li>\n<li>SEVASA SAGEP.<\/li>\n<li>Urbamar Levante.<\/li>\n<\/ul>\n","protected":false},"excerpt":{"rendered":"<p>Aportem, de quien TIBA es miembro, se constituye como asociaci\u00f3n ben\u00e9fica y colabora con m\u00e1s de 20 organizaciones de los distritos mar\u00edtimos de Valencia.<\/p>\n","protected":false},"author":2,"featured_media":34735,"comment_status":"open","ping_status":"closed","sticky":false,"template":"","format":"standard","meta":{"footnotes":""},"categories":[854],"tags":[805],"class_list":["post-34734","post","type-post","status-publish","format-standard","has-post-thumbnail","hentry","category-rsc","tag-espana"],"yoast_head":"<!-- This site is optimized with the Yoast SEO plugin v27.5 - https:\/\/yoast.com\/product\/yoast-seo-wordpress\/ -->\n<title>Aportem se constituye como asociaci\u00f3n ben\u00e9fica | TIBA<\/title>\n<meta name=\"description\" content=\"Aportem se constituye como asociaci\u00f3n ben\u00e9fica y colabora con m\u00e1s de 20 organizaciones de los distritos mar\u00edtimos de Valencia.\" \/>\n<meta name=\"robots\" content=\"index, follow, max-snippet:-1, max-image-preview:large, max-video-preview:-1\" \/>\n<link rel=\"canonical\" href=\"https:\/\/www.tibagroup.com\/es\/comunicacion\/rsc\/aportem-puerto-solidario\" \/>\n<meta property=\"og:locale\" content=\"es_ES\" \/>\n<meta property=\"og:type\" content=\"article\" \/>\n<meta property=\"og:title\" content=\"Aportem se constituye como asociaci\u00f3n ben\u00e9fica | TIBA\" \/>\n<meta property=\"og:description\" content=\"Aportem se constituye como asociaci\u00f3n ben\u00e9fica y colabora con m\u00e1s de 20 organizaciones de los distritos mar\u00edtimos de Valencia.\" \/>\n<meta property=\"og:url\" content=\"https:\/\/www.tibagroup.com\/es\/comunicacion\/rsc\/aportem-puerto-solidario\" \/>\n<meta property=\"og:site_name\" content=\"TIBA\" \/>\n<meta property=\"article:published_time\" content=\"2017-12-13T07:33:42+00:00\" \/>\n<meta property=\"article:modified_time\" content=\"2025-02-10T09:22:49+00:00\" \/>\n<meta property=\"og:image\" content=\"https:\/\/www.tibagroup.com\/wp-content\/uploads\/2023\/11\/Aportem-Puerto-Solidario-Valencia-2.jpg\" \/>\n\t<meta property=\"og:image:width\" content=\"700\" \/>\n\t<meta property=\"og:image:height\" content=\"293\" \/>\n\t<meta property=\"og:image:type\" content=\"image\/jpeg\" \/>\n<meta name=\"author\" content=\"TIBA\" \/>\n<meta name=\"twitter:card\" content=\"summary_large_image\" \/>\n<meta name=\"twitter:creator\" content=\"@eaguado\" \/>\n<meta name=\"twitter:label1\" content=\"Written by\" \/>\n\t<meta name=\"twitter:data1\" content=\"TIBA\" \/>\n\t<meta name=\"twitter:label2\" content=\"Est. reading time\" \/>\n\t<meta name=\"twitter:data2\" content=\"2 minutes\" \/>\n<!-- \/ Yoast SEO plugin. -->","yoast_head_json":{"title":"Aportem se constituye como asociaci\u00f3n ben\u00e9fica | TIBA","description":"Aportem se constituye como asociaci\u00f3n ben\u00e9fica y colabora con m\u00e1s de 20 organizaciones de los distritos mar\u00edtimos de Valencia.","robots":{"index":"index","follow":"follow","max-snippet":"max-snippet:-1","max-image-preview":"max-image-preview:large","max-video-preview":"max-video-preview:-1"},"canonical":"https:\/\/www.tibagroup.com\/es\/comunicacion\/rsc\/aportem-puerto-solidario","og_locale":"es_ES","og_type":"article","og_title":"Aportem se constituye como asociaci\u00f3n ben\u00e9fica | TIBA","og_description":"Aportem se constituye como asociaci\u00f3n ben\u00e9fica y colabora con m\u00e1s de 20 organizaciones de los distritos mar\u00edtimos de Valencia.","og_url":"https:\/\/www.tibagroup.com\/es\/comunicacion\/rsc\/aportem-puerto-solidario","og_site_name":"TIBA","article_published_time":"2017-12-13T07:33:42+00:00","article_modified_time":"2025-02-10T09:22:49+00:00","og_image":[{"width":700,"height":293,"url":"https:\/\/www.tibagroup.com\/wp-content\/uploads\/2023\/11\/Aportem-Puerto-Solidario-Valencia-2.jpg","type":"image\/jpeg"}],"author":"TIBA","twitter_card":"summary_large_image","twitter_creator":"@eaguado","twitter_misc":{"Written by":"TIBA","Est. reading time":"2 minutes"},"schema":{"@context":"https:\/\/schema.org","@graph":[{"@type":"Article","@id":"https:\/\/www.tibagroup.com\/es\/comunicacion\/rsc\/aportem-puerto-solidario#article","isPartOf":{"@id":"https:\/\/www.tibagroup.com\/es\/comunicacion\/rsc\/aportem-puerto-solidario"},"author":{"name":"TIBA","@id":"https:\/\/www.tibagroup.com\/es#\/schema\/person\/05c092dcc51b7a515503f3d10c916094"},"headline":"Aportem \u2013 Puerto Solidario Valencia, la asociaci\u00f3n sin \u00e1nimo de lucro del sector portuario","datePublished":"2017-12-13T07:33:42+00:00","dateModified":"2025-02-10T09:22:49+00:00","mainEntityOfPage":{"@id":"https:\/\/www.tibagroup.com\/es\/comunicacion\/rsc\/aportem-puerto-solidario"},"wordCount":331,"commentCount":0,"publisher":{"@id":"https:\/\/www.tibagroup.com\/es#organization"},"image":{"@id":"https:\/\/www.tibagroup.com\/es\/comunicacion\/rsc\/aportem-puerto-solidario#primaryimage"},"thumbnailUrl":"https:\/\/www.tibagroup.com\/wp-content\/uploads\/2023\/11\/Aportem-Puerto-Solidario-Valencia-2.jpg","keywords":["Espa\u00f1a"],"articleSection":["RSC"],"inLanguage":"es","potentialAction":[{"@type":"CommentAction","name":"Comment","target":["https:\/\/www.tibagroup.com\/es\/comunicacion\/rsc\/aportem-puerto-solidario#respond"]}]},{"@type":"WebPage","@id":"https:\/\/www.tibagroup.com\/es\/comunicacion\/rsc\/aportem-puerto-solidario","url":"https:\/\/www.tibagroup.com\/es\/comunicacion\/rsc\/aportem-puerto-solidario","name":"Aportem se constituye como asociaci\u00f3n ben\u00e9fica | TIBA","isPartOf":{"@id":"https:\/\/www.tibagroup.com\/es#website"},"primaryImageOfPage":{"@id":"https:\/\/www.tibagroup.com\/es\/comunicacion\/rsc\/aportem-puerto-solidario#primaryimage"},"image":{"@id":"https:\/\/www.tibagroup.com\/es\/comunicacion\/rsc\/aportem-puerto-solidario#primaryimage"},"thumbnailUrl":"https:\/\/www.tibagroup.com\/wp-content\/uploads\/2023\/11\/Aportem-Puerto-Solidario-Valencia-2.jpg","datePublished":"2017-12-13T07:33:42+00:00","dateModified":"2025-02-10T09:22:49+00:00","description":"Aportem se constituye como asociaci\u00f3n ben\u00e9fica y colabora con m\u00e1s de 20 organizaciones de los distritos mar\u00edtimos de Valencia.","breadcrumb":{"@id":"https:\/\/www.tibagroup.com\/es\/comunicacion\/rsc\/aportem-puerto-solidario#breadcrumb"},"inLanguage":"es","potentialAction":[{"@type":"ReadAction","target":["https:\/\/www.tibagroup.com\/es\/comunicacion\/rsc\/aportem-puerto-solidario"]}]},{"@type":"ImageObject","inLanguage":"es","@id":"https:\/\/www.tibagroup.com\/es\/comunicacion\/rsc\/aportem-puerto-solidario#primaryimage","url":"https:\/\/www.tibagroup.com\/wp-content\/uploads\/2023\/11\/Aportem-Puerto-Solidario-Valencia-2.jpg","contentUrl":"https:\/\/www.tibagroup.com\/wp-content\/uploads\/2023\/11\/Aportem-Puerto-Solidario-Valencia-2.jpg","width":700,"height":293},{"@type":"BreadcrumbList","@id":"https:\/\/www.tibagroup.com\/es\/comunicacion\/rsc\/aportem-puerto-solidario#breadcrumb","itemListElement":[{"@type":"ListItem","position":1,"name":"In\u00edcio","item":"https:\/\/www.tibagroup.com\/es\/agente-carga-operador-logistico"},{"@type":"ListItem","position":2,"name":"Comunicaci\u00f3n y prensa","item":"https:\/\/www.tibagroup.com\/es\/comunicacion"},{"@type":"ListItem","position":3,"name":"RSC","item":"https:\/\/www.tibagroup.com\/es\/comunicacion\/rsc"},{"@type":"ListItem","position":4,"name":"Aportem \u2013 Puerto Solidario Valencia, la asociaci\u00f3n sin \u00e1nimo de lucro del sector portuario"}]},{"@type":"WebSite","@id":"https:\/\/www.tibagroup.com\/es#website","url":"https:\/\/www.tibagroup.com\/es","name":"TIBA","description":"Log\u00edstica y transporte internacional.","publisher":{"@id":"https:\/\/www.tibagroup.com\/es#organization"},"potentialAction":[{"@type":"SearchAction","target":{"@type":"EntryPoint","urlTemplate":"https:\/\/www.tibagroup.com\/es?s={search_term_string}"},"query-input":{"@type":"PropertyValueSpecification","valueRequired":true,"valueName":"search_term_string"}}],"inLanguage":"es"},{"@type":"Organization","@id":"https:\/\/www.tibagroup.com\/es#organization","name":"TIBA","url":"https:\/\/www.tibagroup.com\/es","logo":{"@type":"ImageObject","inLanguage":"es","@id":"https:\/\/www.tibagroup.com\/es#\/schema\/logo\/image\/","url":"https:\/\/www.tibagroup.com\/wp-content\/uploads\/2024\/02\/logo-web-TIBA.png","contentUrl":"https:\/\/www.tibagroup.com\/wp-content\/uploads\/2024\/02\/logo-web-TIBA.png","width":352,"height":116,"caption":"TIBA"},"image":{"@id":"https:\/\/www.tibagroup.com\/es#\/schema\/logo\/image\/"}},{"@type":"Person","@id":"https:\/\/www.tibagroup.com\/es#\/schema\/person\/05c092dcc51b7a515503f3d10c916094","name":"TIBA","image":{"@type":"ImageObject","inLanguage":"es","@id":"https:\/\/secure.gravatar.com\/avatar\/fe41478412b0c43764499979d851fae89a1f174100b1c19a55e15c00fde1851d?s=96&d=mm&r=g","url":"https:\/\/secure.gravatar.com\/avatar\/fe41478412b0c43764499979d851fae89a1f174100b1c19a55e15c00fde1851d?s=96&d=mm&r=g","contentUrl":"https:\/\/secure.gravatar.com\/avatar\/fe41478412b0c43764499979d851fae89a1f174100b1c19a55e15c00fde1851d?s=96&d=mm&r=g","caption":"TIBA"},"sameAs":["https:\/\/x.com\/eaguado"]}]}},"_links":{"self":[{"href":"https:\/\/www.tibagroup.com\/es\/wp-json\/wp\/v2\/posts\/34734","targetHints":{"allow":["GET"]}}],"collection":[{"href":"https:\/\/www.tibagroup.com\/es\/wp-json\/wp\/v2\/posts"}],"about":[{"href":"https:\/\/www.tibagroup.com\/es\/wp-json\/wp\/v2\/types\/post"}],"author":[{"embeddable":true,"href":"https:\/\/www.tibagroup.com\/es\/wp-json\/wp\/v2\/users\/2"}],"replies":[{"embeddable":true,"href":"https:\/\/www.tibagroup.com\/es\/wp-json\/wp\/v2\/comments?post=34734"}],"version-history":[{"count":4,"href":"https:\/\/www.tibagroup.com\/es\/wp-json\/wp\/v2\/posts\/34734\/revisions"}],"predecessor-version":[{"id":67088,"href":"https:\/\/www.tibagroup.com\/es\/wp-json\/wp\/v2\/posts\/34734\/revisions\/67088"}],"wp:featuredmedia":[{"embeddable":true,"href":"https:\/\/www.tibagroup.com\/es\/wp-json\/wp\/v2\/media\/34735"}],"wp:attachment":[{"href":"https:\/\/www.tibagroup.com\/es\/wp-json\/wp\/v2\/media?parent=34734"}],"wp:term":[{"taxonomy":"category","embeddable":true,"href":"https:\/\/www.tibagroup.com\/es\/wp-json\/wp\/v2\/categories?post=34734"},{"taxonomy":"post_tag","embeddable":true,"href":"https:\/\/www.tibagroup.com\/es\/wp-json\/wp\/v2\/tags?post=34734"}],"curies":[{"name":"wp","href":"https:\/\/api.w.org\/{rel}","templated":true}]}}