{"id":34471,"date":"2017-09-22T11:16:49","date_gmt":"2017-09-22T09:16:49","guid":{"rendered":"https:\/\/www.tibagroup.com\/nueva-oficina-lima\/"},"modified":"2025-02-10T09:54:21","modified_gmt":"2025-02-10T08:54:21","slug":"nueva-oficina-lima","status":"publish","type":"post","link":"https:\/\/www.tibagroup.com\/es\/comunicacion\/prensa\/nueva-oficina-lima","title":{"rendered":"Potenciamos la importaci\u00f3n y exportaci\u00f3n a Per\u00fa con la apertura de nueva oficina en Lima"},"content":{"rendered":"<h2>Nueva oficina TIBA en Per\u00fa<\/h2>\n<ul>\n<li>Comunicamos la adquisici\u00f3n del 80% de la empresa peruana del medio FP Cargo, que se ha integrado ya plenamente en la red TIBA.<\/li>\n<li>La adquisici\u00f3n entra dentro de nuestra l\u00f3gica de crecimiento en Latinoam\u00e9rica.<\/li>\n<li>Con esta, sumamos ya 46 oficinas en 17 pa\u00edses.<\/li>\n<\/ul>\n<p><strong>La empresa peruana FP Cargo<\/strong>, pasa a denominarse TIBA Cargo Per\u00fa. La operaci\u00f3n integra a un equipo de 13 trabajadores, muy conocedor del mercado y con excelentes relaciones con los socios estrat\u00e9gicos locales.<\/p>\n<p>Per\u00fa entra dentro de nuestra l\u00f3gica de desarrollo en el subcontinente americano. Con un crecimiento econ\u00f3mico sostenido en los \u00faltimos a\u00f1os, el pa\u00eds cuenta con una gran inversi\u00f3n espa\u00f1ola en sectores dentro del rango de productos de la compa\u00f1\u00eda, como son las <strong>industrias petroqu\u00edmica y minera, los graneles, los alimentos o la hoteler\u00eda.<\/strong><\/p>\n<p>Continuamos as\u00ed con nuestra\u00a0<strong>expansi\u00f3n en Latinoam\u00e9rica<\/strong>. TIBA es ya el operador de capital espa\u00f1ol m\u00e1s asentado en el \u00e1rea, con oficinas en M\u00e9xico, Chile, Argentina, Panam\u00e1, Salvador, Guatemala, y ahora tambi\u00e9n Per\u00fa.<\/p>\n\n<style type=\"text\/css\" data-created_by=\"avia_inline_auto\" id=\"style-css-av-d4a3ka-d961e836690e57ccb20b92270bf88d15\">\n#top .hr.hr-invisible.av-d4a3ka-d961e836690e57ccb20b92270bf88d15{\nheight:30px;\n}\n<\/style>\n<div  class='hr av-d4a3ka-d961e836690e57ccb20b92270bf88d15 hr-invisible  avia-builder-el-0  el_before_av_hr  avia-builder-el-first '><span class='hr-inner '><span class=\"hr-inner-style\"><\/span><\/span><\/div>\n<div class=\"bigtextblue\" style=\"text-align: center;\">En el mundo, sumamos ya nuestra oficina n\u00famero 46, y consolidamos nuestro proyecto estrat\u00e9gico, que a corto plazo pasa por alcanzar los 25 pa\u00edses y 50 oficinas en 2020.<\/div>\n\n<style type=\"text\/css\" data-created_by=\"avia_inline_auto\" id=\"style-css-av-astc9m-b581c8c8fafce9e23354ba0f989dcf3d\">\n#top .hr.hr-invisible.av-astc9m-b581c8c8fafce9e23354ba0f989dcf3d{\nheight:30px;\n}\n<\/style>\n<div  class='hr av-astc9m-b581c8c8fafce9e23354ba0f989dcf3d hr-invisible  avia-builder-el-1  el_after_av_hr  el_before_av_testimonials '><span class='hr-inner '><span class=\"hr-inner-style\"><\/span><\/span><\/div>\n<h3>As\u00ed recogieron los medios de comunicaci\u00f3n la apertura de nuestra nueva oficina<\/h3>\n<div  class='avia-testimonial-wrapper av-9i8tbu-fa3b4b91bca17041334d0f9ce9e220ed avia-grid-testimonials avia-grid-2-testimonials avia_animate_when_almost_visible' >\n<section class=\"avia-testimonial-row\"><div class='avia-testimonial av-6zy00a-5d10e9b3c28d15e6bfbd274ca0383e1e avia-testimonial-row-1 avia-first-testimonial flex_column no_margin av_one_half'><div class='avia-testimonial_inner' ><div class='avia-testimonial-image' ><\/div><div class='avia-testimonial-content '><div class='avia-testimonial-markup-entry-content' ><p><a href=\"https:\/\/www.alimarket.es\/logistica\/noticia\/250551\/tiba-se-establece-en-peru-con-la-compra-de-una-empresa-local\" target=\"_blank\" rel=\"noopener noreferrer nofollow\">Tiba se establece en Per\u00fa con la compra de una empresa local<\/a><\/p>\n<\/div><\/div><div class=\"avia-testimonial-meta\"><div class=\"avia-testimonial-arrow-wrap\"><div class=\"avia-arrow\"><\/div><\/div><div class='avia-testimonial-meta-mini' ><strong  class='avia-testimonial-name' >Alimarket<\/strong><span  class='avia-testimonial-subtitle ' >22 de septiembre 2017<\/span><\/div><\/div><\/div><\/div>\n<\/section><\/div>\n<p>&nbsp;<\/p>\n","protected":false},"excerpt":{"rendered":"<p>Comunicamos la adquisici\u00f3n del 80% de la empresa peruana del medio FP Cargo, que se ha integrado ya plenamente en la red TIBA. La empresa peruana FP Cargo, pasa a denominarse TIBA Cargo Per\u00fa.<\/p>\n","protected":false},"author":2,"featured_media":34472,"comment_status":"open","ping_status":"closed","sticky":false,"template":"","format":"standard","meta":{"footnotes":""},"categories":[327,334],"tags":[829],"class_list":["post-34471","post","type-post","status-publish","format-standard","has-post-thumbnail","hentry","category-eventos","category-prensa","tag-peru"],"yoast_head":"<!-- This site is optimized with the Yoast SEO plugin v27.4 - https:\/\/yoast.com\/product\/yoast-seo-wordpress\/ -->\n<title>Nueva oficina de agente de carga en Per\u00fa | TIBA<\/title>\n<meta name=\"description\" content=\"TIBA adquiere el 80% de la empresa peruana FP Cargo y abre oficina de agente de carga y aduanas en Lima.\" \/>\n<meta name=\"robots\" content=\"index, follow, max-snippet:-1, max-image-preview:large, max-video-preview:-1\" \/>\n<link rel=\"canonical\" href=\"https:\/\/www.tibagroup.com\/es\/comunicacion\/prensa\/nueva-oficina-lima\" \/>\n<meta property=\"og:locale\" content=\"es_ES\" \/>\n<meta property=\"og:type\" content=\"article\" \/>\n<meta property=\"og:title\" content=\"Nueva oficina de agente de carga en Per\u00fa | TIBA\" \/>\n<meta property=\"og:description\" content=\"TIBA adquiere el 80% de la empresa peruana FP Cargo y abre oficina de agente de carga y aduanas en Lima.\" \/>\n<meta property=\"og:url\" content=\"https:\/\/www.tibagroup.com\/es\/comunicacion\/prensa\/nueva-oficina-lima\" \/>\n<meta property=\"og:site_name\" content=\"TIBA\" \/>\n<meta property=\"article:published_time\" content=\"2017-09-22T09:16:49+00:00\" \/>\n<meta property=\"article:modified_time\" content=\"2025-02-10T08:54:21+00:00\" \/>\n<meta property=\"og:image\" content=\"https:\/\/www.tibagroup.com\/wp-content\/uploads\/2023\/11\/agente-carga-peru.jpg\" \/>\n\t<meta property=\"og:image:width\" content=\"900\" \/>\n\t<meta property=\"og:image:height\" content=\"414\" \/>\n\t<meta property=\"og:image:type\" content=\"image\/jpeg\" \/>\n<meta name=\"author\" content=\"TIBA\" \/>\n<meta name=\"twitter:card\" content=\"summary_large_image\" \/>\n<meta name=\"twitter:creator\" content=\"@eaguado\" \/>\n<meta name=\"twitter:label1\" content=\"Written by\" \/>\n\t<meta name=\"twitter:data1\" content=\"TIBA\" \/>\n\t<meta name=\"twitter:label2\" content=\"Est. reading time\" \/>\n\t<meta name=\"twitter:data2\" content=\"1 minute\" \/>\n<!-- \/ Yoast SEO plugin. -->","yoast_head_json":{"title":"Nueva oficina de agente de carga en Per\u00fa | TIBA","description":"TIBA adquiere el 80% de la empresa peruana FP Cargo y abre oficina de agente de carga y aduanas en Lima.","robots":{"index":"index","follow":"follow","max-snippet":"max-snippet:-1","max-image-preview":"max-image-preview:large","max-video-preview":"max-video-preview:-1"},"canonical":"https:\/\/www.tibagroup.com\/es\/comunicacion\/prensa\/nueva-oficina-lima","og_locale":"es_ES","og_type":"article","og_title":"Nueva oficina de agente de carga en Per\u00fa | TIBA","og_description":"TIBA adquiere el 80% de la empresa peruana FP Cargo y abre oficina de agente de carga y aduanas en Lima.","og_url":"https:\/\/www.tibagroup.com\/es\/comunicacion\/prensa\/nueva-oficina-lima","og_site_name":"TIBA","article_published_time":"2017-09-22T09:16:49+00:00","article_modified_time":"2025-02-10T08:54:21+00:00","og_image":[{"width":900,"height":414,"url":"https:\/\/www.tibagroup.com\/wp-content\/uploads\/2023\/11\/agente-carga-peru.jpg","type":"image\/jpeg"}],"author":"TIBA","twitter_card":"summary_large_image","twitter_creator":"@eaguado","twitter_misc":{"Written by":"TIBA","Est. reading time":"1 minute"},"schema":{"@context":"https:\/\/schema.org","@graph":[{"@type":"Article","@id":"https:\/\/www.tibagroup.com\/es\/comunicacion\/prensa\/nueva-oficina-lima#article","isPartOf":{"@id":"https:\/\/www.tibagroup.com\/es\/comunicacion\/prensa\/nueva-oficina-lima"},"author":{"name":"TIBA","@id":"https:\/\/www.tibagroup.com\/es#\/schema\/person\/05c092dcc51b7a515503f3d10c916094"},"headline":"Potenciamos la importaci\u00f3n y exportaci\u00f3n a Per\u00fa con la apertura de nueva oficina en Lima","datePublished":"2017-09-22T09:16:49+00:00","dateModified":"2025-02-10T08:54:21+00:00","mainEntityOfPage":{"@id":"https:\/\/www.tibagroup.com\/es\/comunicacion\/prensa\/nueva-oficina-lima"},"wordCount":393,"commentCount":0,"publisher":{"@id":"https:\/\/www.tibagroup.com\/es#organization"},"image":{"@id":"https:\/\/www.tibagroup.com\/es\/comunicacion\/prensa\/nueva-oficina-lima#primaryimage"},"thumbnailUrl":"https:\/\/www.tibagroup.com\/wp-content\/uploads\/2023\/11\/agente-carga-peru.jpg","keywords":["Per\u00fa"],"articleSection":["Eventos","Prensa"],"inLanguage":"es","potentialAction":[{"@type":"CommentAction","name":"Comment","target":["https:\/\/www.tibagroup.com\/es\/comunicacion\/prensa\/nueva-oficina-lima#respond"]}]},{"@type":"WebPage","@id":"https:\/\/www.tibagroup.com\/es\/comunicacion\/prensa\/nueva-oficina-lima","url":"https:\/\/www.tibagroup.com\/es\/comunicacion\/prensa\/nueva-oficina-lima","name":"Nueva oficina de agente de carga en Per\u00fa | TIBA","isPartOf":{"@id":"https:\/\/www.tibagroup.com\/es#website"},"primaryImageOfPage":{"@id":"https:\/\/www.tibagroup.com\/es\/comunicacion\/prensa\/nueva-oficina-lima#primaryimage"},"image":{"@id":"https:\/\/www.tibagroup.com\/es\/comunicacion\/prensa\/nueva-oficina-lima#primaryimage"},"thumbnailUrl":"https:\/\/www.tibagroup.com\/wp-content\/uploads\/2023\/11\/agente-carga-peru.jpg","datePublished":"2017-09-22T09:16:49+00:00","dateModified":"2025-02-10T08:54:21+00:00","description":"TIBA adquiere el 80% de la empresa peruana FP Cargo y abre oficina de agente de carga y aduanas en Lima.","breadcrumb":{"@id":"https:\/\/www.tibagroup.com\/es\/comunicacion\/prensa\/nueva-oficina-lima#breadcrumb"},"inLanguage":"es","potentialAction":[{"@type":"ReadAction","target":["https:\/\/www.tibagroup.com\/es\/comunicacion\/prensa\/nueva-oficina-lima"]}]},{"@type":"ImageObject","inLanguage":"es","@id":"https:\/\/www.tibagroup.com\/es\/comunicacion\/prensa\/nueva-oficina-lima#primaryimage","url":"https:\/\/www.tibagroup.com\/wp-content\/uploads\/2023\/11\/agente-carga-peru.jpg","contentUrl":"https:\/\/www.tibagroup.com\/wp-content\/uploads\/2023\/11\/agente-carga-peru.jpg","width":900,"height":414,"caption":"Agente carga en Per\u00fa"},{"@type":"BreadcrumbList","@id":"https:\/\/www.tibagroup.com\/es\/comunicacion\/prensa\/nueva-oficina-lima#breadcrumb","itemListElement":[{"@type":"ListItem","position":1,"name":"In\u00edcio","item":"https:\/\/www.tibagroup.com\/es\/agente-carga-operador-logistico"},{"@type":"ListItem","position":2,"name":"Comunicaci\u00f3n y prensa","item":"https:\/\/www.tibagroup.com\/es\/comunicacion"},{"@type":"ListItem","position":3,"name":"Prensa","item":"https:\/\/www.tibagroup.com\/es\/comunicacion\/prensa"},{"@type":"ListItem","position":4,"name":"Potenciamos la importaci\u00f3n y exportaci\u00f3n a Per\u00fa con la apertura de nueva oficina en Lima"}]},{"@type":"WebSite","@id":"https:\/\/www.tibagroup.com\/es#website","url":"https:\/\/www.tibagroup.com\/es","name":"TIBA","description":"Log\u00edstica y transporte internacional.","publisher":{"@id":"https:\/\/www.tibagroup.com\/es#organization"},"potentialAction":[{"@type":"SearchAction","target":{"@type":"EntryPoint","urlTemplate":"https:\/\/www.tibagroup.com\/es?s={search_term_string}"},"query-input":{"@type":"PropertyValueSpecification","valueRequired":true,"valueName":"search_term_string"}}],"inLanguage":"es"},{"@type":"Organization","@id":"https:\/\/www.tibagroup.com\/es#organization","name":"TIBA","url":"https:\/\/www.tibagroup.com\/es","logo":{"@type":"ImageObject","inLanguage":"es","@id":"https:\/\/www.tibagroup.com\/es#\/schema\/logo\/image\/","url":"https:\/\/www.tibagroup.com\/wp-content\/uploads\/2024\/02\/logo-web-TIBA.png","contentUrl":"https:\/\/www.tibagroup.com\/wp-content\/uploads\/2024\/02\/logo-web-TIBA.png","width":352,"height":116,"caption":"TIBA"},"image":{"@id":"https:\/\/www.tibagroup.com\/es#\/schema\/logo\/image\/"}},{"@type":"Person","@id":"https:\/\/www.tibagroup.com\/es#\/schema\/person\/05c092dcc51b7a515503f3d10c916094","name":"TIBA","image":{"@type":"ImageObject","inLanguage":"es","@id":"https:\/\/secure.gravatar.com\/avatar\/fe41478412b0c43764499979d851fae89a1f174100b1c19a55e15c00fde1851d?s=96&d=mm&r=g","url":"https:\/\/secure.gravatar.com\/avatar\/fe41478412b0c43764499979d851fae89a1f174100b1c19a55e15c00fde1851d?s=96&d=mm&r=g","contentUrl":"https:\/\/secure.gravatar.com\/avatar\/fe41478412b0c43764499979d851fae89a1f174100b1c19a55e15c00fde1851d?s=96&d=mm&r=g","caption":"TIBA"},"sameAs":["https:\/\/x.com\/eaguado"]}]}},"_links":{"self":[{"href":"https:\/\/www.tibagroup.com\/es\/wp-json\/wp\/v2\/posts\/34471","targetHints":{"allow":["GET"]}}],"collection":[{"href":"https:\/\/www.tibagroup.com\/es\/wp-json\/wp\/v2\/posts"}],"about":[{"href":"https:\/\/www.tibagroup.com\/es\/wp-json\/wp\/v2\/types\/post"}],"author":[{"embeddable":true,"href":"https:\/\/www.tibagroup.com\/es\/wp-json\/wp\/v2\/users\/2"}],"replies":[{"embeddable":true,"href":"https:\/\/www.tibagroup.com\/es\/wp-json\/wp\/v2\/comments?post=34471"}],"version-history":[{"count":2,"href":"https:\/\/www.tibagroup.com\/es\/wp-json\/wp\/v2\/posts\/34471\/revisions"}],"predecessor-version":[{"id":68404,"href":"https:\/\/www.tibagroup.com\/es\/wp-json\/wp\/v2\/posts\/34471\/revisions\/68404"}],"wp:featuredmedia":[{"embeddable":true,"href":"https:\/\/www.tibagroup.com\/es\/wp-json\/wp\/v2\/media\/34472"}],"wp:attachment":[{"href":"https:\/\/www.tibagroup.com\/es\/wp-json\/wp\/v2\/media?parent=34471"}],"wp:term":[{"taxonomy":"category","embeddable":true,"href":"https:\/\/www.tibagroup.com\/es\/wp-json\/wp\/v2\/categories?post=34471"},{"taxonomy":"post_tag","embeddable":true,"href":"https:\/\/www.tibagroup.com\/es\/wp-json\/wp\/v2\/tags?post=34471"}],"curies":[{"name":"wp","href":"https:\/\/api.w.org\/{rel}","templated":true}]}}