{"id":33725,"date":"2016-03-01T14:22:22","date_gmt":"2016-03-01T13:22:22","guid":{"rendered":"https:\/\/www.tibagroup.com\/almacen-frigorifico-sines\/"},"modified":"2025-02-18T11:28:02","modified_gmt":"2025-02-18T10:28:02","slug":"almacen-frio-sines","status":"publish","type":"post","link":"https:\/\/www.tibagroup.com\/es\/logistica\/distribucion-almacenes\/almacen-frio-sines","title":{"rendered":"Friopuerto inaugura su nuevo almac\u00e9n frigor\u00edfico en Sines"},"content":{"rendered":"<p>Friopuerto nos comunica mediante nota de prensa que el d\u00eda 8 de marzo de 2016 proceder\u00e1n a la inauguraci\u00f3n del nuevo almac\u00e9n frigor\u00edfico ubicado en Sines, Portugal.\u00a0Las obras han concluido con algunas semanas de adelanto sobre el plan previsto.<\/p>\n<p>El almac\u00e9n de Sines, con 3.000 m<sup>2 <\/sup>\u00a0construidos, cuenta con dos c\u00e1maras refrigeradas (+0\u00baC a +18\u00baC) destinadas al almacenamiento de frutas principalmente, con una capacidad superior a los 1.000 palets. La eficiencia operacional queda asegurada por una magn\u00edfica playa de operaciones de 750 m2 con 8 muelles de carga y descarga. Friopuerto, que se configura as\u00ed como el \u00fanico operador log\u00edstico de fr\u00edo en la ZAL de Sines, desarrollar\u00e1 en unos meses la segunda fase de su ambicioso plan de crecimiento y que le llevar\u00e1 a doblar la capacidad de la instalaci\u00f3n y a\u00f1adir servicios \u00a0para productos congelados.<\/p>\n<div class=\"bigtextblue\">Para las delegaciones de TIBA en Portugal y Espa\u00f1a es una gran noticia poder contar con este nuevo almac\u00e9n que servir\u00e1 de apoyo para las operaciones de importaci\u00f3n y\u00a0exportaci\u00f3n\u00a0con necesidades de log\u00edstica de frio, entre pa\u00edses de Europa\u00a0y el continente americano y africano.<\/div>\n<p><img decoding=\"async\" class=\"aligncenter size-full wp-image-50481\" src=\"https:\/\/www.tibagroup.com\/wp-content\/uploads\/2016\/03\/sines-head.webp\" alt=\"\" width=\"1665\" height=\"400\" srcset=\"https:\/\/www.tibagroup.com\/wp-content\/uploads\/2016\/03\/sines-head.webp 1665w, https:\/\/www.tibagroup.com\/wp-content\/uploads\/2016\/03\/sines-head-300x72.webp 300w, https:\/\/www.tibagroup.com\/wp-content\/uploads\/2016\/03\/sines-head-1030x247.webp 1030w, https:\/\/www.tibagroup.com\/wp-content\/uploads\/2016\/03\/sines-head-768x185.webp 768w, https:\/\/www.tibagroup.com\/wp-content\/uploads\/2016\/03\/sines-head-1536x369.webp 1536w, https:\/\/www.tibagroup.com\/wp-content\/uploads\/2016\/03\/sines-head-1500x360.webp 1500w, https:\/\/www.tibagroup.com\/wp-content\/uploads\/2016\/03\/sines-head-705x169.webp 705w\" sizes=\"(max-width: 1665px) 100vw, 1665px\" \/><\/p>\n","protected":false},"excerpt":{"rendered":"<p>Friopuerto nos comunica mediante nota de prensa que el d\u00eda 8 de marzo de 2016 proceder\u00e1n a la inauguraci\u00f3n del nuevo almac\u00e9n frigor\u00edfico ubicado en Sines, Portugal.\u00a0Las obras han concluido con algunas semanas de adelanto sobre el plan previsto. El almac\u00e9n de Sines, con 3.000 m2 \u00a0construidos, cuenta con dos c\u00e1maras refrigeradas (+0\u00baC a +18\u00baC) [&hellip;]<\/p>\n","protected":false},"author":2,"featured_media":33726,"comment_status":"open","ping_status":"closed","sticky":false,"template":"","format":"standard","meta":{"footnotes":""},"categories":[364],"tags":[805,832],"class_list":["post-33725","post","type-post","status-publish","format-standard","has-post-thumbnail","hentry","category-distribucion-almacenes","tag-espana","tag-portugal"],"yoast_head":"<!-- This site is optimized with the Yoast SEO plugin v27.4 - https:\/\/yoast.com\/product\/yoast-seo-wordpress\/ -->\n<title>Friopuerto inaugura su nuevo almac\u00e9n frigor\u00edfico en Sines - TIBA<\/title>\n<meta name=\"description\" content=\"Friopuerto Sines servir\u00e1 de apoyo para las importaciones y\u00a0exportaciones con necesidades de log\u00edstica de frio entre Europa\u00a0y Am\u00e9rica y \u00c1frica.\" \/>\n<meta name=\"robots\" content=\"index, follow, max-snippet:-1, max-image-preview:large, max-video-preview:-1\" \/>\n<link rel=\"canonical\" href=\"https:\/\/www.tibagroup.com\/es\/logistica\/distribucion-almacenes\/almacen-frio-sines\" \/>\n<meta property=\"og:locale\" content=\"es_ES\" \/>\n<meta property=\"og:type\" content=\"article\" \/>\n<meta property=\"og:title\" content=\"Friopuerto inaugura su nuevo almac\u00e9n frigor\u00edfico en Sines - TIBA\" \/>\n<meta property=\"og:description\" content=\"Friopuerto Sines servir\u00e1 de apoyo para las importaciones y\u00a0exportaciones con necesidades de log\u00edstica de frio entre Europa\u00a0y Am\u00e9rica y \u00c1frica.\" \/>\n<meta property=\"og:url\" content=\"https:\/\/www.tibagroup.com\/es\/logistica\/distribucion-almacenes\/almacen-frio-sines\" \/>\n<meta property=\"og:site_name\" content=\"TIBA\" \/>\n<meta property=\"article:published_time\" content=\"2016-03-01T13:22:22+00:00\" \/>\n<meta property=\"article:modified_time\" content=\"2025-02-18T10:28:02+00:00\" \/>\n<meta property=\"og:image\" content=\"https:\/\/www.tibagroup.com\/wp-content\/uploads\/2023\/11\/IMG_20160224_122741.jpg\" \/>\n\t<meta property=\"og:image:width\" content=\"800\" \/>\n\t<meta property=\"og:image:height\" content=\"600\" \/>\n\t<meta property=\"og:image:type\" content=\"image\/jpeg\" \/>\n<meta name=\"author\" content=\"TIBA\" \/>\n<meta name=\"twitter:card\" content=\"summary_large_image\" \/>\n<meta name=\"twitter:creator\" content=\"@eaguado\" \/>\n<meta name=\"twitter:label1\" content=\"Written by\" \/>\n\t<meta name=\"twitter:data1\" content=\"TIBA\" \/>\n\t<meta name=\"twitter:label2\" content=\"Est. reading time\" \/>\n\t<meta name=\"twitter:data2\" content=\"2 minutes\" \/>\n<!-- \/ Yoast SEO plugin. -->","yoast_head_json":{"title":"Friopuerto inaugura su nuevo almac\u00e9n frigor\u00edfico en Sines - TIBA","description":"Friopuerto Sines servir\u00e1 de apoyo para las importaciones y\u00a0exportaciones con necesidades de log\u00edstica de frio entre Europa\u00a0y Am\u00e9rica y \u00c1frica.","robots":{"index":"index","follow":"follow","max-snippet":"max-snippet:-1","max-image-preview":"max-image-preview:large","max-video-preview":"max-video-preview:-1"},"canonical":"https:\/\/www.tibagroup.com\/es\/logistica\/distribucion-almacenes\/almacen-frio-sines","og_locale":"es_ES","og_type":"article","og_title":"Friopuerto inaugura su nuevo almac\u00e9n frigor\u00edfico en Sines - TIBA","og_description":"Friopuerto Sines servir\u00e1 de apoyo para las importaciones y\u00a0exportaciones con necesidades de log\u00edstica de frio entre Europa\u00a0y Am\u00e9rica y \u00c1frica.","og_url":"https:\/\/www.tibagroup.com\/es\/logistica\/distribucion-almacenes\/almacen-frio-sines","og_site_name":"TIBA","article_published_time":"2016-03-01T13:22:22+00:00","article_modified_time":"2025-02-18T10:28:02+00:00","og_image":[{"width":800,"height":600,"url":"https:\/\/www.tibagroup.com\/wp-content\/uploads\/2023\/11\/IMG_20160224_122741.jpg","type":"image\/jpeg"}],"author":"TIBA","twitter_card":"summary_large_image","twitter_creator":"@eaguado","twitter_misc":{"Written by":"TIBA","Est. reading time":"2 minutes"},"schema":{"@context":"https:\/\/schema.org","@graph":[{"@type":"Article","@id":"https:\/\/www.tibagroup.com\/es\/logistica\/distribucion-almacenes\/almacen-frio-sines#article","isPartOf":{"@id":"https:\/\/www.tibagroup.com\/es\/logistica\/distribucion-almacenes\/almacen-frio-sines"},"author":{"name":"TIBA","@id":"https:\/\/www.tibagroup.com\/es#\/schema\/person\/05c092dcc51b7a515503f3d10c916094"},"headline":"Friopuerto inaugura su nuevo almac\u00e9n frigor\u00edfico en Sines","datePublished":"2016-03-01T13:22:22+00:00","dateModified":"2025-02-18T10:28:02+00:00","mainEntityOfPage":{"@id":"https:\/\/www.tibagroup.com\/es\/logistica\/distribucion-almacenes\/almacen-frio-sines"},"wordCount":206,"commentCount":0,"publisher":{"@id":"https:\/\/www.tibagroup.com\/es#organization"},"image":{"@id":"https:\/\/www.tibagroup.com\/es\/logistica\/distribucion-almacenes\/almacen-frio-sines#primaryimage"},"thumbnailUrl":"https:\/\/www.tibagroup.com\/wp-content\/uploads\/2023\/11\/IMG_20160224_122741.jpg","keywords":["Espa\u00f1a","Portugal"],"articleSection":["Distribuci\u00f3n y almacenes"],"inLanguage":"es","potentialAction":[{"@type":"CommentAction","name":"Comment","target":["https:\/\/www.tibagroup.com\/es\/logistica\/distribucion-almacenes\/almacen-frio-sines#respond"]}]},{"@type":"WebPage","@id":"https:\/\/www.tibagroup.com\/es\/logistica\/distribucion-almacenes\/almacen-frio-sines","url":"https:\/\/www.tibagroup.com\/es\/logistica\/distribucion-almacenes\/almacen-frio-sines","name":"Friopuerto inaugura su nuevo almac\u00e9n frigor\u00edfico en Sines - TIBA","isPartOf":{"@id":"https:\/\/www.tibagroup.com\/es#website"},"primaryImageOfPage":{"@id":"https:\/\/www.tibagroup.com\/es\/logistica\/distribucion-almacenes\/almacen-frio-sines#primaryimage"},"image":{"@id":"https:\/\/www.tibagroup.com\/es\/logistica\/distribucion-almacenes\/almacen-frio-sines#primaryimage"},"thumbnailUrl":"https:\/\/www.tibagroup.com\/wp-content\/uploads\/2023\/11\/IMG_20160224_122741.jpg","datePublished":"2016-03-01T13:22:22+00:00","dateModified":"2025-02-18T10:28:02+00:00","description":"Friopuerto Sines servir\u00e1 de apoyo para las importaciones y\u00a0exportaciones con necesidades de log\u00edstica de frio entre Europa\u00a0y Am\u00e9rica y \u00c1frica.","breadcrumb":{"@id":"https:\/\/www.tibagroup.com\/es\/logistica\/distribucion-almacenes\/almacen-frio-sines#breadcrumb"},"inLanguage":"es","potentialAction":[{"@type":"ReadAction","target":["https:\/\/www.tibagroup.com\/es\/logistica\/distribucion-almacenes\/almacen-frio-sines"]}]},{"@type":"ImageObject","inLanguage":"es","@id":"https:\/\/www.tibagroup.com\/es\/logistica\/distribucion-almacenes\/almacen-frio-sines#primaryimage","url":"https:\/\/www.tibagroup.com\/wp-content\/uploads\/2023\/11\/IMG_20160224_122741.jpg","contentUrl":"https:\/\/www.tibagroup.com\/wp-content\/uploads\/2023\/11\/IMG_20160224_122741.jpg","width":800,"height":600,"caption":"Almac\u00e9n-frigor\u00edfico-Sines-Portugal"},{"@type":"BreadcrumbList","@id":"https:\/\/www.tibagroup.com\/es\/logistica\/distribucion-almacenes\/almacen-frio-sines#breadcrumb","itemListElement":[{"@type":"ListItem","position":1,"name":"In\u00edcio","item":"https:\/\/www.tibagroup.com\/es\/agente-carga-operador-logistico"},{"@type":"ListItem","position":2,"name":"Log\u00edstica","item":"https:\/\/www.tibagroup.com\/es\/logistica"},{"@type":"ListItem","position":3,"name":"Distribuci\u00f3n y almacenes","item":"https:\/\/www.tibagroup.com\/es\/logistica\/distribucion-almacenes"},{"@type":"ListItem","position":4,"name":"Friopuerto inaugura su nuevo almac\u00e9n frigor\u00edfico en Sines"}]},{"@type":"WebSite","@id":"https:\/\/www.tibagroup.com\/es#website","url":"https:\/\/www.tibagroup.com\/es","name":"TIBA","description":"Log\u00edstica y transporte internacional.","publisher":{"@id":"https:\/\/www.tibagroup.com\/es#organization"},"potentialAction":[{"@type":"SearchAction","target":{"@type":"EntryPoint","urlTemplate":"https:\/\/www.tibagroup.com\/es?s={search_term_string}"},"query-input":{"@type":"PropertyValueSpecification","valueRequired":true,"valueName":"search_term_string"}}],"inLanguage":"es"},{"@type":"Organization","@id":"https:\/\/www.tibagroup.com\/es#organization","name":"TIBA","url":"https:\/\/www.tibagroup.com\/es","logo":{"@type":"ImageObject","inLanguage":"es","@id":"https:\/\/www.tibagroup.com\/es#\/schema\/logo\/image\/","url":"https:\/\/www.tibagroup.com\/wp-content\/uploads\/2024\/02\/logo-web-TIBA.png","contentUrl":"https:\/\/www.tibagroup.com\/wp-content\/uploads\/2024\/02\/logo-web-TIBA.png","width":352,"height":116,"caption":"TIBA"},"image":{"@id":"https:\/\/www.tibagroup.com\/es#\/schema\/logo\/image\/"}},{"@type":"Person","@id":"https:\/\/www.tibagroup.com\/es#\/schema\/person\/05c092dcc51b7a515503f3d10c916094","name":"TIBA","image":{"@type":"ImageObject","inLanguage":"es","@id":"https:\/\/secure.gravatar.com\/avatar\/fe41478412b0c43764499979d851fae89a1f174100b1c19a55e15c00fde1851d?s=96&d=mm&r=g","url":"https:\/\/secure.gravatar.com\/avatar\/fe41478412b0c43764499979d851fae89a1f174100b1c19a55e15c00fde1851d?s=96&d=mm&r=g","contentUrl":"https:\/\/secure.gravatar.com\/avatar\/fe41478412b0c43764499979d851fae89a1f174100b1c19a55e15c00fde1851d?s=96&d=mm&r=g","caption":"TIBA"},"sameAs":["https:\/\/x.com\/eaguado"]}]}},"_links":{"self":[{"href":"https:\/\/www.tibagroup.com\/es\/wp-json\/wp\/v2\/posts\/33725","targetHints":{"allow":["GET"]}}],"collection":[{"href":"https:\/\/www.tibagroup.com\/es\/wp-json\/wp\/v2\/posts"}],"about":[{"href":"https:\/\/www.tibagroup.com\/es\/wp-json\/wp\/v2\/types\/post"}],"author":[{"embeddable":true,"href":"https:\/\/www.tibagroup.com\/es\/wp-json\/wp\/v2\/users\/2"}],"replies":[{"embeddable":true,"href":"https:\/\/www.tibagroup.com\/es\/wp-json\/wp\/v2\/comments?post=33725"}],"version-history":[{"count":3,"href":"https:\/\/www.tibagroup.com\/es\/wp-json\/wp\/v2\/posts\/33725\/revisions"}],"predecessor-version":[{"id":68311,"href":"https:\/\/www.tibagroup.com\/es\/wp-json\/wp\/v2\/posts\/33725\/revisions\/68311"}],"wp:featuredmedia":[{"embeddable":true,"href":"https:\/\/www.tibagroup.com\/es\/wp-json\/wp\/v2\/media\/33726"}],"wp:attachment":[{"href":"https:\/\/www.tibagroup.com\/es\/wp-json\/wp\/v2\/media?parent=33725"}],"wp:term":[{"taxonomy":"category","embeddable":true,"href":"https:\/\/www.tibagroup.com\/es\/wp-json\/wp\/v2\/categories?post=33725"},{"taxonomy":"post_tag","embeddable":true,"href":"https:\/\/www.tibagroup.com\/es\/wp-json\/wp\/v2\/tags?post=33725"}],"curies":[{"name":"wp","href":"https:\/\/api.w.org\/{rel}","templated":true}]}}