{"id":33532,"date":"2015-10-08T14:25:17","date_gmt":"2015-10-08T12:25:17","guid":{"rendered":"https:\/\/www.tibagroup.com\/40-aniversario\/"},"modified":"2025-03-13T12:42:47","modified_gmt":"2025-03-13T11:42:47","slug":"40-aniversario","status":"publish","type":"post","link":"https:\/\/www.tibagroup.com\/es\/comunicacion\/eventos\/40-aniversario","title":{"rendered":"TIBA celebra su 40 aniversario"},"content":{"rendered":"<p>El pasado s\u00e1bado 3 de octubre,\u00a0 TIBA celebr\u00f3 en el Hotel Meli\u00e0 Villa Aitana su fiesta de 40 Aniversario a la que acudieron m\u00e1s de 250 empleados de TIBA as\u00ed como algunos miembros de la familia Romeu y sus c\u00f3nyuges. Tambi\u00e9n asistieron aquellos colaboradores de empresas del Grupo Romeu que iniciaron sus carreras profesionales con nosotros dentro de TIBA Espa\u00f1a, como los actuales directores de TIBA en Portugal y M\u00e9xico as\u00ed como parte del equipo de Grupo Romeu Multiservices.<\/p>\n<p>Igualmente fueron invitados dos personas muy queridas por todos y que, aunque ya jubiladas, por su important\u00edsima carrera dentro de TIBA, ten\u00edan que participar de esta celebraci\u00f3n. Se trata de Eloy Caracuel y Pepe Calabuig, almas durante a\u00f1os del departamento de importaci\u00f3n de TIBA Valencia.<\/p>\n<p>El evento fue precedido de la II Westmed Managers Meeting que tuvo lugar en el mismo hotel de mi\u00e9rcoles a viernes y de la reuni\u00f3n anual del equipo comercial de todo TIBA Espa\u00f1a el mismo viernes.<\/p>\n<p>La celebraci\u00f3n empez\u00f3 el s\u00e1bado por la ma\u00f1ana con la participaci\u00f3n de todos en distintas actividades l\u00fadicas destinadas a fomentar el trabajo en equipo, a conocer al personal de otras oficinas y \u00a1a pasarlo bien! Desde una ruta en 4&#215;4 hasta una cata de vinos pasando por paint-ball, paseo en mountain bike, ruta de trekking o un evento de multiaventura con tirolina y tiro con arco, dedicamos toda la ma\u00f1ana del s\u00e1bado a re\u00edrnos juntos en actividades al aire libre.<\/p>\n<p>Tras la comida y algo de descanso para tomar fuerzas, nos reunimos todos en los jardines del hotel para un coctel en el que se fueron aclarando las dos grandes dudas del a\u00f1o: de largo o de corto (\u00a1o de muy corto!) y con corbata o con pajarita. En todo caso, todos muy guapos y muy contentos, fuimos desfilando cuales estrellas de Hollywood por el <em>photocall<\/em>.<\/p>\n<p>La cena fue amenizada por nuestros compa\u00f1eros Raquel y Francis, de nuestras oficinas de Valencia y Tenerife respectivamente, quienes hicieron de presentadores de los distintos premios que fueron entregados.<\/p>\n<p>Por un lado, premiamos a aquellos que han cumplido ya 25 a\u00f1os en la compa\u00f1\u00eda: Miguel A., Willy B., Vicente C., Ximo T., Santiago S., Vicen P., Toni L., Mercedes I. y M\u00aa \u00c1ngeles P. Francisco Romeu entreg\u00f3 personalmente el premio a cada uno de ellos y les agradeci\u00f3 tantos a\u00f1os de esfuerzo y trabajo en TIBA.<\/p>\n<p>Uno de los momentos m\u00e1s emotivos fue el discurso \u2018del jefe\u2019, Francisco Romeu, quien empez\u00f3 contando los or\u00edgenes de TIBA en la calle Barraca en Valencia y agradeciendo a los accionistas el apoyo que ya entonces dieron a este proyecto. Tuvo tambi\u00e9n unas amables palabras para su esposa y familia. Pero sobre todo agradeci\u00f3 el trabajo, esfuerzo y dedicaci\u00f3n de todo el equipo TIBA que \u201cha permitido que TIBA cumpla 40 a\u00f1os y que permitir\u00e1 que cumpla al menos otros 40 m\u00e1s.\u201d.<\/p>\n<p>Al acabar, sus hijos Blanca y Javier le hicieron entrega de una placa conmemorativa de los 40 a\u00f1os de historia de la compa\u00f1\u00eda adem\u00e1s de unos gemelos con el logotipo de TIBA.<\/p>\n<p>Tras una gran cena con muchas risas pasamos a la discoteca, donde algunos \u2013y especialmente nuestros compa\u00f1eros canarios- dieron buena muestra de su habilidad con el baile hasta altas horas de la madrugada.<\/p>\n\n<p>&nbsp;<\/p>\n","protected":false},"excerpt":{"rendered":"<p>El pasado s\u00e1bado 3 de octubre,  TIBA celebr\u00f3 en el Hotel Meli\u00e0 Villa Aitana su fiesta de 40 Aniversario a la que acudieron m\u00e1s de 250 empleados de TIBA as\u00ed como algunos miembros de la familia Romeu y sus c\u00f3nyuges y los actuales directores de TIBA en Portugal y M\u00e9xico as\u00ed como parte del equipo de Grupo Romeu Multiservices.<\/p>\n","protected":false},"author":2,"featured_media":33533,"comment_status":"open","ping_status":"closed","sticky":false,"template":"","format":"standard","meta":{"footnotes":""},"categories":[327,334],"tags":[805],"class_list":["post-33532","post","type-post","status-publish","format-standard","has-post-thumbnail","hentry","category-eventos","category-prensa","tag-espana"],"yoast_head":"<!-- This site is optimized with the Yoast SEO plugin v27.5 - https:\/\/yoast.com\/product\/yoast-seo-wordpress\/ -->\n<title>TIBA celebra su 40 aniversario - TIBA<\/title>\n<meta name=\"description\" content=\"El s\u00e1bado 3 de octubre, celebramos en el Hotel Meli\u00e0 Villa Aitana la fiesta de 40 Aniversario a la que acudieron m\u00e1s de 250 empleados\" \/>\n<meta name=\"robots\" content=\"index, follow, max-snippet:-1, max-image-preview:large, max-video-preview:-1\" \/>\n<link rel=\"canonical\" href=\"https:\/\/www.tibagroup.com\/es\/comunicacion\/eventos\/40-aniversario\" \/>\n<meta property=\"og:locale\" content=\"es_ES\" \/>\n<meta property=\"og:type\" content=\"article\" \/>\n<meta property=\"og:title\" content=\"TIBA celebra su 40 aniversario - TIBA\" \/>\n<meta property=\"og:description\" content=\"El s\u00e1bado 3 de octubre, celebramos en el Hotel Meli\u00e0 Villa Aitana la fiesta de 40 Aniversario a la que acudieron m\u00e1s de 250 empleados\" \/>\n<meta property=\"og:url\" content=\"https:\/\/www.tibagroup.com\/es\/comunicacion\/eventos\/40-aniversario\" \/>\n<meta property=\"og:site_name\" content=\"TIBA\" \/>\n<meta property=\"article:published_time\" content=\"2015-10-08T12:25:17+00:00\" \/>\n<meta property=\"article:modified_time\" content=\"2025-03-13T11:42:47+00:00\" \/>\n<meta property=\"og:image\" content=\"https:\/\/www.tibagroup.com\/wp-content\/uploads\/2023\/11\/TIBA-40-Aniversario-995px.jpg\" \/>\n\t<meta property=\"og:image:width\" content=\"995\" \/>\n\t<meta property=\"og:image:height\" content=\"663\" \/>\n\t<meta property=\"og:image:type\" content=\"image\/jpeg\" \/>\n<meta name=\"author\" content=\"TIBA\" \/>\n<meta name=\"twitter:card\" content=\"summary_large_image\" \/>\n<meta name=\"twitter:creator\" content=\"@eaguado\" \/>\n<meta name=\"twitter:label1\" content=\"Written by\" \/>\n\t<meta name=\"twitter:data1\" content=\"TIBA\" \/>\n\t<meta name=\"twitter:label2\" content=\"Est. reading time\" \/>\n\t<meta name=\"twitter:data2\" content=\"3 minutes\" \/>\n<!-- \/ Yoast SEO plugin. -->","yoast_head_json":{"title":"TIBA celebra su 40 aniversario - TIBA","description":"El s\u00e1bado 3 de octubre, celebramos en el Hotel Meli\u00e0 Villa Aitana la fiesta de 40 Aniversario a la que acudieron m\u00e1s de 250 empleados","robots":{"index":"index","follow":"follow","max-snippet":"max-snippet:-1","max-image-preview":"max-image-preview:large","max-video-preview":"max-video-preview:-1"},"canonical":"https:\/\/www.tibagroup.com\/es\/comunicacion\/eventos\/40-aniversario","og_locale":"es_ES","og_type":"article","og_title":"TIBA celebra su 40 aniversario - TIBA","og_description":"El s\u00e1bado 3 de octubre, celebramos en el Hotel Meli\u00e0 Villa Aitana la fiesta de 40 Aniversario a la que acudieron m\u00e1s de 250 empleados","og_url":"https:\/\/www.tibagroup.com\/es\/comunicacion\/eventos\/40-aniversario","og_site_name":"TIBA","article_published_time":"2015-10-08T12:25:17+00:00","article_modified_time":"2025-03-13T11:42:47+00:00","og_image":[{"width":995,"height":663,"url":"https:\/\/www.tibagroup.com\/wp-content\/uploads\/2023\/11\/TIBA-40-Aniversario-995px.jpg","type":"image\/jpeg"}],"author":"TIBA","twitter_card":"summary_large_image","twitter_creator":"@eaguado","twitter_misc":{"Written by":"TIBA","Est. reading time":"3 minutes"},"schema":{"@context":"https:\/\/schema.org","@graph":[{"@type":"Article","@id":"https:\/\/www.tibagroup.com\/es\/comunicacion\/eventos\/40-aniversario#article","isPartOf":{"@id":"https:\/\/www.tibagroup.com\/es\/comunicacion\/eventos\/40-aniversario"},"author":{"name":"TIBA","@id":"https:\/\/www.tibagroup.com\/es#\/schema\/person\/05c092dcc51b7a515503f3d10c916094"},"headline":"TIBA celebra su 40 aniversario","datePublished":"2015-10-08T12:25:17+00:00","dateModified":"2025-03-13T11:42:47+00:00","mainEntityOfPage":{"@id":"https:\/\/www.tibagroup.com\/es\/comunicacion\/eventos\/40-aniversario"},"wordCount":604,"commentCount":0,"publisher":{"@id":"https:\/\/www.tibagroup.com\/es#organization"},"image":{"@id":"https:\/\/www.tibagroup.com\/es\/comunicacion\/eventos\/40-aniversario#primaryimage"},"thumbnailUrl":"https:\/\/www.tibagroup.com\/wp-content\/uploads\/2023\/11\/TIBA-40-Aniversario-995px.jpg","keywords":["Espa\u00f1a"],"articleSection":["Eventos","Prensa"],"inLanguage":"es","potentialAction":[{"@type":"CommentAction","name":"Comment","target":["https:\/\/www.tibagroup.com\/es\/comunicacion\/eventos\/40-aniversario#respond"]}]},{"@type":"WebPage","@id":"https:\/\/www.tibagroup.com\/es\/comunicacion\/eventos\/40-aniversario","url":"https:\/\/www.tibagroup.com\/es\/comunicacion\/eventos\/40-aniversario","name":"TIBA celebra su 40 aniversario - TIBA","isPartOf":{"@id":"https:\/\/www.tibagroup.com\/es#website"},"primaryImageOfPage":{"@id":"https:\/\/www.tibagroup.com\/es\/comunicacion\/eventos\/40-aniversario#primaryimage"},"image":{"@id":"https:\/\/www.tibagroup.com\/es\/comunicacion\/eventos\/40-aniversario#primaryimage"},"thumbnailUrl":"https:\/\/www.tibagroup.com\/wp-content\/uploads\/2023\/11\/TIBA-40-Aniversario-995px.jpg","datePublished":"2015-10-08T12:25:17+00:00","dateModified":"2025-03-13T11:42:47+00:00","description":"El s\u00e1bado 3 de octubre, celebramos en el Hotel Meli\u00e0 Villa Aitana la fiesta de 40 Aniversario a la que acudieron m\u00e1s de 250 empleados","breadcrumb":{"@id":"https:\/\/www.tibagroup.com\/es\/comunicacion\/eventos\/40-aniversario#breadcrumb"},"inLanguage":"es","potentialAction":[{"@type":"ReadAction","target":["https:\/\/www.tibagroup.com\/es\/comunicacion\/eventos\/40-aniversario"]}]},{"@type":"ImageObject","inLanguage":"es","@id":"https:\/\/www.tibagroup.com\/es\/comunicacion\/eventos\/40-aniversario#primaryimage","url":"https:\/\/www.tibagroup.com\/wp-content\/uploads\/2023\/11\/TIBA-40-Aniversario-995px.jpg","contentUrl":"https:\/\/www.tibagroup.com\/wp-content\/uploads\/2023\/11\/TIBA-40-Aniversario-995px.jpg","width":995,"height":663,"caption":"TIBA 40 Aniversario"},{"@type":"BreadcrumbList","@id":"https:\/\/www.tibagroup.com\/es\/comunicacion\/eventos\/40-aniversario#breadcrumb","itemListElement":[{"@type":"ListItem","position":1,"name":"In\u00edcio","item":"https:\/\/www.tibagroup.com\/es\/agente-carga-operador-logistico"},{"@type":"ListItem","position":2,"name":"Comunicaci\u00f3n y prensa","item":"https:\/\/www.tibagroup.com\/es\/comunicacion"},{"@type":"ListItem","position":3,"name":"Eventos","item":"https:\/\/www.tibagroup.com\/es\/comunicacion\/eventos"},{"@type":"ListItem","position":4,"name":"TIBA celebra su 40 aniversario"}]},{"@type":"WebSite","@id":"https:\/\/www.tibagroup.com\/es#website","url":"https:\/\/www.tibagroup.com\/es","name":"TIBA","description":"Log\u00edstica y transporte internacional.","publisher":{"@id":"https:\/\/www.tibagroup.com\/es#organization"},"potentialAction":[{"@type":"SearchAction","target":{"@type":"EntryPoint","urlTemplate":"https:\/\/www.tibagroup.com\/es?s={search_term_string}"},"query-input":{"@type":"PropertyValueSpecification","valueRequired":true,"valueName":"search_term_string"}}],"inLanguage":"es"},{"@type":"Organization","@id":"https:\/\/www.tibagroup.com\/es#organization","name":"TIBA","url":"https:\/\/www.tibagroup.com\/es","logo":{"@type":"ImageObject","inLanguage":"es","@id":"https:\/\/www.tibagroup.com\/es#\/schema\/logo\/image\/","url":"https:\/\/www.tibagroup.com\/wp-content\/uploads\/2024\/02\/logo-web-TIBA.png","contentUrl":"https:\/\/www.tibagroup.com\/wp-content\/uploads\/2024\/02\/logo-web-TIBA.png","width":352,"height":116,"caption":"TIBA"},"image":{"@id":"https:\/\/www.tibagroup.com\/es#\/schema\/logo\/image\/"}},{"@type":"Person","@id":"https:\/\/www.tibagroup.com\/es#\/schema\/person\/05c092dcc51b7a515503f3d10c916094","name":"TIBA","image":{"@type":"ImageObject","inLanguage":"es","@id":"https:\/\/secure.gravatar.com\/avatar\/fe41478412b0c43764499979d851fae89a1f174100b1c19a55e15c00fde1851d?s=96&d=mm&r=g","url":"https:\/\/secure.gravatar.com\/avatar\/fe41478412b0c43764499979d851fae89a1f174100b1c19a55e15c00fde1851d?s=96&d=mm&r=g","contentUrl":"https:\/\/secure.gravatar.com\/avatar\/fe41478412b0c43764499979d851fae89a1f174100b1c19a55e15c00fde1851d?s=96&d=mm&r=g","caption":"TIBA"},"sameAs":["https:\/\/x.com\/eaguado"]}]}},"_links":{"self":[{"href":"https:\/\/www.tibagroup.com\/es\/wp-json\/wp\/v2\/posts\/33532","targetHints":{"allow":["GET"]}}],"collection":[{"href":"https:\/\/www.tibagroup.com\/es\/wp-json\/wp\/v2\/posts"}],"about":[{"href":"https:\/\/www.tibagroup.com\/es\/wp-json\/wp\/v2\/types\/post"}],"author":[{"embeddable":true,"href":"https:\/\/www.tibagroup.com\/es\/wp-json\/wp\/v2\/users\/2"}],"replies":[{"embeddable":true,"href":"https:\/\/www.tibagroup.com\/es\/wp-json\/wp\/v2\/comments?post=33532"}],"version-history":[{"count":2,"href":"https:\/\/www.tibagroup.com\/es\/wp-json\/wp\/v2\/posts\/33532\/revisions"}],"predecessor-version":[{"id":70073,"href":"https:\/\/www.tibagroup.com\/es\/wp-json\/wp\/v2\/posts\/33532\/revisions\/70073"}],"wp:featuredmedia":[{"embeddable":true,"href":"https:\/\/www.tibagroup.com\/es\/wp-json\/wp\/v2\/media\/33533"}],"wp:attachment":[{"href":"https:\/\/www.tibagroup.com\/es\/wp-json\/wp\/v2\/media?parent=33532"}],"wp:term":[{"taxonomy":"category","embeddable":true,"href":"https:\/\/www.tibagroup.com\/es\/wp-json\/wp\/v2\/categories?post=33532"},{"taxonomy":"post_tag","embeddable":true,"href":"https:\/\/www.tibagroup.com\/es\/wp-json\/wp\/v2\/tags?post=33532"}],"curies":[{"name":"wp","href":"https:\/\/api.w.org\/{rel}","templated":true}]}}