{"id":33414,"date":"2015-06-16T08:16:17","date_gmt":"2015-06-16T06:16:17","guid":{"rendered":"https:\/\/www.tibagroup.com\/capacitacion-responsable-seguridad-aerea\/"},"modified":"2026-01-19T10:14:31","modified_gmt":"2026-01-19T09:14:31","slug":"capacitacion-responsable-seguridad-aerea","status":"publish","type":"post","link":"https:\/\/www.tibagroup.com\/es\/logistica\/transporte-aereo\/capacitacion-responsable-seguridad-aerea","title":{"rendered":"Capacitaci\u00f3n de Responsable de Seguridad A\u00e9rea"},"content":{"rendered":"<h2>Curso de Capacitaci\u00f3n de Responsable de Seguridad A\u00e9rea<\/h2>\n<p>Dentro del proceso de <a title=\"Reglamentaci\u00f3n sobre el Expedidor Conocido\" href=\"\/es\/logistica\/transporte-aereo\/reglamento-expedidor-conocido\">certificaci\u00f3n <\/a>como <a href=\"\/es\/logistica\/transporte-aereo\/expedidor-conocido\">expedidor conocido<\/a>, cada Responsable de Seguridad A\u00e9rea, tras la recepci\u00f3n del informe favorable sobre sus antecedentes penales, deber\u00e1 inscribirse y aprobar el curso de\u00a0<strong>Capacitaci\u00f3n de Responsable de Seguridad A\u00e9rea<\/strong>.<\/p>\n<p>A fecha de 7 agosto de 2012, el \u00fanico curso disponible tiene un coste de 250\u20ac, se imparte en Madrid en el SENASA, consta de 8 horas presenciales a lo largo de una jornada de ma\u00f1ana y tarde se realiza trimestralmente, con un aforo m\u00e1ximo de 30 personas. \u00a0 Se sugiere consultar la web del <a href=\"https:\/\/www.senasa.es\/\">SENASA<\/a>.<\/p>\n","protected":false},"excerpt":{"rendered":"<p>C\u00f3mo inscribirte y aprobar el Curso de Capacitaci\u00f3n de Responsable de Seguridad A\u00e9rea c\u00f3mo parte del proceso de la certificaci\u00f3n de Expedidor Conocido.<\/p>\n","protected":false},"author":2,"featured_media":33415,"comment_status":"open","ping_status":"closed","sticky":false,"template":"","format":"standard","meta":{"footnotes":""},"categories":[346],"tags":[805],"class_list":["post-33414","post","type-post","status-publish","format-standard","has-post-thumbnail","hentry","category-transporte-aereo","tag-espana"],"yoast_head":"<!-- This site is optimized with the Yoast SEO plugin v27.5 - https:\/\/yoast.com\/product\/yoast-seo-wordpress\/ -->\n<title>Capacitaci\u00f3n de Responsable de Seguridad A\u00e9rea | TIBA<\/title>\n<meta name=\"description\" content=\"C\u00f3mo inscribirte y aprobar el Curso de Capacitaci\u00f3n de Responsable de Seguridad A\u00e9rea c\u00f3mo parte del proceso de la certificaci\u00f3n de Expedidor Conocido.\" \/>\n<meta name=\"robots\" content=\"index, follow, max-snippet:-1, max-image-preview:large, max-video-preview:-1\" \/>\n<link rel=\"canonical\" href=\"https:\/\/www.tibagroup.com\/es\/logistica\/transporte-aereo\/capacitacion-responsable-seguridad-aerea\" \/>\n<meta property=\"og:locale\" content=\"es_ES\" \/>\n<meta property=\"og:type\" content=\"article\" \/>\n<meta property=\"og:title\" content=\"Capacitaci\u00f3n de Responsable de Seguridad A\u00e9rea | TIBA\" \/>\n<meta property=\"og:description\" content=\"C\u00f3mo inscribirte y aprobar el Curso de Capacitaci\u00f3n de Responsable de Seguridad A\u00e9rea c\u00f3mo parte del proceso de la certificaci\u00f3n de Expedidor Conocido.\" \/>\n<meta property=\"og:url\" content=\"https:\/\/www.tibagroup.com\/es\/logistica\/transporte-aereo\/capacitacion-responsable-seguridad-aerea\" \/>\n<meta property=\"og:site_name\" content=\"TIBA\" \/>\n<meta property=\"article:published_time\" content=\"2015-06-16T06:16:17+00:00\" \/>\n<meta property=\"article:modified_time\" content=\"2026-01-19T09:14:31+00:00\" \/>\n<meta property=\"og:image\" content=\"https:\/\/www.tibagroup.com\/wp-content\/uploads\/2023\/11\/responsable-seguridad-aerea.jpg\" \/>\n\t<meta property=\"og:image:width\" content=\"710\" \/>\n\t<meta property=\"og:image:height\" content=\"322\" \/>\n\t<meta property=\"og:image:type\" content=\"image\/jpeg\" \/>\n<meta name=\"author\" content=\"TIBA\" \/>\n<meta name=\"twitter:card\" content=\"summary_large_image\" \/>\n<meta name=\"twitter:creator\" content=\"@eaguado\" \/>\n<meta name=\"twitter:label1\" content=\"Written by\" \/>\n\t<meta name=\"twitter:data1\" content=\"TIBA\" \/>\n\t<meta name=\"twitter:label2\" content=\"Est. reading time\" \/>\n\t<meta name=\"twitter:data2\" content=\"1 minute\" \/>\n<!-- \/ Yoast SEO plugin. -->","yoast_head_json":{"title":"Capacitaci\u00f3n de Responsable de Seguridad A\u00e9rea | TIBA","description":"C\u00f3mo inscribirte y aprobar el Curso de Capacitaci\u00f3n de Responsable de Seguridad A\u00e9rea c\u00f3mo parte del proceso de la certificaci\u00f3n de Expedidor Conocido.","robots":{"index":"index","follow":"follow","max-snippet":"max-snippet:-1","max-image-preview":"max-image-preview:large","max-video-preview":"max-video-preview:-1"},"canonical":"https:\/\/www.tibagroup.com\/es\/logistica\/transporte-aereo\/capacitacion-responsable-seguridad-aerea","og_locale":"es_ES","og_type":"article","og_title":"Capacitaci\u00f3n de Responsable de Seguridad A\u00e9rea | TIBA","og_description":"C\u00f3mo inscribirte y aprobar el Curso de Capacitaci\u00f3n de Responsable de Seguridad A\u00e9rea c\u00f3mo parte del proceso de la certificaci\u00f3n de Expedidor Conocido.","og_url":"https:\/\/www.tibagroup.com\/es\/logistica\/transporte-aereo\/capacitacion-responsable-seguridad-aerea","og_site_name":"TIBA","article_published_time":"2015-06-16T06:16:17+00:00","article_modified_time":"2026-01-19T09:14:31+00:00","og_image":[{"width":710,"height":322,"url":"https:\/\/www.tibagroup.com\/wp-content\/uploads\/2023\/11\/responsable-seguridad-aerea.jpg","type":"image\/jpeg"}],"author":"TIBA","twitter_card":"summary_large_image","twitter_creator":"@eaguado","twitter_misc":{"Written by":"TIBA","Est. reading time":"1 minute"},"schema":{"@context":"https:\/\/schema.org","@graph":[{"@type":"Article","@id":"https:\/\/www.tibagroup.com\/es\/logistica\/transporte-aereo\/capacitacion-responsable-seguridad-aerea#article","isPartOf":{"@id":"https:\/\/www.tibagroup.com\/es\/logistica\/transporte-aereo\/capacitacion-responsable-seguridad-aerea"},"author":{"name":"TIBA","@id":"https:\/\/www.tibagroup.com\/es#\/schema\/person\/05c092dcc51b7a515503f3d10c916094"},"headline":"Capacitaci\u00f3n de Responsable de Seguridad A\u00e9rea","datePublished":"2015-06-16T06:16:17+00:00","dateModified":"2026-01-19T09:14:31+00:00","mainEntityOfPage":{"@id":"https:\/\/www.tibagroup.com\/es\/logistica\/transporte-aereo\/capacitacion-responsable-seguridad-aerea"},"wordCount":111,"commentCount":0,"publisher":{"@id":"https:\/\/www.tibagroup.com\/es#organization"},"image":{"@id":"https:\/\/www.tibagroup.com\/es\/logistica\/transporte-aereo\/capacitacion-responsable-seguridad-aerea#primaryimage"},"thumbnailUrl":"https:\/\/www.tibagroup.com\/wp-content\/uploads\/2023\/11\/responsable-seguridad-aerea.jpg","keywords":["Espa\u00f1a"],"articleSection":["Transporte a\u00e9reo"],"inLanguage":"es","potentialAction":[{"@type":"CommentAction","name":"Comment","target":["https:\/\/www.tibagroup.com\/es\/logistica\/transporte-aereo\/capacitacion-responsable-seguridad-aerea#respond"]}]},{"@type":"WebPage","@id":"https:\/\/www.tibagroup.com\/es\/logistica\/transporte-aereo\/capacitacion-responsable-seguridad-aerea","url":"https:\/\/www.tibagroup.com\/es\/logistica\/transporte-aereo\/capacitacion-responsable-seguridad-aerea","name":"Capacitaci\u00f3n de Responsable de Seguridad A\u00e9rea | TIBA","isPartOf":{"@id":"https:\/\/www.tibagroup.com\/es#website"},"primaryImageOfPage":{"@id":"https:\/\/www.tibagroup.com\/es\/logistica\/transporte-aereo\/capacitacion-responsable-seguridad-aerea#primaryimage"},"image":{"@id":"https:\/\/www.tibagroup.com\/es\/logistica\/transporte-aereo\/capacitacion-responsable-seguridad-aerea#primaryimage"},"thumbnailUrl":"https:\/\/www.tibagroup.com\/wp-content\/uploads\/2023\/11\/responsable-seguridad-aerea.jpg","datePublished":"2015-06-16T06:16:17+00:00","dateModified":"2026-01-19T09:14:31+00:00","description":"C\u00f3mo inscribirte y aprobar el Curso de Capacitaci\u00f3n de Responsable de Seguridad A\u00e9rea c\u00f3mo parte del proceso de la certificaci\u00f3n de Expedidor Conocido.","breadcrumb":{"@id":"https:\/\/www.tibagroup.com\/es\/logistica\/transporte-aereo\/capacitacion-responsable-seguridad-aerea#breadcrumb"},"inLanguage":"es","potentialAction":[{"@type":"ReadAction","target":["https:\/\/www.tibagroup.com\/es\/logistica\/transporte-aereo\/capacitacion-responsable-seguridad-aerea"]}]},{"@type":"ImageObject","inLanguage":"es","@id":"https:\/\/www.tibagroup.com\/es\/logistica\/transporte-aereo\/capacitacion-responsable-seguridad-aerea#primaryimage","url":"https:\/\/www.tibagroup.com\/wp-content\/uploads\/2023\/11\/responsable-seguridad-aerea.jpg","contentUrl":"https:\/\/www.tibagroup.com\/wp-content\/uploads\/2023\/11\/responsable-seguridad-aerea.jpg","width":710,"height":322,"caption":"responsable seguridad a\u00e9rea"},{"@type":"BreadcrumbList","@id":"https:\/\/www.tibagroup.com\/es\/logistica\/transporte-aereo\/capacitacion-responsable-seguridad-aerea#breadcrumb","itemListElement":[{"@type":"ListItem","position":1,"name":"In\u00edcio","item":"https:\/\/www.tibagroup.com\/es\/agente-carga-operador-logistico"},{"@type":"ListItem","position":2,"name":"Log\u00edstica","item":"https:\/\/www.tibagroup.com\/es\/logistica"},{"@type":"ListItem","position":3,"name":"Transporte a\u00e9reo","item":"https:\/\/www.tibagroup.com\/es\/logistica\/transporte-aereo"},{"@type":"ListItem","position":4,"name":"Capacitaci\u00f3n de Responsable de Seguridad A\u00e9rea"}]},{"@type":"WebSite","@id":"https:\/\/www.tibagroup.com\/es#website","url":"https:\/\/www.tibagroup.com\/es","name":"TIBA","description":"Log\u00edstica y transporte internacional.","publisher":{"@id":"https:\/\/www.tibagroup.com\/es#organization"},"potentialAction":[{"@type":"SearchAction","target":{"@type":"EntryPoint","urlTemplate":"https:\/\/www.tibagroup.com\/es?s={search_term_string}"},"query-input":{"@type":"PropertyValueSpecification","valueRequired":true,"valueName":"search_term_string"}}],"inLanguage":"es"},{"@type":"Organization","@id":"https:\/\/www.tibagroup.com\/es#organization","name":"TIBA","url":"https:\/\/www.tibagroup.com\/es","logo":{"@type":"ImageObject","inLanguage":"es","@id":"https:\/\/www.tibagroup.com\/es#\/schema\/logo\/image\/","url":"https:\/\/www.tibagroup.com\/wp-content\/uploads\/2024\/02\/logo-web-TIBA.png","contentUrl":"https:\/\/www.tibagroup.com\/wp-content\/uploads\/2024\/02\/logo-web-TIBA.png","width":352,"height":116,"caption":"TIBA"},"image":{"@id":"https:\/\/www.tibagroup.com\/es#\/schema\/logo\/image\/"}},{"@type":"Person","@id":"https:\/\/www.tibagroup.com\/es#\/schema\/person\/05c092dcc51b7a515503f3d10c916094","name":"TIBA","image":{"@type":"ImageObject","inLanguage":"es","@id":"https:\/\/secure.gravatar.com\/avatar\/fe41478412b0c43764499979d851fae89a1f174100b1c19a55e15c00fde1851d?s=96&d=mm&r=g","url":"https:\/\/secure.gravatar.com\/avatar\/fe41478412b0c43764499979d851fae89a1f174100b1c19a55e15c00fde1851d?s=96&d=mm&r=g","contentUrl":"https:\/\/secure.gravatar.com\/avatar\/fe41478412b0c43764499979d851fae89a1f174100b1c19a55e15c00fde1851d?s=96&d=mm&r=g","caption":"TIBA"},"sameAs":["https:\/\/x.com\/eaguado"]}]}},"_links":{"self":[{"href":"https:\/\/www.tibagroup.com\/es\/wp-json\/wp\/v2\/posts\/33414","targetHints":{"allow":["GET"]}}],"collection":[{"href":"https:\/\/www.tibagroup.com\/es\/wp-json\/wp\/v2\/posts"}],"about":[{"href":"https:\/\/www.tibagroup.com\/es\/wp-json\/wp\/v2\/types\/post"}],"author":[{"embeddable":true,"href":"https:\/\/www.tibagroup.com\/es\/wp-json\/wp\/v2\/users\/2"}],"replies":[{"embeddable":true,"href":"https:\/\/www.tibagroup.com\/es\/wp-json\/wp\/v2\/comments?post=33414"}],"version-history":[{"count":5,"href":"https:\/\/www.tibagroup.com\/es\/wp-json\/wp\/v2\/posts\/33414\/revisions"}],"predecessor-version":[{"id":76431,"href":"https:\/\/www.tibagroup.com\/es\/wp-json\/wp\/v2\/posts\/33414\/revisions\/76431"}],"wp:featuredmedia":[{"embeddable":true,"href":"https:\/\/www.tibagroup.com\/es\/wp-json\/wp\/v2\/media\/33415"}],"wp:attachment":[{"href":"https:\/\/www.tibagroup.com\/es\/wp-json\/wp\/v2\/media?parent=33414"}],"wp:term":[{"taxonomy":"category","embeddable":true,"href":"https:\/\/www.tibagroup.com\/es\/wp-json\/wp\/v2\/categories?post=33414"},{"taxonomy":"post_tag","embeddable":true,"href":"https:\/\/www.tibagroup.com\/es\/wp-json\/wp\/v2\/tags?post=33414"}],"curies":[{"name":"wp","href":"https:\/\/api.w.org\/{rel}","templated":true}]}}