{"id":33361,"date":"2015-03-23T16:18:40","date_gmt":"2015-03-23T15:18:40","guid":{"rendered":"https:\/\/www.tibagroup.com\/reportaje-transitaria-tiba\/"},"modified":"2025-02-07T13:03:08","modified_gmt":"2025-02-07T12:03:08","slug":"reportaje-transitaria-tiba","status":"publish","type":"post","link":"https:\/\/www.tibagroup.com\/es\/comunicacion\/prensa\/reportaje-transitaria-tiba","title":{"rendered":"TIBA en el especial 150 a\u00f1os de transporte del diario Las Provincias"},"content":{"rendered":"<p>Esta declaraci\u00f3n de intenciones en cuanto a las aspiraciones de TIBA como empresa transitaria, sirve como titular para el reportaje que el diario Las Provincias publica con motivo del especial 150 a\u00f1os de transporte\u00a0en\u00a0su secci\u00f3n de econom\u00eda y empresas.<\/p>\n<p>Dicho reportaje es una entrevista a Javier Romeu, Director General Adjunto de TIBA, en la que habla sobre el pasado, presente y planes de futuro de TIBA, desde sus or\u00edgenes, crecimiento y expansi\u00f3n hasta hoy en d\u00eda en que volvemos a ser\u00a0una empresa \u00edntegramente espa\u00f1ola.<\/p>\n<p>Te invitamos a conocernos un poco mejor leyendo este magnifico reportaje.<\/p>\n<p>&nbsp;<\/p>\n<div  class='avia-button-wrap av-7ldll-237dccfa65e31adbc2282674f960fd7b-wrap avia-button-center  avia-builder-el-0  avia-builder-el-no-sibling '>\n<style type=\"text\/css\" data-created_by=\"avia_inline_auto\" id=\"style-css-av-7ldll-237dccfa65e31adbc2282674f960fd7b\">\n#top #wrap_all .avia-button.av-7ldll-237dccfa65e31adbc2282674f960fd7b{\nbackground-color:#ff0000;\nborder-color:#ff0000;\ncolor:#ffffff;\ntransition:all 0.4s ease-in-out;\n}\n<\/style>\n<a href='http:\/\/www.lasprovincias.es\/economia\/empresas\/201503\/21\/aspiramos-consolidarnos-como-multinacional-20150321002559-v.html'  class='avia-button av-7ldll-237dccfa65e31adbc2282674f960fd7b av-link-btn avia-icon_select-no avia-size-large avia-position-center'  ><span class='avia_iconbox_title' >Leer reportaje<\/span><\/a><\/div>\n<p>&nbsp;<\/p>\n<p>&nbsp;<\/p>\n<p><img decoding=\"async\" class=\"size-full wp-image-57344 aligncenter\" src=\"https:\/\/www.tibagroup.com\/wp-content\/uploads\/2015\/03\/logoC.png\" alt=\"logo las provincias\" width=\"463\" height=\"55\" srcset=\"https:\/\/www.tibagroup.com\/wp-content\/uploads\/2015\/03\/logoC.png 463w, https:\/\/www.tibagroup.com\/wp-content\/uploads\/2015\/03\/logoC-300x36.png 300w\" sizes=\"(max-width: 463px) 100vw, 463px\" \/><\/p>\n<p>&nbsp;<\/p>\n<p>&nbsp;<\/p>\n","protected":false},"excerpt":{"rendered":"<p>Te invitamos a leer el reportaje que el diario Las Provincias publica con motivo del especial 150 a\u00f1os de transporte en su secci\u00f3n de econom\u00eda y empresas sobre TIBA<\/p>\n","protected":false},"author":2,"featured_media":33362,"comment_status":"open","ping_status":"closed","sticky":false,"template":"","format":"standard","meta":{"footnotes":""},"categories":[334],"tags":[805],"class_list":["post-33361","post","type-post","status-publish","format-standard","has-post-thumbnail","hentry","category-prensa","tag-espana"],"yoast_head":"<!-- This site is optimized with the Yoast SEO plugin v27.5 - https:\/\/yoast.com\/product\/yoast-seo-wordpress\/ -->\n<title>Reportaje sobre TIBA en el especial 150 a\u00f1os de transporte | TIBA<\/title>\n<meta name=\"description\" content=\"Reportaje que el diario Las Provincias publica con motivo del especial 150 a\u00f1os de transporte en su secci\u00f3n de econom\u00eda y empresas sobre TIBA\" \/>\n<meta name=\"robots\" content=\"index, follow, max-snippet:-1, max-image-preview:large, max-video-preview:-1\" \/>\n<link rel=\"canonical\" href=\"https:\/\/www.tibagroup.com\/es\/comunicacion\/prensa\/reportaje-transitaria-tiba\" \/>\n<meta property=\"og:locale\" content=\"es_ES\" \/>\n<meta property=\"og:type\" content=\"article\" \/>\n<meta property=\"og:title\" content=\"Reportaje sobre TIBA en el especial 150 a\u00f1os de transporte | TIBA\" \/>\n<meta property=\"og:description\" content=\"Reportaje que el diario Las Provincias publica con motivo del especial 150 a\u00f1os de transporte en su secci\u00f3n de econom\u00eda y empresas sobre TIBA\" \/>\n<meta property=\"og:url\" content=\"https:\/\/www.tibagroup.com\/es\/comunicacion\/prensa\/reportaje-transitaria-tiba\" \/>\n<meta property=\"og:site_name\" content=\"TIBA\" \/>\n<meta property=\"article:published_time\" content=\"2015-03-23T15:18:40+00:00\" \/>\n<meta property=\"article:modified_time\" content=\"2025-02-07T12:03:08+00:00\" \/>\n<meta property=\"og:image\" content=\"https:\/\/www.tibagroup.com\/wp-content\/uploads\/2023\/11\/tiba-las-provincias-2-e1427125765741.jpg\" \/>\n\t<meta property=\"og:image:width\" content=\"719\" \/>\n\t<meta property=\"og:image:height\" content=\"266\" \/>\n\t<meta property=\"og:image:type\" content=\"image\/jpeg\" \/>\n<meta name=\"author\" content=\"TIBA\" \/>\n<meta name=\"twitter:card\" content=\"summary_large_image\" \/>\n<meta name=\"twitter:creator\" content=\"@eaguado\" \/>\n<meta name=\"twitter:label1\" content=\"Written by\" \/>\n\t<meta name=\"twitter:data1\" content=\"TIBA\" \/>\n\t<meta name=\"twitter:label2\" content=\"Est. reading time\" \/>\n\t<meta name=\"twitter:data2\" content=\"1 minute\" \/>\n<!-- \/ Yoast SEO plugin. -->","yoast_head_json":{"title":"Reportaje sobre TIBA en el especial 150 a\u00f1os de transporte | TIBA","description":"Reportaje que el diario Las Provincias publica con motivo del especial 150 a\u00f1os de transporte en su secci\u00f3n de econom\u00eda y empresas sobre TIBA","robots":{"index":"index","follow":"follow","max-snippet":"max-snippet:-1","max-image-preview":"max-image-preview:large","max-video-preview":"max-video-preview:-1"},"canonical":"https:\/\/www.tibagroup.com\/es\/comunicacion\/prensa\/reportaje-transitaria-tiba","og_locale":"es_ES","og_type":"article","og_title":"Reportaje sobre TIBA en el especial 150 a\u00f1os de transporte | TIBA","og_description":"Reportaje que el diario Las Provincias publica con motivo del especial 150 a\u00f1os de transporte en su secci\u00f3n de econom\u00eda y empresas sobre TIBA","og_url":"https:\/\/www.tibagroup.com\/es\/comunicacion\/prensa\/reportaje-transitaria-tiba","og_site_name":"TIBA","article_published_time":"2015-03-23T15:18:40+00:00","article_modified_time":"2025-02-07T12:03:08+00:00","og_image":[{"width":719,"height":266,"url":"https:\/\/www.tibagroup.com\/wp-content\/uploads\/2023\/11\/tiba-las-provincias-2-e1427125765741.jpg","type":"image\/jpeg"}],"author":"TIBA","twitter_card":"summary_large_image","twitter_creator":"@eaguado","twitter_misc":{"Written by":"TIBA","Est. reading time":"1 minute"},"schema":{"@context":"https:\/\/schema.org","@graph":[{"@type":"Article","@id":"https:\/\/www.tibagroup.com\/es\/comunicacion\/prensa\/reportaje-transitaria-tiba#article","isPartOf":{"@id":"https:\/\/www.tibagroup.com\/es\/comunicacion\/prensa\/reportaje-transitaria-tiba"},"author":{"name":"TIBA","@id":"https:\/\/www.tibagroup.com\/es#\/schema\/person\/05c092dcc51b7a515503f3d10c916094"},"headline":"TIBA en el especial 150 a\u00f1os de transporte del diario Las Provincias","datePublished":"2015-03-23T15:18:40+00:00","dateModified":"2025-02-07T12:03:08+00:00","mainEntityOfPage":{"@id":"https:\/\/www.tibagroup.com\/es\/comunicacion\/prensa\/reportaje-transitaria-tiba"},"wordCount":165,"commentCount":0,"publisher":{"@id":"https:\/\/www.tibagroup.com\/es#organization"},"image":{"@id":"https:\/\/www.tibagroup.com\/es\/comunicacion\/prensa\/reportaje-transitaria-tiba#primaryimage"},"thumbnailUrl":"https:\/\/www.tibagroup.com\/wp-content\/uploads\/2023\/11\/tiba-las-provincias-2-e1427125765741.jpg","keywords":["Espa\u00f1a"],"articleSection":["Prensa"],"inLanguage":"es","potentialAction":[{"@type":"CommentAction","name":"Comment","target":["https:\/\/www.tibagroup.com\/es\/comunicacion\/prensa\/reportaje-transitaria-tiba#respond"]}]},{"@type":"WebPage","@id":"https:\/\/www.tibagroup.com\/es\/comunicacion\/prensa\/reportaje-transitaria-tiba","url":"https:\/\/www.tibagroup.com\/es\/comunicacion\/prensa\/reportaje-transitaria-tiba","name":"Reportaje sobre TIBA en el especial 150 a\u00f1os de transporte | TIBA","isPartOf":{"@id":"https:\/\/www.tibagroup.com\/es#website"},"primaryImageOfPage":{"@id":"https:\/\/www.tibagroup.com\/es\/comunicacion\/prensa\/reportaje-transitaria-tiba#primaryimage"},"image":{"@id":"https:\/\/www.tibagroup.com\/es\/comunicacion\/prensa\/reportaje-transitaria-tiba#primaryimage"},"thumbnailUrl":"https:\/\/www.tibagroup.com\/wp-content\/uploads\/2023\/11\/tiba-las-provincias-2-e1427125765741.jpg","datePublished":"2015-03-23T15:18:40+00:00","dateModified":"2025-02-07T12:03:08+00:00","description":"Reportaje que el diario Las Provincias publica con motivo del especial 150 a\u00f1os de transporte en su secci\u00f3n de econom\u00eda y empresas sobre TIBA","breadcrumb":{"@id":"https:\/\/www.tibagroup.com\/es\/comunicacion\/prensa\/reportaje-transitaria-tiba#breadcrumb"},"inLanguage":"es","potentialAction":[{"@type":"ReadAction","target":["https:\/\/www.tibagroup.com\/es\/comunicacion\/prensa\/reportaje-transitaria-tiba"]}]},{"@type":"ImageObject","inLanguage":"es","@id":"https:\/\/www.tibagroup.com\/es\/comunicacion\/prensa\/reportaje-transitaria-tiba#primaryimage","url":"https:\/\/www.tibagroup.com\/wp-content\/uploads\/2023\/11\/tiba-las-provincias-2-e1427125765741.jpg","contentUrl":"https:\/\/www.tibagroup.com\/wp-content\/uploads\/2023\/11\/tiba-las-provincias-2-e1427125765741.jpg","width":719,"height":266},{"@type":"BreadcrumbList","@id":"https:\/\/www.tibagroup.com\/es\/comunicacion\/prensa\/reportaje-transitaria-tiba#breadcrumb","itemListElement":[{"@type":"ListItem","position":1,"name":"In\u00edcio","item":"https:\/\/www.tibagroup.com\/es\/agente-carga-operador-logistico"},{"@type":"ListItem","position":2,"name":"Comunicaci\u00f3n y prensa","item":"https:\/\/www.tibagroup.com\/es\/comunicacion"},{"@type":"ListItem","position":3,"name":"Prensa","item":"https:\/\/www.tibagroup.com\/es\/comunicacion\/prensa"},{"@type":"ListItem","position":4,"name":"TIBA en el especial 150 a\u00f1os de transporte del diario Las Provincias"}]},{"@type":"WebSite","@id":"https:\/\/www.tibagroup.com\/es#website","url":"https:\/\/www.tibagroup.com\/es","name":"TIBA","description":"Log\u00edstica y transporte internacional.","publisher":{"@id":"https:\/\/www.tibagroup.com\/es#organization"},"potentialAction":[{"@type":"SearchAction","target":{"@type":"EntryPoint","urlTemplate":"https:\/\/www.tibagroup.com\/es?s={search_term_string}"},"query-input":{"@type":"PropertyValueSpecification","valueRequired":true,"valueName":"search_term_string"}}],"inLanguage":"es"},{"@type":"Organization","@id":"https:\/\/www.tibagroup.com\/es#organization","name":"TIBA","url":"https:\/\/www.tibagroup.com\/es","logo":{"@type":"ImageObject","inLanguage":"es","@id":"https:\/\/www.tibagroup.com\/es#\/schema\/logo\/image\/","url":"https:\/\/www.tibagroup.com\/wp-content\/uploads\/2024\/02\/logo-web-TIBA.png","contentUrl":"https:\/\/www.tibagroup.com\/wp-content\/uploads\/2024\/02\/logo-web-TIBA.png","width":352,"height":116,"caption":"TIBA"},"image":{"@id":"https:\/\/www.tibagroup.com\/es#\/schema\/logo\/image\/"}},{"@type":"Person","@id":"https:\/\/www.tibagroup.com\/es#\/schema\/person\/05c092dcc51b7a515503f3d10c916094","name":"TIBA","image":{"@type":"ImageObject","inLanguage":"es","@id":"https:\/\/secure.gravatar.com\/avatar\/fe41478412b0c43764499979d851fae89a1f174100b1c19a55e15c00fde1851d?s=96&d=mm&r=g","url":"https:\/\/secure.gravatar.com\/avatar\/fe41478412b0c43764499979d851fae89a1f174100b1c19a55e15c00fde1851d?s=96&d=mm&r=g","contentUrl":"https:\/\/secure.gravatar.com\/avatar\/fe41478412b0c43764499979d851fae89a1f174100b1c19a55e15c00fde1851d?s=96&d=mm&r=g","caption":"TIBA"},"sameAs":["https:\/\/x.com\/eaguado"]}]}},"_links":{"self":[{"href":"https:\/\/www.tibagroup.com\/es\/wp-json\/wp\/v2\/posts\/33361","targetHints":{"allow":["GET"]}}],"collection":[{"href":"https:\/\/www.tibagroup.com\/es\/wp-json\/wp\/v2\/posts"}],"about":[{"href":"https:\/\/www.tibagroup.com\/es\/wp-json\/wp\/v2\/types\/post"}],"author":[{"embeddable":true,"href":"https:\/\/www.tibagroup.com\/es\/wp-json\/wp\/v2\/users\/2"}],"replies":[{"embeddable":true,"href":"https:\/\/www.tibagroup.com\/es\/wp-json\/wp\/v2\/comments?post=33361"}],"version-history":[{"count":2,"href":"https:\/\/www.tibagroup.com\/es\/wp-json\/wp\/v2\/posts\/33361\/revisions"}],"predecessor-version":[{"id":68202,"href":"https:\/\/www.tibagroup.com\/es\/wp-json\/wp\/v2\/posts\/33361\/revisions\/68202"}],"wp:featuredmedia":[{"embeddable":true,"href":"https:\/\/www.tibagroup.com\/es\/wp-json\/wp\/v2\/media\/33362"}],"wp:attachment":[{"href":"https:\/\/www.tibagroup.com\/es\/wp-json\/wp\/v2\/media?parent=33361"}],"wp:term":[{"taxonomy":"category","embeddable":true,"href":"https:\/\/www.tibagroup.com\/es\/wp-json\/wp\/v2\/categories?post=33361"},{"taxonomy":"post_tag","embeddable":true,"href":"https:\/\/www.tibagroup.com\/es\/wp-json\/wp\/v2\/tags?post=33361"}],"curies":[{"name":"wp","href":"https:\/\/api.w.org\/{rel}","templated":true}]}}