{"id":33133,"date":"2014-03-04T15:24:24","date_gmt":"2014-03-04T14:24:24","guid":{"rendered":"https:\/\/www.tibagroup.com\/xxv-concurso-mundial-de-paellas-del-sector-logistico\/"},"modified":"2025-02-18T10:29:59","modified_gmt":"2025-02-18T09:29:59","slug":"paellas-sector-logistico-2014","status":"publish","type":"post","link":"https:\/\/www.tibagroup.com\/es\/comunicacion\/eventos\/paellas-sector-logistico-2014","title":{"rendered":"XXV Concurso Mundial de Paellas del Sector Log\u00edstico"},"content":{"rendered":"<h2>Acto conmemorativo del 25 aniversario<\/h2>\n<p>El pasado\u00a0 viernes, 28 de febrero de 2014 se celebr\u00f3 en Edificio del Reloj del Puerto de Valencia el acto conmemorativo del XXV Aniversario del Concurso Mundial de Paellas para empresas del Sector Log\u00edstico evento organizado por la falla Dr. J.J. D\u00f3mine-Port y Diario del Puerto.<\/p>\n<p>El Concurso Mundial de Paellas re\u00fane cada a\u00f1o a m\u00e1s de 4.000 profesionales del sector, consolid\u00e1ndose como la mayor reuni\u00f3n de log\u00edsticos a nivel nacional e internacional y contando con la participaci\u00f3n de empresas procedentes de todos los rincones del planeta.<\/p>\n<p>En estas bodas de plata, se present\u00f3\u00a0 un libro recopilatorio de la historia de esta singular iniciativa y se entregaron distinciones a empresas e instituciones que se han significado en el apoyo al Concurso dentro de las cuales estaba presente, como no, TIBA Internacional.<\/p>\n<p>Puedes ver m\u00e1s detalles de este acto en la\u00a0noticia publicada por Diario del Puerto.<\/p>\n<p>&nbsp;<\/p>\n<div style=\"text-align: center;\">\n<div style=\"text-align: left;\"><em>El presidente de la falla Dr JJ Domine-Port Miguel Rocafull, Rafael Aznar (presidente de la APV), Isabelle Roussille de TIBA Internacional, Francisco Prado (director general de Grupo Diario), Isabel Bonig La consellera de Infraestructuras, Territorio y Medio Ambiente y\u00a0la Fallera Mayor M\u00aa Jose Ortiz.<\/em><\/div>\n<div style=\"text-align: left;\"><img decoding=\"async\" class=\"aligncenter size-medium wp-image-54260\" src=\"https:\/\/www.tibagroup.com\/wp-content\/uploads\/2014\/03\/xxv-concurso-mundial-de-paellas-del-sector-logistico-300x196.webp\" alt=\"\" width=\"300\" height=\"196\" srcset=\"https:\/\/www.tibagroup.com\/wp-content\/uploads\/2014\/03\/xxv-concurso-mundial-de-paellas-del-sector-logistico-300x196.webp 300w, https:\/\/www.tibagroup.com\/wp-content\/uploads\/2014\/03\/xxv-concurso-mundial-de-paellas-del-sector-logistico.webp 460w\" sizes=\"(max-width: 300px) 100vw, 300px\" \/><\/div>\n<\/div>\n<p><img decoding=\"async\" class=\"aligncenter size-medium wp-image-54263\" src=\"https:\/\/www.tibagroup.com\/wp-content\/uploads\/2014\/03\/galardonados-concurso-mundial-de-paellas-300x196.webp\" alt=\"\" width=\"300\" height=\"196\" srcset=\"https:\/\/www.tibagroup.com\/wp-content\/uploads\/2014\/03\/galardonados-concurso-mundial-de-paellas-300x196.webp 300w, https:\/\/www.tibagroup.com\/wp-content\/uploads\/2014\/03\/galardonados-concurso-mundial-de-paellas.webp 460w\" sizes=\"(max-width: 300px) 100vw, 300px\" \/><\/p>\n<h3>Concurso Mundial de Paellas del Sector Log\u00edstico 2014<\/h3>\n<p>El Concurso Mundial de Paellas para empresas del Sector Log\u00edstico tendr\u00e1 lugar el viernes 7 de marzo en la estaci\u00f3n del Grao de Valencia (frente al Puerto de Valencia) y contar\u00e1 como siempre desde su inicio en 1990 con la presencia del personal de TIBA Internacional.<\/p>\n","protected":false},"excerpt":{"rendered":"<p>Celebraci\u00f3n de los actos conmemorativos de la XXV edici\u00f3n del Concurso Mundial de Paellas del sector log\u00edstico.<\/p>\n","protected":false},"author":2,"featured_media":33134,"comment_status":"open","ping_status":"closed","sticky":false,"template":"","format":"standard","meta":{"footnotes":""},"categories":[327],"tags":[805],"class_list":["post-33133","post","type-post","status-publish","format-standard","has-post-thumbnail","hentry","category-eventos","tag-espana"],"yoast_head":"<!-- This site is optimized with the Yoast SEO plugin v27.5 - https:\/\/yoast.com\/product\/yoast-seo-wordpress\/ -->\n<title>XXV Concurso Mundial de Paellas del Sector Log\u00edstico | TIBA<\/title>\n<meta name=\"description\" content=\"Celebraci\u00f3n de los actos conmemorativos de la XXV edici\u00f3n del Concurso Mundial de Paellas del sector log\u00edstico.\" \/>\n<meta name=\"robots\" content=\"index, follow, max-snippet:-1, max-image-preview:large, max-video-preview:-1\" \/>\n<link rel=\"canonical\" href=\"https:\/\/www.tibagroup.com\/es\/comunicacion\/eventos\/paellas-sector-logistico-2014\" \/>\n<meta property=\"og:locale\" content=\"es_ES\" \/>\n<meta property=\"og:type\" content=\"article\" \/>\n<meta property=\"og:title\" content=\"XXV Concurso Mundial de Paellas del Sector Log\u00edstico | TIBA\" \/>\n<meta property=\"og:description\" content=\"Celebraci\u00f3n de los actos conmemorativos de la XXV edici\u00f3n del Concurso Mundial de Paellas del sector log\u00edstico.\" \/>\n<meta property=\"og:url\" content=\"https:\/\/www.tibagroup.com\/es\/comunicacion\/eventos\/paellas-sector-logistico-2014\" \/>\n<meta property=\"og:site_name\" content=\"TIBA\" \/>\n<meta property=\"article:published_time\" content=\"2014-03-04T14:24:24+00:00\" \/>\n<meta property=\"article:modified_time\" content=\"2025-02-18T09:29:59+00:00\" \/>\n<meta property=\"og:image\" content=\"https:\/\/www.tibagroup.com\/wp-content\/uploads\/2023\/11\/paella-valenciana.jpg\" \/>\n\t<meta property=\"og:image:width\" content=\"900\" \/>\n\t<meta property=\"og:image:height\" content=\"600\" \/>\n\t<meta property=\"og:image:type\" content=\"image\/jpeg\" \/>\n<meta name=\"author\" content=\"TIBA\" \/>\n<meta name=\"twitter:card\" content=\"summary_large_image\" \/>\n<meta name=\"twitter:creator\" content=\"@eaguado\" \/>\n<meta name=\"twitter:label1\" content=\"Written by\" \/>\n\t<meta name=\"twitter:data1\" content=\"TIBA\" \/>\n\t<meta name=\"twitter:label2\" content=\"Est. reading time\" \/>\n\t<meta name=\"twitter:data2\" content=\"2 minutes\" \/>\n<!-- \/ Yoast SEO plugin. -->","yoast_head_json":{"title":"XXV Concurso Mundial de Paellas del Sector Log\u00edstico | TIBA","description":"Celebraci\u00f3n de los actos conmemorativos de la XXV edici\u00f3n del Concurso Mundial de Paellas del sector log\u00edstico.","robots":{"index":"index","follow":"follow","max-snippet":"max-snippet:-1","max-image-preview":"max-image-preview:large","max-video-preview":"max-video-preview:-1"},"canonical":"https:\/\/www.tibagroup.com\/es\/comunicacion\/eventos\/paellas-sector-logistico-2014","og_locale":"es_ES","og_type":"article","og_title":"XXV Concurso Mundial de Paellas del Sector Log\u00edstico | TIBA","og_description":"Celebraci\u00f3n de los actos conmemorativos de la XXV edici\u00f3n del Concurso Mundial de Paellas del sector log\u00edstico.","og_url":"https:\/\/www.tibagroup.com\/es\/comunicacion\/eventos\/paellas-sector-logistico-2014","og_site_name":"TIBA","article_published_time":"2014-03-04T14:24:24+00:00","article_modified_time":"2025-02-18T09:29:59+00:00","og_image":[{"width":900,"height":600,"url":"https:\/\/www.tibagroup.com\/wp-content\/uploads\/2023\/11\/paella-valenciana.jpg","type":"image\/jpeg"}],"author":"TIBA","twitter_card":"summary_large_image","twitter_creator":"@eaguado","twitter_misc":{"Written by":"TIBA","Est. reading time":"2 minutes"},"schema":{"@context":"https:\/\/schema.org","@graph":[{"@type":"Article","@id":"https:\/\/www.tibagroup.com\/es\/comunicacion\/eventos\/paellas-sector-logistico-2014#article","isPartOf":{"@id":"https:\/\/www.tibagroup.com\/es\/comunicacion\/eventos\/paellas-sector-logistico-2014"},"author":{"name":"TIBA","@id":"https:\/\/www.tibagroup.com\/es#\/schema\/person\/05c092dcc51b7a515503f3d10c916094"},"headline":"XXV Concurso Mundial de Paellas del Sector Log\u00edstico","datePublished":"2014-03-04T14:24:24+00:00","dateModified":"2025-02-18T09:29:59+00:00","mainEntityOfPage":{"@id":"https:\/\/www.tibagroup.com\/es\/comunicacion\/eventos\/paellas-sector-logistico-2014"},"wordCount":267,"commentCount":0,"publisher":{"@id":"https:\/\/www.tibagroup.com\/es#organization"},"image":{"@id":"https:\/\/www.tibagroup.com\/es\/comunicacion\/eventos\/paellas-sector-logistico-2014#primaryimage"},"thumbnailUrl":"https:\/\/www.tibagroup.com\/wp-content\/uploads\/2023\/11\/paella-valenciana.jpg","keywords":["Espa\u00f1a"],"articleSection":["Eventos"],"inLanguage":"es","potentialAction":[{"@type":"CommentAction","name":"Comment","target":["https:\/\/www.tibagroup.com\/es\/comunicacion\/eventos\/paellas-sector-logistico-2014#respond"]}]},{"@type":"WebPage","@id":"https:\/\/www.tibagroup.com\/es\/comunicacion\/eventos\/paellas-sector-logistico-2014","url":"https:\/\/www.tibagroup.com\/es\/comunicacion\/eventos\/paellas-sector-logistico-2014","name":"XXV Concurso Mundial de Paellas del Sector Log\u00edstico | TIBA","isPartOf":{"@id":"https:\/\/www.tibagroup.com\/es#website"},"primaryImageOfPage":{"@id":"https:\/\/www.tibagroup.com\/es\/comunicacion\/eventos\/paellas-sector-logistico-2014#primaryimage"},"image":{"@id":"https:\/\/www.tibagroup.com\/es\/comunicacion\/eventos\/paellas-sector-logistico-2014#primaryimage"},"thumbnailUrl":"https:\/\/www.tibagroup.com\/wp-content\/uploads\/2023\/11\/paella-valenciana.jpg","datePublished":"2014-03-04T14:24:24+00:00","dateModified":"2025-02-18T09:29:59+00:00","description":"Celebraci\u00f3n de los actos conmemorativos de la XXV edici\u00f3n del Concurso Mundial de Paellas del sector log\u00edstico.","breadcrumb":{"@id":"https:\/\/www.tibagroup.com\/es\/comunicacion\/eventos\/paellas-sector-logistico-2014#breadcrumb"},"inLanguage":"es","potentialAction":[{"@type":"ReadAction","target":["https:\/\/www.tibagroup.com\/es\/comunicacion\/eventos\/paellas-sector-logistico-2014"]}]},{"@type":"ImageObject","inLanguage":"es","@id":"https:\/\/www.tibagroup.com\/es\/comunicacion\/eventos\/paellas-sector-logistico-2014#primaryimage","url":"https:\/\/www.tibagroup.com\/wp-content\/uploads\/2023\/11\/paella-valenciana.jpg","contentUrl":"https:\/\/www.tibagroup.com\/wp-content\/uploads\/2023\/11\/paella-valenciana.jpg","width":900,"height":600},{"@type":"BreadcrumbList","@id":"https:\/\/www.tibagroup.com\/es\/comunicacion\/eventos\/paellas-sector-logistico-2014#breadcrumb","itemListElement":[{"@type":"ListItem","position":1,"name":"In\u00edcio","item":"https:\/\/www.tibagroup.com\/es\/agente-carga-operador-logistico"},{"@type":"ListItem","position":2,"name":"Comunicaci\u00f3n y prensa","item":"https:\/\/www.tibagroup.com\/es\/comunicacion"},{"@type":"ListItem","position":3,"name":"Eventos","item":"https:\/\/www.tibagroup.com\/es\/comunicacion\/eventos"},{"@type":"ListItem","position":4,"name":"XXV Concurso Mundial de Paellas del Sector Log\u00edstico"}]},{"@type":"WebSite","@id":"https:\/\/www.tibagroup.com\/es#website","url":"https:\/\/www.tibagroup.com\/es","name":"TIBA","description":"Log\u00edstica y transporte internacional.","publisher":{"@id":"https:\/\/www.tibagroup.com\/es#organization"},"potentialAction":[{"@type":"SearchAction","target":{"@type":"EntryPoint","urlTemplate":"https:\/\/www.tibagroup.com\/es?s={search_term_string}"},"query-input":{"@type":"PropertyValueSpecification","valueRequired":true,"valueName":"search_term_string"}}],"inLanguage":"es"},{"@type":"Organization","@id":"https:\/\/www.tibagroup.com\/es#organization","name":"TIBA","url":"https:\/\/www.tibagroup.com\/es","logo":{"@type":"ImageObject","inLanguage":"es","@id":"https:\/\/www.tibagroup.com\/es#\/schema\/logo\/image\/","url":"https:\/\/www.tibagroup.com\/wp-content\/uploads\/2024\/02\/logo-web-TIBA.png","contentUrl":"https:\/\/www.tibagroup.com\/wp-content\/uploads\/2024\/02\/logo-web-TIBA.png","width":352,"height":116,"caption":"TIBA"},"image":{"@id":"https:\/\/www.tibagroup.com\/es#\/schema\/logo\/image\/"}},{"@type":"Person","@id":"https:\/\/www.tibagroup.com\/es#\/schema\/person\/05c092dcc51b7a515503f3d10c916094","name":"TIBA","image":{"@type":"ImageObject","inLanguage":"es","@id":"https:\/\/secure.gravatar.com\/avatar\/fe41478412b0c43764499979d851fae89a1f174100b1c19a55e15c00fde1851d?s=96&d=mm&r=g","url":"https:\/\/secure.gravatar.com\/avatar\/fe41478412b0c43764499979d851fae89a1f174100b1c19a55e15c00fde1851d?s=96&d=mm&r=g","contentUrl":"https:\/\/secure.gravatar.com\/avatar\/fe41478412b0c43764499979d851fae89a1f174100b1c19a55e15c00fde1851d?s=96&d=mm&r=g","caption":"TIBA"},"sameAs":["https:\/\/x.com\/eaguado"]}]}},"_links":{"self":[{"href":"https:\/\/www.tibagroup.com\/es\/wp-json\/wp\/v2\/posts\/33133","targetHints":{"allow":["GET"]}}],"collection":[{"href":"https:\/\/www.tibagroup.com\/es\/wp-json\/wp\/v2\/posts"}],"about":[{"href":"https:\/\/www.tibagroup.com\/es\/wp-json\/wp\/v2\/types\/post"}],"author":[{"embeddable":true,"href":"https:\/\/www.tibagroup.com\/es\/wp-json\/wp\/v2\/users\/2"}],"replies":[{"embeddable":true,"href":"https:\/\/www.tibagroup.com\/es\/wp-json\/wp\/v2\/comments?post=33133"}],"version-history":[{"count":2,"href":"https:\/\/www.tibagroup.com\/es\/wp-json\/wp\/v2\/posts\/33133\/revisions"}],"predecessor-version":[{"id":68142,"href":"https:\/\/www.tibagroup.com\/es\/wp-json\/wp\/v2\/posts\/33133\/revisions\/68142"}],"wp:featuredmedia":[{"embeddable":true,"href":"https:\/\/www.tibagroup.com\/es\/wp-json\/wp\/v2\/media\/33134"}],"wp:attachment":[{"href":"https:\/\/www.tibagroup.com\/es\/wp-json\/wp\/v2\/media?parent=33133"}],"wp:term":[{"taxonomy":"category","embeddable":true,"href":"https:\/\/www.tibagroup.com\/es\/wp-json\/wp\/v2\/categories?post=33133"},{"taxonomy":"post_tag","embeddable":true,"href":"https:\/\/www.tibagroup.com\/es\/wp-json\/wp\/v2\/tags?post=33133"}],"curies":[{"name":"wp","href":"https:\/\/api.w.org\/{rel}","templated":true}]}}