{"id":32931,"date":"2013-12-20T08:25:38","date_gmt":"2013-12-20T07:25:38","guid":{"rendered":"https:\/\/www.tibagroup.com\/v-concurso-infantil-de-felicitaciones-navidenas\/"},"modified":"2025-02-18T10:14:28","modified_gmt":"2025-02-18T09:14:28","slug":"felicitaciones-navidenas-2013","status":"publish","type":"post","link":"https:\/\/www.tibagroup.com\/es\/comunicacion\/eventos\/felicitaciones-navidenas-2013","title":{"rendered":"V Concurso infantil de felicitaciones navide\u00f1as 2013"},"content":{"rendered":"<p>Como cada a\u00f1o hemos invitado a los ni\u00f1os cuyos pap\u00e1s y mam\u00e1s trabajan en TIBA o Grupo Romeu a presentar sus dibujos para el concurso que decidir\u00e1 las portadas de las tarjetas de felicitaci\u00f3n de navidad del a\u00f1o 2013 con las que desde TIBA queremos desear lo mejor a todo el equipo, clientes, proveedores y colaboradores.<\/p>\n<p>El concurso ha sido un \u00e9xito de participaci\u00f3n. 50 ni\u00f1os de edades comprendidas entre 4 y 12 a\u00f1os divididos en dos categor\u00edas han presentado sus creaciones animados por el placer de dibujar y los buenos regalos que obtienen tanto los ganadores como todos los participantes y que recompensan el esfuerzo e ilusi\u00f3n con que realizan sus dibujos.<\/p>\n<p><em><strong>\u00a1\u00a1 Muchas gracias y enhorabuena a todos los ni\u00f1os y ni\u00f1as que han participado !!<\/strong><\/em><\/p>\n<h2>Dibujos participantes<\/h2>\n<div><\/div>\n<p><img decoding=\"async\" class=\"aligncenter size-full wp-image-55883\" src=\"https:\/\/www.tibagroup.com\/wp-content\/uploads\/2013\/12\/la-foto-de-los-dibujos-todos-1-300x224-1.jpg\" alt=\"\" width=\"300\" height=\"224\" \/><\/p>\n<h2>Dibujos ganadores<\/h2>\n<table>\n<tbody>\n<tr>\n<td><img decoding=\"async\" class=\"alignleft size-full wp-image-55888\" src=\"https:\/\/www.tibagroup.com\/wp-content\/uploads\/2013\/12\/xmastiba-mjb-300x196-1.webp\" alt=\"\" width=\"300\" height=\"196\" \/><\/p>\n<p>&nbsp;<\/p>\n<p>&nbsp;<\/p>\n<p>&nbsp;<\/p>\n<p>&nbsp;<\/p>\n<p>&nbsp;<\/p>\n<p>&nbsp;<\/p>\n<p>M.J.B. 6 a\u00f1os.<\/td>\n<td style=\"text-align: left;\"><img decoding=\"async\" class=\"alignleft size-medium wp-image-55892\" src=\"https:\/\/www.tibagroup.com\/wp-content\/uploads\/2013\/12\/xmastiba2-msp-300x196.webp\" alt=\"\" width=\"300\" height=\"196\" srcset=\"https:\/\/www.tibagroup.com\/wp-content\/uploads\/2013\/12\/xmastiba2-msp-300x196.webp 300w, https:\/\/www.tibagroup.com\/wp-content\/uploads\/2013\/12\/xmastiba2-msp.webp 460w\" sizes=\"(max-width: 300px) 100vw, 300px\" \/><\/p>\n<p>&nbsp;<\/p>\n<p>&nbsp;<\/p>\n<p>&nbsp;<\/p>\n<p>&nbsp;<\/p>\n<p>&nbsp;<\/p>\n<p>&nbsp;<\/p>\n<p>M.S.P. 12 a\u00f1os.<\/td>\n<\/tr>\n<tr>\n<td><img decoding=\"async\" class=\"alignleft size-medium wp-image-55898\" src=\"https:\/\/www.tibagroup.com\/wp-content\/uploads\/2013\/12\/xmastiba3-dea-300x196.webp\" alt=\"\" width=\"300\" height=\"196\" srcset=\"https:\/\/www.tibagroup.com\/wp-content\/uploads\/2013\/12\/xmastiba3-dea-300x196.webp 300w, https:\/\/www.tibagroup.com\/wp-content\/uploads\/2013\/12\/xmastiba3-dea.webp 460w\" sizes=\"(max-width: 300px) 100vw, 300px\" \/><\/p>\n<p>&nbsp;<\/p>\n<p>&nbsp;<\/p>\n<p>&nbsp;<\/p>\n<p>&nbsp;<\/p>\n<p>&nbsp;<\/p>\n<p>&nbsp;<\/p>\n<p>D.E.A. 11 a\u00f1os.<\/td>\n<td><img decoding=\"async\" class=\"alignleft size-medium wp-image-55901\" src=\"https:\/\/www.tibagroup.com\/wp-content\/uploads\/2013\/12\/xmastiba4-mf-300x196.webp\" alt=\"\" width=\"300\" height=\"196\" srcset=\"https:\/\/www.tibagroup.com\/wp-content\/uploads\/2013\/12\/xmastiba4-mf-300x196.webp 300w, https:\/\/www.tibagroup.com\/wp-content\/uploads\/2013\/12\/xmastiba4-mf.webp 460w\" sizes=\"(max-width: 300px) 100vw, 300px\" \/><\/p>\n<p>&nbsp;<\/p>\n<p>&nbsp;<\/p>\n<p>&nbsp;<\/p>\n<p>&nbsp;<\/p>\n<p>&nbsp;<\/p>\n<p>&nbsp;<\/p>\n<p>M.F. 8 a\u00f1os.<\/td>\n<\/tr>\n<\/tbody>\n<\/table>\n","protected":false},"excerpt":{"rendered":"<p>Ya tenemos ganadores en el tradicional concurso infantil de felicitaciones navide\u00f1as que organiza TIBA anualmente.<\/p>\n","protected":false},"author":2,"featured_media":32932,"comment_status":"open","ping_status":"closed","sticky":false,"template":"","format":"standard","meta":{"footnotes":""},"categories":[327],"tags":[],"class_list":["post-32931","post","type-post","status-publish","format-standard","has-post-thumbnail","hentry","category-eventos"],"yoast_head":"<!-- This site is optimized with the Yoast SEO plugin v27.4 - https:\/\/yoast.com\/product\/yoast-seo-wordpress\/ -->\n<title>V Concurso infantil de felicitaciones navide\u00f1as | TIBA<\/title>\n<meta name=\"description\" content=\"Ya tenemos ganadores en el tradicional concurso infantil de felicitaciones navide\u00f1as que organiza TIBA anualmente.\" \/>\n<meta name=\"robots\" content=\"index, follow, max-snippet:-1, max-image-preview:large, max-video-preview:-1\" \/>\n<link rel=\"canonical\" href=\"https:\/\/www.tibagroup.com\/es\/comunicacion\/eventos\/felicitaciones-navidenas-2013\" \/>\n<meta property=\"og:locale\" content=\"es_ES\" \/>\n<meta property=\"og:type\" content=\"article\" \/>\n<meta property=\"og:title\" content=\"V Concurso infantil de felicitaciones navide\u00f1as | TIBA\" \/>\n<meta property=\"og:description\" content=\"Ya tenemos ganadores en el tradicional concurso infantil de felicitaciones navide\u00f1as que organiza TIBA anualmente.\" \/>\n<meta property=\"og:url\" content=\"https:\/\/www.tibagroup.com\/es\/comunicacion\/eventos\/felicitaciones-navidenas-2013\" \/>\n<meta property=\"og:site_name\" content=\"TIBA\" \/>\n<meta property=\"article:published_time\" content=\"2013-12-20T07:25:38+00:00\" \/>\n<meta property=\"article:modified_time\" content=\"2025-02-18T09:14:28+00:00\" \/>\n<meta property=\"og:image\" content=\"https:\/\/www.tibagroup.com\/wp-content\/uploads\/2023\/11\/imagen_de_papa_noel-e1418742840109.jpg\" \/>\n\t<meta property=\"og:image:width\" content=\"492\" \/>\n\t<meta property=\"og:image:height\" content=\"293\" \/>\n\t<meta property=\"og:image:type\" content=\"image\/jpeg\" \/>\n<meta name=\"author\" content=\"TIBA\" \/>\n<meta name=\"twitter:card\" content=\"summary_large_image\" \/>\n<meta name=\"twitter:creator\" content=\"@eaguado\" \/>\n<meta name=\"twitter:label1\" content=\"Written by\" \/>\n\t<meta name=\"twitter:data1\" content=\"TIBA\" \/>\n\t<meta name=\"twitter:label2\" content=\"Est. reading time\" \/>\n\t<meta name=\"twitter:data2\" content=\"2 minutes\" \/>\n<!-- \/ Yoast SEO plugin. -->","yoast_head_json":{"title":"V Concurso infantil de felicitaciones navide\u00f1as | TIBA","description":"Ya tenemos ganadores en el tradicional concurso infantil de felicitaciones navide\u00f1as que organiza TIBA anualmente.","robots":{"index":"index","follow":"follow","max-snippet":"max-snippet:-1","max-image-preview":"max-image-preview:large","max-video-preview":"max-video-preview:-1"},"canonical":"https:\/\/www.tibagroup.com\/es\/comunicacion\/eventos\/felicitaciones-navidenas-2013","og_locale":"es_ES","og_type":"article","og_title":"V Concurso infantil de felicitaciones navide\u00f1as | TIBA","og_description":"Ya tenemos ganadores en el tradicional concurso infantil de felicitaciones navide\u00f1as que organiza TIBA anualmente.","og_url":"https:\/\/www.tibagroup.com\/es\/comunicacion\/eventos\/felicitaciones-navidenas-2013","og_site_name":"TIBA","article_published_time":"2013-12-20T07:25:38+00:00","article_modified_time":"2025-02-18T09:14:28+00:00","og_image":[{"width":492,"height":293,"url":"https:\/\/www.tibagroup.com\/wp-content\/uploads\/2023\/11\/imagen_de_papa_noel-e1418742840109.jpg","type":"image\/jpeg"}],"author":"TIBA","twitter_card":"summary_large_image","twitter_creator":"@eaguado","twitter_misc":{"Written by":"TIBA","Est. reading time":"2 minutes"},"schema":{"@context":"https:\/\/schema.org","@graph":[{"@type":"Article","@id":"https:\/\/www.tibagroup.com\/es\/comunicacion\/eventos\/felicitaciones-navidenas-2013#article","isPartOf":{"@id":"https:\/\/www.tibagroup.com\/es\/comunicacion\/eventos\/felicitaciones-navidenas-2013"},"author":{"name":"TIBA","@id":"https:\/\/www.tibagroup.com\/es#\/schema\/person\/05c092dcc51b7a515503f3d10c916094"},"headline":"V Concurso infantil de felicitaciones navide\u00f1as 2013","datePublished":"2013-12-20T07:25:38+00:00","dateModified":"2025-02-18T09:14:28+00:00","mainEntityOfPage":{"@id":"https:\/\/www.tibagroup.com\/es\/comunicacion\/eventos\/felicitaciones-navidenas-2013"},"wordCount":189,"commentCount":0,"publisher":{"@id":"https:\/\/www.tibagroup.com\/es#organization"},"image":{"@id":"https:\/\/www.tibagroup.com\/es\/comunicacion\/eventos\/felicitaciones-navidenas-2013#primaryimage"},"thumbnailUrl":"https:\/\/www.tibagroup.com\/wp-content\/uploads\/2023\/11\/imagen_de_papa_noel-e1418742840109.jpg","articleSection":["Eventos"],"inLanguage":"es","potentialAction":[{"@type":"CommentAction","name":"Comment","target":["https:\/\/www.tibagroup.com\/es\/comunicacion\/eventos\/felicitaciones-navidenas-2013#respond"]}]},{"@type":"WebPage","@id":"https:\/\/www.tibagroup.com\/es\/comunicacion\/eventos\/felicitaciones-navidenas-2013","url":"https:\/\/www.tibagroup.com\/es\/comunicacion\/eventos\/felicitaciones-navidenas-2013","name":"V Concurso infantil de felicitaciones navide\u00f1as | TIBA","isPartOf":{"@id":"https:\/\/www.tibagroup.com\/es#website"},"primaryImageOfPage":{"@id":"https:\/\/www.tibagroup.com\/es\/comunicacion\/eventos\/felicitaciones-navidenas-2013#primaryimage"},"image":{"@id":"https:\/\/www.tibagroup.com\/es\/comunicacion\/eventos\/felicitaciones-navidenas-2013#primaryimage"},"thumbnailUrl":"https:\/\/www.tibagroup.com\/wp-content\/uploads\/2023\/11\/imagen_de_papa_noel-e1418742840109.jpg","datePublished":"2013-12-20T07:25:38+00:00","dateModified":"2025-02-18T09:14:28+00:00","description":"Ya tenemos ganadores en el tradicional concurso infantil de felicitaciones navide\u00f1as que organiza TIBA anualmente.","breadcrumb":{"@id":"https:\/\/www.tibagroup.com\/es\/comunicacion\/eventos\/felicitaciones-navidenas-2013#breadcrumb"},"inLanguage":"es","potentialAction":[{"@type":"ReadAction","target":["https:\/\/www.tibagroup.com\/es\/comunicacion\/eventos\/felicitaciones-navidenas-2013"]}]},{"@type":"ImageObject","inLanguage":"es","@id":"https:\/\/www.tibagroup.com\/es\/comunicacion\/eventos\/felicitaciones-navidenas-2013#primaryimage","url":"https:\/\/www.tibagroup.com\/wp-content\/uploads\/2023\/11\/imagen_de_papa_noel-e1418742840109.jpg","contentUrl":"https:\/\/www.tibagroup.com\/wp-content\/uploads\/2023\/11\/imagen_de_papa_noel-e1418742840109.jpg","width":492,"height":293},{"@type":"BreadcrumbList","@id":"https:\/\/www.tibagroup.com\/es\/comunicacion\/eventos\/felicitaciones-navidenas-2013#breadcrumb","itemListElement":[{"@type":"ListItem","position":1,"name":"In\u00edcio","item":"https:\/\/www.tibagroup.com\/es\/agente-carga-operador-logistico"},{"@type":"ListItem","position":2,"name":"Comunicaci\u00f3n y prensa","item":"https:\/\/www.tibagroup.com\/es\/comunicacion"},{"@type":"ListItem","position":3,"name":"Eventos","item":"https:\/\/www.tibagroup.com\/es\/comunicacion\/eventos"},{"@type":"ListItem","position":4,"name":"V Concurso infantil de felicitaciones navide\u00f1as 2013"}]},{"@type":"WebSite","@id":"https:\/\/www.tibagroup.com\/es#website","url":"https:\/\/www.tibagroup.com\/es","name":"TIBA","description":"Log\u00edstica y transporte internacional.","publisher":{"@id":"https:\/\/www.tibagroup.com\/es#organization"},"potentialAction":[{"@type":"SearchAction","target":{"@type":"EntryPoint","urlTemplate":"https:\/\/www.tibagroup.com\/es?s={search_term_string}"},"query-input":{"@type":"PropertyValueSpecification","valueRequired":true,"valueName":"search_term_string"}}],"inLanguage":"es"},{"@type":"Organization","@id":"https:\/\/www.tibagroup.com\/es#organization","name":"TIBA","url":"https:\/\/www.tibagroup.com\/es","logo":{"@type":"ImageObject","inLanguage":"es","@id":"https:\/\/www.tibagroup.com\/es#\/schema\/logo\/image\/","url":"https:\/\/www.tibagroup.com\/wp-content\/uploads\/2024\/02\/logo-web-TIBA.png","contentUrl":"https:\/\/www.tibagroup.com\/wp-content\/uploads\/2024\/02\/logo-web-TIBA.png","width":352,"height":116,"caption":"TIBA"},"image":{"@id":"https:\/\/www.tibagroup.com\/es#\/schema\/logo\/image\/"}},{"@type":"Person","@id":"https:\/\/www.tibagroup.com\/es#\/schema\/person\/05c092dcc51b7a515503f3d10c916094","name":"TIBA","image":{"@type":"ImageObject","inLanguage":"es","@id":"https:\/\/secure.gravatar.com\/avatar\/fe41478412b0c43764499979d851fae89a1f174100b1c19a55e15c00fde1851d?s=96&d=mm&r=g","url":"https:\/\/secure.gravatar.com\/avatar\/fe41478412b0c43764499979d851fae89a1f174100b1c19a55e15c00fde1851d?s=96&d=mm&r=g","contentUrl":"https:\/\/secure.gravatar.com\/avatar\/fe41478412b0c43764499979d851fae89a1f174100b1c19a55e15c00fde1851d?s=96&d=mm&r=g","caption":"TIBA"},"sameAs":["https:\/\/x.com\/eaguado"]}]}},"_links":{"self":[{"href":"https:\/\/www.tibagroup.com\/es\/wp-json\/wp\/v2\/posts\/32931","targetHints":{"allow":["GET"]}}],"collection":[{"href":"https:\/\/www.tibagroup.com\/es\/wp-json\/wp\/v2\/posts"}],"about":[{"href":"https:\/\/www.tibagroup.com\/es\/wp-json\/wp\/v2\/types\/post"}],"author":[{"embeddable":true,"href":"https:\/\/www.tibagroup.com\/es\/wp-json\/wp\/v2\/users\/2"}],"replies":[{"embeddable":true,"href":"https:\/\/www.tibagroup.com\/es\/wp-json\/wp\/v2\/comments?post=32931"}],"version-history":[{"count":2,"href":"https:\/\/www.tibagroup.com\/es\/wp-json\/wp\/v2\/posts\/32931\/revisions"}],"predecessor-version":[{"id":68078,"href":"https:\/\/www.tibagroup.com\/es\/wp-json\/wp\/v2\/posts\/32931\/revisions\/68078"}],"wp:featuredmedia":[{"embeddable":true,"href":"https:\/\/www.tibagroup.com\/es\/wp-json\/wp\/v2\/media\/32932"}],"wp:attachment":[{"href":"https:\/\/www.tibagroup.com\/es\/wp-json\/wp\/v2\/media?parent=32931"}],"wp:term":[{"taxonomy":"category","embeddable":true,"href":"https:\/\/www.tibagroup.com\/es\/wp-json\/wp\/v2\/categories?post=32931"},{"taxonomy":"post_tag","embeddable":true,"href":"https:\/\/www.tibagroup.com\/es\/wp-json\/wp\/v2\/tags?post=32931"}],"curies":[{"name":"wp","href":"https:\/\/api.w.org\/{rel}","templated":true}]}}