{"id":32897,"date":"2013-10-15T08:08:12","date_gmt":"2013-10-15T06:08:12","guid":{"rendered":"https:\/\/www.tibagroup.com\/exportar-a-argelia-interesa-en-madrid\/"},"modified":"2025-07-08T10:08:04","modified_gmt":"2025-07-08T08:08:04","slug":"acceso-mercado-argelia","status":"publish","type":"post","link":"https:\/\/www.tibagroup.com\/es\/comunicacion\/eventos\/acceso-mercado-argelia","title":{"rendered":"Exportar a Argelia interesa en Madrid"},"content":{"rendered":"<p><span data-mce-type=\"bookmark\" style=\"display: inline-block; width: 0px; overflow: hidden; line-height: 0;\" class=\"mce_SELRES_start\">\ufeff<\/span>Las oportunidades de negocio que ofrece Argelia con una previsi\u00f3n de crecimiento en los pr\u00f3ximos tres a\u00f1os en su econom\u00eda de m\u00e1s del 4% seg\u00fan el Fondo Monetario Internacional (FMI), son de inter\u00e9s para los empresarios espa\u00f1oles. As\u00ed lo confirma la buena asistencia a las jornadas sobre las relaciones comerciales con el pa\u00eds argelino.<\/p>\n<p>La posici\u00f3n geogr\u00e1fica y geopol\u00edtica de Argelia lo convierten en una prioridad en las relaciones internacionales de Espa\u00f1a.<\/p>\n<div style=\"text-align: left;\">\u00a0Por todo ello y tras la buena acogida por parte de las empresas en las jornadas realizadas en las Camaras de Valencia y Castell\u00f3n, la Camara de Comercio de Madrid junto con el despacho de abogados Gomez Acebo y Pombo y TIBA (Grupo Romeu) y en colaboraci\u00f3n con la Embajada de Argelia en Espa\u00f1a, organizaron una jornada informativa para exponer c\u00f3mo acceder al mercado argelino y las oportunidades de negocio que este pa\u00eds ofrece.<\/div>\n<p>Taha Bechir Bencherif de la Oficina Econ\u00f3mica y Comercial de la Embajada de Argelia en Espa\u00f1a coment\u00f3 los sectores en los que el pa\u00eds argelino\u00a0 necesita de capital extranjero. Javier Seij\u00f3, Socio Director de Gomez Acebo y Pombo, explico el marco legal de las inversiones e incentivos fiscales para las operaciones comerciales con el pa\u00eds.<\/p>\n<p>Previo al coloquio y las reuniones individuales con los ponentes,\u00a0Javier Romeu, Director Internacional de TIBA. (Grupo Romeu) y Lahcen Lloukili, Director de\u00a0TIBA Argelia, expusieron opciones de transporte internacional de mercanc\u00edas as\u00ed como informaci\u00f3n sobre la documentaci\u00f3n aduanera para importar y\u00a0<a href=\"\/es\/comercio-internacional\/exportar\/desde-espana-a-argelia\">exportar a Argelia<\/a>.<\/p>\n<h2>Repercusi\u00f3n de la jornada en medios de comunicaci\u00f3n<\/h2>\n<p><img decoding=\"async\" class=\"aligncenter size-medium wp-image-55593\" src=\"https:\/\/www.tibagroup.com\/wp-content\/uploads\/2013\/10\/anunciantes-300x93.webp\" alt=\"\" width=\"300\" height=\"93\" srcset=\"https:\/\/www.tibagroup.com\/wp-content\/uploads\/2013\/10\/anunciantes-300x93.webp 300w, https:\/\/www.tibagroup.com\/wp-content\/uploads\/2013\/10\/anunciantes.webp 658w\" sizes=\"(max-width: 300px) 100vw, 300px\" \/><\/p>\n<h2>Programa de las jornadas<\/h2>\n<p>Puedes acceder al programa de las jornadas realizadas en los siguientes enlaces:<\/p>\n<ul>\n<li><a href=\"https:\/\/www.camaramadrid.es\/\">C\u00e1mara de Madrid<\/a>. 14 de octubre de 2013.<\/li>\n<li><a href=\"https:\/\/www.camaravalencia.com\/\">C\u00e1mara de Valencia<\/a>. 3 de mayo de 2013.<\/li>\n<li><a href=\"https:\/\/www.camaracastellon.com\/es\/\">C\u00e1mara de Castell\u00f3n<\/a>. 1 de marzo de 2013.<\/li>\n<\/ul>\n","protected":false},"excerpt":{"rendered":"<p>Los asistentes a la jornada en la C\u00e1mara de Comercio de Madrid conocieron de primera mano las oportunidades de negocio que Argelia ofrece a las empresas espa\u00f1olas y c\u00f3mo acceder a su mercado.<\/p>\n","protected":false},"author":2,"featured_media":32898,"comment_status":"open","ping_status":"closed","sticky":false,"template":"","format":"standard","meta":{"footnotes":""},"categories":[327],"tags":[805],"class_list":["post-32897","post","type-post","status-publish","format-standard","has-post-thumbnail","hentry","category-eventos","tag-espana"],"yoast_head":"<!-- This site is optimized with the Yoast SEO plugin v27.5 - https:\/\/yoast.com\/product\/yoast-seo-wordpress\/ -->\n<title>Exportar a Argelia interesa en Madrid | TIBA<\/title>\n<meta name=\"description\" content=\"Los asistentes a la jornada en la C\u00e1mara de Comercio de Madrid conocieron de primera mano las oportunidades de negocio que Argelia ofrece a las empresas espa\u00f1olas y c\u00f3mo acceder a su mercado.\" \/>\n<meta name=\"robots\" content=\"index, follow, max-snippet:-1, max-image-preview:large, max-video-preview:-1\" \/>\n<link rel=\"canonical\" href=\"https:\/\/www.tibagroup.com\/es\/comunicacion\/eventos\/acceso-mercado-argelia\" \/>\n<meta property=\"og:locale\" content=\"es_ES\" \/>\n<meta property=\"og:type\" content=\"article\" \/>\n<meta property=\"og:title\" content=\"Exportar a Argelia interesa en Madrid | TIBA\" \/>\n<meta property=\"og:description\" content=\"Los asistentes a la jornada en la C\u00e1mara de Comercio de Madrid conocieron de primera mano las oportunidades de negocio que Argelia ofrece a las empresas espa\u00f1olas y c\u00f3mo acceder a su mercado.\" \/>\n<meta property=\"og:url\" content=\"https:\/\/www.tibagroup.com\/es\/comunicacion\/eventos\/acceso-mercado-argelia\" \/>\n<meta property=\"og:site_name\" content=\"TIBA\" \/>\n<meta property=\"article:published_time\" content=\"2013-10-15T06:08:12+00:00\" \/>\n<meta property=\"article:modified_time\" content=\"2025-07-08T08:08:04+00:00\" \/>\n<meta property=\"og:image\" content=\"https:\/\/www.tibagroup.com\/wp-content\/uploads\/2023\/11\/manos_juntas.jpg\" \/>\n\t<meta property=\"og:image:width\" content=\"500\" \/>\n\t<meta property=\"og:image:height\" content=\"400\" \/>\n\t<meta property=\"og:image:type\" content=\"image\/jpeg\" \/>\n<meta name=\"author\" content=\"TIBA\" \/>\n<meta name=\"twitter:card\" content=\"summary_large_image\" \/>\n<meta name=\"twitter:creator\" content=\"@eaguado\" \/>\n<meta name=\"twitter:label1\" content=\"Written by\" \/>\n\t<meta name=\"twitter:data1\" content=\"TIBA\" \/>\n\t<meta name=\"twitter:label2\" content=\"Est. reading time\" \/>\n\t<meta name=\"twitter:data2\" content=\"2 minutes\" \/>\n<!-- \/ Yoast SEO plugin. -->","yoast_head_json":{"title":"Exportar a Argelia interesa en Madrid | TIBA","description":"Los asistentes a la jornada en la C\u00e1mara de Comercio de Madrid conocieron de primera mano las oportunidades de negocio que Argelia ofrece a las empresas espa\u00f1olas y c\u00f3mo acceder a su mercado.","robots":{"index":"index","follow":"follow","max-snippet":"max-snippet:-1","max-image-preview":"max-image-preview:large","max-video-preview":"max-video-preview:-1"},"canonical":"https:\/\/www.tibagroup.com\/es\/comunicacion\/eventos\/acceso-mercado-argelia","og_locale":"es_ES","og_type":"article","og_title":"Exportar a Argelia interesa en Madrid | TIBA","og_description":"Los asistentes a la jornada en la C\u00e1mara de Comercio de Madrid conocieron de primera mano las oportunidades de negocio que Argelia ofrece a las empresas espa\u00f1olas y c\u00f3mo acceder a su mercado.","og_url":"https:\/\/www.tibagroup.com\/es\/comunicacion\/eventos\/acceso-mercado-argelia","og_site_name":"TIBA","article_published_time":"2013-10-15T06:08:12+00:00","article_modified_time":"2025-07-08T08:08:04+00:00","og_image":[{"width":500,"height":400,"url":"https:\/\/www.tibagroup.com\/wp-content\/uploads\/2023\/11\/manos_juntas.jpg","type":"image\/jpeg"}],"author":"TIBA","twitter_card":"summary_large_image","twitter_creator":"@eaguado","twitter_misc":{"Written by":"TIBA","Est. reading time":"2 minutes"},"schema":{"@context":"https:\/\/schema.org","@graph":[{"@type":"Article","@id":"https:\/\/www.tibagroup.com\/es\/comunicacion\/eventos\/acceso-mercado-argelia#article","isPartOf":{"@id":"https:\/\/www.tibagroup.com\/es\/comunicacion\/eventos\/acceso-mercado-argelia"},"author":{"name":"TIBA","@id":"https:\/\/www.tibagroup.com\/es#\/schema\/person\/05c092dcc51b7a515503f3d10c916094"},"headline":"Exportar a Argelia interesa en Madrid","datePublished":"2013-10-15T06:08:12+00:00","dateModified":"2025-07-08T08:08:04+00:00","mainEntityOfPage":{"@id":"https:\/\/www.tibagroup.com\/es\/comunicacion\/eventos\/acceso-mercado-argelia"},"wordCount":324,"commentCount":0,"publisher":{"@id":"https:\/\/www.tibagroup.com\/es#organization"},"image":{"@id":"https:\/\/www.tibagroup.com\/es\/comunicacion\/eventos\/acceso-mercado-argelia#primaryimage"},"thumbnailUrl":"https:\/\/www.tibagroup.com\/wp-content\/uploads\/2023\/11\/manos_juntas.jpg","keywords":["Espa\u00f1a"],"articleSection":["Eventos"],"inLanguage":"es","potentialAction":[{"@type":"CommentAction","name":"Comment","target":["https:\/\/www.tibagroup.com\/es\/comunicacion\/eventos\/acceso-mercado-argelia#respond"]}]},{"@type":"WebPage","@id":"https:\/\/www.tibagroup.com\/es\/comunicacion\/eventos\/acceso-mercado-argelia","url":"https:\/\/www.tibagroup.com\/es\/comunicacion\/eventos\/acceso-mercado-argelia","name":"Exportar a Argelia interesa en Madrid | TIBA","isPartOf":{"@id":"https:\/\/www.tibagroup.com\/es#website"},"primaryImageOfPage":{"@id":"https:\/\/www.tibagroup.com\/es\/comunicacion\/eventos\/acceso-mercado-argelia#primaryimage"},"image":{"@id":"https:\/\/www.tibagroup.com\/es\/comunicacion\/eventos\/acceso-mercado-argelia#primaryimage"},"thumbnailUrl":"https:\/\/www.tibagroup.com\/wp-content\/uploads\/2023\/11\/manos_juntas.jpg","datePublished":"2013-10-15T06:08:12+00:00","dateModified":"2025-07-08T08:08:04+00:00","description":"Los asistentes a la jornada en la C\u00e1mara de Comercio de Madrid conocieron de primera mano las oportunidades de negocio que Argelia ofrece a las empresas espa\u00f1olas y c\u00f3mo acceder a su mercado.","breadcrumb":{"@id":"https:\/\/www.tibagroup.com\/es\/comunicacion\/eventos\/acceso-mercado-argelia#breadcrumb"},"inLanguage":"es","potentialAction":[{"@type":"ReadAction","target":["https:\/\/www.tibagroup.com\/es\/comunicacion\/eventos\/acceso-mercado-argelia"]}]},{"@type":"ImageObject","inLanguage":"es","@id":"https:\/\/www.tibagroup.com\/es\/comunicacion\/eventos\/acceso-mercado-argelia#primaryimage","url":"https:\/\/www.tibagroup.com\/wp-content\/uploads\/2023\/11\/manos_juntas.jpg","contentUrl":"https:\/\/www.tibagroup.com\/wp-content\/uploads\/2023\/11\/manos_juntas.jpg","width":500,"height":400},{"@type":"BreadcrumbList","@id":"https:\/\/www.tibagroup.com\/es\/comunicacion\/eventos\/acceso-mercado-argelia#breadcrumb","itemListElement":[{"@type":"ListItem","position":1,"name":"In\u00edcio","item":"https:\/\/www.tibagroup.com\/es\/agente-carga-operador-logistico"},{"@type":"ListItem","position":2,"name":"Comunicaci\u00f3n y prensa","item":"https:\/\/www.tibagroup.com\/es\/comunicacion"},{"@type":"ListItem","position":3,"name":"Eventos","item":"https:\/\/www.tibagroup.com\/es\/comunicacion\/eventos"},{"@type":"ListItem","position":4,"name":"Exportar a Argelia interesa en Madrid"}]},{"@type":"WebSite","@id":"https:\/\/www.tibagroup.com\/es#website","url":"https:\/\/www.tibagroup.com\/es","name":"TIBA","description":"Log\u00edstica y transporte internacional.","publisher":{"@id":"https:\/\/www.tibagroup.com\/es#organization"},"potentialAction":[{"@type":"SearchAction","target":{"@type":"EntryPoint","urlTemplate":"https:\/\/www.tibagroup.com\/es?s={search_term_string}"},"query-input":{"@type":"PropertyValueSpecification","valueRequired":true,"valueName":"search_term_string"}}],"inLanguage":"es"},{"@type":"Organization","@id":"https:\/\/www.tibagroup.com\/es#organization","name":"TIBA","url":"https:\/\/www.tibagroup.com\/es","logo":{"@type":"ImageObject","inLanguage":"es","@id":"https:\/\/www.tibagroup.com\/es#\/schema\/logo\/image\/","url":"https:\/\/www.tibagroup.com\/wp-content\/uploads\/2024\/02\/logo-web-TIBA.png","contentUrl":"https:\/\/www.tibagroup.com\/wp-content\/uploads\/2024\/02\/logo-web-TIBA.png","width":352,"height":116,"caption":"TIBA"},"image":{"@id":"https:\/\/www.tibagroup.com\/es#\/schema\/logo\/image\/"}},{"@type":"Person","@id":"https:\/\/www.tibagroup.com\/es#\/schema\/person\/05c092dcc51b7a515503f3d10c916094","name":"TIBA","image":{"@type":"ImageObject","inLanguage":"es","@id":"https:\/\/secure.gravatar.com\/avatar\/fe41478412b0c43764499979d851fae89a1f174100b1c19a55e15c00fde1851d?s=96&d=mm&r=g","url":"https:\/\/secure.gravatar.com\/avatar\/fe41478412b0c43764499979d851fae89a1f174100b1c19a55e15c00fde1851d?s=96&d=mm&r=g","contentUrl":"https:\/\/secure.gravatar.com\/avatar\/fe41478412b0c43764499979d851fae89a1f174100b1c19a55e15c00fde1851d?s=96&d=mm&r=g","caption":"TIBA"},"sameAs":["https:\/\/x.com\/eaguado"]}]}},"_links":{"self":[{"href":"https:\/\/www.tibagroup.com\/es\/wp-json\/wp\/v2\/posts\/32897","targetHints":{"allow":["GET"]}}],"collection":[{"href":"https:\/\/www.tibagroup.com\/es\/wp-json\/wp\/v2\/posts"}],"about":[{"href":"https:\/\/www.tibagroup.com\/es\/wp-json\/wp\/v2\/types\/post"}],"author":[{"embeddable":true,"href":"https:\/\/www.tibagroup.com\/es\/wp-json\/wp\/v2\/users\/2"}],"replies":[{"embeddable":true,"href":"https:\/\/www.tibagroup.com\/es\/wp-json\/wp\/v2\/comments?post=32897"}],"version-history":[{"count":7,"href":"https:\/\/www.tibagroup.com\/es\/wp-json\/wp\/v2\/posts\/32897\/revisions"}],"predecessor-version":[{"id":74486,"href":"https:\/\/www.tibagroup.com\/es\/wp-json\/wp\/v2\/posts\/32897\/revisions\/74486"}],"wp:featuredmedia":[{"embeddable":true,"href":"https:\/\/www.tibagroup.com\/es\/wp-json\/wp\/v2\/media\/32898"}],"wp:attachment":[{"href":"https:\/\/www.tibagroup.com\/es\/wp-json\/wp\/v2\/media?parent=32897"}],"wp:term":[{"taxonomy":"category","embeddable":true,"href":"https:\/\/www.tibagroup.com\/es\/wp-json\/wp\/v2\/categories?post=32897"},{"taxonomy":"post_tag","embeddable":true,"href":"https:\/\/www.tibagroup.com\/es\/wp-json\/wp\/v2\/tags?post=32897"}],"curies":[{"name":"wp","href":"https:\/\/api.w.org\/{rel}","templated":true}]}}